{"id":3102,"date":"2022-07-02T00:32:55","date_gmt":"2022-07-01T22:32:55","guid":{"rendered":"https:\/\/hierostrasbourg.com\/index.php\/2022\/07\/02\/la-musique-a-lecole-2\/"},"modified":"2022-07-02T00:32:55","modified_gmt":"2022-07-01T22:32:55","slug":"la-musique-a-lecole-2","status":"publish","type":"post","link":"https:\/\/hierostrasbourg.com\/index.php\/2022\/07\/02\/la-musique-a-lecole-2\/","title":{"rendered":"La musique \u00e0 l\u2019\u00e9cole"},"content":{"rendered":"<p><span>communiqu\u00e9 <\/span><\/p>\n<p><em>La Musique est un des arts premiers. Elle contribue \u00e0 former l\u2019esprit et \u00e0 construire la personnalit\u00e9 de ses pratiquants. Elle devrait avoir une place beaucoup plus importante \u00e0 l\u2019\u00e9cole, et ce d\u00e8s le plus jeune \u00e2ge. <\/em><br \/><em>Si la Suisse a int\u00e9gr\u00e9 l\u2019obligation de formation musicale dans sa Constitution, pourquoi la France n\u2019irait-elle pas dans le m\u00eame sens? Notre m\u00e9tier de cr\u00e9atrices et cr\u00e9ateurs de musique nous incite \u00e0 pr\u00e9coniser avec force une place importante de la musique dans la formation g\u00e9n\u00e9rale de nos enfants. Une pratique musicale plus r\u00e9guli\u00e8re est n\u00e9cessaire, dans toutes ses richesses interdisciplinaires \u2013 avec un accent particulier mis sur le r\u00e9pertoire de notre temps. <\/em><br \/><em>Nous souhaitons par cette adresse alerter le personnel politique, les m\u00e9dias, les intellectuels, sur l\u2019importance de cet enjeu; il en va de la structuration du cerveau, et ce pour la vie enti\u00e8re, comme l\u2019ont montr\u00e9 quantit\u00e9 d\u2019\u00e9tudes r\u00e9centes, notamment en neuro-biologie. Des exp\u00e9riences passionnantes et efficaces existent en France et de par le monde: inspirons-nous de ce qui se fait de meilleur, afin qu\u2019aucun nouveau Debussy ne puisse un jour \u00e9crire: \u00ab En France, on n\u2019aime pas la musique! \u00bb (in Monsieur Croche). <\/em><br \/><em>Nos propositions sont donc pragmatiques, appuy\u00e9es sur des exp\u00e9riences r\u00e9elles et des \u00e9tudes av\u00e9r\u00e9es.<\/em><\/p>\n<div class=\"ead-preview\">\n<div class=\"ead-document\">\n<div class=\"ead-iframe-wrapper\"><\/div>\n<div class=\"ead-document-loading\">\n<div class=\"ead-loading-wrap\">\n<div class=\"ead-loading-main\">\n<div class=\"ead-loading\">\n\t\t\t\t\t\t\t<span>En cours de chargement\u2026<\/span>\n\t\t\t\t\t\t<\/div>\n<\/p><\/div>\n<div class=\"ead-loading-foot\">\n<div class=\"ead-loading-foot-title\">\n\t\t\t\t\t\t\t<span>Cela prend trop de temps\u00a0?<\/span>\n\t\t\t\t\t\t<\/div>\n<\/p>\n<div class=\"ead-document-btn ead-reload-btn\">\n\t\t\t\t\t\t\t\t Recharger le document\t\t\t\t\t\t\t<\/div>\n<p>\t\t\t\t\t\t\t<span>|<\/span><br \/>\n\t\t\t\t\t\t\t<a href=\"http:\/\/www.snac.fr\/site\/wp-content\/uploads\/2022\/06\/MUSIQUE-A-L-ECOLE.pdf\" class=\"ead-document-btn\" target=\"_blank\" rel=\"noopener\"><br \/>\n\t\t\t\t\t\t\t\t Ouvrir dans un nouvel onglet\t\t\t\t\t\t\t<\/a>\n\t\t\t\t\t<\/div>\n<\/p><\/div>\n<\/p><\/div>\n<\/p><\/div>\n<p class=\"embed_download\"><a href=\"http:\/\/www.snac.fr\/site\/wp-content\/uploads\/2022\/06\/MUSIQUE-A-L-ECOLE.pdf\">\ufeffT\u00e9l\u00e9charger [696.20 KB] <\/a><\/p>\n<\/div>\n<p>\u00a0<\/p>\n<p>L\u2019article <a href=\"https:\/\/popburo.fr\/la-musique-a-lecole\/\">La musique \u00e0 l\u2019\u00e9cole<\/a> est apparu en premier sur <a href=\"https:\/\/popburo.fr\/\">POP B\u00dcRO<\/a>.<\/p>\n","protected":false},"excerpt":{"rendered":"<p>communiqu\u00e9 La Musique est un des arts premiers. Elle contribue \u00e0 former l\u2019esprit et \u00e0 construire la personnalit\u00e9 de ses pratiquants. Elle devrait avoir une place beaucoup plus importante \u00e0 l\u2019\u00e9cole, et ce d\u00e8s le plus jeune \u00e2ge. Si la Suisse a int\u00e9gr\u00e9 l\u2019obligation de formation musicale dans sa Constitution, pourquoi la France n\u2019irait-elle pas dans le m\u00eame sens? Notre m\u00e9tier de cr\u00e9atrices et cr\u00e9ateurs de musique nous incite \u00e0 pr\u00e9coniser avec force une place importante de la musique dans [&hellip;]<\/p>\n","protected":false},"author":0,"featured_media":0,"comment_status":"closed","ping_status":"open","sticky":false,"template":"","format":"standard","meta":{"footnotes":""},"categories":[1],"tags":[],"class_list":["post-3102","post","type-post","status-publish","format-standard","hentry","category-non-classe"],"yoast_head":"<!-- This site is optimized with the Yoast SEO plugin v27.5 - https:\/\/yoast.com\/product\/yoast-seo-wordpress\/ -->\n<title>La musique \u00e0 l\u2019\u00e9cole - HIERO STRASBOURG<\/title>\n<meta name=\"robots\" content=\"index, follow, max-snippet:-1, max-image-preview:large, max-video-preview:-1\" \/>\n<link rel=\"canonical\" href=\"https:\/\/hierostrasbourg.com\/index.php\/2022\/07\/02\/la-musique-a-lecole-2\/\" \/>\n<meta property=\"og:locale\" content=\"fr_FR\" \/>\n<meta property=\"og:type\" content=\"article\" \/>\n<meta property=\"og:title\" content=\"La musique \u00e0 l\u2019\u00e9cole - HIERO STRASBOURG\" \/>\n<meta property=\"og:description\" content=\"communiqu\u00e9 La Musique est un des arts premiers. Elle contribue \u00e0 former l\u2019esprit et \u00e0 construire la personnalit\u00e9 de ses pratiquants. Elle devrait avoir une place beaucoup plus importante \u00e0 l\u2019\u00e9cole, et ce d\u00e8s le plus jeune \u00e2ge. Si la Suisse a int\u00e9gr\u00e9 l\u2019obligation de formation musicale dans sa Constitution, pourquoi la France n\u2019irait-elle pas dans le m\u00eame sens? Notre m\u00e9tier de cr\u00e9atrices et cr\u00e9ateurs de musique nous incite \u00e0 pr\u00e9coniser avec force une place importante de la musique dans [&hellip;]\" \/>\n<meta property=\"og:url\" content=\"https:\/\/hierostrasbourg.com\/index.php\/2022\/07\/02\/la-musique-a-lecole-2\/\" \/>\n<meta property=\"og:site_name\" content=\"HIERO STRASBOURG\" \/>\n<meta property=\"article:publisher\" content=\"https:\/\/www.facebook.com\/fedehierostrasbourg\" \/>\n<meta property=\"article:published_time\" content=\"2022-07-01T22:32:55+00:00\" \/>\n<meta name=\"twitter:card\" content=\"summary_large_image\" \/>\n<meta name=\"twitter:creator\" content=\"@hierostrasbourg\" \/>\n<meta name=\"twitter:site\" content=\"@hierostrasbourg\" \/>\n<meta name=\"twitter:label1\" content=\"Dur\u00e9e de lecture estim\u00e9e\" \/>\n\t<meta name=\"twitter:data1\" content=\"1 minute\" \/>\n<script type=\"application\/ld+json\" class=\"yoast-schema-graph\">{\"@context\":\"https:\\\/\\\/schema.org\",\"@graph\":[{\"@type\":\"Article\",\"@id\":\"https:\\\/\\\/hierostrasbourg.com\\\/index.php\\\/2022\\\/07\\\/02\\\/la-musique-a-lecole-2\\\/#article\",\"isPartOf\":{\"@id\":\"https:\\\/\\\/hierostrasbourg.com\\\/index.php\\\/2022\\\/07\\\/02\\\/la-musique-a-lecole-2\\\/\"},\"author\":{\"name\":\"\",\"@id\":\"\"},\"headline\":\"La musique \u00e0 l\u2019\u00e9cole\",\"datePublished\":\"2022-07-01T22:32:55+00:00\",\"mainEntityOfPage\":{\"@id\":\"https:\\\/\\\/hierostrasbourg.com\\\/index.php\\\/2022\\\/07\\\/02\\\/la-musique-a-lecole-2\\\/\"},\"wordCount\":270,\"publisher\":{\"@id\":\"https:\\\/\\\/hierostrasbourg.com\\\/#organization\"},\"inLanguage\":\"fr-FR\"},{\"@type\":\"WebPage\",\"@id\":\"https:\\\/\\\/hierostrasbourg.com\\\/index.php\\\/2022\\\/07\\\/02\\\/la-musique-a-lecole-2\\\/\",\"url\":\"https:\\\/\\\/hierostrasbourg.com\\\/index.php\\\/2022\\\/07\\\/02\\\/la-musique-a-lecole-2\\\/\",\"name\":\"La musique \u00e0 l\u2019\u00e9cole - HIERO STRASBOURG\",\"isPartOf\":{\"@id\":\"https:\\\/\\\/hierostrasbourg.com\\\/#website\"},\"datePublished\":\"2022-07-01T22:32:55+00:00\",\"breadcrumb\":{\"@id\":\"https:\\\/\\\/hierostrasbourg.com\\\/index.php\\\/2022\\\/07\\\/02\\\/la-musique-a-lecole-2\\\/#breadcrumb\"},\"inLanguage\":\"fr-FR\",\"potentialAction\":[{\"@type\":\"ReadAction\",\"target\":[\"https:\\\/\\\/hierostrasbourg.com\\\/index.php\\\/2022\\\/07\\\/02\\\/la-musique-a-lecole-2\\\/\"]}]},{\"@type\":\"BreadcrumbList\",\"@id\":\"https:\\\/\\\/hierostrasbourg.com\\\/index.php\\\/2022\\\/07\\\/02\\\/la-musique-a-lecole-2\\\/#breadcrumb\",\"itemListElement\":[{\"@type\":\"ListItem\",\"position\":1,\"name\":\"Accueil\",\"item\":\"https:\\\/\\\/hierostrasbourg.com\\\/\"},{\"@type\":\"ListItem\",\"position\":2,\"name\":\"La musique \u00e0 l\u2019\u00e9cole\"}]},{\"@type\":\"WebSite\",\"@id\":\"https:\\\/\\\/hierostrasbourg.com\\\/#website\",\"url\":\"https:\\\/\\\/hierostrasbourg.com\\\/\",\"name\":\"HIERO STRASBOURG\",\"description\":\"Centre de Ressources Musiques Actuelles\",\"publisher\":{\"@id\":\"https:\\\/\\\/hierostrasbourg.com\\\/#organization\"},\"potentialAction\":[{\"@type\":\"SearchAction\",\"target\":{\"@type\":\"EntryPoint\",\"urlTemplate\":\"https:\\\/\\\/hierostrasbourg.com\\\/?s={search_term_string}\"},\"query-input\":{\"@type\":\"PropertyValueSpecification\",\"valueRequired\":true,\"valueName\":\"search_term_string\"}}],\"inLanguage\":\"fr-FR\"},{\"@type\":\"Organization\",\"@id\":\"https:\\\/\\\/hierostrasbourg.com\\\/#organization\",\"name\":\"F\u00e9d\u00e9ration Hi\u00e9ro Strasbourg\",\"url\":\"https:\\\/\\\/hierostrasbourg.com\\\/\",\"logo\":{\"@type\":\"ImageObject\",\"inLanguage\":\"fr-FR\",\"@id\":\"https:\\\/\\\/hierostrasbourg.com\\\/#\\\/schema\\\/logo\\\/image\\\/\",\"url\":\"https:\\\/\\\/hierostrasbourg.com\\\/wp-content\\\/uploads\\\/2026\\\/04\\\/logo-hiero-strasbourg.jpg\",\"contentUrl\":\"https:\\\/\\\/hierostrasbourg.com\\\/wp-content\\\/uploads\\\/2026\\\/04\\\/logo-hiero-strasbourg.jpg\",\"width\":204,\"height\":192,\"caption\":\"F\u00e9d\u00e9ration Hi\u00e9ro Strasbourg\"},\"image\":{\"@id\":\"https:\\\/\\\/hierostrasbourg.com\\\/#\\\/schema\\\/logo\\\/image\\\/\"},\"sameAs\":[\"https:\\\/\\\/www.facebook.com\\\/fedehierostrasbourg\",\"https:\\\/\\\/x.com\\\/hierostrasbourg\"]}]}<\/script>\n<!-- \/ Yoast SEO plugin. -->","yoast_head_json":{"title":"La musique \u00e0 l\u2019\u00e9cole - HIERO STRASBOURG","robots":{"index":"index","follow":"follow","max-snippet":"max-snippet:-1","max-image-preview":"max-image-preview:large","max-video-preview":"max-video-preview:-1"},"canonical":"https:\/\/hierostrasbourg.com\/index.php\/2022\/07\/02\/la-musique-a-lecole-2\/","og_locale":"fr_FR","og_type":"article","og_title":"La musique \u00e0 l\u2019\u00e9cole - HIERO STRASBOURG","og_description":"communiqu\u00e9 La Musique est un des arts premiers. Elle contribue \u00e0 former l\u2019esprit et \u00e0 construire la personnalit\u00e9 de ses pratiquants. Elle devrait avoir une place beaucoup plus importante \u00e0 l\u2019\u00e9cole, et ce d\u00e8s le plus jeune \u00e2ge. Si la Suisse a int\u00e9gr\u00e9 l\u2019obligation de formation musicale dans sa Constitution, pourquoi la France n\u2019irait-elle pas dans le m\u00eame sens? Notre m\u00e9tier de cr\u00e9atrices et cr\u00e9ateurs de musique nous incite \u00e0 pr\u00e9coniser avec force une place importante de la musique dans [&hellip;]","og_url":"https:\/\/hierostrasbourg.com\/index.php\/2022\/07\/02\/la-musique-a-lecole-2\/","og_site_name":"HIERO STRASBOURG","article_publisher":"https:\/\/www.facebook.com\/fedehierostrasbourg","article_published_time":"2022-07-01T22:32:55+00:00","twitter_card":"summary_large_image","twitter_creator":"@hierostrasbourg","twitter_site":"@hierostrasbourg","twitter_misc":{"Dur\u00e9e de lecture estim\u00e9e":"1 minute"},"schema":{"@context":"https:\/\/schema.org","@graph":[{"@type":"Article","@id":"https:\/\/hierostrasbourg.com\/index.php\/2022\/07\/02\/la-musique-a-lecole-2\/#article","isPartOf":{"@id":"https:\/\/hierostrasbourg.com\/index.php\/2022\/07\/02\/la-musique-a-lecole-2\/"},"author":{"name":"","@id":""},"headline":"La musique \u00e0 l\u2019\u00e9cole","datePublished":"2022-07-01T22:32:55+00:00","mainEntityOfPage":{"@id":"https:\/\/hierostrasbourg.com\/index.php\/2022\/07\/02\/la-musique-a-lecole-2\/"},"wordCount":270,"publisher":{"@id":"https:\/\/hierostrasbourg.com\/#organization"},"inLanguage":"fr-FR"},{"@type":"WebPage","@id":"https:\/\/hierostrasbourg.com\/index.php\/2022\/07\/02\/la-musique-a-lecole-2\/","url":"https:\/\/hierostrasbourg.com\/index.php\/2022\/07\/02\/la-musique-a-lecole-2\/","name":"La musique \u00e0 l\u2019\u00e9cole - HIERO STRASBOURG","isPartOf":{"@id":"https:\/\/hierostrasbourg.com\/#website"},"datePublished":"2022-07-01T22:32:55+00:00","breadcrumb":{"@id":"https:\/\/hierostrasbourg.com\/index.php\/2022\/07\/02\/la-musique-a-lecole-2\/#breadcrumb"},"inLanguage":"fr-FR","potentialAction":[{"@type":"ReadAction","target":["https:\/\/hierostrasbourg.com\/index.php\/2022\/07\/02\/la-musique-a-lecole-2\/"]}]},{"@type":"BreadcrumbList","@id":"https:\/\/hierostrasbourg.com\/index.php\/2022\/07\/02\/la-musique-a-lecole-2\/#breadcrumb","itemListElement":[{"@type":"ListItem","position":1,"name":"Accueil","item":"https:\/\/hierostrasbourg.com\/"},{"@type":"ListItem","position":2,"name":"La musique \u00e0 l\u2019\u00e9cole"}]},{"@type":"WebSite","@id":"https:\/\/hierostrasbourg.com\/#website","url":"https:\/\/hierostrasbourg.com\/","name":"HIERO STRASBOURG","description":"Centre de Ressources Musiques Actuelles","publisher":{"@id":"https:\/\/hierostrasbourg.com\/#organization"},"potentialAction":[{"@type":"SearchAction","target":{"@type":"EntryPoint","urlTemplate":"https:\/\/hierostrasbourg.com\/?s={search_term_string}"},"query-input":{"@type":"PropertyValueSpecification","valueRequired":true,"valueName":"search_term_string"}}],"inLanguage":"fr-FR"},{"@type":"Organization","@id":"https:\/\/hierostrasbourg.com\/#organization","name":"F\u00e9d\u00e9ration Hi\u00e9ro Strasbourg","url":"https:\/\/hierostrasbourg.com\/","logo":{"@type":"ImageObject","inLanguage":"fr-FR","@id":"https:\/\/hierostrasbourg.com\/#\/schema\/logo\/image\/","url":"https:\/\/hierostrasbourg.com\/wp-content\/uploads\/2026\/04\/logo-hiero-strasbourg.jpg","contentUrl":"https:\/\/hierostrasbourg.com\/wp-content\/uploads\/2026\/04\/logo-hiero-strasbourg.jpg","width":204,"height":192,"caption":"F\u00e9d\u00e9ration Hi\u00e9ro Strasbourg"},"image":{"@id":"https:\/\/hierostrasbourg.com\/#\/schema\/logo\/image\/"},"sameAs":["https:\/\/www.facebook.com\/fedehierostrasbourg","https:\/\/x.com\/hierostrasbourg"]}]}},"_links":{"self":[{"href":"https:\/\/hierostrasbourg.com\/index.php\/wp-json\/wp\/v2\/posts\/3102","targetHints":{"allow":["GET"]}}],"collection":[{"href":"https:\/\/hierostrasbourg.com\/index.php\/wp-json\/wp\/v2\/posts"}],"about":[{"href":"https:\/\/hierostrasbourg.com\/index.php\/wp-json\/wp\/v2\/types\/post"}],"replies":[{"embeddable":true,"href":"https:\/\/hierostrasbourg.com\/index.php\/wp-json\/wp\/v2\/comments?post=3102"}],"version-history":[{"count":0,"href":"https:\/\/hierostrasbourg.com\/index.php\/wp-json\/wp\/v2\/posts\/3102\/revisions"}],"wp:attachment":[{"href":"https:\/\/hierostrasbourg.com\/index.php\/wp-json\/wp\/v2\/media?parent=3102"}],"wp:term":[{"taxonomy":"category","embeddable":true,"href":"https:\/\/hierostrasbourg.com\/index.php\/wp-json\/wp\/v2\/categories?post=3102"},{"taxonomy":"post_tag","embeddable":true,"href":"https:\/\/hierostrasbourg.com\/index.php\/wp-json\/wp\/v2\/tags?post=3102"}],"curies":[{"name":"wp","href":"https:\/\/api.w.org\/{rel}","templated":true}]}}