{"id":3101,"date":"2022-07-02T00:32:55","date_gmt":"2022-07-01T22:32:55","guid":{"rendered":"https:\/\/hierostrasbourg.com\/index.php\/2022\/07\/02\/la-musique-a-lecole\/"},"modified":"2022-07-02T00:32:55","modified_gmt":"2022-07-01T22:32:55","slug":"la-musique-a-lecole","status":"publish","type":"post","link":"https:\/\/hierostrasbourg.com\/index.php\/2022\/07\/02\/la-musique-a-lecole\/","title":{"rendered":"La musique \u00e0 l\u2019\u00e9cole"},"content":{"rendered":"<p><a href=\"https:\/\/musiquesactuelles.alsace\/la-musique-a-lecole\/\" title=\"La musique \u00e0 l\u2019\u00e9cole\"><\/a><\/p>\n<p>communiqu\u00e9 La Musique est un des arts premiers. Elle contribue \u00e0 former l\u2019esprit et \u00e0 construire la personnalit\u00e9 de ses pratiquants. Elle devrait avoir une place beaucoup plus importante \u00e0 l\u2019\u00e9cole, et ce d\u00e8s le plus jeune \u00e2ge. Si la Suisse a int\u00e9gr\u00e9 l\u2019obligation de formation musicale dans sa Constitution, pourquoi la France n\u2019irait-elle pas dans le m\u00eame sens? Notre m\u00e9tier de cr\u00e9atrices et cr\u00e9ateurs de musique nous incite \u00e0 pr\u00e9coniser avec force une place importante de la musique dans [\u2026]<\/p>\n<p>L\u2019article <a href=\"https:\/\/musiquesactuelles.alsace\/la-musique-a-lecole\/\">La musique \u00e0 l\u2019\u00e9cole<\/a> est apparu en premier sur <a href=\"https:\/\/musiquesactuelles.alsace\/\">Musiques Actuelles en Alsace<\/a>.<\/p>\n<p>L\u2019article <a href=\"https:\/\/popburo.fr\/la-musique-a-lecole-2\/\">La musique \u00e0 l\u2019\u00e9cole<\/a> est apparu en premier sur <a href=\"https:\/\/popburo.fr\/\">POP B\u00dcRO<\/a>.<\/p>\n","protected":false},"excerpt":{"rendered":"<p>communiqu\u00e9 La Musique est un des arts premiers. Elle contribue \u00e0 former l\u2019esprit et \u00e0 construire la personnalit\u00e9 de ses pratiquants. Elle devrait avoir une place beaucoup plus importante \u00e0 l\u2019\u00e9cole, et ce d\u00e8s le plus jeune \u00e2ge. Si la Suisse a int\u00e9gr\u00e9 l\u2019obligation de formation musicale dans sa Constitution, pourquoi la France n\u2019irait-elle pas dans le m\u00eame sens? Notre m\u00e9tier de cr\u00e9atrices et cr\u00e9ateurs de musique nous incite \u00e0 pr\u00e9coniser avec force une place importante de la musique dans [&hellip;]<\/p>\n","protected":false},"author":0,"featured_media":0,"comment_status":"closed","ping_status":"open","sticky":false,"template":"","format":"standard","meta":{"footnotes":""},"categories":[1],"tags":[],"class_list":["post-3101","post","type-post","status-publish","format-standard","hentry","category-non-classe"],"yoast_head":"<!-- This site is optimized with the Yoast SEO plugin v27.5 - https:\/\/yoast.com\/product\/yoast-seo-wordpress\/ -->\n<title>La musique \u00e0 l\u2019\u00e9cole - HIERO STRASBOURG<\/title>\n<meta name=\"robots\" content=\"index, follow, max-snippet:-1, max-image-preview:large, max-video-preview:-1\" \/>\n<link rel=\"canonical\" href=\"https:\/\/hierostrasbourg.com\/index.php\/2022\/07\/02\/la-musique-a-lecole\/\" \/>\n<meta property=\"og:locale\" content=\"fr_FR\" \/>\n<meta property=\"og:type\" content=\"article\" \/>\n<meta property=\"og:title\" content=\"La musique \u00e0 l\u2019\u00e9cole - HIERO STRASBOURG\" \/>\n<meta property=\"og:description\" content=\"communiqu\u00e9 La Musique est un des arts premiers. Elle contribue \u00e0 former l\u2019esprit et \u00e0 construire la personnalit\u00e9 de ses pratiquants. Elle devrait avoir une place beaucoup plus importante \u00e0 l\u2019\u00e9cole, et ce d\u00e8s le plus jeune \u00e2ge. Si la Suisse a int\u00e9gr\u00e9 l\u2019obligation de formation musicale dans sa Constitution, pourquoi la France n\u2019irait-elle pas dans le m\u00eame sens? Notre m\u00e9tier de cr\u00e9atrices et cr\u00e9ateurs de musique nous incite \u00e0 pr\u00e9coniser avec force une place importante de la musique dans [&hellip;]\" \/>\n<meta property=\"og:url\" content=\"https:\/\/hierostrasbourg.com\/index.php\/2022\/07\/02\/la-musique-a-lecole\/\" \/>\n<meta property=\"og:site_name\" content=\"HIERO STRASBOURG\" \/>\n<meta property=\"article:publisher\" content=\"https:\/\/www.facebook.com\/fedehierostrasbourg\" \/>\n<meta property=\"article:published_time\" content=\"2022-07-01T22:32:55+00:00\" \/>\n<meta name=\"twitter:card\" content=\"summary_large_image\" \/>\n<meta name=\"twitter:creator\" content=\"@hierostrasbourg\" \/>\n<meta name=\"twitter:site\" content=\"@hierostrasbourg\" \/>\n<meta name=\"twitter:label1\" content=\"Dur\u00e9e de lecture estim\u00e9e\" \/>\n\t<meta name=\"twitter:data1\" content=\"1 minute\" \/>\n<script type=\"application\/ld+json\" class=\"yoast-schema-graph\">{\"@context\":\"https:\\\/\\\/schema.org\",\"@graph\":[{\"@type\":\"Article\",\"@id\":\"https:\\\/\\\/hierostrasbourg.com\\\/index.php\\\/2022\\\/07\\\/02\\\/la-musique-a-lecole\\\/#article\",\"isPartOf\":{\"@id\":\"https:\\\/\\\/hierostrasbourg.com\\\/index.php\\\/2022\\\/07\\\/02\\\/la-musique-a-lecole\\\/\"},\"author\":{\"name\":\"\",\"@id\":\"\"},\"headline\":\"La musique \u00e0 l\u2019\u00e9cole\",\"datePublished\":\"2022-07-01T22:32:55+00:00\",\"mainEntityOfPage\":{\"@id\":\"https:\\\/\\\/hierostrasbourg.com\\\/index.php\\\/2022\\\/07\\\/02\\\/la-musique-a-lecole\\\/\"},\"wordCount\":120,\"publisher\":{\"@id\":\"https:\\\/\\\/hierostrasbourg.com\\\/#organization\"},\"inLanguage\":\"fr-FR\"},{\"@type\":\"WebPage\",\"@id\":\"https:\\\/\\\/hierostrasbourg.com\\\/index.php\\\/2022\\\/07\\\/02\\\/la-musique-a-lecole\\\/\",\"url\":\"https:\\\/\\\/hierostrasbourg.com\\\/index.php\\\/2022\\\/07\\\/02\\\/la-musique-a-lecole\\\/\",\"name\":\"La musique \u00e0 l\u2019\u00e9cole - HIERO STRASBOURG\",\"isPartOf\":{\"@id\":\"https:\\\/\\\/hierostrasbourg.com\\\/#website\"},\"datePublished\":\"2022-07-01T22:32:55+00:00\",\"breadcrumb\":{\"@id\":\"https:\\\/\\\/hierostrasbourg.com\\\/index.php\\\/2022\\\/07\\\/02\\\/la-musique-a-lecole\\\/#breadcrumb\"},\"inLanguage\":\"fr-FR\",\"potentialAction\":[{\"@type\":\"ReadAction\",\"target\":[\"https:\\\/\\\/hierostrasbourg.com\\\/index.php\\\/2022\\\/07\\\/02\\\/la-musique-a-lecole\\\/\"]}]},{\"@type\":\"BreadcrumbList\",\"@id\":\"https:\\\/\\\/hierostrasbourg.com\\\/index.php\\\/2022\\\/07\\\/02\\\/la-musique-a-lecole\\\/#breadcrumb\",\"itemListElement\":[{\"@type\":\"ListItem\",\"position\":1,\"name\":\"Accueil\",\"item\":\"https:\\\/\\\/hierostrasbourg.com\\\/\"},{\"@type\":\"ListItem\",\"position\":2,\"name\":\"La musique \u00e0 l\u2019\u00e9cole\"}]},{\"@type\":\"WebSite\",\"@id\":\"https:\\\/\\\/hierostrasbourg.com\\\/#website\",\"url\":\"https:\\\/\\\/hierostrasbourg.com\\\/\",\"name\":\"HIERO STRASBOURG\",\"description\":\"Centre de Ressources Musiques Actuelles\",\"publisher\":{\"@id\":\"https:\\\/\\\/hierostrasbourg.com\\\/#organization\"},\"potentialAction\":[{\"@type\":\"SearchAction\",\"target\":{\"@type\":\"EntryPoint\",\"urlTemplate\":\"https:\\\/\\\/hierostrasbourg.com\\\/?s={search_term_string}\"},\"query-input\":{\"@type\":\"PropertyValueSpecification\",\"valueRequired\":true,\"valueName\":\"search_term_string\"}}],\"inLanguage\":\"fr-FR\"},{\"@type\":\"Organization\",\"@id\":\"https:\\\/\\\/hierostrasbourg.com\\\/#organization\",\"name\":\"F\u00e9d\u00e9ration Hi\u00e9ro Strasbourg\",\"url\":\"https:\\\/\\\/hierostrasbourg.com\\\/\",\"logo\":{\"@type\":\"ImageObject\",\"inLanguage\":\"fr-FR\",\"@id\":\"https:\\\/\\\/hierostrasbourg.com\\\/#\\\/schema\\\/logo\\\/image\\\/\",\"url\":\"https:\\\/\\\/hierostrasbourg.com\\\/wp-content\\\/uploads\\\/2026\\\/04\\\/logo-hiero-strasbourg.jpg\",\"contentUrl\":\"https:\\\/\\\/hierostrasbourg.com\\\/wp-content\\\/uploads\\\/2026\\\/04\\\/logo-hiero-strasbourg.jpg\",\"width\":204,\"height\":192,\"caption\":\"F\u00e9d\u00e9ration Hi\u00e9ro Strasbourg\"},\"image\":{\"@id\":\"https:\\\/\\\/hierostrasbourg.com\\\/#\\\/schema\\\/logo\\\/image\\\/\"},\"sameAs\":[\"https:\\\/\\\/www.facebook.com\\\/fedehierostrasbourg\",\"https:\\\/\\\/x.com\\\/hierostrasbourg\"]}]}<\/script>\n<!-- \/ Yoast SEO plugin. -->","yoast_head_json":{"title":"La musique \u00e0 l\u2019\u00e9cole - HIERO STRASBOURG","robots":{"index":"index","follow":"follow","max-snippet":"max-snippet:-1","max-image-preview":"max-image-preview:large","max-video-preview":"max-video-preview:-1"},"canonical":"https:\/\/hierostrasbourg.com\/index.php\/2022\/07\/02\/la-musique-a-lecole\/","og_locale":"fr_FR","og_type":"article","og_title":"La musique \u00e0 l\u2019\u00e9cole - HIERO STRASBOURG","og_description":"communiqu\u00e9 La Musique est un des arts premiers. Elle contribue \u00e0 former l\u2019esprit et \u00e0 construire la personnalit\u00e9 de ses pratiquants. Elle devrait avoir une place beaucoup plus importante \u00e0 l\u2019\u00e9cole, et ce d\u00e8s le plus jeune \u00e2ge. Si la Suisse a int\u00e9gr\u00e9 l\u2019obligation de formation musicale dans sa Constitution, pourquoi la France n\u2019irait-elle pas dans le m\u00eame sens? Notre m\u00e9tier de cr\u00e9atrices et cr\u00e9ateurs de musique nous incite \u00e0 pr\u00e9coniser avec force une place importante de la musique dans [&hellip;]","og_url":"https:\/\/hierostrasbourg.com\/index.php\/2022\/07\/02\/la-musique-a-lecole\/","og_site_name":"HIERO STRASBOURG","article_publisher":"https:\/\/www.facebook.com\/fedehierostrasbourg","article_published_time":"2022-07-01T22:32:55+00:00","twitter_card":"summary_large_image","twitter_creator":"@hierostrasbourg","twitter_site":"@hierostrasbourg","twitter_misc":{"Dur\u00e9e de lecture estim\u00e9e":"1 minute"},"schema":{"@context":"https:\/\/schema.org","@graph":[{"@type":"Article","@id":"https:\/\/hierostrasbourg.com\/index.php\/2022\/07\/02\/la-musique-a-lecole\/#article","isPartOf":{"@id":"https:\/\/hierostrasbourg.com\/index.php\/2022\/07\/02\/la-musique-a-lecole\/"},"author":{"name":"","@id":""},"headline":"La musique \u00e0 l\u2019\u00e9cole","datePublished":"2022-07-01T22:32:55+00:00","mainEntityOfPage":{"@id":"https:\/\/hierostrasbourg.com\/index.php\/2022\/07\/02\/la-musique-a-lecole\/"},"wordCount":120,"publisher":{"@id":"https:\/\/hierostrasbourg.com\/#organization"},"inLanguage":"fr-FR"},{"@type":"WebPage","@id":"https:\/\/hierostrasbourg.com\/index.php\/2022\/07\/02\/la-musique-a-lecole\/","url":"https:\/\/hierostrasbourg.com\/index.php\/2022\/07\/02\/la-musique-a-lecole\/","name":"La musique \u00e0 l\u2019\u00e9cole - HIERO STRASBOURG","isPartOf":{"@id":"https:\/\/hierostrasbourg.com\/#website"},"datePublished":"2022-07-01T22:32:55+00:00","breadcrumb":{"@id":"https:\/\/hierostrasbourg.com\/index.php\/2022\/07\/02\/la-musique-a-lecole\/#breadcrumb"},"inLanguage":"fr-FR","potentialAction":[{"@type":"ReadAction","target":["https:\/\/hierostrasbourg.com\/index.php\/2022\/07\/02\/la-musique-a-lecole\/"]}]},{"@type":"BreadcrumbList","@id":"https:\/\/hierostrasbourg.com\/index.php\/2022\/07\/02\/la-musique-a-lecole\/#breadcrumb","itemListElement":[{"@type":"ListItem","position":1,"name":"Accueil","item":"https:\/\/hierostrasbourg.com\/"},{"@type":"ListItem","position":2,"name":"La musique \u00e0 l\u2019\u00e9cole"}]},{"@type":"WebSite","@id":"https:\/\/hierostrasbourg.com\/#website","url":"https:\/\/hierostrasbourg.com\/","name":"HIERO STRASBOURG","description":"Centre de Ressources Musiques Actuelles","publisher":{"@id":"https:\/\/hierostrasbourg.com\/#organization"},"potentialAction":[{"@type":"SearchAction","target":{"@type":"EntryPoint","urlTemplate":"https:\/\/hierostrasbourg.com\/?s={search_term_string}"},"query-input":{"@type":"PropertyValueSpecification","valueRequired":true,"valueName":"search_term_string"}}],"inLanguage":"fr-FR"},{"@type":"Organization","@id":"https:\/\/hierostrasbourg.com\/#organization","name":"F\u00e9d\u00e9ration Hi\u00e9ro Strasbourg","url":"https:\/\/hierostrasbourg.com\/","logo":{"@type":"ImageObject","inLanguage":"fr-FR","@id":"https:\/\/hierostrasbourg.com\/#\/schema\/logo\/image\/","url":"https:\/\/hierostrasbourg.com\/wp-content\/uploads\/2026\/04\/logo-hiero-strasbourg.jpg","contentUrl":"https:\/\/hierostrasbourg.com\/wp-content\/uploads\/2026\/04\/logo-hiero-strasbourg.jpg","width":204,"height":192,"caption":"F\u00e9d\u00e9ration Hi\u00e9ro Strasbourg"},"image":{"@id":"https:\/\/hierostrasbourg.com\/#\/schema\/logo\/image\/"},"sameAs":["https:\/\/www.facebook.com\/fedehierostrasbourg","https:\/\/x.com\/hierostrasbourg"]}]}},"_links":{"self":[{"href":"https:\/\/hierostrasbourg.com\/index.php\/wp-json\/wp\/v2\/posts\/3101","targetHints":{"allow":["GET"]}}],"collection":[{"href":"https:\/\/hierostrasbourg.com\/index.php\/wp-json\/wp\/v2\/posts"}],"about":[{"href":"https:\/\/hierostrasbourg.com\/index.php\/wp-json\/wp\/v2\/types\/post"}],"replies":[{"embeddable":true,"href":"https:\/\/hierostrasbourg.com\/index.php\/wp-json\/wp\/v2\/comments?post=3101"}],"version-history":[{"count":0,"href":"https:\/\/hierostrasbourg.com\/index.php\/wp-json\/wp\/v2\/posts\/3101\/revisions"}],"wp:attachment":[{"href":"https:\/\/hierostrasbourg.com\/index.php\/wp-json\/wp\/v2\/media?parent=3101"}],"wp:term":[{"taxonomy":"category","embeddable":true,"href":"https:\/\/hierostrasbourg.com\/index.php\/wp-json\/wp\/v2\/categories?post=3101"},{"taxonomy":"post_tag","embeddable":true,"href":"https:\/\/hierostrasbourg.com\/index.php\/wp-json\/wp\/v2\/tags?post=3101"}],"curies":[{"name":"wp","href":"https:\/\/api.w.org\/{rel}","templated":true}]}}