{"id":310,"date":"2021-04-14T16:19:36","date_gmt":"2021-04-14T14:19:36","guid":{"rendered":"https:\/\/hierostrasbourg.com\/index.php\/2021\/04\/14\/les-mediatheques-de-strasbourg-recrutent-un-regisseur-technique-f-h\/"},"modified":"2021-04-14T16:19:36","modified_gmt":"2021-04-14T14:19:36","slug":"les-mediatheques-de-strasbourg-recrutent-un-regisseur-technique-f-h","status":"publish","type":"post","link":"https:\/\/hierostrasbourg.com\/index.php\/2021\/04\/14\/les-mediatheques-de-strasbourg-recrutent-un-regisseur-technique-f-h\/","title":{"rendered":"LES M\u00c9DIATH\u00c8QUES DE STRASBOURG recrutent un r\u00e9gisseur technique [F\/H]"},"content":{"rendered":"<p>Administration mutualis\u00e9e de plus de 7000 agents-es et 250 m\u00e9tiers, l\u2019Eurom\u00e9tropole de Strasbourg d\u00e9veloppe des politiques publiques innovantes, visant \u00e0 r\u00e9pondre aux enjeux de d\u00e9veloppement et de coh\u00e9sion d\u2019un territoire transfrontalier en pleine mutation et aux attentes profond\u00e9ment renouvel\u00e9es des habitants-es.<\/p>\n<p>Le service des M\u00e9diath\u00e8ques regroupe environ 250 agents-es qui, au sein des onze \u00e9tablissements et du biblibus, oeuvrent pour la lecture publique sur le territoire de la Ville et de l\u2019Eurom\u00e9tropole.<\/p>\n<h2>Missions<\/h2>\n<p>Au sein du d\u00e9partement Action culturelle et sous la responsabilit\u00e9 du r\u00e9gisseur technique g\u00e9n\u00e9ral, vous \u00eates charg\u00e9-e d\u2019organiser et mettre en \u0153uvre les aspects techniques et logistiques de l\u2019Action culturelle (expositions, spectacles, conf\u00e9rences, concerts, projections\u2026) et des autres manifestations se d\u00e9roulant \u00e0 la M\u00e9diath\u00e8que Andr\u00e9 Malraux (s\u00e9minaires, r\u00e9unions, visites\u2026).<\/p>\n<ul>\n<li>D\u00e9finir les besoins avec les porteurs-euses de projets (artistes, biblioth\u00e9caires, organismes accueillis\u2026) et rechercher les solutions techniques, logistiques et organisationnelles.<\/li>\n<li>Dessiner, sur plans, l\u2019implantation des \u00e9l\u00e9ments mat\u00e9riels (vitrines, \u00e9l\u00e9ments d\u2019expositions, sc\u00e8ne, structures\u2026).<\/li>\n<li>Garantir la conformit\u00e9 r\u00e9glementaire et le respect des conditions de s\u00e9curit\u00e9 pour l\u2019accueil du public.<\/li>\n<li>Planifier le d\u00e9roulement des manifestations \/ animations ainsi que les moyens humains et mat\u00e9riels n\u00e9cessaires pour les phases de pr\u00e9paration, montage \/ d\u00e9montage, exploitation ; organiser les transports.<\/li>\n<li>Planifier les autres interventions n\u00e9cessaires (agents-es de s\u00e9curit\u00e9, nettoyage\u2026) et g\u00e9rer les demandes aux services de la collectivit\u00e9.<\/li>\n<li>Proc\u00e9der aux achats de fournitures, de prestations et aux locations d\u2019\u00e9quipements.<\/li>\n<li>Sur le terrain :\n<ul>\n<li>coordonner la mise en \u0153uvre des moyens mat\u00e9riels,<\/li>\n<li>assurer la manutention et les transports d\u2019\u00e9quipements,<\/li>\n<li>monter les expositions en lien avec les porteurs-euses de projets,<\/li>\n<li>installer le mat\u00e9riel technique (son, \u00e9clairage, audiovisuel\u2026),<\/li>\n<li>faire fonctionner de fa\u00e7on optimale le mat\u00e9riel pendant les animations,<\/li>\n<li>assurer le rangement permettant la poursuite de l\u2019activit\u00e9 normale du site.<\/li>\n<\/ul>\n<\/li>\n<\/ul>\n<p><strong>CONDITIONS D\u2019EXERCICE\u00a0<\/strong><\/p>\n<ul>\n<li>Travail du mardi au samedi.<\/li>\n<li>Disponibilit\u00e9 requise jusqu\u2019\u00e0 20h selon les soir\u00e9es.<\/li>\n<li>Dans le cadre des manifestations, disponibilit\u00e9 requise jusqu\u2019\u00e0 22h un soir par semaine.<\/li>\n<\/ul>\n<h2>Profils demand\u00e9s<\/h2>\n<ul>\n<li>Bac \u00e0 bac + 2 dans les domaines de l\u2019audiovisuel, de l\u2019organisation technique \u00e9v\u00e9nementielle ou \u00e9quivalent.<\/li>\n<li>Exp\u00e9rience similaire dans le milieu culturel \u00e9xig\u00e9e (audiovisuel, \u00e9v\u00e9nementiel, spectacle vivant, expositions temporaires\u2026).<\/li>\n<li>Ma\u00eetrise de la r\u00e9gie audiovisuelle \/ son et lumi\u00e8re.<\/li>\n<li>Comp\u00e9tences techniques en mati\u00e8re de sc\u00e9nographie et de montage d\u2019expositions.<\/li>\n<li>Connaissance de la r\u00e8glementation en mati\u00e8re de s\u00e9curit\u00e9 des ERP (id\u00e9alement les m\u00e9diath\u00e8ques) et des spectacles.<\/li>\n<li>Pratique des outils informatiques (suite Office) et d\u2019un logiciel de dessin 2D.<\/li>\n<li>Aptitudes manuelles (encadrement, menuiserie, assemblage, peinture\u2026).<\/li>\n<li>Capacit\u00e9 \u00e0 installer les \u00e9clairages d\u2019expositions et \u00e0 exploiter les \u00e9quipements audiovisuels et de spectacles (vid\u00e9oprojecteurs, r\u00e9gie\u2026).<\/li>\n<li>Capacit\u00e9 \u00e0 dessiner un sch\u00e9ma d\u2019implantation sur plan informatique.<\/li>\n<li>Capacit\u00e9 \u00e0 fabriquer des \u00e9l\u00e9ments sc\u00e9nographiques.<\/li>\n<li>Capacit\u00e9 \u00e0 appliquer et faire appliquer les consignes de s\u00e9curit\u00e9 relative \u00e0 un spectacle \/ un \u00e9v\u00e9nement.<\/li>\n<li>Qualit\u00e9s d\u2019organisation et d\u2019anticipation.<\/li>\n<li>Autonomie et prise d\u2019initiatives.<\/li>\n<li>R\u00e9activit\u00e9 et adaptabilit\u00e9 aux impr\u00e9vus.<\/li>\n<li>Capacit\u00e9 \u00e0 rendre compte et \u00e0 alerter son responsable sur des risques identifi\u00e9s.<\/li>\n<li>Qualit\u00e9s relationnelles et d\u2019\u00e9coute, capacit\u00e9 \u00e0 travailler avec des partenaires vari\u00e9s-es.<\/li>\n<li>Sens du travail en \u00e9quipe \/ du service.<\/li>\n<li>Permis B exig\u00e9, CACES 1 B souhait\u00e9.<\/li>\n<\/ul>\n<p>Temps de travail : Complet, 35h00 hebdomadaire<br \/>\nPoste \u00e0 pourvoir le : 16\/08\/2021<br \/>\nDate limite de candidature : 16\/05\/2021<\/p>\n<ul>\n<li>R\u00e9mun\u00e9ration statutaire et r\u00e9gime indemnitaire.<\/li>\n<li>Prime de fin d\u2019ann\u00e9e.<\/li>\n<li>Participation de la collectivit\u00e9 aux frais de transport et de restauration.<\/li>\n<li>Participation de la collectivit\u00e9 possible \u00e0 la couverture mutuelle et pr\u00e9voyance.<\/li>\n<li>Ch\u00e8ques vacances sous conditions.<\/li>\n<li>\u00a0Tarifs pr\u00e9f\u00e9rentiels pour certains \u00e9tablissements culturels et sportifs (piscines, mus\u00e9es, m\u00e9diath\u00e8ques\u2026).<\/li>\n<\/ul>\n<p>Merci de postuler \u00e0 cette offre (avec lettre de motivation et CV) directement sur le site<\/p>\n<p>EUROMETROPOLE DE STRASBOURG<br \/>\nService emploi et d\u00e9veloppement des comp\u00e9tences<br \/>\n1 parc de l\u2019etoile<br \/>\n67076 Strasbourg<\/p>\n<p><a class=\"maxbutton-1 maxbutton maxbutton-inscription\" href=\"https:\/\/www.emploi.strasbourg.eu\/\"><span class=\"mb-text\">POSTULEZ<\/span><\/a><\/p>\n<p>L\u2019article <a rel=\"nofollow\" href=\"https:\/\/popburo.fr\/les-mediatheques-de-strasbourg-recrutent-un-regisseur-technique-f-h\/\">LES M\u00c9DIATH\u00c8QUES DE STRASBOURG recrutent un r\u00e9gisseur technique [F\/H]<\/a> est apparu en premier sur <a rel=\"nofollow\" href=\"https:\/\/popburo.fr\/\">POP B\u00dcRO<\/a>.<\/p>\n","protected":false},"excerpt":{"rendered":"<p>Administration mutualis\u00e9e de plus de 7000 agents-es et 250 m\u00e9tiers, l\u2019Eurom\u00e9tropole de Strasbourg d\u00e9veloppe des politiques publiques innovantes, visant \u00e0 r\u00e9pondre aux enjeux de d\u00e9veloppement et de coh\u00e9sion d\u2019un territoire transfrontalier en pleine mutation et aux attentes profond\u00e9ment renouvel\u00e9es des habitants-es. Le service des M\u00e9diath\u00e8ques regroupe environ 250 agents-es qui, au sein des onze \u00e9tablissements et du biblibus, oeuvrent pour la lecture publique sur le territoire de la Ville et de l\u2019Eurom\u00e9tropole. Missions Au sein du d\u00e9partement Action culturelle et [&hellip;]<\/p>\n","protected":false},"author":0,"featured_media":0,"comment_status":"closed","ping_status":"open","sticky":false,"template":"","format":"standard","meta":{"footnotes":""},"categories":[1],"tags":[],"class_list":["post-310","post","type-post","status-publish","format-standard","hentry","category-non-classe"],"yoast_head":"<!-- This site is optimized with the Yoast SEO plugin v27.5 - https:\/\/yoast.com\/product\/yoast-seo-wordpress\/ -->\n<title>LES M\u00c9DIATH\u00c8QUES DE STRASBOURG recrutent un r\u00e9gisseur technique [F\/H] - HIERO STRASBOURG<\/title>\n<meta name=\"robots\" content=\"index, follow, max-snippet:-1, max-image-preview:large, max-video-preview:-1\" \/>\n<link rel=\"canonical\" href=\"https:\/\/hierostrasbourg.com\/index.php\/2021\/04\/14\/les-mediatheques-de-strasbourg-recrutent-un-regisseur-technique-f-h\/\" \/>\n<meta property=\"og:locale\" content=\"fr_FR\" \/>\n<meta property=\"og:type\" content=\"article\" \/>\n<meta property=\"og:title\" content=\"LES M\u00c9DIATH\u00c8QUES DE STRASBOURG recrutent un r\u00e9gisseur technique [F\/H] - HIERO STRASBOURG\" \/>\n<meta property=\"og:description\" content=\"Administration mutualis\u00e9e de plus de 7000 agents-es et 250 m\u00e9tiers, l\u2019Eurom\u00e9tropole de Strasbourg d\u00e9veloppe des politiques publiques innovantes, visant \u00e0 r\u00e9pondre aux enjeux de d\u00e9veloppement et de coh\u00e9sion d\u2019un territoire transfrontalier en pleine mutation et aux attentes profond\u00e9ment renouvel\u00e9es des habitants-es. Le service des M\u00e9diath\u00e8ques regroupe environ 250 agents-es qui, au sein des onze \u00e9tablissements et du biblibus, oeuvrent pour la lecture publique sur le territoire de la Ville et de l\u2019Eurom\u00e9tropole. Missions Au sein du d\u00e9partement Action culturelle et [&hellip;]\" \/>\n<meta property=\"og:url\" content=\"https:\/\/hierostrasbourg.com\/index.php\/2021\/04\/14\/les-mediatheques-de-strasbourg-recrutent-un-regisseur-technique-f-h\/\" \/>\n<meta property=\"og:site_name\" content=\"HIERO STRASBOURG\" \/>\n<meta property=\"article:publisher\" content=\"https:\/\/www.facebook.com\/fedehierostrasbourg\" \/>\n<meta property=\"article:published_time\" content=\"2021-04-14T14:19:36+00:00\" \/>\n<meta name=\"twitter:card\" content=\"summary_large_image\" \/>\n<meta name=\"twitter:creator\" content=\"@hierostrasbourg\" \/>\n<meta name=\"twitter:site\" content=\"@hierostrasbourg\" \/>\n<meta name=\"twitter:label1\" content=\"Dur\u00e9e de lecture estim\u00e9e\" \/>\n\t<meta name=\"twitter:data1\" content=\"3 minutes\" \/>\n<script type=\"application\/ld+json\" class=\"yoast-schema-graph\">{\"@context\":\"https:\\\/\\\/schema.org\",\"@graph\":[{\"@type\":\"Article\",\"@id\":\"https:\\\/\\\/hierostrasbourg.com\\\/index.php\\\/2021\\\/04\\\/14\\\/les-mediatheques-de-strasbourg-recrutent-un-regisseur-technique-f-h\\\/#article\",\"isPartOf\":{\"@id\":\"https:\\\/\\\/hierostrasbourg.com\\\/index.php\\\/2021\\\/04\\\/14\\\/les-mediatheques-de-strasbourg-recrutent-un-regisseur-technique-f-h\\\/\"},\"author\":{\"name\":\"\",\"@id\":\"\"},\"headline\":\"LES M\u00c9DIATH\u00c8QUES DE STRASBOURG recrutent un r\u00e9gisseur technique [F\\\/H]\",\"datePublished\":\"2021-04-14T14:19:36+00:00\",\"mainEntityOfPage\":{\"@id\":\"https:\\\/\\\/hierostrasbourg.com\\\/index.php\\\/2021\\\/04\\\/14\\\/les-mediatheques-de-strasbourg-recrutent-un-regisseur-technique-f-h\\\/\"},\"wordCount\":705,\"publisher\":{\"@id\":\"https:\\\/\\\/hierostrasbourg.com\\\/#organization\"},\"inLanguage\":\"fr-FR\"},{\"@type\":\"WebPage\",\"@id\":\"https:\\\/\\\/hierostrasbourg.com\\\/index.php\\\/2021\\\/04\\\/14\\\/les-mediatheques-de-strasbourg-recrutent-un-regisseur-technique-f-h\\\/\",\"url\":\"https:\\\/\\\/hierostrasbourg.com\\\/index.php\\\/2021\\\/04\\\/14\\\/les-mediatheques-de-strasbourg-recrutent-un-regisseur-technique-f-h\\\/\",\"name\":\"LES M\u00c9DIATH\u00c8QUES DE STRASBOURG recrutent un r\u00e9gisseur technique [F\\\/H] - HIERO STRASBOURG\",\"isPartOf\":{\"@id\":\"https:\\\/\\\/hierostrasbourg.com\\\/#website\"},\"datePublished\":\"2021-04-14T14:19:36+00:00\",\"breadcrumb\":{\"@id\":\"https:\\\/\\\/hierostrasbourg.com\\\/index.php\\\/2021\\\/04\\\/14\\\/les-mediatheques-de-strasbourg-recrutent-un-regisseur-technique-f-h\\\/#breadcrumb\"},\"inLanguage\":\"fr-FR\",\"potentialAction\":[{\"@type\":\"ReadAction\",\"target\":[\"https:\\\/\\\/hierostrasbourg.com\\\/index.php\\\/2021\\\/04\\\/14\\\/les-mediatheques-de-strasbourg-recrutent-un-regisseur-technique-f-h\\\/\"]}]},{\"@type\":\"BreadcrumbList\",\"@id\":\"https:\\\/\\\/hierostrasbourg.com\\\/index.php\\\/2021\\\/04\\\/14\\\/les-mediatheques-de-strasbourg-recrutent-un-regisseur-technique-f-h\\\/#breadcrumb\",\"itemListElement\":[{\"@type\":\"ListItem\",\"position\":1,\"name\":\"Accueil\",\"item\":\"https:\\\/\\\/hierostrasbourg.com\\\/\"},{\"@type\":\"ListItem\",\"position\":2,\"name\":\"LES M\u00c9DIATH\u00c8QUES DE STRASBOURG recrutent un r\u00e9gisseur technique [F\\\/H]\"}]},{\"@type\":\"WebSite\",\"@id\":\"https:\\\/\\\/hierostrasbourg.com\\\/#website\",\"url\":\"https:\\\/\\\/hierostrasbourg.com\\\/\",\"name\":\"HIERO STRASBOURG\",\"description\":\"Centre de Ressources Musiques Actuelles\",\"publisher\":{\"@id\":\"https:\\\/\\\/hierostrasbourg.com\\\/#organization\"},\"potentialAction\":[{\"@type\":\"SearchAction\",\"target\":{\"@type\":\"EntryPoint\",\"urlTemplate\":\"https:\\\/\\\/hierostrasbourg.com\\\/?s={search_term_string}\"},\"query-input\":{\"@type\":\"PropertyValueSpecification\",\"valueRequired\":true,\"valueName\":\"search_term_string\"}}],\"inLanguage\":\"fr-FR\"},{\"@type\":\"Organization\",\"@id\":\"https:\\\/\\\/hierostrasbourg.com\\\/#organization\",\"name\":\"F\u00e9d\u00e9ration Hi\u00e9ro Strasbourg\",\"url\":\"https:\\\/\\\/hierostrasbourg.com\\\/\",\"logo\":{\"@type\":\"ImageObject\",\"inLanguage\":\"fr-FR\",\"@id\":\"https:\\\/\\\/hierostrasbourg.com\\\/#\\\/schema\\\/logo\\\/image\\\/\",\"url\":\"https:\\\/\\\/hierostrasbourg.com\\\/wp-content\\\/uploads\\\/2026\\\/04\\\/logo-hiero-strasbourg.jpg\",\"contentUrl\":\"https:\\\/\\\/hierostrasbourg.com\\\/wp-content\\\/uploads\\\/2026\\\/04\\\/logo-hiero-strasbourg.jpg\",\"width\":204,\"height\":192,\"caption\":\"F\u00e9d\u00e9ration Hi\u00e9ro Strasbourg\"},\"image\":{\"@id\":\"https:\\\/\\\/hierostrasbourg.com\\\/#\\\/schema\\\/logo\\\/image\\\/\"},\"sameAs\":[\"https:\\\/\\\/www.facebook.com\\\/fedehierostrasbourg\",\"https:\\\/\\\/x.com\\\/hierostrasbourg\"]}]}<\/script>\n<!-- \/ Yoast SEO plugin. -->","yoast_head_json":{"title":"LES M\u00c9DIATH\u00c8QUES DE STRASBOURG recrutent un r\u00e9gisseur technique [F\/H] - HIERO STRASBOURG","robots":{"index":"index","follow":"follow","max-snippet":"max-snippet:-1","max-image-preview":"max-image-preview:large","max-video-preview":"max-video-preview:-1"},"canonical":"https:\/\/hierostrasbourg.com\/index.php\/2021\/04\/14\/les-mediatheques-de-strasbourg-recrutent-un-regisseur-technique-f-h\/","og_locale":"fr_FR","og_type":"article","og_title":"LES M\u00c9DIATH\u00c8QUES DE STRASBOURG recrutent un r\u00e9gisseur technique [F\/H] - HIERO STRASBOURG","og_description":"Administration mutualis\u00e9e de plus de 7000 agents-es et 250 m\u00e9tiers, l\u2019Eurom\u00e9tropole de Strasbourg d\u00e9veloppe des politiques publiques innovantes, visant \u00e0 r\u00e9pondre aux enjeux de d\u00e9veloppement et de coh\u00e9sion d\u2019un territoire transfrontalier en pleine mutation et aux attentes profond\u00e9ment renouvel\u00e9es des habitants-es. Le service des M\u00e9diath\u00e8ques regroupe environ 250 agents-es qui, au sein des onze \u00e9tablissements et du biblibus, oeuvrent pour la lecture publique sur le territoire de la Ville et de l\u2019Eurom\u00e9tropole. Missions Au sein du d\u00e9partement Action culturelle et [&hellip;]","og_url":"https:\/\/hierostrasbourg.com\/index.php\/2021\/04\/14\/les-mediatheques-de-strasbourg-recrutent-un-regisseur-technique-f-h\/","og_site_name":"HIERO STRASBOURG","article_publisher":"https:\/\/www.facebook.com\/fedehierostrasbourg","article_published_time":"2021-04-14T14:19:36+00:00","twitter_card":"summary_large_image","twitter_creator":"@hierostrasbourg","twitter_site":"@hierostrasbourg","twitter_misc":{"Dur\u00e9e de lecture estim\u00e9e":"3 minutes"},"schema":{"@context":"https:\/\/schema.org","@graph":[{"@type":"Article","@id":"https:\/\/hierostrasbourg.com\/index.php\/2021\/04\/14\/les-mediatheques-de-strasbourg-recrutent-un-regisseur-technique-f-h\/#article","isPartOf":{"@id":"https:\/\/hierostrasbourg.com\/index.php\/2021\/04\/14\/les-mediatheques-de-strasbourg-recrutent-un-regisseur-technique-f-h\/"},"author":{"name":"","@id":""},"headline":"LES M\u00c9DIATH\u00c8QUES DE STRASBOURG recrutent un r\u00e9gisseur technique [F\/H]","datePublished":"2021-04-14T14:19:36+00:00","mainEntityOfPage":{"@id":"https:\/\/hierostrasbourg.com\/index.php\/2021\/04\/14\/les-mediatheques-de-strasbourg-recrutent-un-regisseur-technique-f-h\/"},"wordCount":705,"publisher":{"@id":"https:\/\/hierostrasbourg.com\/#organization"},"inLanguage":"fr-FR"},{"@type":"WebPage","@id":"https:\/\/hierostrasbourg.com\/index.php\/2021\/04\/14\/les-mediatheques-de-strasbourg-recrutent-un-regisseur-technique-f-h\/","url":"https:\/\/hierostrasbourg.com\/index.php\/2021\/04\/14\/les-mediatheques-de-strasbourg-recrutent-un-regisseur-technique-f-h\/","name":"LES M\u00c9DIATH\u00c8QUES DE STRASBOURG recrutent un r\u00e9gisseur technique [F\/H] - HIERO STRASBOURG","isPartOf":{"@id":"https:\/\/hierostrasbourg.com\/#website"},"datePublished":"2021-04-14T14:19:36+00:00","breadcrumb":{"@id":"https:\/\/hierostrasbourg.com\/index.php\/2021\/04\/14\/les-mediatheques-de-strasbourg-recrutent-un-regisseur-technique-f-h\/#breadcrumb"},"inLanguage":"fr-FR","potentialAction":[{"@type":"ReadAction","target":["https:\/\/hierostrasbourg.com\/index.php\/2021\/04\/14\/les-mediatheques-de-strasbourg-recrutent-un-regisseur-technique-f-h\/"]}]},{"@type":"BreadcrumbList","@id":"https:\/\/hierostrasbourg.com\/index.php\/2021\/04\/14\/les-mediatheques-de-strasbourg-recrutent-un-regisseur-technique-f-h\/#breadcrumb","itemListElement":[{"@type":"ListItem","position":1,"name":"Accueil","item":"https:\/\/hierostrasbourg.com\/"},{"@type":"ListItem","position":2,"name":"LES M\u00c9DIATH\u00c8QUES DE STRASBOURG recrutent un r\u00e9gisseur technique [F\/H]"}]},{"@type":"WebSite","@id":"https:\/\/hierostrasbourg.com\/#website","url":"https:\/\/hierostrasbourg.com\/","name":"HIERO STRASBOURG","description":"Centre de Ressources Musiques Actuelles","publisher":{"@id":"https:\/\/hierostrasbourg.com\/#organization"},"potentialAction":[{"@type":"SearchAction","target":{"@type":"EntryPoint","urlTemplate":"https:\/\/hierostrasbourg.com\/?s={search_term_string}"},"query-input":{"@type":"PropertyValueSpecification","valueRequired":true,"valueName":"search_term_string"}}],"inLanguage":"fr-FR"},{"@type":"Organization","@id":"https:\/\/hierostrasbourg.com\/#organization","name":"F\u00e9d\u00e9ration Hi\u00e9ro Strasbourg","url":"https:\/\/hierostrasbourg.com\/","logo":{"@type":"ImageObject","inLanguage":"fr-FR","@id":"https:\/\/hierostrasbourg.com\/#\/schema\/logo\/image\/","url":"https:\/\/hierostrasbourg.com\/wp-content\/uploads\/2026\/04\/logo-hiero-strasbourg.jpg","contentUrl":"https:\/\/hierostrasbourg.com\/wp-content\/uploads\/2026\/04\/logo-hiero-strasbourg.jpg","width":204,"height":192,"caption":"F\u00e9d\u00e9ration Hi\u00e9ro Strasbourg"},"image":{"@id":"https:\/\/hierostrasbourg.com\/#\/schema\/logo\/image\/"},"sameAs":["https:\/\/www.facebook.com\/fedehierostrasbourg","https:\/\/x.com\/hierostrasbourg"]}]}},"_links":{"self":[{"href":"https:\/\/hierostrasbourg.com\/index.php\/wp-json\/wp\/v2\/posts\/310","targetHints":{"allow":["GET"]}}],"collection":[{"href":"https:\/\/hierostrasbourg.com\/index.php\/wp-json\/wp\/v2\/posts"}],"about":[{"href":"https:\/\/hierostrasbourg.com\/index.php\/wp-json\/wp\/v2\/types\/post"}],"replies":[{"embeddable":true,"href":"https:\/\/hierostrasbourg.com\/index.php\/wp-json\/wp\/v2\/comments?post=310"}],"version-history":[{"count":0,"href":"https:\/\/hierostrasbourg.com\/index.php\/wp-json\/wp\/v2\/posts\/310\/revisions"}],"wp:attachment":[{"href":"https:\/\/hierostrasbourg.com\/index.php\/wp-json\/wp\/v2\/media?parent=310"}],"wp:term":[{"taxonomy":"category","embeddable":true,"href":"https:\/\/hierostrasbourg.com\/index.php\/wp-json\/wp\/v2\/categories?post=310"},{"taxonomy":"post_tag","embeddable":true,"href":"https:\/\/hierostrasbourg.com\/index.php\/wp-json\/wp\/v2\/tags?post=310"}],"curies":[{"name":"wp","href":"https:\/\/api.w.org\/{rel}","templated":true}]}}