{"id":3087,"date":"2022-07-01T22:32:54","date_gmt":"2022-07-01T20:32:54","guid":{"rendered":"https:\/\/hierostrasbourg.com\/index.php\/2022\/07\/01\/le-prodiss-dresse-un-etat-des-lieux-du-rapport-des-francais-aux-spectacles-vivants-apres-deux-ans-de-crise-sanitaire-et-formule-des-propositions-pour-les-cinq-annees-a-venir-2\/"},"modified":"2022-07-01T22:32:54","modified_gmt":"2022-07-01T20:32:54","slug":"le-prodiss-dresse-un-etat-des-lieux-du-rapport-des-francais-aux-spectacles-vivants-apres-deux-ans-de-crise-sanitaire-et-formule-des-propositions-pour-les-cinq-annees-a-venir-2","status":"publish","type":"post","link":"https:\/\/hierostrasbourg.com\/index.php\/2022\/07\/01\/le-prodiss-dresse-un-etat-des-lieux-du-rapport-des-francais-aux-spectacles-vivants-apres-deux-ans-de-crise-sanitaire-et-formule-des-propositions-pour-les-cinq-annees-a-venir-2\/","title":{"rendered":"Le PRODISS dresse un \u00e9tat des lieux du rapport des Fran\u00e7ais aux spectacles vivants apr\u00e8s deux ans de crise sanitaire et formule des propositions pour les cinq ann\u00e9es \u00e0 venir"},"content":{"rendered":"<p><a href=\"https:\/\/musiquesactuelles.alsace\/le-prodiss-dresse-un-etat-des-lieux-du-rapport-des-francais-aux-spectacles-vivants-apres-deux-ans-de-crise-sanitaire-et-formule-des-propositions-pour-les-cinq-annees-a-venir\/\" title=\"Le PRODISS dresse un \u00e9tat des lieux du rapport des Fran\u00e7ais aux spectacles vivants apr\u00e8s deux ans de crise sanitaire et formule des propositions pour les cinq ann\u00e9es \u00e0 venir\"><\/a><\/p>\n<p>Le PRODISS a r\u00e9v\u00e9l\u00e9, lundi 27 juin 2022, \u00e0 l\u2019occasion de son \u00ab D\u00e9jeuner de la fili\u00e8re \u00bb, une \u00e9tude conduite avec l\u2019Ifop sur le rapport des Fran\u00e7ais aux spectacles vivants apr\u00e8s deux ans de crise pand\u00e9mique. Ce d\u00e9jeuner rassemblait l\u2019ensemble de la fili\u00e8re musicale, en pr\u00e9sence de la nouvelle ministre de la Culture Rima Abdul-Malak et de plusieurs \u00e9lus nationaux. Le PRODISS y a \u00e9galement d\u00e9voil\u00e9 ses \u00ab Propositions pour le quinquennat \u00bb, articul\u00e9es autour de cinq enjeux majeurs [\u2026]<\/p>\n<p>L\u2019article <a href=\"https:\/\/musiquesactuelles.alsace\/le-prodiss-dresse-un-etat-des-lieux-du-rapport-des-francais-aux-spectacles-vivants-apres-deux-ans-de-crise-sanitaire-et-formule-des-propositions-pour-les-cinq-annees-a-venir\/\">Le PRODISS dresse un \u00e9tat des lieux du rapport des Fran\u00e7ais aux spectacles vivants apr\u00e8s deux ans de crise sanitaire et formule des propositions pour les cinq ann\u00e9es \u00e0 venir<\/a> est apparu en premier sur <a href=\"https:\/\/musiquesactuelles.alsace\/\">Musiques Actuelles en Alsace<\/a>.<\/p>\n<p>L\u2019article <a href=\"https:\/\/popburo.fr\/le-prodiss-dresse-un-etat-des-lieux-du-rapport-des-francais-aux-spectacles-vivants-apres-deux-ans-de-crise-sanitaire-et-formule-des-propositions-pour-les-cinq-annees-a-venir-2\/\">Le PRODISS dresse un \u00e9tat des lieux du rapport des Fran\u00e7ais aux spectacles vivants apr\u00e8s deux ans de crise sanitaire et formule des propositions pour les cinq ann\u00e9es \u00e0 venir<\/a> est apparu en premier sur <a href=\"https:\/\/popburo.fr\/\">POP B\u00dcRO<\/a>.<\/p>\n","protected":false},"excerpt":{"rendered":"<p>Le PRODISS a r\u00e9v\u00e9l\u00e9, lundi 27 juin 2022, \u00e0 l\u2019occasion de son \u00ab D\u00e9jeuner de la fili\u00e8re \u00bb, une \u00e9tude conduite avec l\u2019Ifop sur le rapport des Fran\u00e7ais aux spectacles vivants apr\u00e8s deux ans de crise pand\u00e9mique. Ce d\u00e9jeuner rassemblait l\u2019ensemble de la fili\u00e8re musicale, en pr\u00e9sence de la nouvelle ministre de la Culture Rima Abdul-Malak et de plusieurs \u00e9lus nationaux. Le PRODISS y a \u00e9galement d\u00e9voil\u00e9 ses \u00ab Propositions pour le quinquennat \u00bb, articul\u00e9es autour de cinq enjeux majeurs [&hellip;]<\/p>\n","protected":false},"author":0,"featured_media":0,"comment_status":"closed","ping_status":"open","sticky":false,"template":"","format":"standard","meta":{"footnotes":""},"categories":[1],"tags":[],"class_list":["post-3087","post","type-post","status-publish","format-standard","hentry","category-non-classe"],"yoast_head":"<!-- This site is optimized with the Yoast SEO plugin v27.5 - https:\/\/yoast.com\/product\/yoast-seo-wordpress\/ -->\n<title>Le PRODISS dresse un \u00e9tat des lieux du rapport des Fran\u00e7ais aux spectacles vivants apr\u00e8s deux ans de crise sanitaire et formule des propositions pour les cinq ann\u00e9es \u00e0 venir - HIERO STRASBOURG<\/title>\n<meta name=\"robots\" content=\"index, follow, max-snippet:-1, max-image-preview:large, max-video-preview:-1\" \/>\n<link rel=\"canonical\" href=\"https:\/\/hierostrasbourg.com\/index.php\/2022\/07\/01\/le-prodiss-dresse-un-etat-des-lieux-du-rapport-des-francais-aux-spectacles-vivants-apres-deux-ans-de-crise-sanitaire-et-formule-des-propositions-pour-les-cinq-annees-a-venir-2\/\" \/>\n<meta property=\"og:locale\" content=\"fr_FR\" \/>\n<meta property=\"og:type\" content=\"article\" \/>\n<meta property=\"og:title\" content=\"Le PRODISS dresse un \u00e9tat des lieux du rapport des Fran\u00e7ais aux spectacles vivants apr\u00e8s deux ans de crise sanitaire et formule des propositions pour les cinq ann\u00e9es \u00e0 venir - HIERO STRASBOURG\" \/>\n<meta property=\"og:description\" content=\"Le PRODISS a r\u00e9v\u00e9l\u00e9, lundi 27 juin 2022, \u00e0 l\u2019occasion de son \u00ab D\u00e9jeuner de la fili\u00e8re \u00bb, une \u00e9tude conduite avec l\u2019Ifop sur le rapport des Fran\u00e7ais aux spectacles vivants apr\u00e8s deux ans de crise pand\u00e9mique. Ce d\u00e9jeuner rassemblait l\u2019ensemble de la fili\u00e8re musicale, en pr\u00e9sence de la nouvelle ministre de la Culture Rima Abdul-Malak et de plusieurs \u00e9lus nationaux. Le PRODISS y a \u00e9galement d\u00e9voil\u00e9 ses \u00ab Propositions pour le quinquennat \u00bb, articul\u00e9es autour de cinq enjeux majeurs [&hellip;]\" \/>\n<meta property=\"og:url\" content=\"https:\/\/hierostrasbourg.com\/index.php\/2022\/07\/01\/le-prodiss-dresse-un-etat-des-lieux-du-rapport-des-francais-aux-spectacles-vivants-apres-deux-ans-de-crise-sanitaire-et-formule-des-propositions-pour-les-cinq-annees-a-venir-2\/\" \/>\n<meta property=\"og:site_name\" content=\"HIERO STRASBOURG\" \/>\n<meta property=\"article:publisher\" content=\"https:\/\/www.facebook.com\/fedehierostrasbourg\" \/>\n<meta property=\"article:published_time\" content=\"2022-07-01T20:32:54+00:00\" \/>\n<meta name=\"twitter:card\" content=\"summary_large_image\" \/>\n<meta name=\"twitter:creator\" content=\"@hierostrasbourg\" \/>\n<meta name=\"twitter:site\" content=\"@hierostrasbourg\" \/>\n<meta name=\"twitter:label1\" content=\"Dur\u00e9e de lecture estim\u00e9e\" \/>\n\t<meta name=\"twitter:data1\" content=\"1 minute\" \/>\n<script type=\"application\/ld+json\" class=\"yoast-schema-graph\">{\"@context\":\"https:\\\/\\\/schema.org\",\"@graph\":[{\"@type\":\"Article\",\"@id\":\"https:\\\/\\\/hierostrasbourg.com\\\/index.php\\\/2022\\\/07\\\/01\\\/le-prodiss-dresse-un-etat-des-lieux-du-rapport-des-francais-aux-spectacles-vivants-apres-deux-ans-de-crise-sanitaire-et-formule-des-propositions-pour-les-cinq-annees-a-venir-2\\\/#article\",\"isPartOf\":{\"@id\":\"https:\\\/\\\/hierostrasbourg.com\\\/index.php\\\/2022\\\/07\\\/01\\\/le-prodiss-dresse-un-etat-des-lieux-du-rapport-des-francais-aux-spectacles-vivants-apres-deux-ans-de-crise-sanitaire-et-formule-des-propositions-pour-les-cinq-annees-a-venir-2\\\/\"},\"author\":{\"name\":\"\",\"@id\":\"\"},\"headline\":\"Le PRODISS dresse un \u00e9tat des lieux du rapport des Fran\u00e7ais aux spectacles vivants apr\u00e8s deux ans de crise sanitaire et formule des propositions pour les cinq ann\u00e9es \u00e0 venir\",\"datePublished\":\"2022-07-01T20:32:54+00:00\",\"mainEntityOfPage\":{\"@id\":\"https:\\\/\\\/hierostrasbourg.com\\\/index.php\\\/2022\\\/07\\\/01\\\/le-prodiss-dresse-un-etat-des-lieux-du-rapport-des-francais-aux-spectacles-vivants-apres-deux-ans-de-crise-sanitaire-et-formule-des-propositions-pour-les-cinq-annees-a-venir-2\\\/\"},\"wordCount\":205,\"publisher\":{\"@id\":\"https:\\\/\\\/hierostrasbourg.com\\\/#organization\"},\"inLanguage\":\"fr-FR\"},{\"@type\":\"WebPage\",\"@id\":\"https:\\\/\\\/hierostrasbourg.com\\\/index.php\\\/2022\\\/07\\\/01\\\/le-prodiss-dresse-un-etat-des-lieux-du-rapport-des-francais-aux-spectacles-vivants-apres-deux-ans-de-crise-sanitaire-et-formule-des-propositions-pour-les-cinq-annees-a-venir-2\\\/\",\"url\":\"https:\\\/\\\/hierostrasbourg.com\\\/index.php\\\/2022\\\/07\\\/01\\\/le-prodiss-dresse-un-etat-des-lieux-du-rapport-des-francais-aux-spectacles-vivants-apres-deux-ans-de-crise-sanitaire-et-formule-des-propositions-pour-les-cinq-annees-a-venir-2\\\/\",\"name\":\"Le PRODISS dresse un \u00e9tat des lieux du rapport des Fran\u00e7ais aux spectacles vivants apr\u00e8s deux ans de crise sanitaire et formule des propositions pour les cinq ann\u00e9es \u00e0 venir - HIERO STRASBOURG\",\"isPartOf\":{\"@id\":\"https:\\\/\\\/hierostrasbourg.com\\\/#website\"},\"datePublished\":\"2022-07-01T20:32:54+00:00\",\"breadcrumb\":{\"@id\":\"https:\\\/\\\/hierostrasbourg.com\\\/index.php\\\/2022\\\/07\\\/01\\\/le-prodiss-dresse-un-etat-des-lieux-du-rapport-des-francais-aux-spectacles-vivants-apres-deux-ans-de-crise-sanitaire-et-formule-des-propositions-pour-les-cinq-annees-a-venir-2\\\/#breadcrumb\"},\"inLanguage\":\"fr-FR\",\"potentialAction\":[{\"@type\":\"ReadAction\",\"target\":[\"https:\\\/\\\/hierostrasbourg.com\\\/index.php\\\/2022\\\/07\\\/01\\\/le-prodiss-dresse-un-etat-des-lieux-du-rapport-des-francais-aux-spectacles-vivants-apres-deux-ans-de-crise-sanitaire-et-formule-des-propositions-pour-les-cinq-annees-a-venir-2\\\/\"]}]},{\"@type\":\"BreadcrumbList\",\"@id\":\"https:\\\/\\\/hierostrasbourg.com\\\/index.php\\\/2022\\\/07\\\/01\\\/le-prodiss-dresse-un-etat-des-lieux-du-rapport-des-francais-aux-spectacles-vivants-apres-deux-ans-de-crise-sanitaire-et-formule-des-propositions-pour-les-cinq-annees-a-venir-2\\\/#breadcrumb\",\"itemListElement\":[{\"@type\":\"ListItem\",\"position\":1,\"name\":\"Accueil\",\"item\":\"https:\\\/\\\/hierostrasbourg.com\\\/\"},{\"@type\":\"ListItem\",\"position\":2,\"name\":\"Le PRODISS dresse un \u00e9tat des lieux du rapport des Fran\u00e7ais aux spectacles vivants apr\u00e8s deux ans de crise sanitaire et formule des propositions pour les cinq ann\u00e9es \u00e0 venir\"}]},{\"@type\":\"WebSite\",\"@id\":\"https:\\\/\\\/hierostrasbourg.com\\\/#website\",\"url\":\"https:\\\/\\\/hierostrasbourg.com\\\/\",\"name\":\"HIERO STRASBOURG\",\"description\":\"Centre de Ressources Musiques Actuelles\",\"publisher\":{\"@id\":\"https:\\\/\\\/hierostrasbourg.com\\\/#organization\"},\"potentialAction\":[{\"@type\":\"SearchAction\",\"target\":{\"@type\":\"EntryPoint\",\"urlTemplate\":\"https:\\\/\\\/hierostrasbourg.com\\\/?s={search_term_string}\"},\"query-input\":{\"@type\":\"PropertyValueSpecification\",\"valueRequired\":true,\"valueName\":\"search_term_string\"}}],\"inLanguage\":\"fr-FR\"},{\"@type\":\"Organization\",\"@id\":\"https:\\\/\\\/hierostrasbourg.com\\\/#organization\",\"name\":\"F\u00e9d\u00e9ration Hi\u00e9ro Strasbourg\",\"url\":\"https:\\\/\\\/hierostrasbourg.com\\\/\",\"logo\":{\"@type\":\"ImageObject\",\"inLanguage\":\"fr-FR\",\"@id\":\"https:\\\/\\\/hierostrasbourg.com\\\/#\\\/schema\\\/logo\\\/image\\\/\",\"url\":\"https:\\\/\\\/hierostrasbourg.com\\\/wp-content\\\/uploads\\\/2026\\\/04\\\/logo-hiero-strasbourg.jpg\",\"contentUrl\":\"https:\\\/\\\/hierostrasbourg.com\\\/wp-content\\\/uploads\\\/2026\\\/04\\\/logo-hiero-strasbourg.jpg\",\"width\":204,\"height\":192,\"caption\":\"F\u00e9d\u00e9ration Hi\u00e9ro Strasbourg\"},\"image\":{\"@id\":\"https:\\\/\\\/hierostrasbourg.com\\\/#\\\/schema\\\/logo\\\/image\\\/\"},\"sameAs\":[\"https:\\\/\\\/www.facebook.com\\\/fedehierostrasbourg\",\"https:\\\/\\\/x.com\\\/hierostrasbourg\"]}]}<\/script>\n<!-- \/ Yoast SEO plugin. -->","yoast_head_json":{"title":"Le PRODISS dresse un \u00e9tat des lieux du rapport des Fran\u00e7ais aux spectacles vivants apr\u00e8s deux ans de crise sanitaire et formule des propositions pour les cinq ann\u00e9es \u00e0 venir - HIERO STRASBOURG","robots":{"index":"index","follow":"follow","max-snippet":"max-snippet:-1","max-image-preview":"max-image-preview:large","max-video-preview":"max-video-preview:-1"},"canonical":"https:\/\/hierostrasbourg.com\/index.php\/2022\/07\/01\/le-prodiss-dresse-un-etat-des-lieux-du-rapport-des-francais-aux-spectacles-vivants-apres-deux-ans-de-crise-sanitaire-et-formule-des-propositions-pour-les-cinq-annees-a-venir-2\/","og_locale":"fr_FR","og_type":"article","og_title":"Le PRODISS dresse un \u00e9tat des lieux du rapport des Fran\u00e7ais aux spectacles vivants apr\u00e8s deux ans de crise sanitaire et formule des propositions pour les cinq ann\u00e9es \u00e0 venir - HIERO STRASBOURG","og_description":"Le PRODISS a r\u00e9v\u00e9l\u00e9, lundi 27 juin 2022, \u00e0 l\u2019occasion de son \u00ab D\u00e9jeuner de la fili\u00e8re \u00bb, une \u00e9tude conduite avec l\u2019Ifop sur le rapport des Fran\u00e7ais aux spectacles vivants apr\u00e8s deux ans de crise pand\u00e9mique. Ce d\u00e9jeuner rassemblait l\u2019ensemble de la fili\u00e8re musicale, en pr\u00e9sence de la nouvelle ministre de la Culture Rima Abdul-Malak et de plusieurs \u00e9lus nationaux. Le PRODISS y a \u00e9galement d\u00e9voil\u00e9 ses \u00ab Propositions pour le quinquennat \u00bb, articul\u00e9es autour de cinq enjeux majeurs [&hellip;]","og_url":"https:\/\/hierostrasbourg.com\/index.php\/2022\/07\/01\/le-prodiss-dresse-un-etat-des-lieux-du-rapport-des-francais-aux-spectacles-vivants-apres-deux-ans-de-crise-sanitaire-et-formule-des-propositions-pour-les-cinq-annees-a-venir-2\/","og_site_name":"HIERO STRASBOURG","article_publisher":"https:\/\/www.facebook.com\/fedehierostrasbourg","article_published_time":"2022-07-01T20:32:54+00:00","twitter_card":"summary_large_image","twitter_creator":"@hierostrasbourg","twitter_site":"@hierostrasbourg","twitter_misc":{"Dur\u00e9e de lecture estim\u00e9e":"1 minute"},"schema":{"@context":"https:\/\/schema.org","@graph":[{"@type":"Article","@id":"https:\/\/hierostrasbourg.com\/index.php\/2022\/07\/01\/le-prodiss-dresse-un-etat-des-lieux-du-rapport-des-francais-aux-spectacles-vivants-apres-deux-ans-de-crise-sanitaire-et-formule-des-propositions-pour-les-cinq-annees-a-venir-2\/#article","isPartOf":{"@id":"https:\/\/hierostrasbourg.com\/index.php\/2022\/07\/01\/le-prodiss-dresse-un-etat-des-lieux-du-rapport-des-francais-aux-spectacles-vivants-apres-deux-ans-de-crise-sanitaire-et-formule-des-propositions-pour-les-cinq-annees-a-venir-2\/"},"author":{"name":"","@id":""},"headline":"Le PRODISS dresse un \u00e9tat des lieux du rapport des Fran\u00e7ais aux spectacles vivants apr\u00e8s deux ans de crise sanitaire et formule des propositions pour les cinq ann\u00e9es \u00e0 venir","datePublished":"2022-07-01T20:32:54+00:00","mainEntityOfPage":{"@id":"https:\/\/hierostrasbourg.com\/index.php\/2022\/07\/01\/le-prodiss-dresse-un-etat-des-lieux-du-rapport-des-francais-aux-spectacles-vivants-apres-deux-ans-de-crise-sanitaire-et-formule-des-propositions-pour-les-cinq-annees-a-venir-2\/"},"wordCount":205,"publisher":{"@id":"https:\/\/hierostrasbourg.com\/#organization"},"inLanguage":"fr-FR"},{"@type":"WebPage","@id":"https:\/\/hierostrasbourg.com\/index.php\/2022\/07\/01\/le-prodiss-dresse-un-etat-des-lieux-du-rapport-des-francais-aux-spectacles-vivants-apres-deux-ans-de-crise-sanitaire-et-formule-des-propositions-pour-les-cinq-annees-a-venir-2\/","url":"https:\/\/hierostrasbourg.com\/index.php\/2022\/07\/01\/le-prodiss-dresse-un-etat-des-lieux-du-rapport-des-francais-aux-spectacles-vivants-apres-deux-ans-de-crise-sanitaire-et-formule-des-propositions-pour-les-cinq-annees-a-venir-2\/","name":"Le PRODISS dresse un \u00e9tat des lieux du rapport des Fran\u00e7ais aux spectacles vivants apr\u00e8s deux ans de crise sanitaire et formule des propositions pour les cinq ann\u00e9es \u00e0 venir - HIERO STRASBOURG","isPartOf":{"@id":"https:\/\/hierostrasbourg.com\/#website"},"datePublished":"2022-07-01T20:32:54+00:00","breadcrumb":{"@id":"https:\/\/hierostrasbourg.com\/index.php\/2022\/07\/01\/le-prodiss-dresse-un-etat-des-lieux-du-rapport-des-francais-aux-spectacles-vivants-apres-deux-ans-de-crise-sanitaire-et-formule-des-propositions-pour-les-cinq-annees-a-venir-2\/#breadcrumb"},"inLanguage":"fr-FR","potentialAction":[{"@type":"ReadAction","target":["https:\/\/hierostrasbourg.com\/index.php\/2022\/07\/01\/le-prodiss-dresse-un-etat-des-lieux-du-rapport-des-francais-aux-spectacles-vivants-apres-deux-ans-de-crise-sanitaire-et-formule-des-propositions-pour-les-cinq-annees-a-venir-2\/"]}]},{"@type":"BreadcrumbList","@id":"https:\/\/hierostrasbourg.com\/index.php\/2022\/07\/01\/le-prodiss-dresse-un-etat-des-lieux-du-rapport-des-francais-aux-spectacles-vivants-apres-deux-ans-de-crise-sanitaire-et-formule-des-propositions-pour-les-cinq-annees-a-venir-2\/#breadcrumb","itemListElement":[{"@type":"ListItem","position":1,"name":"Accueil","item":"https:\/\/hierostrasbourg.com\/"},{"@type":"ListItem","position":2,"name":"Le PRODISS dresse un \u00e9tat des lieux du rapport des Fran\u00e7ais aux spectacles vivants apr\u00e8s deux ans de crise sanitaire et formule des propositions pour les cinq ann\u00e9es \u00e0 venir"}]},{"@type":"WebSite","@id":"https:\/\/hierostrasbourg.com\/#website","url":"https:\/\/hierostrasbourg.com\/","name":"HIERO STRASBOURG","description":"Centre de Ressources Musiques Actuelles","publisher":{"@id":"https:\/\/hierostrasbourg.com\/#organization"},"potentialAction":[{"@type":"SearchAction","target":{"@type":"EntryPoint","urlTemplate":"https:\/\/hierostrasbourg.com\/?s={search_term_string}"},"query-input":{"@type":"PropertyValueSpecification","valueRequired":true,"valueName":"search_term_string"}}],"inLanguage":"fr-FR"},{"@type":"Organization","@id":"https:\/\/hierostrasbourg.com\/#organization","name":"F\u00e9d\u00e9ration Hi\u00e9ro Strasbourg","url":"https:\/\/hierostrasbourg.com\/","logo":{"@type":"ImageObject","inLanguage":"fr-FR","@id":"https:\/\/hierostrasbourg.com\/#\/schema\/logo\/image\/","url":"https:\/\/hierostrasbourg.com\/wp-content\/uploads\/2026\/04\/logo-hiero-strasbourg.jpg","contentUrl":"https:\/\/hierostrasbourg.com\/wp-content\/uploads\/2026\/04\/logo-hiero-strasbourg.jpg","width":204,"height":192,"caption":"F\u00e9d\u00e9ration Hi\u00e9ro Strasbourg"},"image":{"@id":"https:\/\/hierostrasbourg.com\/#\/schema\/logo\/image\/"},"sameAs":["https:\/\/www.facebook.com\/fedehierostrasbourg","https:\/\/x.com\/hierostrasbourg"]}]}},"_links":{"self":[{"href":"https:\/\/hierostrasbourg.com\/index.php\/wp-json\/wp\/v2\/posts\/3087","targetHints":{"allow":["GET"]}}],"collection":[{"href":"https:\/\/hierostrasbourg.com\/index.php\/wp-json\/wp\/v2\/posts"}],"about":[{"href":"https:\/\/hierostrasbourg.com\/index.php\/wp-json\/wp\/v2\/types\/post"}],"replies":[{"embeddable":true,"href":"https:\/\/hierostrasbourg.com\/index.php\/wp-json\/wp\/v2\/comments?post=3087"}],"version-history":[{"count":0,"href":"https:\/\/hierostrasbourg.com\/index.php\/wp-json\/wp\/v2\/posts\/3087\/revisions"}],"wp:attachment":[{"href":"https:\/\/hierostrasbourg.com\/index.php\/wp-json\/wp\/v2\/media?parent=3087"}],"wp:term":[{"taxonomy":"category","embeddable":true,"href":"https:\/\/hierostrasbourg.com\/index.php\/wp-json\/wp\/v2\/categories?post=3087"},{"taxonomy":"post_tag","embeddable":true,"href":"https:\/\/hierostrasbourg.com\/index.php\/wp-json\/wp\/v2\/tags?post=3087"}],"curies":[{"name":"wp","href":"https:\/\/api.w.org\/{rel}","templated":true}]}}