{"id":3073,"date":"2022-07-01T14:37:21","date_gmt":"2022-07-01T12:37:21","guid":{"rendered":"https:\/\/hierostrasbourg.com\/index.php\/2022\/07\/01\/le-centre-national-de-la-musique-et-larcom-publient-une-etude-sur-le-livestream-musical\/"},"modified":"2022-07-01T14:37:21","modified_gmt":"2022-07-01T12:37:21","slug":"le-centre-national-de-la-musique-et-larcom-publient-une-etude-sur-le-livestream-musical","status":"publish","type":"post","link":"https:\/\/hierostrasbourg.com\/index.php\/2022\/07\/01\/le-centre-national-de-la-musique-et-larcom-publient-une-etude-sur-le-livestream-musical\/","title":{"rendered":"Le Centre national de la musique et l\u2019Arcom publient une \u00e9tude sur le livestream musical"},"content":{"rendered":"<p>communiqu\u00e9 Jeudi 30 juin, le Centre national de la musique et l\u2019Arcom pr\u00e9sentent les r\u00e9sultats de leur \u00e9tude conjointe sur le d\u00e9veloppement du livestream musical, \u00e0 l\u2019occasion de la 8e \u00e9dition du Forum Entreprendre dans la Culture. Cette \u00e9tude comporte deux volets : un volet \u00e9conomique, men\u00e9 de septembre \u00e0 d\u00e9cembre 2021 par le cabinet PMP \u00e0 partir d\u2019analyse documentaire, d\u2019une trentaine d\u2019entretiens et de deux ateliers prospectifs avec les professionnels de la musique ; un volet usages, s\u2019appuyant sur [\u2026]<\/p>\n<p>L\u2019article <a href=\"https:\/\/musiquesactuelles.alsace\/le-centre-national-de-la-musique-et-larcom-publient-une-etude-sur-le-livestream-musical\/\">Le Centre national de la musique et l\u2019Arcom publient une \u00e9tude sur le livestream musical<\/a> est apparu en premier sur <a href=\"https:\/\/musiquesactuelles.alsace\/\">Musiques Actuelles en Alsace<\/a>.<\/p>\n<p>L\u2019article <a href=\"https:\/\/popburo.fr\/le-centre-national-de-la-musique-et-larcom-publient-une-etude-sur-le-livestream-musical-2\/\">Le Centre national de la musique et l\u2019Arcom publient une \u00e9tude sur le livestream musical<\/a> est apparu en premier sur <a href=\"https:\/\/popburo.fr\/\">POP B\u00dcRO<\/a>.<\/p>\n","protected":false},"excerpt":{"rendered":"<p>communiqu\u00e9 Jeudi 30 juin, le Centre national de la musique et l\u2019Arcom pr\u00e9sentent les r\u00e9sultats de leur \u00e9tude conjointe sur le d\u00e9veloppement du livestream musical, \u00e0 l\u2019occasion de la 8e \u00e9dition du Forum Entreprendre dans la Culture. Cette \u00e9tude comporte deux volets : un volet \u00e9conomique, men\u00e9 de septembre \u00e0 d\u00e9cembre 2021 par le cabinet PMP \u00e0 partir d\u2019analyse documentaire, d\u2019une trentaine d\u2019entretiens et de deux ateliers prospectifs avec les professionnels de la musique ; un volet usages, s\u2019appuyant sur [&hellip;]<\/p>\n","protected":false},"author":0,"featured_media":0,"comment_status":"closed","ping_status":"open","sticky":false,"template":"","format":"standard","meta":{"footnotes":""},"categories":[1],"tags":[],"class_list":["post-3073","post","type-post","status-publish","format-standard","hentry","category-non-classe"],"yoast_head":"<!-- This site is optimized with the Yoast SEO plugin v27.5 - https:\/\/yoast.com\/product\/yoast-seo-wordpress\/ -->\n<title>Le Centre national de la musique et l\u2019Arcom publient une \u00e9tude sur le livestream musical - HIERO STRASBOURG<\/title>\n<meta name=\"robots\" content=\"index, follow, max-snippet:-1, max-image-preview:large, max-video-preview:-1\" \/>\n<link rel=\"canonical\" href=\"https:\/\/hierostrasbourg.com\/index.php\/2022\/07\/01\/le-centre-national-de-la-musique-et-larcom-publient-une-etude-sur-le-livestream-musical\/\" \/>\n<meta property=\"og:locale\" content=\"fr_FR\" \/>\n<meta property=\"og:type\" content=\"article\" \/>\n<meta property=\"og:title\" content=\"Le Centre national de la musique et l\u2019Arcom publient une \u00e9tude sur le livestream musical - HIERO STRASBOURG\" \/>\n<meta property=\"og:description\" content=\"communiqu\u00e9 Jeudi 30 juin, le Centre national de la musique et l\u2019Arcom pr\u00e9sentent les r\u00e9sultats de leur \u00e9tude conjointe sur le d\u00e9veloppement du livestream musical, \u00e0 l\u2019occasion de la 8e \u00e9dition du Forum Entreprendre dans la Culture. Cette \u00e9tude comporte deux volets : un volet \u00e9conomique, men\u00e9 de septembre \u00e0 d\u00e9cembre 2021 par le cabinet PMP \u00e0 partir d\u2019analyse documentaire, d\u2019une trentaine d\u2019entretiens et de deux ateliers prospectifs avec les professionnels de la musique ; un volet usages, s\u2019appuyant sur [&hellip;]\" \/>\n<meta property=\"og:url\" content=\"https:\/\/hierostrasbourg.com\/index.php\/2022\/07\/01\/le-centre-national-de-la-musique-et-larcom-publient-une-etude-sur-le-livestream-musical\/\" \/>\n<meta property=\"og:site_name\" content=\"HIERO STRASBOURG\" \/>\n<meta property=\"article:publisher\" content=\"https:\/\/www.facebook.com\/fedehierostrasbourg\" \/>\n<meta property=\"article:published_time\" content=\"2022-07-01T12:37:21+00:00\" \/>\n<meta name=\"twitter:card\" content=\"summary_large_image\" \/>\n<meta name=\"twitter:creator\" content=\"@hierostrasbourg\" \/>\n<meta name=\"twitter:site\" content=\"@hierostrasbourg\" \/>\n<meta name=\"twitter:label1\" content=\"Dur\u00e9e de lecture estim\u00e9e\" \/>\n\t<meta name=\"twitter:data1\" content=\"1 minute\" \/>\n<script type=\"application\/ld+json\" class=\"yoast-schema-graph\">{\"@context\":\"https:\\\/\\\/schema.org\",\"@graph\":[{\"@type\":\"Article\",\"@id\":\"https:\\\/\\\/hierostrasbourg.com\\\/index.php\\\/2022\\\/07\\\/01\\\/le-centre-national-de-la-musique-et-larcom-publient-une-etude-sur-le-livestream-musical\\\/#article\",\"isPartOf\":{\"@id\":\"https:\\\/\\\/hierostrasbourg.com\\\/index.php\\\/2022\\\/07\\\/01\\\/le-centre-national-de-la-musique-et-larcom-publient-une-etude-sur-le-livestream-musical\\\/\"},\"author\":{\"name\":\"\",\"@id\":\"\"},\"headline\":\"Le Centre national de la musique et l\u2019Arcom publient une \u00e9tude sur le livestream musical\",\"datePublished\":\"2022-07-01T12:37:21+00:00\",\"mainEntityOfPage\":{\"@id\":\"https:\\\/\\\/hierostrasbourg.com\\\/index.php\\\/2022\\\/07\\\/01\\\/le-centre-national-de-la-musique-et-larcom-publient-une-etude-sur-le-livestream-musical\\\/\"},\"wordCount\":152,\"publisher\":{\"@id\":\"https:\\\/\\\/hierostrasbourg.com\\\/#organization\"},\"inLanguage\":\"fr-FR\"},{\"@type\":\"WebPage\",\"@id\":\"https:\\\/\\\/hierostrasbourg.com\\\/index.php\\\/2022\\\/07\\\/01\\\/le-centre-national-de-la-musique-et-larcom-publient-une-etude-sur-le-livestream-musical\\\/\",\"url\":\"https:\\\/\\\/hierostrasbourg.com\\\/index.php\\\/2022\\\/07\\\/01\\\/le-centre-national-de-la-musique-et-larcom-publient-une-etude-sur-le-livestream-musical\\\/\",\"name\":\"Le Centre national de la musique et l\u2019Arcom publient une \u00e9tude sur le livestream musical - HIERO STRASBOURG\",\"isPartOf\":{\"@id\":\"https:\\\/\\\/hierostrasbourg.com\\\/#website\"},\"datePublished\":\"2022-07-01T12:37:21+00:00\",\"breadcrumb\":{\"@id\":\"https:\\\/\\\/hierostrasbourg.com\\\/index.php\\\/2022\\\/07\\\/01\\\/le-centre-national-de-la-musique-et-larcom-publient-une-etude-sur-le-livestream-musical\\\/#breadcrumb\"},\"inLanguage\":\"fr-FR\",\"potentialAction\":[{\"@type\":\"ReadAction\",\"target\":[\"https:\\\/\\\/hierostrasbourg.com\\\/index.php\\\/2022\\\/07\\\/01\\\/le-centre-national-de-la-musique-et-larcom-publient-une-etude-sur-le-livestream-musical\\\/\"]}]},{\"@type\":\"BreadcrumbList\",\"@id\":\"https:\\\/\\\/hierostrasbourg.com\\\/index.php\\\/2022\\\/07\\\/01\\\/le-centre-national-de-la-musique-et-larcom-publient-une-etude-sur-le-livestream-musical\\\/#breadcrumb\",\"itemListElement\":[{\"@type\":\"ListItem\",\"position\":1,\"name\":\"Accueil\",\"item\":\"https:\\\/\\\/hierostrasbourg.com\\\/\"},{\"@type\":\"ListItem\",\"position\":2,\"name\":\"Le Centre national de la musique et l\u2019Arcom publient une \u00e9tude sur le livestream musical\"}]},{\"@type\":\"WebSite\",\"@id\":\"https:\\\/\\\/hierostrasbourg.com\\\/#website\",\"url\":\"https:\\\/\\\/hierostrasbourg.com\\\/\",\"name\":\"HIERO STRASBOURG\",\"description\":\"Centre de Ressources Musiques Actuelles\",\"publisher\":{\"@id\":\"https:\\\/\\\/hierostrasbourg.com\\\/#organization\"},\"potentialAction\":[{\"@type\":\"SearchAction\",\"target\":{\"@type\":\"EntryPoint\",\"urlTemplate\":\"https:\\\/\\\/hierostrasbourg.com\\\/?s={search_term_string}\"},\"query-input\":{\"@type\":\"PropertyValueSpecification\",\"valueRequired\":true,\"valueName\":\"search_term_string\"}}],\"inLanguage\":\"fr-FR\"},{\"@type\":\"Organization\",\"@id\":\"https:\\\/\\\/hierostrasbourg.com\\\/#organization\",\"name\":\"F\u00e9d\u00e9ration Hi\u00e9ro Strasbourg\",\"url\":\"https:\\\/\\\/hierostrasbourg.com\\\/\",\"logo\":{\"@type\":\"ImageObject\",\"inLanguage\":\"fr-FR\",\"@id\":\"https:\\\/\\\/hierostrasbourg.com\\\/#\\\/schema\\\/logo\\\/image\\\/\",\"url\":\"https:\\\/\\\/hierostrasbourg.com\\\/wp-content\\\/uploads\\\/2026\\\/04\\\/logo-hiero-strasbourg.jpg\",\"contentUrl\":\"https:\\\/\\\/hierostrasbourg.com\\\/wp-content\\\/uploads\\\/2026\\\/04\\\/logo-hiero-strasbourg.jpg\",\"width\":204,\"height\":192,\"caption\":\"F\u00e9d\u00e9ration Hi\u00e9ro Strasbourg\"},\"image\":{\"@id\":\"https:\\\/\\\/hierostrasbourg.com\\\/#\\\/schema\\\/logo\\\/image\\\/\"},\"sameAs\":[\"https:\\\/\\\/www.facebook.com\\\/fedehierostrasbourg\",\"https:\\\/\\\/x.com\\\/hierostrasbourg\"]}]}<\/script>\n<!-- \/ Yoast SEO plugin. -->","yoast_head_json":{"title":"Le Centre national de la musique et l\u2019Arcom publient une \u00e9tude sur le livestream musical - HIERO STRASBOURG","robots":{"index":"index","follow":"follow","max-snippet":"max-snippet:-1","max-image-preview":"max-image-preview:large","max-video-preview":"max-video-preview:-1"},"canonical":"https:\/\/hierostrasbourg.com\/index.php\/2022\/07\/01\/le-centre-national-de-la-musique-et-larcom-publient-une-etude-sur-le-livestream-musical\/","og_locale":"fr_FR","og_type":"article","og_title":"Le Centre national de la musique et l\u2019Arcom publient une \u00e9tude sur le livestream musical - HIERO STRASBOURG","og_description":"communiqu\u00e9 Jeudi 30 juin, le Centre national de la musique et l\u2019Arcom pr\u00e9sentent les r\u00e9sultats de leur \u00e9tude conjointe sur le d\u00e9veloppement du livestream musical, \u00e0 l\u2019occasion de la 8e \u00e9dition du Forum Entreprendre dans la Culture. Cette \u00e9tude comporte deux volets : un volet \u00e9conomique, men\u00e9 de septembre \u00e0 d\u00e9cembre 2021 par le cabinet PMP \u00e0 partir d\u2019analyse documentaire, d\u2019une trentaine d\u2019entretiens et de deux ateliers prospectifs avec les professionnels de la musique ; un volet usages, s\u2019appuyant sur [&hellip;]","og_url":"https:\/\/hierostrasbourg.com\/index.php\/2022\/07\/01\/le-centre-national-de-la-musique-et-larcom-publient-une-etude-sur-le-livestream-musical\/","og_site_name":"HIERO STRASBOURG","article_publisher":"https:\/\/www.facebook.com\/fedehierostrasbourg","article_published_time":"2022-07-01T12:37:21+00:00","twitter_card":"summary_large_image","twitter_creator":"@hierostrasbourg","twitter_site":"@hierostrasbourg","twitter_misc":{"Dur\u00e9e de lecture estim\u00e9e":"1 minute"},"schema":{"@context":"https:\/\/schema.org","@graph":[{"@type":"Article","@id":"https:\/\/hierostrasbourg.com\/index.php\/2022\/07\/01\/le-centre-national-de-la-musique-et-larcom-publient-une-etude-sur-le-livestream-musical\/#article","isPartOf":{"@id":"https:\/\/hierostrasbourg.com\/index.php\/2022\/07\/01\/le-centre-national-de-la-musique-et-larcom-publient-une-etude-sur-le-livestream-musical\/"},"author":{"name":"","@id":""},"headline":"Le Centre national de la musique et l\u2019Arcom publient une \u00e9tude sur le livestream musical","datePublished":"2022-07-01T12:37:21+00:00","mainEntityOfPage":{"@id":"https:\/\/hierostrasbourg.com\/index.php\/2022\/07\/01\/le-centre-national-de-la-musique-et-larcom-publient-une-etude-sur-le-livestream-musical\/"},"wordCount":152,"publisher":{"@id":"https:\/\/hierostrasbourg.com\/#organization"},"inLanguage":"fr-FR"},{"@type":"WebPage","@id":"https:\/\/hierostrasbourg.com\/index.php\/2022\/07\/01\/le-centre-national-de-la-musique-et-larcom-publient-une-etude-sur-le-livestream-musical\/","url":"https:\/\/hierostrasbourg.com\/index.php\/2022\/07\/01\/le-centre-national-de-la-musique-et-larcom-publient-une-etude-sur-le-livestream-musical\/","name":"Le Centre national de la musique et l\u2019Arcom publient une \u00e9tude sur le livestream musical - HIERO STRASBOURG","isPartOf":{"@id":"https:\/\/hierostrasbourg.com\/#website"},"datePublished":"2022-07-01T12:37:21+00:00","breadcrumb":{"@id":"https:\/\/hierostrasbourg.com\/index.php\/2022\/07\/01\/le-centre-national-de-la-musique-et-larcom-publient-une-etude-sur-le-livestream-musical\/#breadcrumb"},"inLanguage":"fr-FR","potentialAction":[{"@type":"ReadAction","target":["https:\/\/hierostrasbourg.com\/index.php\/2022\/07\/01\/le-centre-national-de-la-musique-et-larcom-publient-une-etude-sur-le-livestream-musical\/"]}]},{"@type":"BreadcrumbList","@id":"https:\/\/hierostrasbourg.com\/index.php\/2022\/07\/01\/le-centre-national-de-la-musique-et-larcom-publient-une-etude-sur-le-livestream-musical\/#breadcrumb","itemListElement":[{"@type":"ListItem","position":1,"name":"Accueil","item":"https:\/\/hierostrasbourg.com\/"},{"@type":"ListItem","position":2,"name":"Le Centre national de la musique et l\u2019Arcom publient une \u00e9tude sur le livestream musical"}]},{"@type":"WebSite","@id":"https:\/\/hierostrasbourg.com\/#website","url":"https:\/\/hierostrasbourg.com\/","name":"HIERO STRASBOURG","description":"Centre de Ressources Musiques Actuelles","publisher":{"@id":"https:\/\/hierostrasbourg.com\/#organization"},"potentialAction":[{"@type":"SearchAction","target":{"@type":"EntryPoint","urlTemplate":"https:\/\/hierostrasbourg.com\/?s={search_term_string}"},"query-input":{"@type":"PropertyValueSpecification","valueRequired":true,"valueName":"search_term_string"}}],"inLanguage":"fr-FR"},{"@type":"Organization","@id":"https:\/\/hierostrasbourg.com\/#organization","name":"F\u00e9d\u00e9ration Hi\u00e9ro Strasbourg","url":"https:\/\/hierostrasbourg.com\/","logo":{"@type":"ImageObject","inLanguage":"fr-FR","@id":"https:\/\/hierostrasbourg.com\/#\/schema\/logo\/image\/","url":"https:\/\/hierostrasbourg.com\/wp-content\/uploads\/2026\/04\/logo-hiero-strasbourg.jpg","contentUrl":"https:\/\/hierostrasbourg.com\/wp-content\/uploads\/2026\/04\/logo-hiero-strasbourg.jpg","width":204,"height":192,"caption":"F\u00e9d\u00e9ration Hi\u00e9ro Strasbourg"},"image":{"@id":"https:\/\/hierostrasbourg.com\/#\/schema\/logo\/image\/"},"sameAs":["https:\/\/www.facebook.com\/fedehierostrasbourg","https:\/\/x.com\/hierostrasbourg"]}]}},"_links":{"self":[{"href":"https:\/\/hierostrasbourg.com\/index.php\/wp-json\/wp\/v2\/posts\/3073","targetHints":{"allow":["GET"]}}],"collection":[{"href":"https:\/\/hierostrasbourg.com\/index.php\/wp-json\/wp\/v2\/posts"}],"about":[{"href":"https:\/\/hierostrasbourg.com\/index.php\/wp-json\/wp\/v2\/types\/post"}],"replies":[{"embeddable":true,"href":"https:\/\/hierostrasbourg.com\/index.php\/wp-json\/wp\/v2\/comments?post=3073"}],"version-history":[{"count":0,"href":"https:\/\/hierostrasbourg.com\/index.php\/wp-json\/wp\/v2\/posts\/3073\/revisions"}],"wp:attachment":[{"href":"https:\/\/hierostrasbourg.com\/index.php\/wp-json\/wp\/v2\/media?parent=3073"}],"wp:term":[{"taxonomy":"category","embeddable":true,"href":"https:\/\/hierostrasbourg.com\/index.php\/wp-json\/wp\/v2\/categories?post=3073"},{"taxonomy":"post_tag","embeddable":true,"href":"https:\/\/hierostrasbourg.com\/index.php\/wp-json\/wp\/v2\/tags?post=3073"}],"curies":[{"name":"wp","href":"https:\/\/api.w.org\/{rel}","templated":true}]}}