{"id":3072,"date":"2022-07-01T13:39:17","date_gmt":"2022-07-01T11:39:17","guid":{"rendered":"https:\/\/hierostrasbourg.com\/index.php\/2022\/07\/01\/innovation-des-outils-pour-mesurer-lempreinte-carbone-des-evenements-culturels-2\/"},"modified":"2022-07-01T13:39:17","modified_gmt":"2022-07-01T11:39:17","slug":"innovation-des-outils-pour-mesurer-lempreinte-carbone-des-evenements-culturels-2","status":"publish","type":"post","link":"https:\/\/hierostrasbourg.com\/index.php\/2022\/07\/01\/innovation-des-outils-pour-mesurer-lempreinte-carbone-des-evenements-culturels-2\/","title":{"rendered":"Innovation : des outils pour mesurer l\u2019empreinte carbone des \u00e9v\u00e9nements culturels"},"content":{"rendered":"<p><span>communiqu\u00e9<\/span><\/p>\n<p>Laur\u00e9ates des services num\u00e9riques innovants lanc\u00e9s par le minist\u00e8re de la Culture, deux initiatives entendent mesurer l\u2019empreinte carbone des \u00e9v\u00e9nements musicaux.<\/p>\n<p>Des mus\u00e9es aux th\u00e9\u00e2tres, du spectacle vivant aux arts visuels, la transition \u00e9cologique est aujourd\u2019hui inscrite dans la feuille de route de tous les secteurs culturels. Des solutions durables, au potentiel r\u00e9el mais encore trop peu partag\u00e9es ou diffus\u00e9es dans les fili\u00e8res, ont ainsi besoin d\u2019un accompagnement pour se d\u00e9ployer de fa\u00e7on significative.<\/p>\n<p>Parmi ces solutions, certaines font appel au num\u00e9rique avec l\u2019utilisation de la technologie au service de la ma\u00eetrise des impacts environnementaux des \u00e9v\u00e9nements culturels. Deux projets, fruits d\u2019une collaboration entre une entreprise et un acteur du monde culturel, ont \u00e9t\u00e9 laur\u00e9ats de l\u2019\u00e9dition 2022 de l\u2019appel \u00e0 projets Services num\u00e9riques innovants, lanc\u00e9 par le minist\u00e8re de la Culture (voir encadr\u00e9), qui soutient l\u2019exp\u00e9rimentation de nouvelles solutions dans le secteur de la culture, accompagne la transformation de l\u2019offre culturelle et soutient les acteurs du secteur \u00e0 fort potentiel de d\u00e9veloppement et d\u2019innovation.<\/p>\n<h4>So Watt ?! met le cap sur les \u00e9nergies vertes<\/h4>\n<p>Un syst\u00e8me de diffusion sonore qui marche \u00e0 l\u2019\u00e9nergie solaire, des remorques faites de panneaux photovolta\u00efques capables de faire fonctionner une sc\u00e8ne enti\u00e8re pendant un concert\u2026 Petit \u00e0 petit, le monde de la musique se met au vert et met en place des solutions moins impactantes pour l\u2019environnement. \u00ab Beaucoup d\u2019organisateurs commencent \u00e0 prendre en compte les questions de gestion des d\u00e9chets, du transport des artistes et du public, de l\u2019eau. Nous, nous travaillons sur la gestion de l\u2019\u00e9nergie, explique Zo\u00e9 Lebard, directrice g\u00e9n\u00e9rale de l\u2019entreprise MobilVolts, bas\u00e9e dans les Alpes-Maritimes et qui a investi d\u00e8s 2016 le cr\u00e9neau de l\u2019\u00e9nergie solaire dans l\u2019organisation d\u2019\u00e9v\u00e9nements culturels. Le principal frein, c\u2019est l\u2019inconnu. Cette technologie est peu d\u00e9ploy\u00e9e car il y a beaucoup d\u2019id\u00e9es re\u00e7ues : elle ne fonctionne pas, ou l\u2019autonomie n\u2019est pas assez grande. \u00c0 cela, nous r\u00e9pondons que l\u2019on dimensionne nos syst\u00e8mes sur mesure et que l\u2019efficacit\u00e9 est sup\u00e9rieure \u00e0 celle des groupes \u00e9lectrog\u00e8nes. \u00bb<\/p>\n<p>Outre ces premi\u00e8res solutions, l\u2019entreprise a voulu aller plus loin et a fait appel au label lyonnais Jarring Effects, d\u00e9j\u00e0 engag\u00e9 depuis plusieurs ann\u00e9es dans sa transition \u00e9cologique aussi bien sur la partie phonographique que sc\u00e9nique avec des disques faits avec de l\u2019encre v\u00e9gan, des vinyles o\u00f9 le PVC est remplac\u00e9 par du zinc mais aussi une s\u00e9rie de concerts plus \u00e9coresponsables avec un travail sur la fiche technique et sur les modes de d\u00e9placement des artistes. \u00ab Nous avons \u00e9galement mis en place une sc\u00e8ne avec le son et la lumi\u00e8re aliment\u00e9s par MobilVolts avec au final une alimentation largement exc\u00e9dentaire pour couvrir tout le concert \u00bb, se souvient David Morel, pr\u00e9sident de SPRWD \u2013 ou Audio Activistes Associ\u00e9s \u2013 structure adoss\u00e9e au label et centr\u00e9e sur le spectacle vivant. Le concept fonctionne, encore faut-il convaincre les professionnels. \u00ab Il y a la question du juste \u00e9quilibre : comment offrir un spectacle de qualit\u00e9 tout en \u00e9tant sobre \u00e9nerg\u00e9tiquement ? Louer un g\u00e9n\u00e9rateur, c\u2019est certes moins cher \u00e0 la location mais \u00e7a pollue plus. Les professionnels sont partants mais pour passer \u00e0 la pratique, c\u2019est plus compliqu\u00e9. \u00bb<\/p>\n<p>MobilVolts et Jarring Effects ont donc imagin\u00e9 il y a un an So Watt ?!, un projet de simulateur \u00e0 destination des professionnels afin qu\u2019ils puissent jauger la production \u00e9nerg\u00e9tique de leurs spectacles. Ce simulateur va aussi cr\u00e9er des \u00ab profils \u00bb en fonction du type de musique ou des conditions m\u00e9t\u00e9orologiques. Ne reste plus qu\u2019\u00e0 collecter les donn\u00e9es permettant d\u2019\u00e9tablir une premi\u00e8re base et d\u2019\u00e9tablir ces diff\u00e9rents profils. Cela se fera lors d\u2019une s\u00e9rie de concerts, avec l\u2019aide de 32 capteurs plac\u00e9s \u00e0 des points strat\u00e9giques et permettant de mesurer en temps r\u00e9el la quantit\u00e9 d\u2019\u00e9nergie consomm\u00e9e. Les donn\u00e9es r\u00e9colt\u00e9es alimenteront So Watt ?!, qui prendra ensuite la forme d\u2019un logiciel ergonomique et synth\u00e9tique.<\/p>\n<h2><em>L\u2019\u00e9lectricit\u00e9 n\u2019est pas un flux infini et c\u2019est ce qu\u2019on essaie de faire comprendre<\/em><\/h2>\n<p>Pour le concevoir, les deux entit\u00e9s ont travaill\u00e9 avec les \u00e9tudiants de l\u2019\u00e9cole centrale de Lyon. \u00ab Il pourra \u00eatre utilis\u00e9 par quelqu\u2019un qui n\u2019est pas un technicien mais qui travaille dans le secteur de l\u2019\u00e9v\u00e9nementiel \u00bb, reprend Zo\u00e9 Lebard. Cet outil est aussi un instrument de pr\u00e9vention puisqu\u2019il pourra \u00eatre utilis\u00e9 en amont par les organisateurs afin d\u2019estimer la consommation et ajuster au mieux le mat\u00e9riel \u00e9lectrique \u2013 voire passer aux \u00e9nergies renouvelables- et \u00eatre conseill\u00e9s. \u00ab Souvent, les groupes \u00e9lectrog\u00e8nes sont surdimensionn\u00e9s par rapport \u00e0 l\u2019\u00e9v\u00e9nement pour ne pas le surcharger. Or, l\u2019\u00e9lectricit\u00e9 n\u2019est pas un flux infini et c\u2019est ce qu\u2019on essaie de faire comprendre \u00bb, poursuit Zo\u00e9 Lebard.<\/p>\n<p>Ce simulateur est la premi\u00e8re brique de la maison \u00e9cologique que veut construire MobilVolts. Une fois l\u2019outil d\u00e9velopp\u00e9, il aura vocation \u00e0 se d\u00e9ployer sous forme de \u00ab wattm\u00e8tre intelligent \u00bb, y compris aupr\u00e8s du grand public qui pourra se renseigner sur l\u2019impact carbone des lieux qu\u2019il fr\u00e9quente. Une derni\u00e8re \u00e9tape avant la fabrication d\u2019une sc\u00e8ne solaire sur remorque, totalement autonome et capable d\u2019\u00eatre performante m\u00eame sur les terrains isol\u00e9s.<\/p>\n<h4>Impact(s) mise sur la concertation<\/h4>\n<p>L\u2019association BMA \u2013 pour Blockchain my Art \u2013 a elle aussi d\u00e9cid\u00e9 de s\u2019attaquer \u00e0 l\u2019impact carbone des \u00e9v\u00e9nements culturels. Cette association, li\u00e9e \u00e0 la cr\u00e9ation de plusieurs festivals en Allemagne, aux Pays-Bas et en France \u00e0 Toulouse, a d\u2019abord mis au point un outil de mesure de transparence financi\u00e8re dans la gestion des festivals, nomm\u00e9 Fairly. Pour cela, l\u2019association s\u2019est appuy\u00e9e sur la m\u00e9thodologie de la \u00ab cha\u00eene de blocs \u00bb, c\u2019est-\u00e0-dire une grande base de donn\u00e9es partag\u00e9e et aliment\u00e9e par tous ses utilisateurs.<\/p>\n<p>Apr\u00e8s ce premier outil, l\u2019association a voulu s\u2019int\u00e9resser cette fois-ci \u00e0 l\u2019impact \u00e9cologique des \u00e9v\u00e9nements musicaux. \u00ab Nous avons c\u00f4toy\u00e9 beaucoup d\u2019acteurs de ce milieu et le sujet du d\u00e9veloppement durable est tout de suite apparu comme primordial. Nous constatons aujourd\u2019hui une volont\u00e9 des institutions de soutenir des projets qui travaillent sur ces questions. C\u2019est un bon signe que le minist\u00e8re de la Culture consid\u00e8re notre projet comme une solution innovante, cela nous confirme que c\u2019est le bon moment d\u2019agir \u00bb, constate Maxime Faget, l\u2019un des cofondateurs.<\/p>\n<p>Comme pour So Watt ?!, BMA s\u2019attache aujourd\u2019hui \u00e0 lever les derniers freins, notamment celui d\u2019une m\u00e9thode d\u2019analyse commune \u00e0 tout le domaine. \u00ab Certains secteurs comme l\u2019agroalimentaire ou le textile sont d\u00e9j\u00e0 bien avanc\u00e9s avec des grilles bien \u00e9tablies et des informations qui circulent vite. Dans la musique, c\u2019est plus compliqu\u00e9 car il n\u2019y a pas de cadre commun. Les \u00e9tudes d\u2019impacts ne sont pas abordables pour tous les festivals donc il faut travailler sur cette accessibilit\u00e9. \u00bb C\u2019est tout l\u2019objectif du projet Impact(s). Premi\u00e8re \u00e9tape, \u00e9tablir une m\u00e9thodologie de calcul. Pour cela, BMA a mis\u00e9 sur la concertation. \u00ab Pour que cette m\u00e9thodologie soit l\u00e9gitime, il fallait consulter le secteur. L\u2019objectif est de lister tous les crit\u00e8res qui font sens afin d\u2019\u00e9tablir une liste qui va constituer la base de donn\u00e9es \u00bb, constate Maxime Faget, l\u2019un des cofondateurs.<\/p>\n<p>L\u2019association s\u2019est donc appuy\u00e9e sur un r\u00e9seau de six f\u00e9d\u00e9rations en r\u00e9gions. Depuis le mois de juin, un cycle de tables rondes r\u00e9gionales r\u00e9unissant des professionnels comme g\u00e9rants de salles et de festivals est organis\u00e9 pendant plusieurs mois pour lister ces crit\u00e8res et esquisser une m\u00e9thodologie prenant en compte la diversit\u00e9 de contextes et d\u2019acteurs. \u00ab Selon que l\u2019on soit en milieu rural ou urbain, les crit\u00e8res ne sont pas les m\u00eames \u00bb, poursuit Maxime Faget. D\u2019autant plus qu\u2019Impact(s) veut prendre le d\u00e9veloppement durable au sens tr\u00e8s large du terme en s\u2019appuyant sur ses trois piliers : environnemental, social et territorial. L\u2019outil pourrait donc prendre en compte des th\u00e8mes tr\u00e8s vari\u00e9s comme les \u00e9carts de paiement entre hommes et femmes ou encore le rayonnement de l\u2019\u00e9v\u00e9nement sur l\u2019\u00e9cosyst\u00e8me local. \u00ab Cela demande donc beaucoup de d\u00e9bats car il faut d\u00e9terminer quel poids un crit\u00e8re aura dans l\u2019indicateur \u00bb, poursuit Maxime Faget.<\/p>\n<p>Au terme de la premi\u00e8re partie de ces concertations r\u00e9gionales, la deuxi\u00e8me \u00e9tape sera amorc\u00e9e avec l\u2019\u00e9laboration d\u2019une premi\u00e8re version de l\u2019outil selon une m\u00e9thode de calcul prenant en compte les diff\u00e9rents crit\u00e8res. Fid\u00e8le au principe de la \u00ab cha\u00eene de blocs \u00bb, BMA va \u00e9laborer puis mettre en ligne le calculateur, qui sera amen\u00e9 \u00e0 \u00eatre affin\u00e9 par la seconde partie des r\u00e9unions, \u00e0 l\u2019automne. Le tout prendra une forme hybride, entre logiciel, application mobile et site internet qui pourra s\u2019ouvrir, \u00e0 terme, \u00e0 toutes les structures artistiques comme les th\u00e9\u00e2tres ou les mus\u00e9es.<\/p>\n<h2>L\u2019appel \u00e0 projet Services num\u00e9riques innovants<\/h2>\n<p>Lanc\u00e9 en 2012 par le minist\u00e8re de la Culture, l\u2019<a href=\"https:\/\/www.culture.gouv.fr\/Thematiques\/Innovation-numerique\/Aides-a-l-innovation-et-a-la-transformation-numerique\/Services-numeriques-innovants\">appel \u00e0 projets Services num\u00e9riques innovants<\/a> soutient l\u2019exp\u00e9rimentation de nouvelles solutions num\u00e9riques dans le secteur de la culture. Cette ann\u00e9e, pour sa cinqui\u00e8me \u00e9dition, le comit\u00e9 de s\u00e9lection a choisi seize projets parmi les 81 candidatures. Chaque porteur de projet devait pr\u00e9senter une \u00ab preuve de concept \u00bb en partenariat avec un acteur culturel.<br \/>\nCes laur\u00e9ats repr\u00e9sentent la diversit\u00e9 des secteurs culturels, allant du patrimoine mus\u00e9al au spectacle vivant en passant par le cin\u00e9ma. Les projets propos\u00e9s s\u2019adressent autant aux publics qu\u2019aux professionnels et proposent des usages vari\u00e9s du num\u00e9rique tels que l\u2019utilisation de l\u2019intelligence artificielle pour faciliter la captation de concert ou le recours au web s\u00e9mantique pour favoriser l\u2019insertion professionnelle des \u00e9tudiants en art.<\/p>\n<p>Source \/ Lire la suite : <a href=\"https:\/\/www.culture.gouv.fr\/Actualites\/Innovation-des-outils-pour-mesurer-l-empreinte-carbone-des-evenements-culturels\">Innovation : des outils pour mesurer l\u2019empreinte carbone des \u00e9v\u00e9nements culturels<\/a><\/p>\n<p>L\u2019article <a href=\"https:\/\/popburo.fr\/innovation-des-outils-pour-mesurer-lempreinte-carbone-des-evenements-culturels\/\">Innovation : des outils pour mesurer l\u2019empreinte carbone des \u00e9v\u00e9nements culturels<\/a> est apparu en premier sur <a href=\"https:\/\/popburo.fr\/\">POP B\u00dcRO<\/a>.<\/p>\n","protected":false},"excerpt":{"rendered":"<p>communiqu\u00e9 Laur\u00e9ates des services num\u00e9riques innovants lanc\u00e9s par le minist\u00e8re de la Culture, deux initiatives entendent mesurer l\u2019empreinte carbone des \u00e9v\u00e9nements musicaux. Des mus\u00e9es aux th\u00e9\u00e2tres, du spectacle vivant aux arts visuels, la transition \u00e9cologique est aujourd\u2019hui inscrite dans la feuille de route de tous les secteurs culturels. Des solutions durables, au potentiel r\u00e9el mais encore trop peu partag\u00e9es ou diffus\u00e9es dans les fili\u00e8res, ont ainsi besoin d\u2019un accompagnement pour se d\u00e9ployer de fa\u00e7on significative. Parmi ces solutions, certaines font [&hellip;]<\/p>\n","protected":false},"author":0,"featured_media":0,"comment_status":"closed","ping_status":"open","sticky":false,"template":"","format":"standard","meta":{"footnotes":""},"categories":[1],"tags":[],"class_list":["post-3072","post","type-post","status-publish","format-standard","hentry","category-non-classe"],"yoast_head":"<!-- This site is optimized with the Yoast SEO plugin v27.5 - https:\/\/yoast.com\/product\/yoast-seo-wordpress\/ -->\n<title>Innovation : des outils pour mesurer l\u2019empreinte carbone des \u00e9v\u00e9nements culturels - HIERO STRASBOURG<\/title>\n<meta name=\"robots\" content=\"index, follow, max-snippet:-1, max-image-preview:large, max-video-preview:-1\" \/>\n<link rel=\"canonical\" href=\"https:\/\/hierostrasbourg.com\/index.php\/2022\/07\/01\/innovation-des-outils-pour-mesurer-lempreinte-carbone-des-evenements-culturels-2\/\" \/>\n<meta property=\"og:locale\" content=\"fr_FR\" \/>\n<meta property=\"og:type\" content=\"article\" \/>\n<meta property=\"og:title\" content=\"Innovation : des outils pour mesurer l\u2019empreinte carbone des \u00e9v\u00e9nements culturels - HIERO STRASBOURG\" \/>\n<meta property=\"og:description\" content=\"communiqu\u00e9 Laur\u00e9ates des services num\u00e9riques innovants lanc\u00e9s par le minist\u00e8re de la Culture, deux initiatives entendent mesurer l\u2019empreinte carbone des \u00e9v\u00e9nements musicaux. Des mus\u00e9es aux th\u00e9\u00e2tres, du spectacle vivant aux arts visuels, la transition \u00e9cologique est aujourd\u2019hui inscrite dans la feuille de route de tous les secteurs culturels. Des solutions durables, au potentiel r\u00e9el mais encore trop peu partag\u00e9es ou diffus\u00e9es dans les fili\u00e8res, ont ainsi besoin d\u2019un accompagnement pour se d\u00e9ployer de fa\u00e7on significative. Parmi ces solutions, certaines font [&hellip;]\" \/>\n<meta property=\"og:url\" content=\"https:\/\/hierostrasbourg.com\/index.php\/2022\/07\/01\/innovation-des-outils-pour-mesurer-lempreinte-carbone-des-evenements-culturels-2\/\" \/>\n<meta property=\"og:site_name\" content=\"HIERO STRASBOURG\" \/>\n<meta property=\"article:publisher\" content=\"https:\/\/www.facebook.com\/fedehierostrasbourg\" \/>\n<meta property=\"article:published_time\" content=\"2022-07-01T11:39:17+00:00\" \/>\n<meta name=\"twitter:card\" content=\"summary_large_image\" \/>\n<meta name=\"twitter:creator\" content=\"@hierostrasbourg\" \/>\n<meta name=\"twitter:site\" content=\"@hierostrasbourg\" \/>\n<meta name=\"twitter:label1\" content=\"Dur\u00e9e de lecture estim\u00e9e\" \/>\n\t<meta name=\"twitter:data1\" content=\"9 minutes\" \/>\n<script type=\"application\/ld+json\" class=\"yoast-schema-graph\">{\"@context\":\"https:\\\/\\\/schema.org\",\"@graph\":[{\"@type\":\"Article\",\"@id\":\"https:\\\/\\\/hierostrasbourg.com\\\/index.php\\\/2022\\\/07\\\/01\\\/innovation-des-outils-pour-mesurer-lempreinte-carbone-des-evenements-culturels-2\\\/#article\",\"isPartOf\":{\"@id\":\"https:\\\/\\\/hierostrasbourg.com\\\/index.php\\\/2022\\\/07\\\/01\\\/innovation-des-outils-pour-mesurer-lempreinte-carbone-des-evenements-culturels-2\\\/\"},\"author\":{\"name\":\"\",\"@id\":\"\"},\"headline\":\"Innovation : des outils pour mesurer l\u2019empreinte carbone des \u00e9v\u00e9nements culturels\",\"datePublished\":\"2022-07-01T11:39:17+00:00\",\"mainEntityOfPage\":{\"@id\":\"https:\\\/\\\/hierostrasbourg.com\\\/index.php\\\/2022\\\/07\\\/01\\\/innovation-des-outils-pour-mesurer-lempreinte-carbone-des-evenements-culturels-2\\\/\"},\"wordCount\":1788,\"publisher\":{\"@id\":\"https:\\\/\\\/hierostrasbourg.com\\\/#organization\"},\"inLanguage\":\"fr-FR\"},{\"@type\":\"WebPage\",\"@id\":\"https:\\\/\\\/hierostrasbourg.com\\\/index.php\\\/2022\\\/07\\\/01\\\/innovation-des-outils-pour-mesurer-lempreinte-carbone-des-evenements-culturels-2\\\/\",\"url\":\"https:\\\/\\\/hierostrasbourg.com\\\/index.php\\\/2022\\\/07\\\/01\\\/innovation-des-outils-pour-mesurer-lempreinte-carbone-des-evenements-culturels-2\\\/\",\"name\":\"Innovation : des outils pour mesurer l\u2019empreinte carbone des \u00e9v\u00e9nements culturels - HIERO STRASBOURG\",\"isPartOf\":{\"@id\":\"https:\\\/\\\/hierostrasbourg.com\\\/#website\"},\"datePublished\":\"2022-07-01T11:39:17+00:00\",\"breadcrumb\":{\"@id\":\"https:\\\/\\\/hierostrasbourg.com\\\/index.php\\\/2022\\\/07\\\/01\\\/innovation-des-outils-pour-mesurer-lempreinte-carbone-des-evenements-culturels-2\\\/#breadcrumb\"},\"inLanguage\":\"fr-FR\",\"potentialAction\":[{\"@type\":\"ReadAction\",\"target\":[\"https:\\\/\\\/hierostrasbourg.com\\\/index.php\\\/2022\\\/07\\\/01\\\/innovation-des-outils-pour-mesurer-lempreinte-carbone-des-evenements-culturels-2\\\/\"]}]},{\"@type\":\"BreadcrumbList\",\"@id\":\"https:\\\/\\\/hierostrasbourg.com\\\/index.php\\\/2022\\\/07\\\/01\\\/innovation-des-outils-pour-mesurer-lempreinte-carbone-des-evenements-culturels-2\\\/#breadcrumb\",\"itemListElement\":[{\"@type\":\"ListItem\",\"position\":1,\"name\":\"Accueil\",\"item\":\"https:\\\/\\\/hierostrasbourg.com\\\/\"},{\"@type\":\"ListItem\",\"position\":2,\"name\":\"Innovation : des outils pour mesurer l\u2019empreinte carbone des \u00e9v\u00e9nements culturels\"}]},{\"@type\":\"WebSite\",\"@id\":\"https:\\\/\\\/hierostrasbourg.com\\\/#website\",\"url\":\"https:\\\/\\\/hierostrasbourg.com\\\/\",\"name\":\"HIERO STRASBOURG\",\"description\":\"Centre de Ressources Musiques Actuelles\",\"publisher\":{\"@id\":\"https:\\\/\\\/hierostrasbourg.com\\\/#organization\"},\"potentialAction\":[{\"@type\":\"SearchAction\",\"target\":{\"@type\":\"EntryPoint\",\"urlTemplate\":\"https:\\\/\\\/hierostrasbourg.com\\\/?s={search_term_string}\"},\"query-input\":{\"@type\":\"PropertyValueSpecification\",\"valueRequired\":true,\"valueName\":\"search_term_string\"}}],\"inLanguage\":\"fr-FR\"},{\"@type\":\"Organization\",\"@id\":\"https:\\\/\\\/hierostrasbourg.com\\\/#organization\",\"name\":\"F\u00e9d\u00e9ration Hi\u00e9ro Strasbourg\",\"url\":\"https:\\\/\\\/hierostrasbourg.com\\\/\",\"logo\":{\"@type\":\"ImageObject\",\"inLanguage\":\"fr-FR\",\"@id\":\"https:\\\/\\\/hierostrasbourg.com\\\/#\\\/schema\\\/logo\\\/image\\\/\",\"url\":\"https:\\\/\\\/hierostrasbourg.com\\\/wp-content\\\/uploads\\\/2026\\\/04\\\/logo-hiero-strasbourg.jpg\",\"contentUrl\":\"https:\\\/\\\/hierostrasbourg.com\\\/wp-content\\\/uploads\\\/2026\\\/04\\\/logo-hiero-strasbourg.jpg\",\"width\":204,\"height\":192,\"caption\":\"F\u00e9d\u00e9ration Hi\u00e9ro Strasbourg\"},\"image\":{\"@id\":\"https:\\\/\\\/hierostrasbourg.com\\\/#\\\/schema\\\/logo\\\/image\\\/\"},\"sameAs\":[\"https:\\\/\\\/www.facebook.com\\\/fedehierostrasbourg\",\"https:\\\/\\\/x.com\\\/hierostrasbourg\"]}]}<\/script>\n<!-- \/ Yoast SEO plugin. -->","yoast_head_json":{"title":"Innovation : des outils pour mesurer l\u2019empreinte carbone des \u00e9v\u00e9nements culturels - HIERO STRASBOURG","robots":{"index":"index","follow":"follow","max-snippet":"max-snippet:-1","max-image-preview":"max-image-preview:large","max-video-preview":"max-video-preview:-1"},"canonical":"https:\/\/hierostrasbourg.com\/index.php\/2022\/07\/01\/innovation-des-outils-pour-mesurer-lempreinte-carbone-des-evenements-culturels-2\/","og_locale":"fr_FR","og_type":"article","og_title":"Innovation : des outils pour mesurer l\u2019empreinte carbone des \u00e9v\u00e9nements culturels - HIERO STRASBOURG","og_description":"communiqu\u00e9 Laur\u00e9ates des services num\u00e9riques innovants lanc\u00e9s par le minist\u00e8re de la Culture, deux initiatives entendent mesurer l\u2019empreinte carbone des \u00e9v\u00e9nements musicaux. Des mus\u00e9es aux th\u00e9\u00e2tres, du spectacle vivant aux arts visuels, la transition \u00e9cologique est aujourd\u2019hui inscrite dans la feuille de route de tous les secteurs culturels. Des solutions durables, au potentiel r\u00e9el mais encore trop peu partag\u00e9es ou diffus\u00e9es dans les fili\u00e8res, ont ainsi besoin d\u2019un accompagnement pour se d\u00e9ployer de fa\u00e7on significative. Parmi ces solutions, certaines font [&hellip;]","og_url":"https:\/\/hierostrasbourg.com\/index.php\/2022\/07\/01\/innovation-des-outils-pour-mesurer-lempreinte-carbone-des-evenements-culturels-2\/","og_site_name":"HIERO STRASBOURG","article_publisher":"https:\/\/www.facebook.com\/fedehierostrasbourg","article_published_time":"2022-07-01T11:39:17+00:00","twitter_card":"summary_large_image","twitter_creator":"@hierostrasbourg","twitter_site":"@hierostrasbourg","twitter_misc":{"Dur\u00e9e de lecture estim\u00e9e":"9 minutes"},"schema":{"@context":"https:\/\/schema.org","@graph":[{"@type":"Article","@id":"https:\/\/hierostrasbourg.com\/index.php\/2022\/07\/01\/innovation-des-outils-pour-mesurer-lempreinte-carbone-des-evenements-culturels-2\/#article","isPartOf":{"@id":"https:\/\/hierostrasbourg.com\/index.php\/2022\/07\/01\/innovation-des-outils-pour-mesurer-lempreinte-carbone-des-evenements-culturels-2\/"},"author":{"name":"","@id":""},"headline":"Innovation : des outils pour mesurer l\u2019empreinte carbone des \u00e9v\u00e9nements culturels","datePublished":"2022-07-01T11:39:17+00:00","mainEntityOfPage":{"@id":"https:\/\/hierostrasbourg.com\/index.php\/2022\/07\/01\/innovation-des-outils-pour-mesurer-lempreinte-carbone-des-evenements-culturels-2\/"},"wordCount":1788,"publisher":{"@id":"https:\/\/hierostrasbourg.com\/#organization"},"inLanguage":"fr-FR"},{"@type":"WebPage","@id":"https:\/\/hierostrasbourg.com\/index.php\/2022\/07\/01\/innovation-des-outils-pour-mesurer-lempreinte-carbone-des-evenements-culturels-2\/","url":"https:\/\/hierostrasbourg.com\/index.php\/2022\/07\/01\/innovation-des-outils-pour-mesurer-lempreinte-carbone-des-evenements-culturels-2\/","name":"Innovation : des outils pour mesurer l\u2019empreinte carbone des \u00e9v\u00e9nements culturels - HIERO STRASBOURG","isPartOf":{"@id":"https:\/\/hierostrasbourg.com\/#website"},"datePublished":"2022-07-01T11:39:17+00:00","breadcrumb":{"@id":"https:\/\/hierostrasbourg.com\/index.php\/2022\/07\/01\/innovation-des-outils-pour-mesurer-lempreinte-carbone-des-evenements-culturels-2\/#breadcrumb"},"inLanguage":"fr-FR","potentialAction":[{"@type":"ReadAction","target":["https:\/\/hierostrasbourg.com\/index.php\/2022\/07\/01\/innovation-des-outils-pour-mesurer-lempreinte-carbone-des-evenements-culturels-2\/"]}]},{"@type":"BreadcrumbList","@id":"https:\/\/hierostrasbourg.com\/index.php\/2022\/07\/01\/innovation-des-outils-pour-mesurer-lempreinte-carbone-des-evenements-culturels-2\/#breadcrumb","itemListElement":[{"@type":"ListItem","position":1,"name":"Accueil","item":"https:\/\/hierostrasbourg.com\/"},{"@type":"ListItem","position":2,"name":"Innovation : des outils pour mesurer l\u2019empreinte carbone des \u00e9v\u00e9nements culturels"}]},{"@type":"WebSite","@id":"https:\/\/hierostrasbourg.com\/#website","url":"https:\/\/hierostrasbourg.com\/","name":"HIERO STRASBOURG","description":"Centre de Ressources Musiques Actuelles","publisher":{"@id":"https:\/\/hierostrasbourg.com\/#organization"},"potentialAction":[{"@type":"SearchAction","target":{"@type":"EntryPoint","urlTemplate":"https:\/\/hierostrasbourg.com\/?s={search_term_string}"},"query-input":{"@type":"PropertyValueSpecification","valueRequired":true,"valueName":"search_term_string"}}],"inLanguage":"fr-FR"},{"@type":"Organization","@id":"https:\/\/hierostrasbourg.com\/#organization","name":"F\u00e9d\u00e9ration Hi\u00e9ro Strasbourg","url":"https:\/\/hierostrasbourg.com\/","logo":{"@type":"ImageObject","inLanguage":"fr-FR","@id":"https:\/\/hierostrasbourg.com\/#\/schema\/logo\/image\/","url":"https:\/\/hierostrasbourg.com\/wp-content\/uploads\/2026\/04\/logo-hiero-strasbourg.jpg","contentUrl":"https:\/\/hierostrasbourg.com\/wp-content\/uploads\/2026\/04\/logo-hiero-strasbourg.jpg","width":204,"height":192,"caption":"F\u00e9d\u00e9ration Hi\u00e9ro Strasbourg"},"image":{"@id":"https:\/\/hierostrasbourg.com\/#\/schema\/logo\/image\/"},"sameAs":["https:\/\/www.facebook.com\/fedehierostrasbourg","https:\/\/x.com\/hierostrasbourg"]}]}},"_links":{"self":[{"href":"https:\/\/hierostrasbourg.com\/index.php\/wp-json\/wp\/v2\/posts\/3072","targetHints":{"allow":["GET"]}}],"collection":[{"href":"https:\/\/hierostrasbourg.com\/index.php\/wp-json\/wp\/v2\/posts"}],"about":[{"href":"https:\/\/hierostrasbourg.com\/index.php\/wp-json\/wp\/v2\/types\/post"}],"replies":[{"embeddable":true,"href":"https:\/\/hierostrasbourg.com\/index.php\/wp-json\/wp\/v2\/comments?post=3072"}],"version-history":[{"count":0,"href":"https:\/\/hierostrasbourg.com\/index.php\/wp-json\/wp\/v2\/posts\/3072\/revisions"}],"wp:attachment":[{"href":"https:\/\/hierostrasbourg.com\/index.php\/wp-json\/wp\/v2\/media?parent=3072"}],"wp:term":[{"taxonomy":"category","embeddable":true,"href":"https:\/\/hierostrasbourg.com\/index.php\/wp-json\/wp\/v2\/categories?post=3072"},{"taxonomy":"post_tag","embeddable":true,"href":"https:\/\/hierostrasbourg.com\/index.php\/wp-json\/wp\/v2\/tags?post=3072"}],"curies":[{"name":"wp","href":"https:\/\/api.w.org\/{rel}","templated":true}]}}