{"id":3067,"date":"2022-06-30T23:33:00","date_gmt":"2022-06-30T21:33:00","guid":{"rendered":"https:\/\/hierostrasbourg.com\/index.php\/2022\/06\/30\/la-ville-de-colmar-recrute-un-responsable-administratif-et-financier-des-salles-de-spectacles-f-h\/"},"modified":"2022-06-30T23:33:00","modified_gmt":"2022-06-30T21:33:00","slug":"la-ville-de-colmar-recrute-un-responsable-administratif-et-financier-des-salles-de-spectacles-f-h","status":"publish","type":"post","link":"https:\/\/hierostrasbourg.com\/index.php\/2022\/06\/30\/la-ville-de-colmar-recrute-un-responsable-administratif-et-financier-des-salles-de-spectacles-f-h\/","title":{"rendered":"LA VILLE DE COLMAR recrute un responsable administratif et financier des salles de spectacles [F\/H]"},"content":{"rendered":"<p>Riche d\u2019un patrimoine exceptionnellement pr\u00e9serv\u00e9 et de nombreux \u00e9tablissements culturels et artistiques, la Ville de Colmar m\u00e8ne depuis plusieurs d\u00e9cennies une politique ambitieuse en faveur de la culture, levier essentiel de son d\u00e9veloppement et de sa qualit\u00e9 de vie.<\/p>\n<h2>Missions<\/h2>\n<p>Sous l\u2019autorit\u00e9 du Directeur du Th\u00e9\u00e2tre et de la hi\u00e9rarchie administrative, vous interviendrez sur l\u2019ensemble des activit\u00e9s du Th\u00e9\u00e2tre, et serez responsable de la gestion administrative et financi\u00e8re du service. Vous encadrerez l\u2019\u00e9quipe administrative et superviserez le fonctionnement de l\u2019\u00e9quipe technique, en liaison avec le responsable technique.<\/p>\n<h4>Missions principales<\/h4>\n<p>Encadrement de l\u2019\u00e9quipe administrative du Th\u00e9\u00e2tre<br \/>\nElaboration et suivi des contrats de cession<br \/>\nElaboration et ex\u00e9cution des budgets de fonctionnement et d\u2019investissement du service<br \/>\nElaboration et mise en \u0153uvre des \u00e9volutions de la grille tarifaire<br \/>\nContr\u00f4le de la gestion, des d\u00e9penses et recettes, r\u00e9gisseur d\u2019avance et de recettes. Supervision de la comptabilit\u00e9 et de la billetterie<br \/>\nMise en place et suivi des proc\u00e9dures de march\u00e9, en lien avec le service de la commande publique et l\u2019antenne comptable du service<br \/>\nGestion des ressources humaines du service, dans une logique de mont\u00e9e en comp\u00e9tences des agents<br \/>\nEtude et mise en \u0153uvre par le Th\u00e9\u00e2tre de mutualisations au sein de la Direction de la Culture<\/p>\n<h4>Activit\u00e9s sp\u00e9cifiques<\/h4>\n<p>Recherches en vue du d\u00e9veloppement des recettes : partenariats et financements, optimisation des locations de salles ; \u00e9laborer des outils de pilotage de projet<br \/>\nEffectuer, par roulement, des permanences d\u2019administrateur de service lors des repr\u00e9sentations, y compris en soir\u00e9e et le week-end<br \/>\nVeille juridique et sociale dans le domaine de la r\u00e9glementation relative au spectacle vivant<\/p>\n<p>Liste des activit\u00e9s non exhaustive qui peut varier fonction des besoins et des obligations du service<\/p>\n<h2>Profil recherch\u00e9<\/h2>\n<p>Cadres d\u2019emplois des r\u00e9dacteurs et des attach\u00e9s territoriaux<br \/>\nFormation sup\u00e9rieure dans le domaine de l\u2019administration de projets culturels<br \/>\nPermis de conduire obligatoire, la connaissance de l\u2019allemand ou de l\u2019anglais serait appr\u00e9ci\u00e9e<\/p>\n<h2>Exp\u00e9rience recherch\u00e9e<\/h2>\n<p>Exp\u00e9rience confirm\u00e9e dans le management d\u2019\u00e9quipe<br \/>\nTr\u00e8s bonne connaissance de l\u2019administration et du droit relatif \u00e0 l\u2019organisation de spectacles (contrats, droits d\u2019auteurs, ERP, \u2026)<br \/>\nRigueur, autonomie et sens de l\u2019organisation<br \/>\nExcellent r\u00e9dactionnel<br \/>\nDisponibilit\u00e9<br \/>\nCapacit\u00e9s d\u2019analyse et de synth\u00e8se<br \/>\nConnaissance des collectivit\u00e9s et de leur fonctionnement<br \/>\nConnaissance des politiques publiques en faveur de la diffusion artistique et de leurs enjeux<br \/>\nConnaissance du spectacle vivant (th\u00e9\u00e2tre, danse, musique, jeune public\u2026), de ses professionnels et de ses r\u00e9seaux<\/p>\n<p>Date de prise de fonction : 1er septembre 2022<br \/>\nDate limite de candidature : 24\/07\/2022<br \/>\nR\u00e9mun\u00e9ration statutaire + r\u00e9gime indemnitaire + prime de fin d\u2019ann\u00e9e + tickets restaurant<br \/>\n-38 h 30 sur 5 jours travaill\u00e9s avec RTT<\/p>\n<p><a href=\"http:\/\/www.colmar.fr\/\">www.colmar.fr<\/a><\/p>\n<p><a class=\"maxbutton-1 maxbutton\" href=\"https:\/\/eservices.colmar.fr\/page\/catalog-jobs\"><span class=\"mb-text\">POSTULEZ<\/span><\/a><\/p>\n<p>L\u2019article <a href=\"https:\/\/popburo.fr\/la-ville-de-colmar-recrute-un-responsable-administratif-et-financier-des-salles-de-spectacles-f-h\/\">LA VILLE DE COLMAR recrute un responsable administratif et financier des salles de spectacles [F\/H]<\/a> est apparu en premier sur <a href=\"https:\/\/popburo.fr\/\">POP B\u00dcRO<\/a>.<\/p>\n","protected":false},"excerpt":{"rendered":"<p>Riche d\u2019un patrimoine exceptionnellement pr\u00e9serv\u00e9 et de nombreux \u00e9tablissements culturels et artistiques, la Ville de Colmar m\u00e8ne depuis plusieurs d\u00e9cennies une politique ambitieuse en faveur de la culture, levier essentiel de son d\u00e9veloppement et de sa qualit\u00e9 de vie. Missions Sous l\u2019autorit\u00e9 du Directeur du Th\u00e9\u00e2tre et de la hi\u00e9rarchie administrative, vous interviendrez sur l\u2019ensemble des activit\u00e9s du Th\u00e9\u00e2tre, et serez responsable de la gestion administrative et financi\u00e8re du service. Vous encadrerez l\u2019\u00e9quipe administrative et superviserez le fonctionnement de l\u2019\u00e9quipe [&hellip;]<\/p>\n","protected":false},"author":0,"featured_media":0,"comment_status":"closed","ping_status":"open","sticky":false,"template":"","format":"standard","meta":{"footnotes":""},"categories":[1],"tags":[],"class_list":["post-3067","post","type-post","status-publish","format-standard","hentry","category-non-classe"],"yoast_head":"<!-- This site is optimized with the Yoast SEO plugin v27.5 - https:\/\/yoast.com\/product\/yoast-seo-wordpress\/ -->\n<title>LA VILLE DE COLMAR recrute un responsable administratif et financier des salles de spectacles [F\/H] - HIERO STRASBOURG<\/title>\n<meta name=\"robots\" content=\"index, follow, max-snippet:-1, max-image-preview:large, max-video-preview:-1\" \/>\n<link rel=\"canonical\" href=\"https:\/\/hierostrasbourg.com\/index.php\/2022\/06\/30\/la-ville-de-colmar-recrute-un-responsable-administratif-et-financier-des-salles-de-spectacles-f-h\/\" \/>\n<meta property=\"og:locale\" content=\"fr_FR\" \/>\n<meta property=\"og:type\" content=\"article\" \/>\n<meta property=\"og:title\" content=\"LA VILLE DE COLMAR recrute un responsable administratif et financier des salles de spectacles [F\/H] - HIERO STRASBOURG\" \/>\n<meta property=\"og:description\" content=\"Riche d\u2019un patrimoine exceptionnellement pr\u00e9serv\u00e9 et de nombreux \u00e9tablissements culturels et artistiques, la Ville de Colmar m\u00e8ne depuis plusieurs d\u00e9cennies une politique ambitieuse en faveur de la culture, levier essentiel de son d\u00e9veloppement et de sa qualit\u00e9 de vie. Missions Sous l\u2019autorit\u00e9 du Directeur du Th\u00e9\u00e2tre et de la hi\u00e9rarchie administrative, vous interviendrez sur l\u2019ensemble des activit\u00e9s du Th\u00e9\u00e2tre, et serez responsable de la gestion administrative et financi\u00e8re du service. Vous encadrerez l\u2019\u00e9quipe administrative et superviserez le fonctionnement de l\u2019\u00e9quipe [&hellip;]\" \/>\n<meta property=\"og:url\" content=\"https:\/\/hierostrasbourg.com\/index.php\/2022\/06\/30\/la-ville-de-colmar-recrute-un-responsable-administratif-et-financier-des-salles-de-spectacles-f-h\/\" \/>\n<meta property=\"og:site_name\" content=\"HIERO STRASBOURG\" \/>\n<meta property=\"article:publisher\" content=\"https:\/\/www.facebook.com\/fedehierostrasbourg\" \/>\n<meta property=\"article:published_time\" content=\"2022-06-30T21:33:00+00:00\" \/>\n<meta name=\"twitter:card\" content=\"summary_large_image\" \/>\n<meta name=\"twitter:creator\" content=\"@hierostrasbourg\" \/>\n<meta name=\"twitter:site\" content=\"@hierostrasbourg\" \/>\n<meta name=\"twitter:label1\" content=\"Dur\u00e9e de lecture estim\u00e9e\" \/>\n\t<meta name=\"twitter:data1\" content=\"3 minutes\" \/>\n<script type=\"application\/ld+json\" class=\"yoast-schema-graph\">{\"@context\":\"https:\\\/\\\/schema.org\",\"@graph\":[{\"@type\":\"Article\",\"@id\":\"https:\\\/\\\/hierostrasbourg.com\\\/index.php\\\/2022\\\/06\\\/30\\\/la-ville-de-colmar-recrute-un-responsable-administratif-et-financier-des-salles-de-spectacles-f-h\\\/#article\",\"isPartOf\":{\"@id\":\"https:\\\/\\\/hierostrasbourg.com\\\/index.php\\\/2022\\\/06\\\/30\\\/la-ville-de-colmar-recrute-un-responsable-administratif-et-financier-des-salles-de-spectacles-f-h\\\/\"},\"author\":{\"name\":\"\",\"@id\":\"\"},\"headline\":\"LA VILLE DE COLMAR recrute un responsable administratif et financier des salles de spectacles [F\\\/H]\",\"datePublished\":\"2022-06-30T21:33:00+00:00\",\"mainEntityOfPage\":{\"@id\":\"https:\\\/\\\/hierostrasbourg.com\\\/index.php\\\/2022\\\/06\\\/30\\\/la-ville-de-colmar-recrute-un-responsable-administratif-et-financier-des-salles-de-spectacles-f-h\\\/\"},\"wordCount\":522,\"publisher\":{\"@id\":\"https:\\\/\\\/hierostrasbourg.com\\\/#organization\"},\"inLanguage\":\"fr-FR\"},{\"@type\":\"WebPage\",\"@id\":\"https:\\\/\\\/hierostrasbourg.com\\\/index.php\\\/2022\\\/06\\\/30\\\/la-ville-de-colmar-recrute-un-responsable-administratif-et-financier-des-salles-de-spectacles-f-h\\\/\",\"url\":\"https:\\\/\\\/hierostrasbourg.com\\\/index.php\\\/2022\\\/06\\\/30\\\/la-ville-de-colmar-recrute-un-responsable-administratif-et-financier-des-salles-de-spectacles-f-h\\\/\",\"name\":\"LA VILLE DE COLMAR recrute un responsable administratif et financier des salles de spectacles [F\\\/H] - HIERO STRASBOURG\",\"isPartOf\":{\"@id\":\"https:\\\/\\\/hierostrasbourg.com\\\/#website\"},\"datePublished\":\"2022-06-30T21:33:00+00:00\",\"breadcrumb\":{\"@id\":\"https:\\\/\\\/hierostrasbourg.com\\\/index.php\\\/2022\\\/06\\\/30\\\/la-ville-de-colmar-recrute-un-responsable-administratif-et-financier-des-salles-de-spectacles-f-h\\\/#breadcrumb\"},\"inLanguage\":\"fr-FR\",\"potentialAction\":[{\"@type\":\"ReadAction\",\"target\":[\"https:\\\/\\\/hierostrasbourg.com\\\/index.php\\\/2022\\\/06\\\/30\\\/la-ville-de-colmar-recrute-un-responsable-administratif-et-financier-des-salles-de-spectacles-f-h\\\/\"]}]},{\"@type\":\"BreadcrumbList\",\"@id\":\"https:\\\/\\\/hierostrasbourg.com\\\/index.php\\\/2022\\\/06\\\/30\\\/la-ville-de-colmar-recrute-un-responsable-administratif-et-financier-des-salles-de-spectacles-f-h\\\/#breadcrumb\",\"itemListElement\":[{\"@type\":\"ListItem\",\"position\":1,\"name\":\"Accueil\",\"item\":\"https:\\\/\\\/hierostrasbourg.com\\\/\"},{\"@type\":\"ListItem\",\"position\":2,\"name\":\"LA VILLE DE COLMAR recrute un responsable administratif et financier des salles de spectacles [F\\\/H]\"}]},{\"@type\":\"WebSite\",\"@id\":\"https:\\\/\\\/hierostrasbourg.com\\\/#website\",\"url\":\"https:\\\/\\\/hierostrasbourg.com\\\/\",\"name\":\"HIERO STRASBOURG\",\"description\":\"Centre de Ressources Musiques Actuelles\",\"publisher\":{\"@id\":\"https:\\\/\\\/hierostrasbourg.com\\\/#organization\"},\"potentialAction\":[{\"@type\":\"SearchAction\",\"target\":{\"@type\":\"EntryPoint\",\"urlTemplate\":\"https:\\\/\\\/hierostrasbourg.com\\\/?s={search_term_string}\"},\"query-input\":{\"@type\":\"PropertyValueSpecification\",\"valueRequired\":true,\"valueName\":\"search_term_string\"}}],\"inLanguage\":\"fr-FR\"},{\"@type\":\"Organization\",\"@id\":\"https:\\\/\\\/hierostrasbourg.com\\\/#organization\",\"name\":\"F\u00e9d\u00e9ration Hi\u00e9ro Strasbourg\",\"url\":\"https:\\\/\\\/hierostrasbourg.com\\\/\",\"logo\":{\"@type\":\"ImageObject\",\"inLanguage\":\"fr-FR\",\"@id\":\"https:\\\/\\\/hierostrasbourg.com\\\/#\\\/schema\\\/logo\\\/image\\\/\",\"url\":\"https:\\\/\\\/hierostrasbourg.com\\\/wp-content\\\/uploads\\\/2026\\\/04\\\/logo-hiero-strasbourg.jpg\",\"contentUrl\":\"https:\\\/\\\/hierostrasbourg.com\\\/wp-content\\\/uploads\\\/2026\\\/04\\\/logo-hiero-strasbourg.jpg\",\"width\":204,\"height\":192,\"caption\":\"F\u00e9d\u00e9ration Hi\u00e9ro Strasbourg\"},\"image\":{\"@id\":\"https:\\\/\\\/hierostrasbourg.com\\\/#\\\/schema\\\/logo\\\/image\\\/\"},\"sameAs\":[\"https:\\\/\\\/www.facebook.com\\\/fedehierostrasbourg\",\"https:\\\/\\\/x.com\\\/hierostrasbourg\"]}]}<\/script>\n<!-- \/ Yoast SEO plugin. -->","yoast_head_json":{"title":"LA VILLE DE COLMAR recrute un responsable administratif et financier des salles de spectacles [F\/H] - HIERO STRASBOURG","robots":{"index":"index","follow":"follow","max-snippet":"max-snippet:-1","max-image-preview":"max-image-preview:large","max-video-preview":"max-video-preview:-1"},"canonical":"https:\/\/hierostrasbourg.com\/index.php\/2022\/06\/30\/la-ville-de-colmar-recrute-un-responsable-administratif-et-financier-des-salles-de-spectacles-f-h\/","og_locale":"fr_FR","og_type":"article","og_title":"LA VILLE DE COLMAR recrute un responsable administratif et financier des salles de spectacles [F\/H] - HIERO STRASBOURG","og_description":"Riche d\u2019un patrimoine exceptionnellement pr\u00e9serv\u00e9 et de nombreux \u00e9tablissements culturels et artistiques, la Ville de Colmar m\u00e8ne depuis plusieurs d\u00e9cennies une politique ambitieuse en faveur de la culture, levier essentiel de son d\u00e9veloppement et de sa qualit\u00e9 de vie. Missions Sous l\u2019autorit\u00e9 du Directeur du Th\u00e9\u00e2tre et de la hi\u00e9rarchie administrative, vous interviendrez sur l\u2019ensemble des activit\u00e9s du Th\u00e9\u00e2tre, et serez responsable de la gestion administrative et financi\u00e8re du service. Vous encadrerez l\u2019\u00e9quipe administrative et superviserez le fonctionnement de l\u2019\u00e9quipe [&hellip;]","og_url":"https:\/\/hierostrasbourg.com\/index.php\/2022\/06\/30\/la-ville-de-colmar-recrute-un-responsable-administratif-et-financier-des-salles-de-spectacles-f-h\/","og_site_name":"HIERO STRASBOURG","article_publisher":"https:\/\/www.facebook.com\/fedehierostrasbourg","article_published_time":"2022-06-30T21:33:00+00:00","twitter_card":"summary_large_image","twitter_creator":"@hierostrasbourg","twitter_site":"@hierostrasbourg","twitter_misc":{"Dur\u00e9e de lecture estim\u00e9e":"3 minutes"},"schema":{"@context":"https:\/\/schema.org","@graph":[{"@type":"Article","@id":"https:\/\/hierostrasbourg.com\/index.php\/2022\/06\/30\/la-ville-de-colmar-recrute-un-responsable-administratif-et-financier-des-salles-de-spectacles-f-h\/#article","isPartOf":{"@id":"https:\/\/hierostrasbourg.com\/index.php\/2022\/06\/30\/la-ville-de-colmar-recrute-un-responsable-administratif-et-financier-des-salles-de-spectacles-f-h\/"},"author":{"name":"","@id":""},"headline":"LA VILLE DE COLMAR recrute un responsable administratif et financier des salles de spectacles [F\/H]","datePublished":"2022-06-30T21:33:00+00:00","mainEntityOfPage":{"@id":"https:\/\/hierostrasbourg.com\/index.php\/2022\/06\/30\/la-ville-de-colmar-recrute-un-responsable-administratif-et-financier-des-salles-de-spectacles-f-h\/"},"wordCount":522,"publisher":{"@id":"https:\/\/hierostrasbourg.com\/#organization"},"inLanguage":"fr-FR"},{"@type":"WebPage","@id":"https:\/\/hierostrasbourg.com\/index.php\/2022\/06\/30\/la-ville-de-colmar-recrute-un-responsable-administratif-et-financier-des-salles-de-spectacles-f-h\/","url":"https:\/\/hierostrasbourg.com\/index.php\/2022\/06\/30\/la-ville-de-colmar-recrute-un-responsable-administratif-et-financier-des-salles-de-spectacles-f-h\/","name":"LA VILLE DE COLMAR recrute un responsable administratif et financier des salles de spectacles [F\/H] - HIERO STRASBOURG","isPartOf":{"@id":"https:\/\/hierostrasbourg.com\/#website"},"datePublished":"2022-06-30T21:33:00+00:00","breadcrumb":{"@id":"https:\/\/hierostrasbourg.com\/index.php\/2022\/06\/30\/la-ville-de-colmar-recrute-un-responsable-administratif-et-financier-des-salles-de-spectacles-f-h\/#breadcrumb"},"inLanguage":"fr-FR","potentialAction":[{"@type":"ReadAction","target":["https:\/\/hierostrasbourg.com\/index.php\/2022\/06\/30\/la-ville-de-colmar-recrute-un-responsable-administratif-et-financier-des-salles-de-spectacles-f-h\/"]}]},{"@type":"BreadcrumbList","@id":"https:\/\/hierostrasbourg.com\/index.php\/2022\/06\/30\/la-ville-de-colmar-recrute-un-responsable-administratif-et-financier-des-salles-de-spectacles-f-h\/#breadcrumb","itemListElement":[{"@type":"ListItem","position":1,"name":"Accueil","item":"https:\/\/hierostrasbourg.com\/"},{"@type":"ListItem","position":2,"name":"LA VILLE DE COLMAR recrute un responsable administratif et financier des salles de spectacles [F\/H]"}]},{"@type":"WebSite","@id":"https:\/\/hierostrasbourg.com\/#website","url":"https:\/\/hierostrasbourg.com\/","name":"HIERO STRASBOURG","description":"Centre de Ressources Musiques Actuelles","publisher":{"@id":"https:\/\/hierostrasbourg.com\/#organization"},"potentialAction":[{"@type":"SearchAction","target":{"@type":"EntryPoint","urlTemplate":"https:\/\/hierostrasbourg.com\/?s={search_term_string}"},"query-input":{"@type":"PropertyValueSpecification","valueRequired":true,"valueName":"search_term_string"}}],"inLanguage":"fr-FR"},{"@type":"Organization","@id":"https:\/\/hierostrasbourg.com\/#organization","name":"F\u00e9d\u00e9ration Hi\u00e9ro Strasbourg","url":"https:\/\/hierostrasbourg.com\/","logo":{"@type":"ImageObject","inLanguage":"fr-FR","@id":"https:\/\/hierostrasbourg.com\/#\/schema\/logo\/image\/","url":"https:\/\/hierostrasbourg.com\/wp-content\/uploads\/2026\/04\/logo-hiero-strasbourg.jpg","contentUrl":"https:\/\/hierostrasbourg.com\/wp-content\/uploads\/2026\/04\/logo-hiero-strasbourg.jpg","width":204,"height":192,"caption":"F\u00e9d\u00e9ration Hi\u00e9ro Strasbourg"},"image":{"@id":"https:\/\/hierostrasbourg.com\/#\/schema\/logo\/image\/"},"sameAs":["https:\/\/www.facebook.com\/fedehierostrasbourg","https:\/\/x.com\/hierostrasbourg"]}]}},"_links":{"self":[{"href":"https:\/\/hierostrasbourg.com\/index.php\/wp-json\/wp\/v2\/posts\/3067","targetHints":{"allow":["GET"]}}],"collection":[{"href":"https:\/\/hierostrasbourg.com\/index.php\/wp-json\/wp\/v2\/posts"}],"about":[{"href":"https:\/\/hierostrasbourg.com\/index.php\/wp-json\/wp\/v2\/types\/post"}],"replies":[{"embeddable":true,"href":"https:\/\/hierostrasbourg.com\/index.php\/wp-json\/wp\/v2\/comments?post=3067"}],"version-history":[{"count":0,"href":"https:\/\/hierostrasbourg.com\/index.php\/wp-json\/wp\/v2\/posts\/3067\/revisions"}],"wp:attachment":[{"href":"https:\/\/hierostrasbourg.com\/index.php\/wp-json\/wp\/v2\/media?parent=3067"}],"wp:term":[{"taxonomy":"category","embeddable":true,"href":"https:\/\/hierostrasbourg.com\/index.php\/wp-json\/wp\/v2\/categories?post=3067"},{"taxonomy":"post_tag","embeddable":true,"href":"https:\/\/hierostrasbourg.com\/index.php\/wp-json\/wp\/v2\/tags?post=3067"}],"curies":[{"name":"wp","href":"https:\/\/api.w.org\/{rel}","templated":true}]}}