{"id":3046,"date":"2022-06-28T12:31:54","date_gmt":"2022-06-28T10:31:54","guid":{"rendered":"https:\/\/hierostrasbourg.com\/index.php\/2022\/06\/28\/filles-du-vent-nouvelle-video-de-outed-chanson-strasbourg\/"},"modified":"2022-06-28T12:31:54","modified_gmt":"2022-06-28T10:31:54","slug":"filles-du-vent-nouvelle-video-de-outed-chanson-strasbourg","status":"publish","type":"post","link":"https:\/\/hierostrasbourg.com\/index.php\/2022\/06\/28\/filles-du-vent-nouvelle-video-de-outed-chanson-strasbourg\/","title":{"rendered":"\u201cFilles du vent\u201d, nouvelle vid\u00e9o de OUTED [chanson \/ Strasbourg]"},"content":{"rendered":"<p><span>communiqu\u00e9<\/span><br \/><em>Apr\u00e8s avoir remport\u00e9 2 awards avec son clip INTERF\u00c9RENCES et une version acoustique film\u00e9e de LA COMPLAINTE, OUTED revient avec son nouveau clip pour illustrer le titre FILLES DU VENT pr\u00e9sent sur LA MATRICE DU CHAOS, premier album du duo.<\/em><br \/><em>Cette chanson qui parle du bonheur d\u2019avoir 2 filles est un hymne \u00e0 l\u2019amour qui les met en sc\u00e8ne avec leurs 2 enfants Luna et Ma\u00efa dans un clip r\u00e9alis\u00e9 par Antoine Pfleger (Vid\u00e9onirique) et anim\u00e9 par Samuel Mingarelli.<\/em><\/p>\n<p><a href=\"https:\/\/www.facebook.com\/outed.officiel\" target=\"_blank\" rel=\"noopener\">facebook<\/a><\/p>\n<p>L\u2019article <a href=\"https:\/\/popburo.fr\/filles-du-vent-nouvelle-video-de-outed-chanson-strasbourg\/\">\u201cFilles du vent\u201d, nouvelle vid\u00e9o de OUTED [chanson \/ Strasbourg]<\/a> est apparu en premier sur <a href=\"https:\/\/popburo.fr\/\">POP B\u00dcRO<\/a>.<\/p>\n","protected":false},"excerpt":{"rendered":"<p>communiqu\u00e9Apr\u00e8s avoir remport\u00e9 2 awards avec son clip INTERF\u00c9RENCES et une version acoustique film\u00e9e de LA COMPLAINTE, OUTED revient avec son nouveau clip pour illustrer le titre FILLES DU VENT pr\u00e9sent sur LA MATRICE DU CHAOS, premier album du duo.Cette chanson qui parle du bonheur d\u2019avoir 2 filles est un hymne \u00e0 l\u2019amour qui les met en sc\u00e8ne avec leurs 2 enfants Luna et Ma\u00efa dans un clip r\u00e9alis\u00e9 par Antoine Pfleger (Vid\u00e9onirique) et anim\u00e9 par Samuel Mingarelli. facebook L\u2019article [&hellip;]<\/p>\n","protected":false},"author":0,"featured_media":0,"comment_status":"closed","ping_status":"open","sticky":false,"template":"","format":"standard","meta":{"footnotes":""},"categories":[1],"tags":[],"class_list":["post-3046","post","type-post","status-publish","format-standard","hentry","category-non-classe"],"yoast_head":"<!-- This site is optimized with the Yoast SEO plugin v27.5 - https:\/\/yoast.com\/product\/yoast-seo-wordpress\/ -->\n<title>\u201cFilles du vent\u201d, nouvelle vid\u00e9o de OUTED [chanson \/ Strasbourg] - HIERO STRASBOURG<\/title>\n<meta name=\"robots\" content=\"index, follow, max-snippet:-1, max-image-preview:large, max-video-preview:-1\" \/>\n<link rel=\"canonical\" href=\"https:\/\/hierostrasbourg.com\/index.php\/2022\/06\/28\/filles-du-vent-nouvelle-video-de-outed-chanson-strasbourg\/\" \/>\n<meta property=\"og:locale\" content=\"fr_FR\" \/>\n<meta property=\"og:type\" content=\"article\" \/>\n<meta property=\"og:title\" content=\"\u201cFilles du vent\u201d, nouvelle vid\u00e9o de OUTED [chanson \/ Strasbourg] - HIERO STRASBOURG\" \/>\n<meta property=\"og:description\" content=\"communiqu\u00e9Apr\u00e8s avoir remport\u00e9 2 awards avec son clip INTERF\u00c9RENCES et une version acoustique film\u00e9e de LA COMPLAINTE, OUTED revient avec son nouveau clip pour illustrer le titre FILLES DU VENT pr\u00e9sent sur LA MATRICE DU CHAOS, premier album du duo.Cette chanson qui parle du bonheur d\u2019avoir 2 filles est un hymne \u00e0 l\u2019amour qui les met en sc\u00e8ne avec leurs 2 enfants Luna et Ma\u00efa dans un clip r\u00e9alis\u00e9 par Antoine Pfleger (Vid\u00e9onirique) et anim\u00e9 par Samuel Mingarelli. facebook L\u2019article [&hellip;]\" \/>\n<meta property=\"og:url\" content=\"https:\/\/hierostrasbourg.com\/index.php\/2022\/06\/28\/filles-du-vent-nouvelle-video-de-outed-chanson-strasbourg\/\" \/>\n<meta property=\"og:site_name\" content=\"HIERO STRASBOURG\" \/>\n<meta property=\"article:publisher\" content=\"https:\/\/www.facebook.com\/fedehierostrasbourg\" \/>\n<meta property=\"article:published_time\" content=\"2022-06-28T10:31:54+00:00\" \/>\n<meta name=\"twitter:card\" content=\"summary_large_image\" \/>\n<meta name=\"twitter:creator\" content=\"@hierostrasbourg\" \/>\n<meta name=\"twitter:site\" content=\"@hierostrasbourg\" \/>\n<meta name=\"twitter:label1\" content=\"Dur\u00e9e de lecture estim\u00e9e\" \/>\n\t<meta name=\"twitter:data1\" content=\"1 minute\" \/>\n<script type=\"application\/ld+json\" class=\"yoast-schema-graph\">{\"@context\":\"https:\\\/\\\/schema.org\",\"@graph\":[{\"@type\":\"Article\",\"@id\":\"https:\\\/\\\/hierostrasbourg.com\\\/index.php\\\/2022\\\/06\\\/28\\\/filles-du-vent-nouvelle-video-de-outed-chanson-strasbourg\\\/#article\",\"isPartOf\":{\"@id\":\"https:\\\/\\\/hierostrasbourg.com\\\/index.php\\\/2022\\\/06\\\/28\\\/filles-du-vent-nouvelle-video-de-outed-chanson-strasbourg\\\/\"},\"author\":{\"name\":\"\",\"@id\":\"\"},\"headline\":\"\u201cFilles du vent\u201d, nouvelle vid\u00e9o de OUTED [chanson \\\/ Strasbourg]\",\"datePublished\":\"2022-06-28T10:31:54+00:00\",\"mainEntityOfPage\":{\"@id\":\"https:\\\/\\\/hierostrasbourg.com\\\/index.php\\\/2022\\\/06\\\/28\\\/filles-du-vent-nouvelle-video-de-outed-chanson-strasbourg\\\/\"},\"wordCount\":117,\"publisher\":{\"@id\":\"https:\\\/\\\/hierostrasbourg.com\\\/#organization\"},\"inLanguage\":\"fr-FR\"},{\"@type\":\"WebPage\",\"@id\":\"https:\\\/\\\/hierostrasbourg.com\\\/index.php\\\/2022\\\/06\\\/28\\\/filles-du-vent-nouvelle-video-de-outed-chanson-strasbourg\\\/\",\"url\":\"https:\\\/\\\/hierostrasbourg.com\\\/index.php\\\/2022\\\/06\\\/28\\\/filles-du-vent-nouvelle-video-de-outed-chanson-strasbourg\\\/\",\"name\":\"\u201cFilles du vent\u201d, nouvelle vid\u00e9o de OUTED [chanson \\\/ Strasbourg] - HIERO STRASBOURG\",\"isPartOf\":{\"@id\":\"https:\\\/\\\/hierostrasbourg.com\\\/#website\"},\"datePublished\":\"2022-06-28T10:31:54+00:00\",\"breadcrumb\":{\"@id\":\"https:\\\/\\\/hierostrasbourg.com\\\/index.php\\\/2022\\\/06\\\/28\\\/filles-du-vent-nouvelle-video-de-outed-chanson-strasbourg\\\/#breadcrumb\"},\"inLanguage\":\"fr-FR\",\"potentialAction\":[{\"@type\":\"ReadAction\",\"target\":[\"https:\\\/\\\/hierostrasbourg.com\\\/index.php\\\/2022\\\/06\\\/28\\\/filles-du-vent-nouvelle-video-de-outed-chanson-strasbourg\\\/\"]}]},{\"@type\":\"BreadcrumbList\",\"@id\":\"https:\\\/\\\/hierostrasbourg.com\\\/index.php\\\/2022\\\/06\\\/28\\\/filles-du-vent-nouvelle-video-de-outed-chanson-strasbourg\\\/#breadcrumb\",\"itemListElement\":[{\"@type\":\"ListItem\",\"position\":1,\"name\":\"Accueil\",\"item\":\"https:\\\/\\\/hierostrasbourg.com\\\/\"},{\"@type\":\"ListItem\",\"position\":2,\"name\":\"\u201cFilles du vent\u201d, nouvelle vid\u00e9o de OUTED [chanson \\\/ Strasbourg]\"}]},{\"@type\":\"WebSite\",\"@id\":\"https:\\\/\\\/hierostrasbourg.com\\\/#website\",\"url\":\"https:\\\/\\\/hierostrasbourg.com\\\/\",\"name\":\"HIERO STRASBOURG\",\"description\":\"Centre de Ressources Musiques Actuelles\",\"publisher\":{\"@id\":\"https:\\\/\\\/hierostrasbourg.com\\\/#organization\"},\"potentialAction\":[{\"@type\":\"SearchAction\",\"target\":{\"@type\":\"EntryPoint\",\"urlTemplate\":\"https:\\\/\\\/hierostrasbourg.com\\\/?s={search_term_string}\"},\"query-input\":{\"@type\":\"PropertyValueSpecification\",\"valueRequired\":true,\"valueName\":\"search_term_string\"}}],\"inLanguage\":\"fr-FR\"},{\"@type\":\"Organization\",\"@id\":\"https:\\\/\\\/hierostrasbourg.com\\\/#organization\",\"name\":\"F\u00e9d\u00e9ration Hi\u00e9ro Strasbourg\",\"url\":\"https:\\\/\\\/hierostrasbourg.com\\\/\",\"logo\":{\"@type\":\"ImageObject\",\"inLanguage\":\"fr-FR\",\"@id\":\"https:\\\/\\\/hierostrasbourg.com\\\/#\\\/schema\\\/logo\\\/image\\\/\",\"url\":\"https:\\\/\\\/hierostrasbourg.com\\\/wp-content\\\/uploads\\\/2026\\\/04\\\/logo-hiero-strasbourg.jpg\",\"contentUrl\":\"https:\\\/\\\/hierostrasbourg.com\\\/wp-content\\\/uploads\\\/2026\\\/04\\\/logo-hiero-strasbourg.jpg\",\"width\":204,\"height\":192,\"caption\":\"F\u00e9d\u00e9ration Hi\u00e9ro Strasbourg\"},\"image\":{\"@id\":\"https:\\\/\\\/hierostrasbourg.com\\\/#\\\/schema\\\/logo\\\/image\\\/\"},\"sameAs\":[\"https:\\\/\\\/www.facebook.com\\\/fedehierostrasbourg\",\"https:\\\/\\\/x.com\\\/hierostrasbourg\"]}]}<\/script>\n<!-- \/ Yoast SEO plugin. -->","yoast_head_json":{"title":"\u201cFilles du vent\u201d, nouvelle vid\u00e9o de OUTED [chanson \/ Strasbourg] - HIERO STRASBOURG","robots":{"index":"index","follow":"follow","max-snippet":"max-snippet:-1","max-image-preview":"max-image-preview:large","max-video-preview":"max-video-preview:-1"},"canonical":"https:\/\/hierostrasbourg.com\/index.php\/2022\/06\/28\/filles-du-vent-nouvelle-video-de-outed-chanson-strasbourg\/","og_locale":"fr_FR","og_type":"article","og_title":"\u201cFilles du vent\u201d, nouvelle vid\u00e9o de OUTED [chanson \/ Strasbourg] - HIERO STRASBOURG","og_description":"communiqu\u00e9Apr\u00e8s avoir remport\u00e9 2 awards avec son clip INTERF\u00c9RENCES et une version acoustique film\u00e9e de LA COMPLAINTE, OUTED revient avec son nouveau clip pour illustrer le titre FILLES DU VENT pr\u00e9sent sur LA MATRICE DU CHAOS, premier album du duo.Cette chanson qui parle du bonheur d\u2019avoir 2 filles est un hymne \u00e0 l\u2019amour qui les met en sc\u00e8ne avec leurs 2 enfants Luna et Ma\u00efa dans un clip r\u00e9alis\u00e9 par Antoine Pfleger (Vid\u00e9onirique) et anim\u00e9 par Samuel Mingarelli. facebook L\u2019article [&hellip;]","og_url":"https:\/\/hierostrasbourg.com\/index.php\/2022\/06\/28\/filles-du-vent-nouvelle-video-de-outed-chanson-strasbourg\/","og_site_name":"HIERO STRASBOURG","article_publisher":"https:\/\/www.facebook.com\/fedehierostrasbourg","article_published_time":"2022-06-28T10:31:54+00:00","twitter_card":"summary_large_image","twitter_creator":"@hierostrasbourg","twitter_site":"@hierostrasbourg","twitter_misc":{"Dur\u00e9e de lecture estim\u00e9e":"1 minute"},"schema":{"@context":"https:\/\/schema.org","@graph":[{"@type":"Article","@id":"https:\/\/hierostrasbourg.com\/index.php\/2022\/06\/28\/filles-du-vent-nouvelle-video-de-outed-chanson-strasbourg\/#article","isPartOf":{"@id":"https:\/\/hierostrasbourg.com\/index.php\/2022\/06\/28\/filles-du-vent-nouvelle-video-de-outed-chanson-strasbourg\/"},"author":{"name":"","@id":""},"headline":"\u201cFilles du vent\u201d, nouvelle vid\u00e9o de OUTED [chanson \/ Strasbourg]","datePublished":"2022-06-28T10:31:54+00:00","mainEntityOfPage":{"@id":"https:\/\/hierostrasbourg.com\/index.php\/2022\/06\/28\/filles-du-vent-nouvelle-video-de-outed-chanson-strasbourg\/"},"wordCount":117,"publisher":{"@id":"https:\/\/hierostrasbourg.com\/#organization"},"inLanguage":"fr-FR"},{"@type":"WebPage","@id":"https:\/\/hierostrasbourg.com\/index.php\/2022\/06\/28\/filles-du-vent-nouvelle-video-de-outed-chanson-strasbourg\/","url":"https:\/\/hierostrasbourg.com\/index.php\/2022\/06\/28\/filles-du-vent-nouvelle-video-de-outed-chanson-strasbourg\/","name":"\u201cFilles du vent\u201d, nouvelle vid\u00e9o de OUTED [chanson \/ Strasbourg] - HIERO STRASBOURG","isPartOf":{"@id":"https:\/\/hierostrasbourg.com\/#website"},"datePublished":"2022-06-28T10:31:54+00:00","breadcrumb":{"@id":"https:\/\/hierostrasbourg.com\/index.php\/2022\/06\/28\/filles-du-vent-nouvelle-video-de-outed-chanson-strasbourg\/#breadcrumb"},"inLanguage":"fr-FR","potentialAction":[{"@type":"ReadAction","target":["https:\/\/hierostrasbourg.com\/index.php\/2022\/06\/28\/filles-du-vent-nouvelle-video-de-outed-chanson-strasbourg\/"]}]},{"@type":"BreadcrumbList","@id":"https:\/\/hierostrasbourg.com\/index.php\/2022\/06\/28\/filles-du-vent-nouvelle-video-de-outed-chanson-strasbourg\/#breadcrumb","itemListElement":[{"@type":"ListItem","position":1,"name":"Accueil","item":"https:\/\/hierostrasbourg.com\/"},{"@type":"ListItem","position":2,"name":"\u201cFilles du vent\u201d, nouvelle vid\u00e9o de OUTED [chanson \/ Strasbourg]"}]},{"@type":"WebSite","@id":"https:\/\/hierostrasbourg.com\/#website","url":"https:\/\/hierostrasbourg.com\/","name":"HIERO STRASBOURG","description":"Centre de Ressources Musiques Actuelles","publisher":{"@id":"https:\/\/hierostrasbourg.com\/#organization"},"potentialAction":[{"@type":"SearchAction","target":{"@type":"EntryPoint","urlTemplate":"https:\/\/hierostrasbourg.com\/?s={search_term_string}"},"query-input":{"@type":"PropertyValueSpecification","valueRequired":true,"valueName":"search_term_string"}}],"inLanguage":"fr-FR"},{"@type":"Organization","@id":"https:\/\/hierostrasbourg.com\/#organization","name":"F\u00e9d\u00e9ration Hi\u00e9ro Strasbourg","url":"https:\/\/hierostrasbourg.com\/","logo":{"@type":"ImageObject","inLanguage":"fr-FR","@id":"https:\/\/hierostrasbourg.com\/#\/schema\/logo\/image\/","url":"https:\/\/hierostrasbourg.com\/wp-content\/uploads\/2026\/04\/logo-hiero-strasbourg.jpg","contentUrl":"https:\/\/hierostrasbourg.com\/wp-content\/uploads\/2026\/04\/logo-hiero-strasbourg.jpg","width":204,"height":192,"caption":"F\u00e9d\u00e9ration Hi\u00e9ro Strasbourg"},"image":{"@id":"https:\/\/hierostrasbourg.com\/#\/schema\/logo\/image\/"},"sameAs":["https:\/\/www.facebook.com\/fedehierostrasbourg","https:\/\/x.com\/hierostrasbourg"]}]}},"_links":{"self":[{"href":"https:\/\/hierostrasbourg.com\/index.php\/wp-json\/wp\/v2\/posts\/3046","targetHints":{"allow":["GET"]}}],"collection":[{"href":"https:\/\/hierostrasbourg.com\/index.php\/wp-json\/wp\/v2\/posts"}],"about":[{"href":"https:\/\/hierostrasbourg.com\/index.php\/wp-json\/wp\/v2\/types\/post"}],"replies":[{"embeddable":true,"href":"https:\/\/hierostrasbourg.com\/index.php\/wp-json\/wp\/v2\/comments?post=3046"}],"version-history":[{"count":0,"href":"https:\/\/hierostrasbourg.com\/index.php\/wp-json\/wp\/v2\/posts\/3046\/revisions"}],"wp:attachment":[{"href":"https:\/\/hierostrasbourg.com\/index.php\/wp-json\/wp\/v2\/media?parent=3046"}],"wp:term":[{"taxonomy":"category","embeddable":true,"href":"https:\/\/hierostrasbourg.com\/index.php\/wp-json\/wp\/v2\/categories?post=3046"},{"taxonomy":"post_tag","embeddable":true,"href":"https:\/\/hierostrasbourg.com\/index.php\/wp-json\/wp\/v2\/tags?post=3046"}],"curies":[{"name":"wp","href":"https:\/\/api.w.org\/{rel}","templated":true}]}}