{"id":3043,"date":"2022-06-28T00:37:08","date_gmt":"2022-06-27T22:37:08","guid":{"rendered":"https:\/\/hierostrasbourg.com\/index.php\/2022\/06\/28\/le-festival-au-gres-du-jazz-la-petite-pierre-67-recrute-un-directeur-f-h-2\/"},"modified":"2022-06-28T00:37:08","modified_gmt":"2022-06-27T22:37:08","slug":"le-festival-au-gres-du-jazz-la-petite-pierre-67-recrute-un-directeur-f-h-2","status":"publish","type":"post","link":"https:\/\/hierostrasbourg.com\/index.php\/2022\/06\/28\/le-festival-au-gres-du-jazz-la-petite-pierre-67-recrute-un-directeur-f-h-2\/","title":{"rendered":"le festival AU GR\u00c8S DU JAZZ [La Petite Pierre \u2013 67] recrute un directeur F\/H]"},"content":{"rendered":"<p>Dans le cadre des orientations d\u00e9finies par le Comit\u00e9 de pilotage du festival, le(a) directeur(trice) du festival assure la conception et la strat\u00e9gie de mise en \u0153uvre du projet artistique et culturel d\u2019Au Gr\u00e8s du Jazz, en lien avec l\u2019\u00e9lu r\u00e9f\u00e9rent, l\u2019\u00e9quipe du festival et les coporteurs d\u2019Au Gr\u00e8s du Jazz, dans le respect des valeurs port\u00e9es par le Parc naturel r\u00e9gional des Vosges du Nord.<\/p>\n<p>Il \/ Elle veille \u00e0 la coh\u00e9rence globale de ce projet, supervise et fixe les priorit\u00e9s de r\u00e9alisation et de d\u00e9veloppement, est garant(e) de la bonne gestion organisationnelle, humaine et financi\u00e8re du festival en lien avec le directeur adjoint du Parc naturel r\u00e9gional des Vosges du Nord.<br \/>\nIl \/ Elle contribue \u00e0 l\u2019action territoriale du festival, en lien avec ses partenaires dans une dynamique de r\u00e9seaux et de coop\u00e9rations.<\/p>\n<p>Le(a) directeur(rice) du festival \u201cAu Gr\u00e8s du Jazz\u201d a pour missions :<\/p>\n<p>Concevoir le projet artistique et culturel du Festival<br \/>\nMettre en \u0153uvre les projets et coordonner les diff\u00e9rents secteurs d\u2019activit\u00e9s<br \/>\nElaborer le cadre budg\u00e9taire et juridique en lien avec l\u2019\u00e9lu r\u00e9f\u00e9rent et la direction du SYCOPARC<br \/>\nCoordonner la promotion de l\u2019\u00e9v\u00e9nement<br \/>\nAssurer le d\u00e9veloppement du festival et son rayonnement sur le territoire du Parc<br \/>\nRepr\u00e9senter le Festival aupr\u00e8s des acteurs culturels et dans les r\u00e9seaux professionnels.<br \/>\nD\u00e9velopper une organisation \u00e9coresponsable, en ad\u00e9quation avec les valeurs du Parc naturel r\u00e9gional des Vosges du Nord<\/p>\n<h2>Missions<\/h2>\n<h4>Concevoir le projet artistique et culturel du festival :<\/h4>\n<p>D\u00e9terminer le projet artistique et culturel du festival, en lien avec l\u2019\u00e9quipe du festival, les co-porteurs et partenaires,<br \/>\nFaire connaitre et valoriser le projet artistique sur le territoire et dans les r\u00e9seaux,<br \/>\nEncourager son appropriation par les partenaires et l\u2019\u00e9quipe du Parc,<br \/>\nD\u00e9terminer le positionnement artistique du Festival et assurer un lien permanent avec les programmateurs afin de v\u00e9rifier l\u2019ad\u00e9quation de la programmation avec le projet artistique,<br \/>\nMettre en \u0153uvre le processus d\u2019\u00e9valuation continue du festival et proposer des ajustements au b\u00e9n\u00e9fice du d\u00e9veloppement du projet.<\/p>\n<h4>Organiser et coordonner les intervenants ainsi que les moyens logistiques et techniques :<\/h4>\n<p>Animer la gouvernance entre les partenaires du festival,<br \/>\nAssurer le partage des informations avec les partenaires du festival et les parties prenantes,<br \/>\n\u00a0Coordonner les moyens humains et mat\u00e9riels n\u00e9cessaires \u00e0 l\u2019organisation technique, logistique et artistique, en amont, pendant et apr\u00e8s le festival,<br \/>\n\u00c9tudier la faisabilit\u00e9 technique et logistique des projets,<br \/>\nAnalyser, inventorier et v\u00e9rifier la mobilisation des moyens techniques et logistiques, en conformit\u00e9 avec les besoins identifi\u00e9s, le cadre juridique et r\u00e9glementaire,<br \/>\nCoordonner la gestion op\u00e9rationnelle du festival lors de son d\u00e9roulement.<\/p>\n<h4>Elaborer le cadre budg\u00e9taire et juridique en lien avec l\u2019\u00e9lu r\u00e9f\u00e9rent et la direction du SYCOPARC :<\/h4>\n<p>Assurer le suivi financier du festival, en lien avec le service comptable du SYCOPARC<br \/>\nVeiller au respect du budget,<br \/>\nN\u00e9gocier et optimiser les contrats,<br \/>\nCoordonner les relations financi\u00e8res et contractuelles avec les partenaires institutionnels et les organismes professionnels,<br \/>\nConstituer les dossiers de demandes de subventions et les bilans,<br \/>\nCoordonner la commercialisation de l\u2019\u00e9v\u00e9nement, en lien avec le service administratif du SYCOPARC,<br \/>\nConsolider, d\u00e9velopper et diversifier les partenariats publics et priv\u00e9s (m\u00e9c\u00e9nat, sponsoring),<br \/>\nR\u00e9diger et partager le bilan annuel du festival.<\/p>\n<h4>Assurer et coordonner la promotion de l\u2019\u00e9v\u00e9nement :<\/h4>\n<p>D\u00e9terminer la strat\u00e9gie de communication et de commercialisation du festival,<br \/>\nIdentifier et coordonner, les moyens mobilisables pour assurer la mise en \u0153uvre de la strat\u00e9gie de communication et de commercialisation du festival : moyens humains et techniques,<br \/>\nCoordonner le travail des prestataires de communication,<br \/>\nOrganiser, mettre en \u0153uvre puis s\u2019assurer de la diffusion des supports de communication,<br \/>\nCoordonner et mettre en \u0153uvre les relations presse.<\/p>\n<h4>Assurer le d\u00e9veloppement du festival et son rayonnement sur le territoire du Parc :<\/h4>\n<p>D\u00e9velopper des projets culturels concourants au rayonnement du festival sur le territoire des Vosges du Nord,<br \/>\nEntretenir les partenariats existants et en d\u00e9velopper de nouveaux en faveur de l\u2019am\u00e9lioration de la notori\u00e9t\u00e9 du festival.<\/p>\n<h2>\nProfils recherch\u00e9s<\/h2>\n<p><strong>Connaissances<\/strong> : Organisation d\u2019\u00e9v\u00e8nements culturels, connaissances techniques et logistiques d\u2019un festival, connaissances du m\u00e9c\u00e9nat et du sponsoring, connaissance des strat\u00e9gies de communication, maitrise des outils de veille m\u00e9dias et de diffusion<\/p>\n<p><strong>Savoir-faire<\/strong> : R\u00e9aliser un plan de charge \/ Ma\u00eetriser les techniques de communication (expression, r\u00e9daction) \/ Conduite de projet \/ Travail en mode projet. Capacit\u00e9 \u00e0 mobiliser et f\u00e9d\u00e9rer les acteurs \/ Conduite de r\u00e9unions \/ R\u00e9daction de cahiers des charges et de conventions \/ Pratique de langues \u00e9trang\u00e8res \/ Bureautique et TIC<\/p>\n<p><strong>Aptitudes et qualit\u00e9s requises pour le poste<\/strong> : Travail en \u00e9quipe, grande rigueur, sens de l\u2019organisation, autonomie, esprit d\u2019initiative, sens du contact, disponibilit\u00e9.<\/p>\n<p>Temps de travail : 35h00 hebdomadaire<br \/>\nCDD d\u2019une dur\u00e9e initiale d\u2019un an renouvelable<br \/>\nPoste \u00e0 temps plein, 35 heures hebdomadaire<br \/>\nPoste bas\u00e9 \u00e0 La Petite-Pierre (67290) ;<br \/>\nPermis B et v\u00e9hicule indispensables ; d\u00e9placements li\u00e9s \u00e0 la mission pris en charge selon bar\u00e8me fiscal en vigueur ;<br \/>\nDisponibilit\u00e9s occasionnelles les soirs et WE au cours de l\u2019ann\u00e9e. Grande disponibilit\u00e9 durant les mois de juillet et ao\u00fbt.<\/p>\n<p>Poste \u00e0 pourvoir le 01\/09\/2022<br \/>\nDate limite de candidature 10\/08\/2022<\/p>\n<p>Candidature au plus tard le 10 ao\u00fbt 2022 (lettre de motivation + CV) \u00e0 adresser \u00e0 :<br \/>\nM. le Pr\u00e9sident du SYCOPARC<br \/>\n2 place du ch\u00e2teau<br \/>\n67290 LA PETITE-PIERRE<br \/>\nOu v.ruch@parc-vosges-nord.fr,<br \/>\nUne premi\u00e8re s\u00e9lection des candidatures sera op\u00e9r\u00e9e sur dossier.<br \/>\nLes candidats pr\u00e9s\u00e9lectionn\u00e9s seront auditionn\u00e9s par un jury d\u00e8s que possible.<\/p>\n<p>L\u2019article <a href=\"https:\/\/popburo.fr\/le-festival-au-gres-du-jazz-la-petite-pierre-67-recrute-un-directeur-f-h\/\">le festival AU GR\u00c8S DU JAZZ [La Petite Pierre \u2013 67] recrute un directeur F\/H]<\/a> est apparu en premier sur <a href=\"https:\/\/popburo.fr\/\">POP B\u00dcRO<\/a>.<\/p>\n","protected":false},"excerpt":{"rendered":"<p>Dans le cadre des orientations d\u00e9finies par le Comit\u00e9 de pilotage du festival, le(a) directeur(trice) du festival assure la conception et la strat\u00e9gie de mise en \u0153uvre du projet artistique et culturel d\u2019Au Gr\u00e8s du Jazz, en lien avec l\u2019\u00e9lu r\u00e9f\u00e9rent, l\u2019\u00e9quipe du festival et les coporteurs d\u2019Au Gr\u00e8s du Jazz, dans le respect des valeurs port\u00e9es par le Parc naturel r\u00e9gional des Vosges du Nord. Il \/ Elle veille \u00e0 la coh\u00e9rence globale de ce projet, supervise et fixe [&hellip;]<\/p>\n","protected":false},"author":0,"featured_media":0,"comment_status":"closed","ping_status":"open","sticky":false,"template":"","format":"standard","meta":{"footnotes":""},"categories":[1],"tags":[],"class_list":["post-3043","post","type-post","status-publish","format-standard","hentry","category-non-classe"],"yoast_head":"<!-- This site is optimized with the Yoast SEO plugin v27.5 - https:\/\/yoast.com\/product\/yoast-seo-wordpress\/ -->\n<title>le festival AU GR\u00c8S DU JAZZ [La Petite Pierre \u2013 67] recrute un directeur F\/H] - HIERO STRASBOURG<\/title>\n<meta name=\"robots\" content=\"index, follow, max-snippet:-1, max-image-preview:large, max-video-preview:-1\" \/>\n<link rel=\"canonical\" href=\"https:\/\/hierostrasbourg.com\/index.php\/2022\/06\/28\/le-festival-au-gres-du-jazz-la-petite-pierre-67-recrute-un-directeur-f-h-2\/\" \/>\n<meta property=\"og:locale\" content=\"fr_FR\" \/>\n<meta property=\"og:type\" content=\"article\" \/>\n<meta property=\"og:title\" content=\"le festival AU GR\u00c8S DU JAZZ [La Petite Pierre \u2013 67] recrute un directeur F\/H] - HIERO STRASBOURG\" \/>\n<meta property=\"og:description\" content=\"Dans le cadre des orientations d\u00e9finies par le Comit\u00e9 de pilotage du festival, le(a) directeur(trice) du festival assure la conception et la strat\u00e9gie de mise en \u0153uvre du projet artistique et culturel d\u2019Au Gr\u00e8s du Jazz, en lien avec l\u2019\u00e9lu r\u00e9f\u00e9rent, l\u2019\u00e9quipe du festival et les coporteurs d\u2019Au Gr\u00e8s du Jazz, dans le respect des valeurs port\u00e9es par le Parc naturel r\u00e9gional des Vosges du Nord. Il \/ Elle veille \u00e0 la coh\u00e9rence globale de ce projet, supervise et fixe [&hellip;]\" \/>\n<meta property=\"og:url\" content=\"https:\/\/hierostrasbourg.com\/index.php\/2022\/06\/28\/le-festival-au-gres-du-jazz-la-petite-pierre-67-recrute-un-directeur-f-h-2\/\" \/>\n<meta property=\"og:site_name\" content=\"HIERO STRASBOURG\" \/>\n<meta property=\"article:publisher\" content=\"https:\/\/www.facebook.com\/fedehierostrasbourg\" \/>\n<meta property=\"article:published_time\" content=\"2022-06-27T22:37:08+00:00\" \/>\n<meta name=\"twitter:card\" content=\"summary_large_image\" \/>\n<meta name=\"twitter:creator\" content=\"@hierostrasbourg\" \/>\n<meta name=\"twitter:site\" content=\"@hierostrasbourg\" \/>\n<meta name=\"twitter:label1\" content=\"Dur\u00e9e de lecture estim\u00e9e\" \/>\n\t<meta name=\"twitter:data1\" content=\"5 minutes\" \/>\n<script type=\"application\/ld+json\" class=\"yoast-schema-graph\">{\"@context\":\"https:\\\/\\\/schema.org\",\"@graph\":[{\"@type\":\"Article\",\"@id\":\"https:\\\/\\\/hierostrasbourg.com\\\/index.php\\\/2022\\\/06\\\/28\\\/le-festival-au-gres-du-jazz-la-petite-pierre-67-recrute-un-directeur-f-h-2\\\/#article\",\"isPartOf\":{\"@id\":\"https:\\\/\\\/hierostrasbourg.com\\\/index.php\\\/2022\\\/06\\\/28\\\/le-festival-au-gres-du-jazz-la-petite-pierre-67-recrute-un-directeur-f-h-2\\\/\"},\"author\":{\"name\":\"\",\"@id\":\"\"},\"headline\":\"le festival AU GR\u00c8S DU JAZZ [La Petite Pierre \u2013 67] recrute un directeur F\\\/H]\",\"datePublished\":\"2022-06-27T22:37:08+00:00\",\"mainEntityOfPage\":{\"@id\":\"https:\\\/\\\/hierostrasbourg.com\\\/index.php\\\/2022\\\/06\\\/28\\\/le-festival-au-gres-du-jazz-la-petite-pierre-67-recrute-un-directeur-f-h-2\\\/\"},\"wordCount\":1005,\"publisher\":{\"@id\":\"https:\\\/\\\/hierostrasbourg.com\\\/#organization\"},\"inLanguage\":\"fr-FR\"},{\"@type\":\"WebPage\",\"@id\":\"https:\\\/\\\/hierostrasbourg.com\\\/index.php\\\/2022\\\/06\\\/28\\\/le-festival-au-gres-du-jazz-la-petite-pierre-67-recrute-un-directeur-f-h-2\\\/\",\"url\":\"https:\\\/\\\/hierostrasbourg.com\\\/index.php\\\/2022\\\/06\\\/28\\\/le-festival-au-gres-du-jazz-la-petite-pierre-67-recrute-un-directeur-f-h-2\\\/\",\"name\":\"le festival AU GR\u00c8S DU JAZZ [La Petite Pierre \u2013 67] recrute un directeur F\\\/H] - HIERO STRASBOURG\",\"isPartOf\":{\"@id\":\"https:\\\/\\\/hierostrasbourg.com\\\/#website\"},\"datePublished\":\"2022-06-27T22:37:08+00:00\",\"breadcrumb\":{\"@id\":\"https:\\\/\\\/hierostrasbourg.com\\\/index.php\\\/2022\\\/06\\\/28\\\/le-festival-au-gres-du-jazz-la-petite-pierre-67-recrute-un-directeur-f-h-2\\\/#breadcrumb\"},\"inLanguage\":\"fr-FR\",\"potentialAction\":[{\"@type\":\"ReadAction\",\"target\":[\"https:\\\/\\\/hierostrasbourg.com\\\/index.php\\\/2022\\\/06\\\/28\\\/le-festival-au-gres-du-jazz-la-petite-pierre-67-recrute-un-directeur-f-h-2\\\/\"]}]},{\"@type\":\"BreadcrumbList\",\"@id\":\"https:\\\/\\\/hierostrasbourg.com\\\/index.php\\\/2022\\\/06\\\/28\\\/le-festival-au-gres-du-jazz-la-petite-pierre-67-recrute-un-directeur-f-h-2\\\/#breadcrumb\",\"itemListElement\":[{\"@type\":\"ListItem\",\"position\":1,\"name\":\"Accueil\",\"item\":\"https:\\\/\\\/hierostrasbourg.com\\\/\"},{\"@type\":\"ListItem\",\"position\":2,\"name\":\"le festival AU GR\u00c8S DU JAZZ [La Petite Pierre \u2013 67] recrute un directeur F\\\/H]\"}]},{\"@type\":\"WebSite\",\"@id\":\"https:\\\/\\\/hierostrasbourg.com\\\/#website\",\"url\":\"https:\\\/\\\/hierostrasbourg.com\\\/\",\"name\":\"HIERO STRASBOURG\",\"description\":\"Centre de Ressources Musiques Actuelles\",\"publisher\":{\"@id\":\"https:\\\/\\\/hierostrasbourg.com\\\/#organization\"},\"potentialAction\":[{\"@type\":\"SearchAction\",\"target\":{\"@type\":\"EntryPoint\",\"urlTemplate\":\"https:\\\/\\\/hierostrasbourg.com\\\/?s={search_term_string}\"},\"query-input\":{\"@type\":\"PropertyValueSpecification\",\"valueRequired\":true,\"valueName\":\"search_term_string\"}}],\"inLanguage\":\"fr-FR\"},{\"@type\":\"Organization\",\"@id\":\"https:\\\/\\\/hierostrasbourg.com\\\/#organization\",\"name\":\"F\u00e9d\u00e9ration Hi\u00e9ro Strasbourg\",\"url\":\"https:\\\/\\\/hierostrasbourg.com\\\/\",\"logo\":{\"@type\":\"ImageObject\",\"inLanguage\":\"fr-FR\",\"@id\":\"https:\\\/\\\/hierostrasbourg.com\\\/#\\\/schema\\\/logo\\\/image\\\/\",\"url\":\"https:\\\/\\\/hierostrasbourg.com\\\/wp-content\\\/uploads\\\/2026\\\/04\\\/logo-hiero-strasbourg.jpg\",\"contentUrl\":\"https:\\\/\\\/hierostrasbourg.com\\\/wp-content\\\/uploads\\\/2026\\\/04\\\/logo-hiero-strasbourg.jpg\",\"width\":204,\"height\":192,\"caption\":\"F\u00e9d\u00e9ration Hi\u00e9ro Strasbourg\"},\"image\":{\"@id\":\"https:\\\/\\\/hierostrasbourg.com\\\/#\\\/schema\\\/logo\\\/image\\\/\"},\"sameAs\":[\"https:\\\/\\\/www.facebook.com\\\/fedehierostrasbourg\",\"https:\\\/\\\/x.com\\\/hierostrasbourg\"]}]}<\/script>\n<!-- \/ Yoast SEO plugin. -->","yoast_head_json":{"title":"le festival AU GR\u00c8S DU JAZZ [La Petite Pierre \u2013 67] recrute un directeur F\/H] - HIERO STRASBOURG","robots":{"index":"index","follow":"follow","max-snippet":"max-snippet:-1","max-image-preview":"max-image-preview:large","max-video-preview":"max-video-preview:-1"},"canonical":"https:\/\/hierostrasbourg.com\/index.php\/2022\/06\/28\/le-festival-au-gres-du-jazz-la-petite-pierre-67-recrute-un-directeur-f-h-2\/","og_locale":"fr_FR","og_type":"article","og_title":"le festival AU GR\u00c8S DU JAZZ [La Petite Pierre \u2013 67] recrute un directeur F\/H] - HIERO STRASBOURG","og_description":"Dans le cadre des orientations d\u00e9finies par le Comit\u00e9 de pilotage du festival, le(a) directeur(trice) du festival assure la conception et la strat\u00e9gie de mise en \u0153uvre du projet artistique et culturel d\u2019Au Gr\u00e8s du Jazz, en lien avec l\u2019\u00e9lu r\u00e9f\u00e9rent, l\u2019\u00e9quipe du festival et les coporteurs d\u2019Au Gr\u00e8s du Jazz, dans le respect des valeurs port\u00e9es par le Parc naturel r\u00e9gional des Vosges du Nord. Il \/ Elle veille \u00e0 la coh\u00e9rence globale de ce projet, supervise et fixe [&hellip;]","og_url":"https:\/\/hierostrasbourg.com\/index.php\/2022\/06\/28\/le-festival-au-gres-du-jazz-la-petite-pierre-67-recrute-un-directeur-f-h-2\/","og_site_name":"HIERO STRASBOURG","article_publisher":"https:\/\/www.facebook.com\/fedehierostrasbourg","article_published_time":"2022-06-27T22:37:08+00:00","twitter_card":"summary_large_image","twitter_creator":"@hierostrasbourg","twitter_site":"@hierostrasbourg","twitter_misc":{"Dur\u00e9e de lecture estim\u00e9e":"5 minutes"},"schema":{"@context":"https:\/\/schema.org","@graph":[{"@type":"Article","@id":"https:\/\/hierostrasbourg.com\/index.php\/2022\/06\/28\/le-festival-au-gres-du-jazz-la-petite-pierre-67-recrute-un-directeur-f-h-2\/#article","isPartOf":{"@id":"https:\/\/hierostrasbourg.com\/index.php\/2022\/06\/28\/le-festival-au-gres-du-jazz-la-petite-pierre-67-recrute-un-directeur-f-h-2\/"},"author":{"name":"","@id":""},"headline":"le festival AU GR\u00c8S DU JAZZ [La Petite Pierre \u2013 67] recrute un directeur F\/H]","datePublished":"2022-06-27T22:37:08+00:00","mainEntityOfPage":{"@id":"https:\/\/hierostrasbourg.com\/index.php\/2022\/06\/28\/le-festival-au-gres-du-jazz-la-petite-pierre-67-recrute-un-directeur-f-h-2\/"},"wordCount":1005,"publisher":{"@id":"https:\/\/hierostrasbourg.com\/#organization"},"inLanguage":"fr-FR"},{"@type":"WebPage","@id":"https:\/\/hierostrasbourg.com\/index.php\/2022\/06\/28\/le-festival-au-gres-du-jazz-la-petite-pierre-67-recrute-un-directeur-f-h-2\/","url":"https:\/\/hierostrasbourg.com\/index.php\/2022\/06\/28\/le-festival-au-gres-du-jazz-la-petite-pierre-67-recrute-un-directeur-f-h-2\/","name":"le festival AU GR\u00c8S DU JAZZ [La Petite Pierre \u2013 67] recrute un directeur F\/H] - HIERO STRASBOURG","isPartOf":{"@id":"https:\/\/hierostrasbourg.com\/#website"},"datePublished":"2022-06-27T22:37:08+00:00","breadcrumb":{"@id":"https:\/\/hierostrasbourg.com\/index.php\/2022\/06\/28\/le-festival-au-gres-du-jazz-la-petite-pierre-67-recrute-un-directeur-f-h-2\/#breadcrumb"},"inLanguage":"fr-FR","potentialAction":[{"@type":"ReadAction","target":["https:\/\/hierostrasbourg.com\/index.php\/2022\/06\/28\/le-festival-au-gres-du-jazz-la-petite-pierre-67-recrute-un-directeur-f-h-2\/"]}]},{"@type":"BreadcrumbList","@id":"https:\/\/hierostrasbourg.com\/index.php\/2022\/06\/28\/le-festival-au-gres-du-jazz-la-petite-pierre-67-recrute-un-directeur-f-h-2\/#breadcrumb","itemListElement":[{"@type":"ListItem","position":1,"name":"Accueil","item":"https:\/\/hierostrasbourg.com\/"},{"@type":"ListItem","position":2,"name":"le festival AU GR\u00c8S DU JAZZ [La Petite Pierre \u2013 67] recrute un directeur F\/H]"}]},{"@type":"WebSite","@id":"https:\/\/hierostrasbourg.com\/#website","url":"https:\/\/hierostrasbourg.com\/","name":"HIERO STRASBOURG","description":"Centre de Ressources Musiques Actuelles","publisher":{"@id":"https:\/\/hierostrasbourg.com\/#organization"},"potentialAction":[{"@type":"SearchAction","target":{"@type":"EntryPoint","urlTemplate":"https:\/\/hierostrasbourg.com\/?s={search_term_string}"},"query-input":{"@type":"PropertyValueSpecification","valueRequired":true,"valueName":"search_term_string"}}],"inLanguage":"fr-FR"},{"@type":"Organization","@id":"https:\/\/hierostrasbourg.com\/#organization","name":"F\u00e9d\u00e9ration Hi\u00e9ro Strasbourg","url":"https:\/\/hierostrasbourg.com\/","logo":{"@type":"ImageObject","inLanguage":"fr-FR","@id":"https:\/\/hierostrasbourg.com\/#\/schema\/logo\/image\/","url":"https:\/\/hierostrasbourg.com\/wp-content\/uploads\/2026\/04\/logo-hiero-strasbourg.jpg","contentUrl":"https:\/\/hierostrasbourg.com\/wp-content\/uploads\/2026\/04\/logo-hiero-strasbourg.jpg","width":204,"height":192,"caption":"F\u00e9d\u00e9ration Hi\u00e9ro Strasbourg"},"image":{"@id":"https:\/\/hierostrasbourg.com\/#\/schema\/logo\/image\/"},"sameAs":["https:\/\/www.facebook.com\/fedehierostrasbourg","https:\/\/x.com\/hierostrasbourg"]}]}},"_links":{"self":[{"href":"https:\/\/hierostrasbourg.com\/index.php\/wp-json\/wp\/v2\/posts\/3043","targetHints":{"allow":["GET"]}}],"collection":[{"href":"https:\/\/hierostrasbourg.com\/index.php\/wp-json\/wp\/v2\/posts"}],"about":[{"href":"https:\/\/hierostrasbourg.com\/index.php\/wp-json\/wp\/v2\/types\/post"}],"replies":[{"embeddable":true,"href":"https:\/\/hierostrasbourg.com\/index.php\/wp-json\/wp\/v2\/comments?post=3043"}],"version-history":[{"count":0,"href":"https:\/\/hierostrasbourg.com\/index.php\/wp-json\/wp\/v2\/posts\/3043\/revisions"}],"wp:attachment":[{"href":"https:\/\/hierostrasbourg.com\/index.php\/wp-json\/wp\/v2\/media?parent=3043"}],"wp:term":[{"taxonomy":"category","embeddable":true,"href":"https:\/\/hierostrasbourg.com\/index.php\/wp-json\/wp\/v2\/categories?post=3043"},{"taxonomy":"post_tag","embeddable":true,"href":"https:\/\/hierostrasbourg.com\/index.php\/wp-json\/wp\/v2\/tags?post=3043"}],"curies":[{"name":"wp","href":"https:\/\/api.w.org\/{rel}","templated":true}]}}