{"id":3042,"date":"2022-06-28T00:37:07","date_gmt":"2022-06-27T22:37:07","guid":{"rendered":"https:\/\/hierostrasbourg.com\/index.php\/2022\/06\/28\/le-festival-au-gres-du-jazz-la-petite-pierre-67-recrute-un-directeur-f-h\/"},"modified":"2022-06-28T00:37:07","modified_gmt":"2022-06-27T22:37:07","slug":"le-festival-au-gres-du-jazz-la-petite-pierre-67-recrute-un-directeur-f-h","status":"publish","type":"post","link":"https:\/\/hierostrasbourg.com\/index.php\/2022\/06\/28\/le-festival-au-gres-du-jazz-la-petite-pierre-67-recrute-un-directeur-f-h\/","title":{"rendered":"le festival AU GR\u00c8S DU JAZZ [La Petite Pierre \u2013 67] recrute un directeur F\/H]"},"content":{"rendered":"<p><a href=\"https:\/\/musiquesactuelles.alsace\/le-festival-au-gres-du-jazz-la-petite-pierre-67-recrute-un-directeur-f-h\/\" title=\"le festival AU GR\u00c8S DU JAZZ [La Petite Pierre \u2013 67] recrute un directeur F\/H]\"><\/a><\/p>\n<p>Dans le cadre des orientations d\u00e9finies par le Comit\u00e9 de pilotage du festival, le(a) directeur(trice) du festival assure la conception et la strat\u00e9gie de mise en \u0153uvre du projet artistique et culturel d\u2019Au Gr\u00e8s du Jazz, en lien avec l\u2019\u00e9lu r\u00e9f\u00e9rent, l\u2019\u00e9quipe du festival et les coporteurs d\u2019Au Gr\u00e8s du Jazz, dans le respect des valeurs port\u00e9es par le Parc naturel r\u00e9gional des Vosges du Nord. Il \/ Elle veille \u00e0 la coh\u00e9rence globale de ce projet, supervise et fixe [\u2026]<\/p>\n<p>L\u2019article <a href=\"https:\/\/musiquesactuelles.alsace\/le-festival-au-gres-du-jazz-la-petite-pierre-67-recrute-un-directeur-f-h\/\">le festival AU GR\u00c8S DU JAZZ [La Petite Pierre \u2013 67] recrute un directeur F\/H]<\/a> est apparu en premier sur <a href=\"https:\/\/musiquesactuelles.alsace\/\">Musiques Actuelles en Alsace<\/a>.<\/p>\n<p>L\u2019article <a href=\"https:\/\/popburo.fr\/le-festival-au-gres-du-jazz-la-petite-pierre-67-recrute-un-directeur-f-h-2\/\">le festival AU GR\u00c8S DU JAZZ [La Petite Pierre \u2013 67] recrute un directeur F\/H]<\/a> est apparu en premier sur <a href=\"https:\/\/popburo.fr\/\">POP B\u00dcRO<\/a>.<\/p>\n","protected":false},"excerpt":{"rendered":"<p>Dans le cadre des orientations d\u00e9finies par le Comit\u00e9 de pilotage du festival, le(a) directeur(trice) du festival assure la conception et la strat\u00e9gie de mise en \u0153uvre du projet artistique et culturel d\u2019Au Gr\u00e8s du Jazz, en lien avec l\u2019\u00e9lu r\u00e9f\u00e9rent, l\u2019\u00e9quipe du festival et les coporteurs d\u2019Au Gr\u00e8s du Jazz, dans le respect des valeurs port\u00e9es par le Parc naturel r\u00e9gional des Vosges du Nord. Il \/ Elle veille \u00e0 la coh\u00e9rence globale de ce projet, supervise et fixe [&hellip;]<\/p>\n","protected":false},"author":0,"featured_media":0,"comment_status":"closed","ping_status":"open","sticky":false,"template":"","format":"standard","meta":{"footnotes":""},"categories":[1],"tags":[],"class_list":["post-3042","post","type-post","status-publish","format-standard","hentry","category-non-classe"],"yoast_head":"<!-- This site is optimized with the Yoast SEO plugin v27.5 - https:\/\/yoast.com\/product\/yoast-seo-wordpress\/ -->\n<title>le festival AU GR\u00c8S DU JAZZ [La Petite Pierre \u2013 67] recrute un directeur F\/H] - HIERO STRASBOURG<\/title>\n<meta name=\"robots\" content=\"index, follow, max-snippet:-1, max-image-preview:large, max-video-preview:-1\" \/>\n<link rel=\"canonical\" href=\"https:\/\/hierostrasbourg.com\/index.php\/2022\/06\/28\/le-festival-au-gres-du-jazz-la-petite-pierre-67-recrute-un-directeur-f-h\/\" \/>\n<meta property=\"og:locale\" content=\"fr_FR\" \/>\n<meta property=\"og:type\" content=\"article\" \/>\n<meta property=\"og:title\" content=\"le festival AU GR\u00c8S DU JAZZ [La Petite Pierre \u2013 67] recrute un directeur F\/H] - HIERO STRASBOURG\" \/>\n<meta property=\"og:description\" content=\"Dans le cadre des orientations d\u00e9finies par le Comit\u00e9 de pilotage du festival, le(a) directeur(trice) du festival assure la conception et la strat\u00e9gie de mise en \u0153uvre du projet artistique et culturel d\u2019Au Gr\u00e8s du Jazz, en lien avec l\u2019\u00e9lu r\u00e9f\u00e9rent, l\u2019\u00e9quipe du festival et les coporteurs d\u2019Au Gr\u00e8s du Jazz, dans le respect des valeurs port\u00e9es par le Parc naturel r\u00e9gional des Vosges du Nord. Il \/ Elle veille \u00e0 la coh\u00e9rence globale de ce projet, supervise et fixe [&hellip;]\" \/>\n<meta property=\"og:url\" content=\"https:\/\/hierostrasbourg.com\/index.php\/2022\/06\/28\/le-festival-au-gres-du-jazz-la-petite-pierre-67-recrute-un-directeur-f-h\/\" \/>\n<meta property=\"og:site_name\" content=\"HIERO STRASBOURG\" \/>\n<meta property=\"article:publisher\" content=\"https:\/\/www.facebook.com\/fedehierostrasbourg\" \/>\n<meta property=\"article:published_time\" content=\"2022-06-27T22:37:07+00:00\" \/>\n<meta name=\"twitter:card\" content=\"summary_large_image\" \/>\n<meta name=\"twitter:creator\" content=\"@hierostrasbourg\" \/>\n<meta name=\"twitter:site\" content=\"@hierostrasbourg\" \/>\n<meta name=\"twitter:label1\" content=\"Dur\u00e9e de lecture estim\u00e9e\" \/>\n\t<meta name=\"twitter:data1\" content=\"1 minute\" \/>\n<script type=\"application\/ld+json\" class=\"yoast-schema-graph\">{\"@context\":\"https:\\\/\\\/schema.org\",\"@graph\":[{\"@type\":\"Article\",\"@id\":\"https:\\\/\\\/hierostrasbourg.com\\\/index.php\\\/2022\\\/06\\\/28\\\/le-festival-au-gres-du-jazz-la-petite-pierre-67-recrute-un-directeur-f-h\\\/#article\",\"isPartOf\":{\"@id\":\"https:\\\/\\\/hierostrasbourg.com\\\/index.php\\\/2022\\\/06\\\/28\\\/le-festival-au-gres-du-jazz-la-petite-pierre-67-recrute-un-directeur-f-h\\\/\"},\"author\":{\"name\":\"\",\"@id\":\"\"},\"headline\":\"le festival AU GR\u00c8S DU JAZZ [La Petite Pierre \u2013 67] recrute un directeur F\\\/H]\",\"datePublished\":\"2022-06-27T22:37:07+00:00\",\"mainEntityOfPage\":{\"@id\":\"https:\\\/\\\/hierostrasbourg.com\\\/index.php\\\/2022\\\/06\\\/28\\\/le-festival-au-gres-du-jazz-la-petite-pierre-67-recrute-un-directeur-f-h\\\/\"},\"wordCount\":159,\"publisher\":{\"@id\":\"https:\\\/\\\/hierostrasbourg.com\\\/#organization\"},\"inLanguage\":\"fr-FR\"},{\"@type\":\"WebPage\",\"@id\":\"https:\\\/\\\/hierostrasbourg.com\\\/index.php\\\/2022\\\/06\\\/28\\\/le-festival-au-gres-du-jazz-la-petite-pierre-67-recrute-un-directeur-f-h\\\/\",\"url\":\"https:\\\/\\\/hierostrasbourg.com\\\/index.php\\\/2022\\\/06\\\/28\\\/le-festival-au-gres-du-jazz-la-petite-pierre-67-recrute-un-directeur-f-h\\\/\",\"name\":\"le festival AU GR\u00c8S DU JAZZ [La Petite Pierre \u2013 67] recrute un directeur F\\\/H] - HIERO STRASBOURG\",\"isPartOf\":{\"@id\":\"https:\\\/\\\/hierostrasbourg.com\\\/#website\"},\"datePublished\":\"2022-06-27T22:37:07+00:00\",\"breadcrumb\":{\"@id\":\"https:\\\/\\\/hierostrasbourg.com\\\/index.php\\\/2022\\\/06\\\/28\\\/le-festival-au-gres-du-jazz-la-petite-pierre-67-recrute-un-directeur-f-h\\\/#breadcrumb\"},\"inLanguage\":\"fr-FR\",\"potentialAction\":[{\"@type\":\"ReadAction\",\"target\":[\"https:\\\/\\\/hierostrasbourg.com\\\/index.php\\\/2022\\\/06\\\/28\\\/le-festival-au-gres-du-jazz-la-petite-pierre-67-recrute-un-directeur-f-h\\\/\"]}]},{\"@type\":\"BreadcrumbList\",\"@id\":\"https:\\\/\\\/hierostrasbourg.com\\\/index.php\\\/2022\\\/06\\\/28\\\/le-festival-au-gres-du-jazz-la-petite-pierre-67-recrute-un-directeur-f-h\\\/#breadcrumb\",\"itemListElement\":[{\"@type\":\"ListItem\",\"position\":1,\"name\":\"Accueil\",\"item\":\"https:\\\/\\\/hierostrasbourg.com\\\/\"},{\"@type\":\"ListItem\",\"position\":2,\"name\":\"le festival AU GR\u00c8S DU JAZZ [La Petite Pierre \u2013 67] recrute un directeur F\\\/H]\"}]},{\"@type\":\"WebSite\",\"@id\":\"https:\\\/\\\/hierostrasbourg.com\\\/#website\",\"url\":\"https:\\\/\\\/hierostrasbourg.com\\\/\",\"name\":\"HIERO STRASBOURG\",\"description\":\"Centre de Ressources Musiques Actuelles\",\"publisher\":{\"@id\":\"https:\\\/\\\/hierostrasbourg.com\\\/#organization\"},\"potentialAction\":[{\"@type\":\"SearchAction\",\"target\":{\"@type\":\"EntryPoint\",\"urlTemplate\":\"https:\\\/\\\/hierostrasbourg.com\\\/?s={search_term_string}\"},\"query-input\":{\"@type\":\"PropertyValueSpecification\",\"valueRequired\":true,\"valueName\":\"search_term_string\"}}],\"inLanguage\":\"fr-FR\"},{\"@type\":\"Organization\",\"@id\":\"https:\\\/\\\/hierostrasbourg.com\\\/#organization\",\"name\":\"F\u00e9d\u00e9ration Hi\u00e9ro Strasbourg\",\"url\":\"https:\\\/\\\/hierostrasbourg.com\\\/\",\"logo\":{\"@type\":\"ImageObject\",\"inLanguage\":\"fr-FR\",\"@id\":\"https:\\\/\\\/hierostrasbourg.com\\\/#\\\/schema\\\/logo\\\/image\\\/\",\"url\":\"https:\\\/\\\/hierostrasbourg.com\\\/wp-content\\\/uploads\\\/2026\\\/04\\\/logo-hiero-strasbourg.jpg\",\"contentUrl\":\"https:\\\/\\\/hierostrasbourg.com\\\/wp-content\\\/uploads\\\/2026\\\/04\\\/logo-hiero-strasbourg.jpg\",\"width\":204,\"height\":192,\"caption\":\"F\u00e9d\u00e9ration Hi\u00e9ro Strasbourg\"},\"image\":{\"@id\":\"https:\\\/\\\/hierostrasbourg.com\\\/#\\\/schema\\\/logo\\\/image\\\/\"},\"sameAs\":[\"https:\\\/\\\/www.facebook.com\\\/fedehierostrasbourg\",\"https:\\\/\\\/x.com\\\/hierostrasbourg\"]}]}<\/script>\n<!-- \/ Yoast SEO plugin. -->","yoast_head_json":{"title":"le festival AU GR\u00c8S DU JAZZ [La Petite Pierre \u2013 67] recrute un directeur F\/H] - HIERO STRASBOURG","robots":{"index":"index","follow":"follow","max-snippet":"max-snippet:-1","max-image-preview":"max-image-preview:large","max-video-preview":"max-video-preview:-1"},"canonical":"https:\/\/hierostrasbourg.com\/index.php\/2022\/06\/28\/le-festival-au-gres-du-jazz-la-petite-pierre-67-recrute-un-directeur-f-h\/","og_locale":"fr_FR","og_type":"article","og_title":"le festival AU GR\u00c8S DU JAZZ [La Petite Pierre \u2013 67] recrute un directeur F\/H] - HIERO STRASBOURG","og_description":"Dans le cadre des orientations d\u00e9finies par le Comit\u00e9 de pilotage du festival, le(a) directeur(trice) du festival assure la conception et la strat\u00e9gie de mise en \u0153uvre du projet artistique et culturel d\u2019Au Gr\u00e8s du Jazz, en lien avec l\u2019\u00e9lu r\u00e9f\u00e9rent, l\u2019\u00e9quipe du festival et les coporteurs d\u2019Au Gr\u00e8s du Jazz, dans le respect des valeurs port\u00e9es par le Parc naturel r\u00e9gional des Vosges du Nord. Il \/ Elle veille \u00e0 la coh\u00e9rence globale de ce projet, supervise et fixe [&hellip;]","og_url":"https:\/\/hierostrasbourg.com\/index.php\/2022\/06\/28\/le-festival-au-gres-du-jazz-la-petite-pierre-67-recrute-un-directeur-f-h\/","og_site_name":"HIERO STRASBOURG","article_publisher":"https:\/\/www.facebook.com\/fedehierostrasbourg","article_published_time":"2022-06-27T22:37:07+00:00","twitter_card":"summary_large_image","twitter_creator":"@hierostrasbourg","twitter_site":"@hierostrasbourg","twitter_misc":{"Dur\u00e9e de lecture estim\u00e9e":"1 minute"},"schema":{"@context":"https:\/\/schema.org","@graph":[{"@type":"Article","@id":"https:\/\/hierostrasbourg.com\/index.php\/2022\/06\/28\/le-festival-au-gres-du-jazz-la-petite-pierre-67-recrute-un-directeur-f-h\/#article","isPartOf":{"@id":"https:\/\/hierostrasbourg.com\/index.php\/2022\/06\/28\/le-festival-au-gres-du-jazz-la-petite-pierre-67-recrute-un-directeur-f-h\/"},"author":{"name":"","@id":""},"headline":"le festival AU GR\u00c8S DU JAZZ [La Petite Pierre \u2013 67] recrute un directeur F\/H]","datePublished":"2022-06-27T22:37:07+00:00","mainEntityOfPage":{"@id":"https:\/\/hierostrasbourg.com\/index.php\/2022\/06\/28\/le-festival-au-gres-du-jazz-la-petite-pierre-67-recrute-un-directeur-f-h\/"},"wordCount":159,"publisher":{"@id":"https:\/\/hierostrasbourg.com\/#organization"},"inLanguage":"fr-FR"},{"@type":"WebPage","@id":"https:\/\/hierostrasbourg.com\/index.php\/2022\/06\/28\/le-festival-au-gres-du-jazz-la-petite-pierre-67-recrute-un-directeur-f-h\/","url":"https:\/\/hierostrasbourg.com\/index.php\/2022\/06\/28\/le-festival-au-gres-du-jazz-la-petite-pierre-67-recrute-un-directeur-f-h\/","name":"le festival AU GR\u00c8S DU JAZZ [La Petite Pierre \u2013 67] recrute un directeur F\/H] - HIERO STRASBOURG","isPartOf":{"@id":"https:\/\/hierostrasbourg.com\/#website"},"datePublished":"2022-06-27T22:37:07+00:00","breadcrumb":{"@id":"https:\/\/hierostrasbourg.com\/index.php\/2022\/06\/28\/le-festival-au-gres-du-jazz-la-petite-pierre-67-recrute-un-directeur-f-h\/#breadcrumb"},"inLanguage":"fr-FR","potentialAction":[{"@type":"ReadAction","target":["https:\/\/hierostrasbourg.com\/index.php\/2022\/06\/28\/le-festival-au-gres-du-jazz-la-petite-pierre-67-recrute-un-directeur-f-h\/"]}]},{"@type":"BreadcrumbList","@id":"https:\/\/hierostrasbourg.com\/index.php\/2022\/06\/28\/le-festival-au-gres-du-jazz-la-petite-pierre-67-recrute-un-directeur-f-h\/#breadcrumb","itemListElement":[{"@type":"ListItem","position":1,"name":"Accueil","item":"https:\/\/hierostrasbourg.com\/"},{"@type":"ListItem","position":2,"name":"le festival AU GR\u00c8S DU JAZZ [La Petite Pierre \u2013 67] recrute un directeur F\/H]"}]},{"@type":"WebSite","@id":"https:\/\/hierostrasbourg.com\/#website","url":"https:\/\/hierostrasbourg.com\/","name":"HIERO STRASBOURG","description":"Centre de Ressources Musiques Actuelles","publisher":{"@id":"https:\/\/hierostrasbourg.com\/#organization"},"potentialAction":[{"@type":"SearchAction","target":{"@type":"EntryPoint","urlTemplate":"https:\/\/hierostrasbourg.com\/?s={search_term_string}"},"query-input":{"@type":"PropertyValueSpecification","valueRequired":true,"valueName":"search_term_string"}}],"inLanguage":"fr-FR"},{"@type":"Organization","@id":"https:\/\/hierostrasbourg.com\/#organization","name":"F\u00e9d\u00e9ration Hi\u00e9ro Strasbourg","url":"https:\/\/hierostrasbourg.com\/","logo":{"@type":"ImageObject","inLanguage":"fr-FR","@id":"https:\/\/hierostrasbourg.com\/#\/schema\/logo\/image\/","url":"https:\/\/hierostrasbourg.com\/wp-content\/uploads\/2026\/04\/logo-hiero-strasbourg.jpg","contentUrl":"https:\/\/hierostrasbourg.com\/wp-content\/uploads\/2026\/04\/logo-hiero-strasbourg.jpg","width":204,"height":192,"caption":"F\u00e9d\u00e9ration Hi\u00e9ro Strasbourg"},"image":{"@id":"https:\/\/hierostrasbourg.com\/#\/schema\/logo\/image\/"},"sameAs":["https:\/\/www.facebook.com\/fedehierostrasbourg","https:\/\/x.com\/hierostrasbourg"]}]}},"_links":{"self":[{"href":"https:\/\/hierostrasbourg.com\/index.php\/wp-json\/wp\/v2\/posts\/3042","targetHints":{"allow":["GET"]}}],"collection":[{"href":"https:\/\/hierostrasbourg.com\/index.php\/wp-json\/wp\/v2\/posts"}],"about":[{"href":"https:\/\/hierostrasbourg.com\/index.php\/wp-json\/wp\/v2\/types\/post"}],"replies":[{"embeddable":true,"href":"https:\/\/hierostrasbourg.com\/index.php\/wp-json\/wp\/v2\/comments?post=3042"}],"version-history":[{"count":0,"href":"https:\/\/hierostrasbourg.com\/index.php\/wp-json\/wp\/v2\/posts\/3042\/revisions"}],"wp:attachment":[{"href":"https:\/\/hierostrasbourg.com\/index.php\/wp-json\/wp\/v2\/media?parent=3042"}],"wp:term":[{"taxonomy":"category","embeddable":true,"href":"https:\/\/hierostrasbourg.com\/index.php\/wp-json\/wp\/v2\/categories?post=3042"},{"taxonomy":"post_tag","embeddable":true,"href":"https:\/\/hierostrasbourg.com\/index.php\/wp-json\/wp\/v2\/tags?post=3042"}],"curies":[{"name":"wp","href":"https:\/\/api.w.org\/{rel}","templated":true}]}}