{"id":3034,"date":"2022-06-27T14:31:43","date_gmt":"2022-06-27T12:31:43","guid":{"rendered":"https:\/\/hierostrasbourg.com\/index.php\/2022\/06\/27\/le-theatre-du-marche-aux-grains-bouxwiller-recrute-un-responsable-dadministration-f-h\/"},"modified":"2022-06-27T14:31:43","modified_gmt":"2022-06-27T12:31:43","slug":"le-theatre-du-marche-aux-grains-bouxwiller-recrute-un-responsable-dadministration-f-h","status":"publish","type":"post","link":"https:\/\/hierostrasbourg.com\/index.php\/2022\/06\/27\/le-theatre-du-marche-aux-grains-bouxwiller-recrute-un-responsable-dadministration-f-h\/","title":{"rendered":"LE TH\u00c9\u00c2TRE DU MARCH\u00c9 AUX GRAINS [Bouxwiller] recrute un responsable d\u2019administration [F\/H]"},"content":{"rendered":"<p>Vous cherchez un emploi varie\u0301, ou\u0300 de\u0301ployer des compe\u0301tences administratives tout en e\u0301tant en relation avec les artistes et le public ? Vous souhaitez participer au de\u0301veloppement d\u2019une structure culturelle au c\u0153ur d\u2019un territoire rural ? Alors le poste de responsable d\u2019administration du The\u0301a\u0302tre du Marche\u0301 aux Grains est fait pour vous.<\/p>\n<p>L\u2019association du The\u0301a\u0302tre du Marche\u0301 aux Grains de Bouxwiller, Atelier de Fabrique Artistique, \u0153uvre depuis plus de 40 ans a\u0300 promouvoir la cre\u0301ation et les pratiques artistiques et culturelles dans le territoire de la Communaute\u0301 de Communes Hanau \u2013 La Petite Pierre. Lieu cre\u0301e\u0301 par et pour les artistes, le The\u0301a\u0302tre du Marche\u0301 aux Grains est dirige\u0301 depuis 2016 par le chore\u0301graphe Vidal BINI, dont la compagnie KiloHertZ est partenaire.<\/p>\n<p>Le The\u0301a\u0302tre du Marche\u0301 aux Grains est e\u0301galement un maillon essentiel de la chai\u0302ne de production du spectacle vivant en mettant a\u0300 disposition des artistes un lieu en ordre de marche : le the\u0301a\u0302tre Christiane Stroe\u0308.<\/p>\n<p>Le The\u0301a\u0302tre du Marche\u0301 aux Grains propose aux habitants du territoire une saison artistique et culturelle de\u0301die\u0301e aux e\u0301critures contemporaines.<\/p>\n<p>Le.la responsable d\u2019administration est charge\u0301.e de la mise en \u0153uvre et du suivi budge\u0301taire et administratif, en collaboration e\u0301troite avec la direction artistique, ainsi que du de\u0301veloppement et de la coordination de la saison culturelle et artistique.<br \/>\nDu fait de la sp\u00e9cificit\u00e9 du projet et des ressources humaines du Th\u00e9\u00e2tre du March\u00e9 aux Grains, l\u2019ensemble des personnels salari\u00e9s sont amen\u00e9s a\u0300 remplir, en sus de leur mission principale, des missions annexes afin d\u2019assurer la coh\u00e9sion et le bon fonctionnement de la structure.<\/p>\n<h2>FICHE DE POSTE<\/h2>\n<p>Service : Administration<br \/>\nPoste : Responsable d\u2019administration Type de contrat : CDI<br \/>\nSous la direction du : Directeur artistique<\/p>\n<h4>ADMINISTRATION<\/h4>\n<p>Re\u0301daction et suivis affe\u0301rents de toutes les conventions (partenariats, re\u0301sidence, mise a\u0300 disposition etc.) ;<br \/>\nRe\u0301daction et suivis affe\u0301rents des contrats de cession de droit d\u2019exploitation ;<br \/>\nMontage et suivi des diffe\u0301rentes demandes de subvention ;<br \/>\nRecherche de nouveaux financements publics et\/ou prive\u0301s (appel a\u0300 projets) ;<br \/>\nParticipation a\u0300 l\u2019ensemble des ne\u0301gociations avec les partenaires institutionnels et prive\u0301s ; \u2023Re\u0301alisation de l\u2019archivage du service administratif ;<br \/>\nLecture presse et documents spe\u0301cifiques (social, fiscal, juridique, etc.).<br \/>\nRe\u0301daction des bilans d\u2019activite\u0301 ;<br \/>\nSuivi de la tenue associative du The\u0301a\u0302tre du Marche\u0301 aux Grains (C.A., A.G.) et relations avec le conseil d\u2019administration.<\/p>\n<h4>GESTION BUDGE\u0301TAIRE<\/h4>\n<p>E\u0301laboration des budgets de fonctionnement de l\u2019association et de ses projets ;<br \/>\nSuivi financier de l\u2019association en lien avec la comptable, l\u2019expert-comptable et la banque.<\/p>\n<h4>RESSOURCES HUMAINES<\/h4>\n<p>E\u0301laboration des plannings du personnel permanent du The\u0301a\u0302tre du Marche\u0301 aux Grains et du personnel intermittent en lien avec le responsable technique ;<br \/>\nRe\u0301daction des contrats de travail (CDDU) ;<br \/>\nStructuration du travail d\u2019e\u0301quipe, en collaboration avec la direction artistique.<\/p>\n<h4>DE\u0301VELOPPEMENT DE PROJET<\/h4>\n<p>Construction d\u2019un programme d\u2019actions culturelles en collaboration avec la charge\u0301e du de\u0301veloppement des publics et la direction artistique ;<br \/>\nConstruction de partenariats avec les acteurs culturels du territoire.<\/p>\n<h4>ACCUEIL ET LOGISTIQUE<\/h4>\n<p>Permanence les soirs de repre\u0301sentations (en alternance avec les autres membres de l\u2019e\u0301quipe) ;<br \/>\nAccueil des e\u0301quipes artistiques (en collaboration avec les autres membres de l\u2019e\u0301quipe).<br \/>\nGestion ponctuelle du standard te\u0301le\u0301phonique et du courrier.<\/p>\n<h4>COMPE\u0301TENCES REQUISES<\/h4>\n<p>Aisance relationnelle, sens de l\u2019organisation et autonomie ;<br \/>\nQualification requise : Master 2 dans le domaine de la gestion culturelle (prioritairement), ou diplo\u0302me\/expe\u0301rience e\u0301quivalent.<br \/>\nPratique de l\u2019anglais souhaite\u0301e, + Allemand et\/ou autre langue vivante ;<br \/>\nMai\u0302trise de Excel et Word.<\/p>\n<h2>CONDITIONS<\/h2>\n<p>Re\u0301mune\u0301ration conforme a\u0300 la grille de salaire Synde\u0301ac<br \/>\nPossibilite\u0301 de te\u0301le\u0301travail<br \/>\nDe\u0301but du contrat : Septembre 2022<\/p>\n<h2>MODALITE\u0301S DE RECRUTEMENT<\/h2>\n<p>envoyer un CV et une lettre de motivation a\u0300 : contact@theaboux.eu<br \/>\ndate limite de de\u0301po\u0302t des candidatures : 13 juillet 2022<\/p>\n<p>Th\u00e9\u00e2tre du March\u00e9 aux Grains \u2013 Atelier de Fabrique Artistique \u2013 Bouxwiller<br \/>\nAdministration : 1, rue de l\u2019\u00c9glise, 67330 BOUXWILLER<br \/>\nSalle de spectacles : th\u00e9\u00e2tre Christiane Stro\u00eb, 5 place du Ch\u00e2teau, 67330 BOUXWILLER<\/p>\n<p>L\u2019article <a href=\"https:\/\/popburo.fr\/le-theatre-du-marche-aux-grains-bouxwiller-recrute-un-responsable-dadministration-f-h\/\">LE TH\u00c9\u00c2TRE DU MARCH\u00c9 AUX GRAINS [Bouxwiller] recrute un responsable d\u2019administration [F\/H]<\/a> est apparu en premier sur <a href=\"https:\/\/popburo.fr\/\">POP B\u00dcRO<\/a>.<\/p>\n","protected":false},"excerpt":{"rendered":"<p>Vous cherchez un emploi varie\u0301, ou\u0300 de\u0301ployer des compe\u0301tences administratives tout en e\u0301tant en relation avec les artistes et le public ? Vous souhaitez participer au de\u0301veloppement d\u2019une structure culturelle au c\u0153ur d\u2019un territoire rural ? Alors le poste de responsable d\u2019administration du The\u0301a\u0302tre du Marche\u0301 aux Grains est fait pour vous. L\u2019association du The\u0301a\u0302tre du Marche\u0301 aux Grains de Bouxwiller, Atelier de Fabrique Artistique, \u0153uvre depuis plus de 40 ans a\u0300 promouvoir la cre\u0301ation et les pratiques artistiques et [&hellip;]<\/p>\n","protected":false},"author":0,"featured_media":0,"comment_status":"closed","ping_status":"open","sticky":false,"template":"","format":"standard","meta":{"footnotes":""},"categories":[1],"tags":[],"class_list":["post-3034","post","type-post","status-publish","format-standard","hentry","category-non-classe"],"yoast_head":"<!-- This site is optimized with the Yoast SEO plugin v27.5 - https:\/\/yoast.com\/product\/yoast-seo-wordpress\/ -->\n<title>LE TH\u00c9\u00c2TRE DU MARCH\u00c9 AUX GRAINS [Bouxwiller] recrute un responsable d\u2019administration [F\/H] - HIERO STRASBOURG<\/title>\n<meta name=\"robots\" content=\"index, follow, max-snippet:-1, max-image-preview:large, max-video-preview:-1\" \/>\n<link rel=\"canonical\" href=\"https:\/\/hierostrasbourg.com\/index.php\/2022\/06\/27\/le-theatre-du-marche-aux-grains-bouxwiller-recrute-un-responsable-dadministration-f-h\/\" \/>\n<meta property=\"og:locale\" content=\"fr_FR\" \/>\n<meta property=\"og:type\" content=\"article\" \/>\n<meta property=\"og:title\" content=\"LE TH\u00c9\u00c2TRE DU MARCH\u00c9 AUX GRAINS [Bouxwiller] recrute un responsable d\u2019administration [F\/H] - HIERO STRASBOURG\" \/>\n<meta property=\"og:description\" content=\"Vous cherchez un emploi varie\u0301, ou\u0300 de\u0301ployer des compe\u0301tences administratives tout en e\u0301tant en relation avec les artistes et le public ? Vous souhaitez participer au de\u0301veloppement d\u2019une structure culturelle au c\u0153ur d\u2019un territoire rural ? Alors le poste de responsable d\u2019administration du The\u0301a\u0302tre du Marche\u0301 aux Grains est fait pour vous. L\u2019association du The\u0301a\u0302tre du Marche\u0301 aux Grains de Bouxwiller, Atelier de Fabrique Artistique, \u0153uvre depuis plus de 40 ans a\u0300 promouvoir la cre\u0301ation et les pratiques artistiques et [&hellip;]\" \/>\n<meta property=\"og:url\" content=\"https:\/\/hierostrasbourg.com\/index.php\/2022\/06\/27\/le-theatre-du-marche-aux-grains-bouxwiller-recrute-un-responsable-dadministration-f-h\/\" \/>\n<meta property=\"og:site_name\" content=\"HIERO STRASBOURG\" \/>\n<meta property=\"article:publisher\" content=\"https:\/\/www.facebook.com\/fedehierostrasbourg\" \/>\n<meta property=\"article:published_time\" content=\"2022-06-27T12:31:43+00:00\" \/>\n<meta name=\"twitter:card\" content=\"summary_large_image\" \/>\n<meta name=\"twitter:creator\" content=\"@hierostrasbourg\" \/>\n<meta name=\"twitter:site\" content=\"@hierostrasbourg\" \/>\n<meta name=\"twitter:label1\" content=\"Dur\u00e9e de lecture estim\u00e9e\" \/>\n\t<meta name=\"twitter:data1\" content=\"4 minutes\" \/>\n<script type=\"application\/ld+json\" class=\"yoast-schema-graph\">{\"@context\":\"https:\\\/\\\/schema.org\",\"@graph\":[{\"@type\":\"Article\",\"@id\":\"https:\\\/\\\/hierostrasbourg.com\\\/index.php\\\/2022\\\/06\\\/27\\\/le-theatre-du-marche-aux-grains-bouxwiller-recrute-un-responsable-dadministration-f-h\\\/#article\",\"isPartOf\":{\"@id\":\"https:\\\/\\\/hierostrasbourg.com\\\/index.php\\\/2022\\\/06\\\/27\\\/le-theatre-du-marche-aux-grains-bouxwiller-recrute-un-responsable-dadministration-f-h\\\/\"},\"author\":{\"name\":\"\",\"@id\":\"\"},\"headline\":\"LE TH\u00c9\u00c2TRE DU MARCH\u00c9 AUX GRAINS [Bouxwiller] recrute un responsable d\u2019administration [F\\\/H]\",\"datePublished\":\"2022-06-27T12:31:43+00:00\",\"mainEntityOfPage\":{\"@id\":\"https:\\\/\\\/hierostrasbourg.com\\\/index.php\\\/2022\\\/06\\\/27\\\/le-theatre-du-marche-aux-grains-bouxwiller-recrute-un-responsable-dadministration-f-h\\\/\"},\"wordCount\":749,\"publisher\":{\"@id\":\"https:\\\/\\\/hierostrasbourg.com\\\/#organization\"},\"inLanguage\":\"fr-FR\"},{\"@type\":\"WebPage\",\"@id\":\"https:\\\/\\\/hierostrasbourg.com\\\/index.php\\\/2022\\\/06\\\/27\\\/le-theatre-du-marche-aux-grains-bouxwiller-recrute-un-responsable-dadministration-f-h\\\/\",\"url\":\"https:\\\/\\\/hierostrasbourg.com\\\/index.php\\\/2022\\\/06\\\/27\\\/le-theatre-du-marche-aux-grains-bouxwiller-recrute-un-responsable-dadministration-f-h\\\/\",\"name\":\"LE TH\u00c9\u00c2TRE DU MARCH\u00c9 AUX GRAINS [Bouxwiller] recrute un responsable d\u2019administration [F\\\/H] - HIERO STRASBOURG\",\"isPartOf\":{\"@id\":\"https:\\\/\\\/hierostrasbourg.com\\\/#website\"},\"datePublished\":\"2022-06-27T12:31:43+00:00\",\"breadcrumb\":{\"@id\":\"https:\\\/\\\/hierostrasbourg.com\\\/index.php\\\/2022\\\/06\\\/27\\\/le-theatre-du-marche-aux-grains-bouxwiller-recrute-un-responsable-dadministration-f-h\\\/#breadcrumb\"},\"inLanguage\":\"fr-FR\",\"potentialAction\":[{\"@type\":\"ReadAction\",\"target\":[\"https:\\\/\\\/hierostrasbourg.com\\\/index.php\\\/2022\\\/06\\\/27\\\/le-theatre-du-marche-aux-grains-bouxwiller-recrute-un-responsable-dadministration-f-h\\\/\"]}]},{\"@type\":\"BreadcrumbList\",\"@id\":\"https:\\\/\\\/hierostrasbourg.com\\\/index.php\\\/2022\\\/06\\\/27\\\/le-theatre-du-marche-aux-grains-bouxwiller-recrute-un-responsable-dadministration-f-h\\\/#breadcrumb\",\"itemListElement\":[{\"@type\":\"ListItem\",\"position\":1,\"name\":\"Accueil\",\"item\":\"https:\\\/\\\/hierostrasbourg.com\\\/\"},{\"@type\":\"ListItem\",\"position\":2,\"name\":\"LE TH\u00c9\u00c2TRE DU MARCH\u00c9 AUX GRAINS [Bouxwiller] recrute un responsable d\u2019administration [F\\\/H]\"}]},{\"@type\":\"WebSite\",\"@id\":\"https:\\\/\\\/hierostrasbourg.com\\\/#website\",\"url\":\"https:\\\/\\\/hierostrasbourg.com\\\/\",\"name\":\"HIERO STRASBOURG\",\"description\":\"Centre de Ressources Musiques Actuelles\",\"publisher\":{\"@id\":\"https:\\\/\\\/hierostrasbourg.com\\\/#organization\"},\"potentialAction\":[{\"@type\":\"SearchAction\",\"target\":{\"@type\":\"EntryPoint\",\"urlTemplate\":\"https:\\\/\\\/hierostrasbourg.com\\\/?s={search_term_string}\"},\"query-input\":{\"@type\":\"PropertyValueSpecification\",\"valueRequired\":true,\"valueName\":\"search_term_string\"}}],\"inLanguage\":\"fr-FR\"},{\"@type\":\"Organization\",\"@id\":\"https:\\\/\\\/hierostrasbourg.com\\\/#organization\",\"name\":\"F\u00e9d\u00e9ration Hi\u00e9ro Strasbourg\",\"url\":\"https:\\\/\\\/hierostrasbourg.com\\\/\",\"logo\":{\"@type\":\"ImageObject\",\"inLanguage\":\"fr-FR\",\"@id\":\"https:\\\/\\\/hierostrasbourg.com\\\/#\\\/schema\\\/logo\\\/image\\\/\",\"url\":\"https:\\\/\\\/hierostrasbourg.com\\\/wp-content\\\/uploads\\\/2026\\\/04\\\/logo-hiero-strasbourg.jpg\",\"contentUrl\":\"https:\\\/\\\/hierostrasbourg.com\\\/wp-content\\\/uploads\\\/2026\\\/04\\\/logo-hiero-strasbourg.jpg\",\"width\":204,\"height\":192,\"caption\":\"F\u00e9d\u00e9ration Hi\u00e9ro Strasbourg\"},\"image\":{\"@id\":\"https:\\\/\\\/hierostrasbourg.com\\\/#\\\/schema\\\/logo\\\/image\\\/\"},\"sameAs\":[\"https:\\\/\\\/www.facebook.com\\\/fedehierostrasbourg\",\"https:\\\/\\\/x.com\\\/hierostrasbourg\"]}]}<\/script>\n<!-- \/ Yoast SEO plugin. -->","yoast_head_json":{"title":"LE TH\u00c9\u00c2TRE DU MARCH\u00c9 AUX GRAINS [Bouxwiller] recrute un responsable d\u2019administration [F\/H] - HIERO STRASBOURG","robots":{"index":"index","follow":"follow","max-snippet":"max-snippet:-1","max-image-preview":"max-image-preview:large","max-video-preview":"max-video-preview:-1"},"canonical":"https:\/\/hierostrasbourg.com\/index.php\/2022\/06\/27\/le-theatre-du-marche-aux-grains-bouxwiller-recrute-un-responsable-dadministration-f-h\/","og_locale":"fr_FR","og_type":"article","og_title":"LE TH\u00c9\u00c2TRE DU MARCH\u00c9 AUX GRAINS [Bouxwiller] recrute un responsable d\u2019administration [F\/H] - HIERO STRASBOURG","og_description":"Vous cherchez un emploi varie\u0301, ou\u0300 de\u0301ployer des compe\u0301tences administratives tout en e\u0301tant en relation avec les artistes et le public ? Vous souhaitez participer au de\u0301veloppement d\u2019une structure culturelle au c\u0153ur d\u2019un territoire rural ? Alors le poste de responsable d\u2019administration du The\u0301a\u0302tre du Marche\u0301 aux Grains est fait pour vous. L\u2019association du The\u0301a\u0302tre du Marche\u0301 aux Grains de Bouxwiller, Atelier de Fabrique Artistique, \u0153uvre depuis plus de 40 ans a\u0300 promouvoir la cre\u0301ation et les pratiques artistiques et [&hellip;]","og_url":"https:\/\/hierostrasbourg.com\/index.php\/2022\/06\/27\/le-theatre-du-marche-aux-grains-bouxwiller-recrute-un-responsable-dadministration-f-h\/","og_site_name":"HIERO STRASBOURG","article_publisher":"https:\/\/www.facebook.com\/fedehierostrasbourg","article_published_time":"2022-06-27T12:31:43+00:00","twitter_card":"summary_large_image","twitter_creator":"@hierostrasbourg","twitter_site":"@hierostrasbourg","twitter_misc":{"Dur\u00e9e de lecture estim\u00e9e":"4 minutes"},"schema":{"@context":"https:\/\/schema.org","@graph":[{"@type":"Article","@id":"https:\/\/hierostrasbourg.com\/index.php\/2022\/06\/27\/le-theatre-du-marche-aux-grains-bouxwiller-recrute-un-responsable-dadministration-f-h\/#article","isPartOf":{"@id":"https:\/\/hierostrasbourg.com\/index.php\/2022\/06\/27\/le-theatre-du-marche-aux-grains-bouxwiller-recrute-un-responsable-dadministration-f-h\/"},"author":{"name":"","@id":""},"headline":"LE TH\u00c9\u00c2TRE DU MARCH\u00c9 AUX GRAINS [Bouxwiller] recrute un responsable d\u2019administration [F\/H]","datePublished":"2022-06-27T12:31:43+00:00","mainEntityOfPage":{"@id":"https:\/\/hierostrasbourg.com\/index.php\/2022\/06\/27\/le-theatre-du-marche-aux-grains-bouxwiller-recrute-un-responsable-dadministration-f-h\/"},"wordCount":749,"publisher":{"@id":"https:\/\/hierostrasbourg.com\/#organization"},"inLanguage":"fr-FR"},{"@type":"WebPage","@id":"https:\/\/hierostrasbourg.com\/index.php\/2022\/06\/27\/le-theatre-du-marche-aux-grains-bouxwiller-recrute-un-responsable-dadministration-f-h\/","url":"https:\/\/hierostrasbourg.com\/index.php\/2022\/06\/27\/le-theatre-du-marche-aux-grains-bouxwiller-recrute-un-responsable-dadministration-f-h\/","name":"LE TH\u00c9\u00c2TRE DU MARCH\u00c9 AUX GRAINS [Bouxwiller] recrute un responsable d\u2019administration [F\/H] - HIERO STRASBOURG","isPartOf":{"@id":"https:\/\/hierostrasbourg.com\/#website"},"datePublished":"2022-06-27T12:31:43+00:00","breadcrumb":{"@id":"https:\/\/hierostrasbourg.com\/index.php\/2022\/06\/27\/le-theatre-du-marche-aux-grains-bouxwiller-recrute-un-responsable-dadministration-f-h\/#breadcrumb"},"inLanguage":"fr-FR","potentialAction":[{"@type":"ReadAction","target":["https:\/\/hierostrasbourg.com\/index.php\/2022\/06\/27\/le-theatre-du-marche-aux-grains-bouxwiller-recrute-un-responsable-dadministration-f-h\/"]}]},{"@type":"BreadcrumbList","@id":"https:\/\/hierostrasbourg.com\/index.php\/2022\/06\/27\/le-theatre-du-marche-aux-grains-bouxwiller-recrute-un-responsable-dadministration-f-h\/#breadcrumb","itemListElement":[{"@type":"ListItem","position":1,"name":"Accueil","item":"https:\/\/hierostrasbourg.com\/"},{"@type":"ListItem","position":2,"name":"LE TH\u00c9\u00c2TRE DU MARCH\u00c9 AUX GRAINS [Bouxwiller] recrute un responsable d\u2019administration [F\/H]"}]},{"@type":"WebSite","@id":"https:\/\/hierostrasbourg.com\/#website","url":"https:\/\/hierostrasbourg.com\/","name":"HIERO STRASBOURG","description":"Centre de Ressources Musiques Actuelles","publisher":{"@id":"https:\/\/hierostrasbourg.com\/#organization"},"potentialAction":[{"@type":"SearchAction","target":{"@type":"EntryPoint","urlTemplate":"https:\/\/hierostrasbourg.com\/?s={search_term_string}"},"query-input":{"@type":"PropertyValueSpecification","valueRequired":true,"valueName":"search_term_string"}}],"inLanguage":"fr-FR"},{"@type":"Organization","@id":"https:\/\/hierostrasbourg.com\/#organization","name":"F\u00e9d\u00e9ration Hi\u00e9ro Strasbourg","url":"https:\/\/hierostrasbourg.com\/","logo":{"@type":"ImageObject","inLanguage":"fr-FR","@id":"https:\/\/hierostrasbourg.com\/#\/schema\/logo\/image\/","url":"https:\/\/hierostrasbourg.com\/wp-content\/uploads\/2026\/04\/logo-hiero-strasbourg.jpg","contentUrl":"https:\/\/hierostrasbourg.com\/wp-content\/uploads\/2026\/04\/logo-hiero-strasbourg.jpg","width":204,"height":192,"caption":"F\u00e9d\u00e9ration Hi\u00e9ro Strasbourg"},"image":{"@id":"https:\/\/hierostrasbourg.com\/#\/schema\/logo\/image\/"},"sameAs":["https:\/\/www.facebook.com\/fedehierostrasbourg","https:\/\/x.com\/hierostrasbourg"]}]}},"_links":{"self":[{"href":"https:\/\/hierostrasbourg.com\/index.php\/wp-json\/wp\/v2\/posts\/3034","targetHints":{"allow":["GET"]}}],"collection":[{"href":"https:\/\/hierostrasbourg.com\/index.php\/wp-json\/wp\/v2\/posts"}],"about":[{"href":"https:\/\/hierostrasbourg.com\/index.php\/wp-json\/wp\/v2\/types\/post"}],"replies":[{"embeddable":true,"href":"https:\/\/hierostrasbourg.com\/index.php\/wp-json\/wp\/v2\/comments?post=3034"}],"version-history":[{"count":0,"href":"https:\/\/hierostrasbourg.com\/index.php\/wp-json\/wp\/v2\/posts\/3034\/revisions"}],"wp:attachment":[{"href":"https:\/\/hierostrasbourg.com\/index.php\/wp-json\/wp\/v2\/media?parent=3034"}],"wp:term":[{"taxonomy":"category","embeddable":true,"href":"https:\/\/hierostrasbourg.com\/index.php\/wp-json\/wp\/v2\/categories?post=3034"},{"taxonomy":"post_tag","embeddable":true,"href":"https:\/\/hierostrasbourg.com\/index.php\/wp-json\/wp\/v2\/tags?post=3034"}],"curies":[{"name":"wp","href":"https:\/\/api.w.org\/{rel}","templated":true}]}}