{"id":3024,"date":"2022-06-25T19:33:58","date_gmt":"2022-06-25T17:33:58","guid":{"rendered":"https:\/\/hierostrasbourg.com\/index.php\/2022\/06\/25\/des-orchestres-scolaires-pour-lier-musique-et-engagement-citoyen\/"},"modified":"2022-06-25T19:33:58","modified_gmt":"2022-06-25T17:33:58","slug":"des-orchestres-scolaires-pour-lier-musique-et-engagement-citoyen","status":"publish","type":"post","link":"https:\/\/hierostrasbourg.com\/index.php\/2022\/06\/25\/des-orchestres-scolaires-pour-lier-musique-et-engagement-citoyen\/","title":{"rendered":"Des orchestres scolaires pour lier musique et engagement citoyen"},"content":{"rendered":"<p><em>La musique a un potentiel extr\u00eamement important pour aider \u00e0 la communication, \u00e0 la coexistence positive et \u00e0 la compr\u00e9hension interculturelle. On peut en tirer de grands b\u00e9n\u00e9fices dans les cours de musique en primaire.<\/em><\/p>\n<p>Source \/ Lire la suite : <a href=\"https:\/\/theconversation.com\/des-orchestres-scolaires-pour-lier-musique-et-engagement-citoyen-184999?\">Des orchestres scolaires pour lier musique et engagement citoyen<\/a><\/p>\n<p>L\u2019article <a href=\"https:\/\/popburo.fr\/des-orchestres-scolaires-pour-lier-musique-et-engagement-citoyen\/\">Des orchestres scolaires pour lier musique et engagement citoyen<\/a> est apparu en premier sur <a href=\"https:\/\/popburo.fr\/\">POP B\u00dcRO<\/a>.<\/p>\n","protected":false},"excerpt":{"rendered":"<p>La musique a un potentiel extr\u00eamement important pour aider \u00e0 la communication, \u00e0 la coexistence positive et \u00e0 la compr\u00e9hension interculturelle. On peut en tirer de grands b\u00e9n\u00e9fices dans les cours de musique en primaire. Source \/ Lire la suite : Des orchestres scolaires pour lier musique et engagement citoyen L\u2019article Des orchestres scolaires pour lier musique et engagement citoyen est apparu en premier sur POP B\u00dcRO.<\/p>\n","protected":false},"author":0,"featured_media":0,"comment_status":"closed","ping_status":"open","sticky":false,"template":"","format":"standard","meta":{"footnotes":""},"categories":[1],"tags":[],"class_list":["post-3024","post","type-post","status-publish","format-standard","hentry","category-non-classe"],"yoast_head":"<!-- This site is optimized with the Yoast SEO plugin v27.5 - https:\/\/yoast.com\/product\/yoast-seo-wordpress\/ -->\n<title>Des orchestres scolaires pour lier musique et engagement citoyen - HIERO STRASBOURG<\/title>\n<meta name=\"robots\" content=\"index, follow, max-snippet:-1, max-image-preview:large, max-video-preview:-1\" \/>\n<link rel=\"canonical\" href=\"https:\/\/hierostrasbourg.com\/index.php\/2022\/06\/25\/des-orchestres-scolaires-pour-lier-musique-et-engagement-citoyen\/\" \/>\n<meta property=\"og:locale\" content=\"fr_FR\" \/>\n<meta property=\"og:type\" content=\"article\" \/>\n<meta property=\"og:title\" content=\"Des orchestres scolaires pour lier musique et engagement citoyen - HIERO STRASBOURG\" \/>\n<meta property=\"og:description\" content=\"La musique a un potentiel extr\u00eamement important pour aider \u00e0 la communication, \u00e0 la coexistence positive et \u00e0 la compr\u00e9hension interculturelle. On peut en tirer de grands b\u00e9n\u00e9fices dans les cours de musique en primaire. Source \/ Lire la suite : Des orchestres scolaires pour lier musique et engagement citoyen L\u2019article Des orchestres scolaires pour lier musique et engagement citoyen est apparu en premier sur POP B\u00dcRO.\" \/>\n<meta property=\"og:url\" content=\"https:\/\/hierostrasbourg.com\/index.php\/2022\/06\/25\/des-orchestres-scolaires-pour-lier-musique-et-engagement-citoyen\/\" \/>\n<meta property=\"og:site_name\" content=\"HIERO STRASBOURG\" \/>\n<meta property=\"article:publisher\" content=\"https:\/\/www.facebook.com\/fedehierostrasbourg\" \/>\n<meta property=\"article:published_time\" content=\"2022-06-25T17:33:58+00:00\" \/>\n<meta name=\"twitter:card\" content=\"summary_large_image\" \/>\n<meta name=\"twitter:creator\" content=\"@hierostrasbourg\" \/>\n<meta name=\"twitter:site\" content=\"@hierostrasbourg\" \/>\n<script type=\"application\/ld+json\" class=\"yoast-schema-graph\">{\"@context\":\"https:\\\/\\\/schema.org\",\"@graph\":[{\"@type\":\"Article\",\"@id\":\"https:\\\/\\\/hierostrasbourg.com\\\/index.php\\\/2022\\\/06\\\/25\\\/des-orchestres-scolaires-pour-lier-musique-et-engagement-citoyen\\\/#article\",\"isPartOf\":{\"@id\":\"https:\\\/\\\/hierostrasbourg.com\\\/index.php\\\/2022\\\/06\\\/25\\\/des-orchestres-scolaires-pour-lier-musique-et-engagement-citoyen\\\/\"},\"author\":{\"name\":\"\",\"@id\":\"\"},\"headline\":\"Des orchestres scolaires pour lier musique et engagement citoyen\",\"datePublished\":\"2022-06-25T17:33:58+00:00\",\"mainEntityOfPage\":{\"@id\":\"https:\\\/\\\/hierostrasbourg.com\\\/index.php\\\/2022\\\/06\\\/25\\\/des-orchestres-scolaires-pour-lier-musique-et-engagement-citoyen\\\/\"},\"wordCount\":77,\"publisher\":{\"@id\":\"https:\\\/\\\/hierostrasbourg.com\\\/#organization\"},\"inLanguage\":\"fr-FR\"},{\"@type\":\"WebPage\",\"@id\":\"https:\\\/\\\/hierostrasbourg.com\\\/index.php\\\/2022\\\/06\\\/25\\\/des-orchestres-scolaires-pour-lier-musique-et-engagement-citoyen\\\/\",\"url\":\"https:\\\/\\\/hierostrasbourg.com\\\/index.php\\\/2022\\\/06\\\/25\\\/des-orchestres-scolaires-pour-lier-musique-et-engagement-citoyen\\\/\",\"name\":\"Des orchestres scolaires pour lier musique et engagement citoyen - HIERO STRASBOURG\",\"isPartOf\":{\"@id\":\"https:\\\/\\\/hierostrasbourg.com\\\/#website\"},\"datePublished\":\"2022-06-25T17:33:58+00:00\",\"breadcrumb\":{\"@id\":\"https:\\\/\\\/hierostrasbourg.com\\\/index.php\\\/2022\\\/06\\\/25\\\/des-orchestres-scolaires-pour-lier-musique-et-engagement-citoyen\\\/#breadcrumb\"},\"inLanguage\":\"fr-FR\",\"potentialAction\":[{\"@type\":\"ReadAction\",\"target\":[\"https:\\\/\\\/hierostrasbourg.com\\\/index.php\\\/2022\\\/06\\\/25\\\/des-orchestres-scolaires-pour-lier-musique-et-engagement-citoyen\\\/\"]}]},{\"@type\":\"BreadcrumbList\",\"@id\":\"https:\\\/\\\/hierostrasbourg.com\\\/index.php\\\/2022\\\/06\\\/25\\\/des-orchestres-scolaires-pour-lier-musique-et-engagement-citoyen\\\/#breadcrumb\",\"itemListElement\":[{\"@type\":\"ListItem\",\"position\":1,\"name\":\"Accueil\",\"item\":\"https:\\\/\\\/hierostrasbourg.com\\\/\"},{\"@type\":\"ListItem\",\"position\":2,\"name\":\"Des orchestres scolaires pour lier musique et engagement citoyen\"}]},{\"@type\":\"WebSite\",\"@id\":\"https:\\\/\\\/hierostrasbourg.com\\\/#website\",\"url\":\"https:\\\/\\\/hierostrasbourg.com\\\/\",\"name\":\"HIERO STRASBOURG\",\"description\":\"Centre de Ressources Musiques Actuelles\",\"publisher\":{\"@id\":\"https:\\\/\\\/hierostrasbourg.com\\\/#organization\"},\"potentialAction\":[{\"@type\":\"SearchAction\",\"target\":{\"@type\":\"EntryPoint\",\"urlTemplate\":\"https:\\\/\\\/hierostrasbourg.com\\\/?s={search_term_string}\"},\"query-input\":{\"@type\":\"PropertyValueSpecification\",\"valueRequired\":true,\"valueName\":\"search_term_string\"}}],\"inLanguage\":\"fr-FR\"},{\"@type\":\"Organization\",\"@id\":\"https:\\\/\\\/hierostrasbourg.com\\\/#organization\",\"name\":\"F\u00e9d\u00e9ration Hi\u00e9ro Strasbourg\",\"url\":\"https:\\\/\\\/hierostrasbourg.com\\\/\",\"logo\":{\"@type\":\"ImageObject\",\"inLanguage\":\"fr-FR\",\"@id\":\"https:\\\/\\\/hierostrasbourg.com\\\/#\\\/schema\\\/logo\\\/image\\\/\",\"url\":\"https:\\\/\\\/hierostrasbourg.com\\\/wp-content\\\/uploads\\\/2026\\\/04\\\/logo-hiero-strasbourg.jpg\",\"contentUrl\":\"https:\\\/\\\/hierostrasbourg.com\\\/wp-content\\\/uploads\\\/2026\\\/04\\\/logo-hiero-strasbourg.jpg\",\"width\":204,\"height\":192,\"caption\":\"F\u00e9d\u00e9ration Hi\u00e9ro Strasbourg\"},\"image\":{\"@id\":\"https:\\\/\\\/hierostrasbourg.com\\\/#\\\/schema\\\/logo\\\/image\\\/\"},\"sameAs\":[\"https:\\\/\\\/www.facebook.com\\\/fedehierostrasbourg\",\"https:\\\/\\\/x.com\\\/hierostrasbourg\"]}]}<\/script>\n<!-- \/ Yoast SEO plugin. -->","yoast_head_json":{"title":"Des orchestres scolaires pour lier musique et engagement citoyen - HIERO STRASBOURG","robots":{"index":"index","follow":"follow","max-snippet":"max-snippet:-1","max-image-preview":"max-image-preview:large","max-video-preview":"max-video-preview:-1"},"canonical":"https:\/\/hierostrasbourg.com\/index.php\/2022\/06\/25\/des-orchestres-scolaires-pour-lier-musique-et-engagement-citoyen\/","og_locale":"fr_FR","og_type":"article","og_title":"Des orchestres scolaires pour lier musique et engagement citoyen - HIERO STRASBOURG","og_description":"La musique a un potentiel extr\u00eamement important pour aider \u00e0 la communication, \u00e0 la coexistence positive et \u00e0 la compr\u00e9hension interculturelle. On peut en tirer de grands b\u00e9n\u00e9fices dans les cours de musique en primaire. Source \/ Lire la suite : Des orchestres scolaires pour lier musique et engagement citoyen L\u2019article Des orchestres scolaires pour lier musique et engagement citoyen est apparu en premier sur POP B\u00dcRO.","og_url":"https:\/\/hierostrasbourg.com\/index.php\/2022\/06\/25\/des-orchestres-scolaires-pour-lier-musique-et-engagement-citoyen\/","og_site_name":"HIERO STRASBOURG","article_publisher":"https:\/\/www.facebook.com\/fedehierostrasbourg","article_published_time":"2022-06-25T17:33:58+00:00","twitter_card":"summary_large_image","twitter_creator":"@hierostrasbourg","twitter_site":"@hierostrasbourg","schema":{"@context":"https:\/\/schema.org","@graph":[{"@type":"Article","@id":"https:\/\/hierostrasbourg.com\/index.php\/2022\/06\/25\/des-orchestres-scolaires-pour-lier-musique-et-engagement-citoyen\/#article","isPartOf":{"@id":"https:\/\/hierostrasbourg.com\/index.php\/2022\/06\/25\/des-orchestres-scolaires-pour-lier-musique-et-engagement-citoyen\/"},"author":{"name":"","@id":""},"headline":"Des orchestres scolaires pour lier musique et engagement citoyen","datePublished":"2022-06-25T17:33:58+00:00","mainEntityOfPage":{"@id":"https:\/\/hierostrasbourg.com\/index.php\/2022\/06\/25\/des-orchestres-scolaires-pour-lier-musique-et-engagement-citoyen\/"},"wordCount":77,"publisher":{"@id":"https:\/\/hierostrasbourg.com\/#organization"},"inLanguage":"fr-FR"},{"@type":"WebPage","@id":"https:\/\/hierostrasbourg.com\/index.php\/2022\/06\/25\/des-orchestres-scolaires-pour-lier-musique-et-engagement-citoyen\/","url":"https:\/\/hierostrasbourg.com\/index.php\/2022\/06\/25\/des-orchestres-scolaires-pour-lier-musique-et-engagement-citoyen\/","name":"Des orchestres scolaires pour lier musique et engagement citoyen - HIERO STRASBOURG","isPartOf":{"@id":"https:\/\/hierostrasbourg.com\/#website"},"datePublished":"2022-06-25T17:33:58+00:00","breadcrumb":{"@id":"https:\/\/hierostrasbourg.com\/index.php\/2022\/06\/25\/des-orchestres-scolaires-pour-lier-musique-et-engagement-citoyen\/#breadcrumb"},"inLanguage":"fr-FR","potentialAction":[{"@type":"ReadAction","target":["https:\/\/hierostrasbourg.com\/index.php\/2022\/06\/25\/des-orchestres-scolaires-pour-lier-musique-et-engagement-citoyen\/"]}]},{"@type":"BreadcrumbList","@id":"https:\/\/hierostrasbourg.com\/index.php\/2022\/06\/25\/des-orchestres-scolaires-pour-lier-musique-et-engagement-citoyen\/#breadcrumb","itemListElement":[{"@type":"ListItem","position":1,"name":"Accueil","item":"https:\/\/hierostrasbourg.com\/"},{"@type":"ListItem","position":2,"name":"Des orchestres scolaires pour lier musique et engagement citoyen"}]},{"@type":"WebSite","@id":"https:\/\/hierostrasbourg.com\/#website","url":"https:\/\/hierostrasbourg.com\/","name":"HIERO STRASBOURG","description":"Centre de Ressources Musiques Actuelles","publisher":{"@id":"https:\/\/hierostrasbourg.com\/#organization"},"potentialAction":[{"@type":"SearchAction","target":{"@type":"EntryPoint","urlTemplate":"https:\/\/hierostrasbourg.com\/?s={search_term_string}"},"query-input":{"@type":"PropertyValueSpecification","valueRequired":true,"valueName":"search_term_string"}}],"inLanguage":"fr-FR"},{"@type":"Organization","@id":"https:\/\/hierostrasbourg.com\/#organization","name":"F\u00e9d\u00e9ration Hi\u00e9ro Strasbourg","url":"https:\/\/hierostrasbourg.com\/","logo":{"@type":"ImageObject","inLanguage":"fr-FR","@id":"https:\/\/hierostrasbourg.com\/#\/schema\/logo\/image\/","url":"https:\/\/hierostrasbourg.com\/wp-content\/uploads\/2026\/04\/logo-hiero-strasbourg.jpg","contentUrl":"https:\/\/hierostrasbourg.com\/wp-content\/uploads\/2026\/04\/logo-hiero-strasbourg.jpg","width":204,"height":192,"caption":"F\u00e9d\u00e9ration Hi\u00e9ro Strasbourg"},"image":{"@id":"https:\/\/hierostrasbourg.com\/#\/schema\/logo\/image\/"},"sameAs":["https:\/\/www.facebook.com\/fedehierostrasbourg","https:\/\/x.com\/hierostrasbourg"]}]}},"_links":{"self":[{"href":"https:\/\/hierostrasbourg.com\/index.php\/wp-json\/wp\/v2\/posts\/3024","targetHints":{"allow":["GET"]}}],"collection":[{"href":"https:\/\/hierostrasbourg.com\/index.php\/wp-json\/wp\/v2\/posts"}],"about":[{"href":"https:\/\/hierostrasbourg.com\/index.php\/wp-json\/wp\/v2\/types\/post"}],"replies":[{"embeddable":true,"href":"https:\/\/hierostrasbourg.com\/index.php\/wp-json\/wp\/v2\/comments?post=3024"}],"version-history":[{"count":0,"href":"https:\/\/hierostrasbourg.com\/index.php\/wp-json\/wp\/v2\/posts\/3024\/revisions"}],"wp:attachment":[{"href":"https:\/\/hierostrasbourg.com\/index.php\/wp-json\/wp\/v2\/media?parent=3024"}],"wp:term":[{"taxonomy":"category","embeddable":true,"href":"https:\/\/hierostrasbourg.com\/index.php\/wp-json\/wp\/v2\/categories?post=3024"},{"taxonomy":"post_tag","embeddable":true,"href":"https:\/\/hierostrasbourg.com\/index.php\/wp-json\/wp\/v2\/tags?post=3024"}],"curies":[{"name":"wp","href":"https:\/\/api.w.org\/{rel}","templated":true}]}}