{"id":3018,"date":"2022-06-25T12:31:47","date_gmt":"2022-06-25T10:31:47","guid":{"rendered":"https:\/\/hierostrasbourg.com\/index.php\/2022\/06\/25\/le-mecenat-musical-a-lheure-de-la-solidarite\/"},"modified":"2022-06-25T12:31:47","modified_gmt":"2022-06-25T10:31:47","slug":"le-mecenat-musical-a-lheure-de-la-solidarite","status":"publish","type":"post","link":"https:\/\/hierostrasbourg.com\/index.php\/2022\/06\/25\/le-mecenat-musical-a-lheure-de-la-solidarite\/","title":{"rendered":"Le m\u00e9c\u00e9nat musical \u00e0 l\u2019heure de la solidarit\u00e9"},"content":{"rendered":"<p><a href=\"https:\/\/musiquesactuelles.alsace\/le-mecenat-musical-a-lheure-de-la-solidarite\/\" title=\"Le m\u00e9c\u00e9nat musical \u00e0 l\u2019heure de la solidarit\u00e9\"><\/a><\/p>\n<p>Depuis plusieurs ann\u00e9es, les initiatives solidaires en relation avec la musique se sont multipli\u00e9es, faisant du m\u00e9c\u00e9nat un acteur important du secteur. Tour d\u2019horizon. Source \/ Lire la suite : Le m\u00e9c\u00e9nat musical \u00e0 l\u2019heure de la solidarit\u00e9<\/p>\n<p>L\u2019article <a href=\"https:\/\/musiquesactuelles.alsace\/le-mecenat-musical-a-lheure-de-la-solidarite\/\">Le m\u00e9c\u00e9nat musical \u00e0 l\u2019heure de la solidarit\u00e9<\/a> est apparu en premier sur <a href=\"https:\/\/musiquesactuelles.alsace\/\">Musiques Actuelles en Alsace<\/a>.<\/p>\n<p>L\u2019article <a href=\"https:\/\/popburo.fr\/le-mecenat-musical-a-lheure-de-la-solidarite-2\/\">Le m\u00e9c\u00e9nat musical \u00e0 l\u2019heure de la solidarit\u00e9<\/a> est apparu en premier sur <a href=\"https:\/\/popburo.fr\/\">POP B\u00dcRO<\/a>.<\/p>\n","protected":false},"excerpt":{"rendered":"<p>Depuis plusieurs ann\u00e9es, les initiatives solidaires en relation avec la musique se sont multipli\u00e9es, faisant du m\u00e9c\u00e9nat un acteur important du secteur. Tour d\u2019horizon. Source \/ Lire la suite : Le m\u00e9c\u00e9nat musical \u00e0 l\u2019heure de la solidarit\u00e9 L\u2019article Le m\u00e9c\u00e9nat musical \u00e0 l\u2019heure de la solidarit\u00e9 est apparu en premier sur Musiques Actuelles en Alsace. L\u2019article Le m\u00e9c\u00e9nat musical \u00e0 l\u2019heure de la solidarit\u00e9 est apparu en premier sur POP B\u00dcRO.<\/p>\n","protected":false},"author":0,"featured_media":0,"comment_status":"closed","ping_status":"open","sticky":false,"template":"","format":"standard","meta":{"footnotes":""},"categories":[1],"tags":[],"class_list":["post-3018","post","type-post","status-publish","format-standard","hentry","category-non-classe"],"yoast_head":"<!-- This site is optimized with the Yoast SEO plugin v27.5 - https:\/\/yoast.com\/product\/yoast-seo-wordpress\/ -->\n<title>Le m\u00e9c\u00e9nat musical \u00e0 l\u2019heure de la solidarit\u00e9 - HIERO STRASBOURG<\/title>\n<meta name=\"robots\" content=\"index, follow, max-snippet:-1, max-image-preview:large, max-video-preview:-1\" \/>\n<link rel=\"canonical\" href=\"https:\/\/hierostrasbourg.com\/index.php\/2022\/06\/25\/le-mecenat-musical-a-lheure-de-la-solidarite\/\" \/>\n<meta property=\"og:locale\" content=\"fr_FR\" \/>\n<meta property=\"og:type\" content=\"article\" \/>\n<meta property=\"og:title\" content=\"Le m\u00e9c\u00e9nat musical \u00e0 l\u2019heure de la solidarit\u00e9 - HIERO STRASBOURG\" \/>\n<meta property=\"og:description\" content=\"Depuis plusieurs ann\u00e9es, les initiatives solidaires en relation avec la musique se sont multipli\u00e9es, faisant du m\u00e9c\u00e9nat un acteur important du secteur. Tour d\u2019horizon. Source \/ Lire la suite : Le m\u00e9c\u00e9nat musical \u00e0 l\u2019heure de la solidarit\u00e9 L\u2019article Le m\u00e9c\u00e9nat musical \u00e0 l\u2019heure de la solidarit\u00e9 est apparu en premier sur Musiques Actuelles en Alsace. L\u2019article Le m\u00e9c\u00e9nat musical \u00e0 l\u2019heure de la solidarit\u00e9 est apparu en premier sur POP B\u00dcRO.\" \/>\n<meta property=\"og:url\" content=\"https:\/\/hierostrasbourg.com\/index.php\/2022\/06\/25\/le-mecenat-musical-a-lheure-de-la-solidarite\/\" \/>\n<meta property=\"og:site_name\" content=\"HIERO STRASBOURG\" \/>\n<meta property=\"article:publisher\" content=\"https:\/\/www.facebook.com\/fedehierostrasbourg\" \/>\n<meta property=\"article:published_time\" content=\"2022-06-25T10:31:47+00:00\" \/>\n<meta name=\"twitter:card\" content=\"summary_large_image\" \/>\n<meta name=\"twitter:creator\" content=\"@hierostrasbourg\" \/>\n<meta name=\"twitter:site\" content=\"@hierostrasbourg\" \/>\n<script type=\"application\/ld+json\" class=\"yoast-schema-graph\">{\"@context\":\"https:\\\/\\\/schema.org\",\"@graph\":[{\"@type\":\"Article\",\"@id\":\"https:\\\/\\\/hierostrasbourg.com\\\/index.php\\\/2022\\\/06\\\/25\\\/le-mecenat-musical-a-lheure-de-la-solidarite\\\/#article\",\"isPartOf\":{\"@id\":\"https:\\\/\\\/hierostrasbourg.com\\\/index.php\\\/2022\\\/06\\\/25\\\/le-mecenat-musical-a-lheure-de-la-solidarite\\\/\"},\"author\":{\"name\":\"\",\"@id\":\"\"},\"headline\":\"Le m\u00e9c\u00e9nat musical \u00e0 l\u2019heure de la solidarit\u00e9\",\"datePublished\":\"2022-06-25T10:31:47+00:00\",\"mainEntityOfPage\":{\"@id\":\"https:\\\/\\\/hierostrasbourg.com\\\/index.php\\\/2022\\\/06\\\/25\\\/le-mecenat-musical-a-lheure-de-la-solidarite\\\/\"},\"wordCount\":94,\"publisher\":{\"@id\":\"https:\\\/\\\/hierostrasbourg.com\\\/#organization\"},\"inLanguage\":\"fr-FR\"},{\"@type\":\"WebPage\",\"@id\":\"https:\\\/\\\/hierostrasbourg.com\\\/index.php\\\/2022\\\/06\\\/25\\\/le-mecenat-musical-a-lheure-de-la-solidarite\\\/\",\"url\":\"https:\\\/\\\/hierostrasbourg.com\\\/index.php\\\/2022\\\/06\\\/25\\\/le-mecenat-musical-a-lheure-de-la-solidarite\\\/\",\"name\":\"Le m\u00e9c\u00e9nat musical \u00e0 l\u2019heure de la solidarit\u00e9 - HIERO STRASBOURG\",\"isPartOf\":{\"@id\":\"https:\\\/\\\/hierostrasbourg.com\\\/#website\"},\"datePublished\":\"2022-06-25T10:31:47+00:00\",\"breadcrumb\":{\"@id\":\"https:\\\/\\\/hierostrasbourg.com\\\/index.php\\\/2022\\\/06\\\/25\\\/le-mecenat-musical-a-lheure-de-la-solidarite\\\/#breadcrumb\"},\"inLanguage\":\"fr-FR\",\"potentialAction\":[{\"@type\":\"ReadAction\",\"target\":[\"https:\\\/\\\/hierostrasbourg.com\\\/index.php\\\/2022\\\/06\\\/25\\\/le-mecenat-musical-a-lheure-de-la-solidarite\\\/\"]}]},{\"@type\":\"BreadcrumbList\",\"@id\":\"https:\\\/\\\/hierostrasbourg.com\\\/index.php\\\/2022\\\/06\\\/25\\\/le-mecenat-musical-a-lheure-de-la-solidarite\\\/#breadcrumb\",\"itemListElement\":[{\"@type\":\"ListItem\",\"position\":1,\"name\":\"Accueil\",\"item\":\"https:\\\/\\\/hierostrasbourg.com\\\/\"},{\"@type\":\"ListItem\",\"position\":2,\"name\":\"Le m\u00e9c\u00e9nat musical \u00e0 l\u2019heure de la solidarit\u00e9\"}]},{\"@type\":\"WebSite\",\"@id\":\"https:\\\/\\\/hierostrasbourg.com\\\/#website\",\"url\":\"https:\\\/\\\/hierostrasbourg.com\\\/\",\"name\":\"HIERO STRASBOURG\",\"description\":\"Centre de Ressources Musiques Actuelles\",\"publisher\":{\"@id\":\"https:\\\/\\\/hierostrasbourg.com\\\/#organization\"},\"potentialAction\":[{\"@type\":\"SearchAction\",\"target\":{\"@type\":\"EntryPoint\",\"urlTemplate\":\"https:\\\/\\\/hierostrasbourg.com\\\/?s={search_term_string}\"},\"query-input\":{\"@type\":\"PropertyValueSpecification\",\"valueRequired\":true,\"valueName\":\"search_term_string\"}}],\"inLanguage\":\"fr-FR\"},{\"@type\":\"Organization\",\"@id\":\"https:\\\/\\\/hierostrasbourg.com\\\/#organization\",\"name\":\"F\u00e9d\u00e9ration Hi\u00e9ro Strasbourg\",\"url\":\"https:\\\/\\\/hierostrasbourg.com\\\/\",\"logo\":{\"@type\":\"ImageObject\",\"inLanguage\":\"fr-FR\",\"@id\":\"https:\\\/\\\/hierostrasbourg.com\\\/#\\\/schema\\\/logo\\\/image\\\/\",\"url\":\"https:\\\/\\\/hierostrasbourg.com\\\/wp-content\\\/uploads\\\/2026\\\/04\\\/logo-hiero-strasbourg.jpg\",\"contentUrl\":\"https:\\\/\\\/hierostrasbourg.com\\\/wp-content\\\/uploads\\\/2026\\\/04\\\/logo-hiero-strasbourg.jpg\",\"width\":204,\"height\":192,\"caption\":\"F\u00e9d\u00e9ration Hi\u00e9ro Strasbourg\"},\"image\":{\"@id\":\"https:\\\/\\\/hierostrasbourg.com\\\/#\\\/schema\\\/logo\\\/image\\\/\"},\"sameAs\":[\"https:\\\/\\\/www.facebook.com\\\/fedehierostrasbourg\",\"https:\\\/\\\/x.com\\\/hierostrasbourg\"]}]}<\/script>\n<!-- \/ Yoast SEO plugin. -->","yoast_head_json":{"title":"Le m\u00e9c\u00e9nat musical \u00e0 l\u2019heure de la solidarit\u00e9 - HIERO STRASBOURG","robots":{"index":"index","follow":"follow","max-snippet":"max-snippet:-1","max-image-preview":"max-image-preview:large","max-video-preview":"max-video-preview:-1"},"canonical":"https:\/\/hierostrasbourg.com\/index.php\/2022\/06\/25\/le-mecenat-musical-a-lheure-de-la-solidarite\/","og_locale":"fr_FR","og_type":"article","og_title":"Le m\u00e9c\u00e9nat musical \u00e0 l\u2019heure de la solidarit\u00e9 - HIERO STRASBOURG","og_description":"Depuis plusieurs ann\u00e9es, les initiatives solidaires en relation avec la musique se sont multipli\u00e9es, faisant du m\u00e9c\u00e9nat un acteur important du secteur. Tour d\u2019horizon. Source \/ Lire la suite : Le m\u00e9c\u00e9nat musical \u00e0 l\u2019heure de la solidarit\u00e9 L\u2019article Le m\u00e9c\u00e9nat musical \u00e0 l\u2019heure de la solidarit\u00e9 est apparu en premier sur Musiques Actuelles en Alsace. L\u2019article Le m\u00e9c\u00e9nat musical \u00e0 l\u2019heure de la solidarit\u00e9 est apparu en premier sur POP B\u00dcRO.","og_url":"https:\/\/hierostrasbourg.com\/index.php\/2022\/06\/25\/le-mecenat-musical-a-lheure-de-la-solidarite\/","og_site_name":"HIERO STRASBOURG","article_publisher":"https:\/\/www.facebook.com\/fedehierostrasbourg","article_published_time":"2022-06-25T10:31:47+00:00","twitter_card":"summary_large_image","twitter_creator":"@hierostrasbourg","twitter_site":"@hierostrasbourg","schema":{"@context":"https:\/\/schema.org","@graph":[{"@type":"Article","@id":"https:\/\/hierostrasbourg.com\/index.php\/2022\/06\/25\/le-mecenat-musical-a-lheure-de-la-solidarite\/#article","isPartOf":{"@id":"https:\/\/hierostrasbourg.com\/index.php\/2022\/06\/25\/le-mecenat-musical-a-lheure-de-la-solidarite\/"},"author":{"name":"","@id":""},"headline":"Le m\u00e9c\u00e9nat musical \u00e0 l\u2019heure de la solidarit\u00e9","datePublished":"2022-06-25T10:31:47+00:00","mainEntityOfPage":{"@id":"https:\/\/hierostrasbourg.com\/index.php\/2022\/06\/25\/le-mecenat-musical-a-lheure-de-la-solidarite\/"},"wordCount":94,"publisher":{"@id":"https:\/\/hierostrasbourg.com\/#organization"},"inLanguage":"fr-FR"},{"@type":"WebPage","@id":"https:\/\/hierostrasbourg.com\/index.php\/2022\/06\/25\/le-mecenat-musical-a-lheure-de-la-solidarite\/","url":"https:\/\/hierostrasbourg.com\/index.php\/2022\/06\/25\/le-mecenat-musical-a-lheure-de-la-solidarite\/","name":"Le m\u00e9c\u00e9nat musical \u00e0 l\u2019heure de la solidarit\u00e9 - HIERO STRASBOURG","isPartOf":{"@id":"https:\/\/hierostrasbourg.com\/#website"},"datePublished":"2022-06-25T10:31:47+00:00","breadcrumb":{"@id":"https:\/\/hierostrasbourg.com\/index.php\/2022\/06\/25\/le-mecenat-musical-a-lheure-de-la-solidarite\/#breadcrumb"},"inLanguage":"fr-FR","potentialAction":[{"@type":"ReadAction","target":["https:\/\/hierostrasbourg.com\/index.php\/2022\/06\/25\/le-mecenat-musical-a-lheure-de-la-solidarite\/"]}]},{"@type":"BreadcrumbList","@id":"https:\/\/hierostrasbourg.com\/index.php\/2022\/06\/25\/le-mecenat-musical-a-lheure-de-la-solidarite\/#breadcrumb","itemListElement":[{"@type":"ListItem","position":1,"name":"Accueil","item":"https:\/\/hierostrasbourg.com\/"},{"@type":"ListItem","position":2,"name":"Le m\u00e9c\u00e9nat musical \u00e0 l\u2019heure de la solidarit\u00e9"}]},{"@type":"WebSite","@id":"https:\/\/hierostrasbourg.com\/#website","url":"https:\/\/hierostrasbourg.com\/","name":"HIERO STRASBOURG","description":"Centre de Ressources Musiques Actuelles","publisher":{"@id":"https:\/\/hierostrasbourg.com\/#organization"},"potentialAction":[{"@type":"SearchAction","target":{"@type":"EntryPoint","urlTemplate":"https:\/\/hierostrasbourg.com\/?s={search_term_string}"},"query-input":{"@type":"PropertyValueSpecification","valueRequired":true,"valueName":"search_term_string"}}],"inLanguage":"fr-FR"},{"@type":"Organization","@id":"https:\/\/hierostrasbourg.com\/#organization","name":"F\u00e9d\u00e9ration Hi\u00e9ro Strasbourg","url":"https:\/\/hierostrasbourg.com\/","logo":{"@type":"ImageObject","inLanguage":"fr-FR","@id":"https:\/\/hierostrasbourg.com\/#\/schema\/logo\/image\/","url":"https:\/\/hierostrasbourg.com\/wp-content\/uploads\/2026\/04\/logo-hiero-strasbourg.jpg","contentUrl":"https:\/\/hierostrasbourg.com\/wp-content\/uploads\/2026\/04\/logo-hiero-strasbourg.jpg","width":204,"height":192,"caption":"F\u00e9d\u00e9ration Hi\u00e9ro Strasbourg"},"image":{"@id":"https:\/\/hierostrasbourg.com\/#\/schema\/logo\/image\/"},"sameAs":["https:\/\/www.facebook.com\/fedehierostrasbourg","https:\/\/x.com\/hierostrasbourg"]}]}},"_links":{"self":[{"href":"https:\/\/hierostrasbourg.com\/index.php\/wp-json\/wp\/v2\/posts\/3018","targetHints":{"allow":["GET"]}}],"collection":[{"href":"https:\/\/hierostrasbourg.com\/index.php\/wp-json\/wp\/v2\/posts"}],"about":[{"href":"https:\/\/hierostrasbourg.com\/index.php\/wp-json\/wp\/v2\/types\/post"}],"replies":[{"embeddable":true,"href":"https:\/\/hierostrasbourg.com\/index.php\/wp-json\/wp\/v2\/comments?post=3018"}],"version-history":[{"count":0,"href":"https:\/\/hierostrasbourg.com\/index.php\/wp-json\/wp\/v2\/posts\/3018\/revisions"}],"wp:attachment":[{"href":"https:\/\/hierostrasbourg.com\/index.php\/wp-json\/wp\/v2\/media?parent=3018"}],"wp:term":[{"taxonomy":"category","embeddable":true,"href":"https:\/\/hierostrasbourg.com\/index.php\/wp-json\/wp\/v2\/categories?post=3018"},{"taxonomy":"post_tag","embeddable":true,"href":"https:\/\/hierostrasbourg.com\/index.php\/wp-json\/wp\/v2\/tags?post=3018"}],"curies":[{"name":"wp","href":"https:\/\/api.w.org\/{rel}","templated":true}]}}