{"id":3006,"date":"2022-06-25T11:31:38","date_gmt":"2022-06-25T09:31:38","guid":{"rendered":"https:\/\/hierostrasbourg.com\/index.php\/2022\/06\/25\/intermittence-quand-demander-ses-conges-spectacles\/"},"modified":"2022-06-25T11:31:38","modified_gmt":"2022-06-25T09:31:38","slug":"intermittence-quand-demander-ses-conges-spectacles","status":"publish","type":"post","link":"https:\/\/hierostrasbourg.com\/index.php\/2022\/06\/25\/intermittence-quand-demander-ses-conges-spectacles\/","title":{"rendered":"Intermittence : quand demander ses cong\u00e9s spectacles ?"},"content":{"rendered":"<p><em>Confi\u00e9e au groupe Audiens en 2014, la Caisse des Cong\u00e9s Spectacles s\u2019est affin\u00e9e ces derni\u00e8res ann\u00e9es. Fran\u00e7ois Allavena, directeur d\u00e9l\u00e9gu\u00e9, et Benoit Perenchio, directeur de la gestion des particuliers, reviennent sur les sp\u00e9cificit\u00e9s de sa gestion.<\/em><\/p>\n<p>Source \/ Lire la suite : <a href=\"https:\/\/www.culturematin.com\/juridique-rh\/rh-formation-intermittence\/intermittence-quand-demander-ses-conges-spectacles.html\">Intermittence : quand demander ses cong\u00e9s spectacles ?<\/a><\/p>\n<p>L\u2019article <a href=\"https:\/\/popburo.fr\/intermittence-quand-demander-ses-conges-spectacles\/\">Intermittence : quand demander ses cong\u00e9s spectacles ?<\/a> est apparu en premier sur <a href=\"https:\/\/popburo.fr\/\">POP B\u00dcRO<\/a>.<\/p>\n","protected":false},"excerpt":{"rendered":"<p>Confi\u00e9e au groupe Audiens en 2014, la Caisse des Cong\u00e9s Spectacles s\u2019est affin\u00e9e ces derni\u00e8res ann\u00e9es. Fran\u00e7ois Allavena, directeur d\u00e9l\u00e9gu\u00e9, et Benoit Perenchio, directeur de la gestion des particuliers, reviennent sur les sp\u00e9cificit\u00e9s de sa gestion. Source \/ Lire la suite : Intermittence : quand demander ses cong\u00e9s spectacles ? L\u2019article Intermittence : quand demander ses cong\u00e9s spectacles ? est apparu en premier sur POP B\u00dcRO.<\/p>\n","protected":false},"author":0,"featured_media":0,"comment_status":"closed","ping_status":"open","sticky":false,"template":"","format":"standard","meta":{"footnotes":""},"categories":[1],"tags":[],"class_list":["post-3006","post","type-post","status-publish","format-standard","hentry","category-non-classe"],"yoast_head":"<!-- This site is optimized with the Yoast SEO plugin v27.5 - https:\/\/yoast.com\/product\/yoast-seo-wordpress\/ -->\n<title>Intermittence : quand demander ses cong\u00e9s spectacles ? - HIERO STRASBOURG<\/title>\n<meta name=\"robots\" content=\"index, follow, max-snippet:-1, max-image-preview:large, max-video-preview:-1\" \/>\n<link rel=\"canonical\" href=\"https:\/\/hierostrasbourg.com\/index.php\/2022\/06\/25\/intermittence-quand-demander-ses-conges-spectacles\/\" \/>\n<meta property=\"og:locale\" content=\"fr_FR\" \/>\n<meta property=\"og:type\" content=\"article\" \/>\n<meta property=\"og:title\" content=\"Intermittence : quand demander ses cong\u00e9s spectacles ? - HIERO STRASBOURG\" \/>\n<meta property=\"og:description\" content=\"Confi\u00e9e au groupe Audiens en 2014, la Caisse des Cong\u00e9s Spectacles s\u2019est affin\u00e9e ces derni\u00e8res ann\u00e9es. Fran\u00e7ois Allavena, directeur d\u00e9l\u00e9gu\u00e9, et Benoit Perenchio, directeur de la gestion des particuliers, reviennent sur les sp\u00e9cificit\u00e9s de sa gestion. Source \/ Lire la suite : Intermittence : quand demander ses cong\u00e9s spectacles ? L\u2019article Intermittence : quand demander ses cong\u00e9s spectacles ? est apparu en premier sur POP B\u00dcRO.\" \/>\n<meta property=\"og:url\" content=\"https:\/\/hierostrasbourg.com\/index.php\/2022\/06\/25\/intermittence-quand-demander-ses-conges-spectacles\/\" \/>\n<meta property=\"og:site_name\" content=\"HIERO STRASBOURG\" \/>\n<meta property=\"article:publisher\" content=\"https:\/\/www.facebook.com\/fedehierostrasbourg\" \/>\n<meta property=\"article:published_time\" content=\"2022-06-25T09:31:38+00:00\" \/>\n<meta name=\"twitter:card\" content=\"summary_large_image\" \/>\n<meta name=\"twitter:creator\" content=\"@hierostrasbourg\" \/>\n<meta name=\"twitter:site\" content=\"@hierostrasbourg\" \/>\n<script type=\"application\/ld+json\" class=\"yoast-schema-graph\">{\"@context\":\"https:\\\/\\\/schema.org\",\"@graph\":[{\"@type\":\"Article\",\"@id\":\"https:\\\/\\\/hierostrasbourg.com\\\/index.php\\\/2022\\\/06\\\/25\\\/intermittence-quand-demander-ses-conges-spectacles\\\/#article\",\"isPartOf\":{\"@id\":\"https:\\\/\\\/hierostrasbourg.com\\\/index.php\\\/2022\\\/06\\\/25\\\/intermittence-quand-demander-ses-conges-spectacles\\\/\"},\"author\":{\"name\":\"\",\"@id\":\"\"},\"headline\":\"Intermittence : quand demander ses cong\u00e9s spectacles ?\",\"datePublished\":\"2022-06-25T09:31:38+00:00\",\"mainEntityOfPage\":{\"@id\":\"https:\\\/\\\/hierostrasbourg.com\\\/index.php\\\/2022\\\/06\\\/25\\\/intermittence-quand-demander-ses-conges-spectacles\\\/\"},\"wordCount\":81,\"publisher\":{\"@id\":\"https:\\\/\\\/hierostrasbourg.com\\\/#organization\"},\"inLanguage\":\"fr-FR\"},{\"@type\":\"WebPage\",\"@id\":\"https:\\\/\\\/hierostrasbourg.com\\\/index.php\\\/2022\\\/06\\\/25\\\/intermittence-quand-demander-ses-conges-spectacles\\\/\",\"url\":\"https:\\\/\\\/hierostrasbourg.com\\\/index.php\\\/2022\\\/06\\\/25\\\/intermittence-quand-demander-ses-conges-spectacles\\\/\",\"name\":\"Intermittence : quand demander ses cong\u00e9s spectacles ? - HIERO STRASBOURG\",\"isPartOf\":{\"@id\":\"https:\\\/\\\/hierostrasbourg.com\\\/#website\"},\"datePublished\":\"2022-06-25T09:31:38+00:00\",\"breadcrumb\":{\"@id\":\"https:\\\/\\\/hierostrasbourg.com\\\/index.php\\\/2022\\\/06\\\/25\\\/intermittence-quand-demander-ses-conges-spectacles\\\/#breadcrumb\"},\"inLanguage\":\"fr-FR\",\"potentialAction\":[{\"@type\":\"ReadAction\",\"target\":[\"https:\\\/\\\/hierostrasbourg.com\\\/index.php\\\/2022\\\/06\\\/25\\\/intermittence-quand-demander-ses-conges-spectacles\\\/\"]}]},{\"@type\":\"BreadcrumbList\",\"@id\":\"https:\\\/\\\/hierostrasbourg.com\\\/index.php\\\/2022\\\/06\\\/25\\\/intermittence-quand-demander-ses-conges-spectacles\\\/#breadcrumb\",\"itemListElement\":[{\"@type\":\"ListItem\",\"position\":1,\"name\":\"Accueil\",\"item\":\"https:\\\/\\\/hierostrasbourg.com\\\/\"},{\"@type\":\"ListItem\",\"position\":2,\"name\":\"Intermittence : quand demander ses cong\u00e9s spectacles ?\"}]},{\"@type\":\"WebSite\",\"@id\":\"https:\\\/\\\/hierostrasbourg.com\\\/#website\",\"url\":\"https:\\\/\\\/hierostrasbourg.com\\\/\",\"name\":\"HIERO STRASBOURG\",\"description\":\"Centre de Ressources Musiques Actuelles\",\"publisher\":{\"@id\":\"https:\\\/\\\/hierostrasbourg.com\\\/#organization\"},\"potentialAction\":[{\"@type\":\"SearchAction\",\"target\":{\"@type\":\"EntryPoint\",\"urlTemplate\":\"https:\\\/\\\/hierostrasbourg.com\\\/?s={search_term_string}\"},\"query-input\":{\"@type\":\"PropertyValueSpecification\",\"valueRequired\":true,\"valueName\":\"search_term_string\"}}],\"inLanguage\":\"fr-FR\"},{\"@type\":\"Organization\",\"@id\":\"https:\\\/\\\/hierostrasbourg.com\\\/#organization\",\"name\":\"F\u00e9d\u00e9ration Hi\u00e9ro Strasbourg\",\"url\":\"https:\\\/\\\/hierostrasbourg.com\\\/\",\"logo\":{\"@type\":\"ImageObject\",\"inLanguage\":\"fr-FR\",\"@id\":\"https:\\\/\\\/hierostrasbourg.com\\\/#\\\/schema\\\/logo\\\/image\\\/\",\"url\":\"https:\\\/\\\/hierostrasbourg.com\\\/wp-content\\\/uploads\\\/2026\\\/04\\\/logo-hiero-strasbourg.jpg\",\"contentUrl\":\"https:\\\/\\\/hierostrasbourg.com\\\/wp-content\\\/uploads\\\/2026\\\/04\\\/logo-hiero-strasbourg.jpg\",\"width\":204,\"height\":192,\"caption\":\"F\u00e9d\u00e9ration Hi\u00e9ro Strasbourg\"},\"image\":{\"@id\":\"https:\\\/\\\/hierostrasbourg.com\\\/#\\\/schema\\\/logo\\\/image\\\/\"},\"sameAs\":[\"https:\\\/\\\/www.facebook.com\\\/fedehierostrasbourg\",\"https:\\\/\\\/x.com\\\/hierostrasbourg\"]}]}<\/script>\n<!-- \/ Yoast SEO plugin. -->","yoast_head_json":{"title":"Intermittence : quand demander ses cong\u00e9s spectacles ? - HIERO STRASBOURG","robots":{"index":"index","follow":"follow","max-snippet":"max-snippet:-1","max-image-preview":"max-image-preview:large","max-video-preview":"max-video-preview:-1"},"canonical":"https:\/\/hierostrasbourg.com\/index.php\/2022\/06\/25\/intermittence-quand-demander-ses-conges-spectacles\/","og_locale":"fr_FR","og_type":"article","og_title":"Intermittence : quand demander ses cong\u00e9s spectacles ? - HIERO STRASBOURG","og_description":"Confi\u00e9e au groupe Audiens en 2014, la Caisse des Cong\u00e9s Spectacles s\u2019est affin\u00e9e ces derni\u00e8res ann\u00e9es. Fran\u00e7ois Allavena, directeur d\u00e9l\u00e9gu\u00e9, et Benoit Perenchio, directeur de la gestion des particuliers, reviennent sur les sp\u00e9cificit\u00e9s de sa gestion. Source \/ Lire la suite : Intermittence : quand demander ses cong\u00e9s spectacles ? L\u2019article Intermittence : quand demander ses cong\u00e9s spectacles ? est apparu en premier sur POP B\u00dcRO.","og_url":"https:\/\/hierostrasbourg.com\/index.php\/2022\/06\/25\/intermittence-quand-demander-ses-conges-spectacles\/","og_site_name":"HIERO STRASBOURG","article_publisher":"https:\/\/www.facebook.com\/fedehierostrasbourg","article_published_time":"2022-06-25T09:31:38+00:00","twitter_card":"summary_large_image","twitter_creator":"@hierostrasbourg","twitter_site":"@hierostrasbourg","schema":{"@context":"https:\/\/schema.org","@graph":[{"@type":"Article","@id":"https:\/\/hierostrasbourg.com\/index.php\/2022\/06\/25\/intermittence-quand-demander-ses-conges-spectacles\/#article","isPartOf":{"@id":"https:\/\/hierostrasbourg.com\/index.php\/2022\/06\/25\/intermittence-quand-demander-ses-conges-spectacles\/"},"author":{"name":"","@id":""},"headline":"Intermittence : quand demander ses cong\u00e9s spectacles ?","datePublished":"2022-06-25T09:31:38+00:00","mainEntityOfPage":{"@id":"https:\/\/hierostrasbourg.com\/index.php\/2022\/06\/25\/intermittence-quand-demander-ses-conges-spectacles\/"},"wordCount":81,"publisher":{"@id":"https:\/\/hierostrasbourg.com\/#organization"},"inLanguage":"fr-FR"},{"@type":"WebPage","@id":"https:\/\/hierostrasbourg.com\/index.php\/2022\/06\/25\/intermittence-quand-demander-ses-conges-spectacles\/","url":"https:\/\/hierostrasbourg.com\/index.php\/2022\/06\/25\/intermittence-quand-demander-ses-conges-spectacles\/","name":"Intermittence : quand demander ses cong\u00e9s spectacles ? - HIERO STRASBOURG","isPartOf":{"@id":"https:\/\/hierostrasbourg.com\/#website"},"datePublished":"2022-06-25T09:31:38+00:00","breadcrumb":{"@id":"https:\/\/hierostrasbourg.com\/index.php\/2022\/06\/25\/intermittence-quand-demander-ses-conges-spectacles\/#breadcrumb"},"inLanguage":"fr-FR","potentialAction":[{"@type":"ReadAction","target":["https:\/\/hierostrasbourg.com\/index.php\/2022\/06\/25\/intermittence-quand-demander-ses-conges-spectacles\/"]}]},{"@type":"BreadcrumbList","@id":"https:\/\/hierostrasbourg.com\/index.php\/2022\/06\/25\/intermittence-quand-demander-ses-conges-spectacles\/#breadcrumb","itemListElement":[{"@type":"ListItem","position":1,"name":"Accueil","item":"https:\/\/hierostrasbourg.com\/"},{"@type":"ListItem","position":2,"name":"Intermittence : quand demander ses cong\u00e9s spectacles ?"}]},{"@type":"WebSite","@id":"https:\/\/hierostrasbourg.com\/#website","url":"https:\/\/hierostrasbourg.com\/","name":"HIERO STRASBOURG","description":"Centre de Ressources Musiques Actuelles","publisher":{"@id":"https:\/\/hierostrasbourg.com\/#organization"},"potentialAction":[{"@type":"SearchAction","target":{"@type":"EntryPoint","urlTemplate":"https:\/\/hierostrasbourg.com\/?s={search_term_string}"},"query-input":{"@type":"PropertyValueSpecification","valueRequired":true,"valueName":"search_term_string"}}],"inLanguage":"fr-FR"},{"@type":"Organization","@id":"https:\/\/hierostrasbourg.com\/#organization","name":"F\u00e9d\u00e9ration Hi\u00e9ro Strasbourg","url":"https:\/\/hierostrasbourg.com\/","logo":{"@type":"ImageObject","inLanguage":"fr-FR","@id":"https:\/\/hierostrasbourg.com\/#\/schema\/logo\/image\/","url":"https:\/\/hierostrasbourg.com\/wp-content\/uploads\/2026\/04\/logo-hiero-strasbourg.jpg","contentUrl":"https:\/\/hierostrasbourg.com\/wp-content\/uploads\/2026\/04\/logo-hiero-strasbourg.jpg","width":204,"height":192,"caption":"F\u00e9d\u00e9ration Hi\u00e9ro Strasbourg"},"image":{"@id":"https:\/\/hierostrasbourg.com\/#\/schema\/logo\/image\/"},"sameAs":["https:\/\/www.facebook.com\/fedehierostrasbourg","https:\/\/x.com\/hierostrasbourg"]}]}},"_links":{"self":[{"href":"https:\/\/hierostrasbourg.com\/index.php\/wp-json\/wp\/v2\/posts\/3006","targetHints":{"allow":["GET"]}}],"collection":[{"href":"https:\/\/hierostrasbourg.com\/index.php\/wp-json\/wp\/v2\/posts"}],"about":[{"href":"https:\/\/hierostrasbourg.com\/index.php\/wp-json\/wp\/v2\/types\/post"}],"replies":[{"embeddable":true,"href":"https:\/\/hierostrasbourg.com\/index.php\/wp-json\/wp\/v2\/comments?post=3006"}],"version-history":[{"count":0,"href":"https:\/\/hierostrasbourg.com\/index.php\/wp-json\/wp\/v2\/posts\/3006\/revisions"}],"wp:attachment":[{"href":"https:\/\/hierostrasbourg.com\/index.php\/wp-json\/wp\/v2\/media?parent=3006"}],"wp:term":[{"taxonomy":"category","embeddable":true,"href":"https:\/\/hierostrasbourg.com\/index.php\/wp-json\/wp\/v2\/categories?post=3006"},{"taxonomy":"post_tag","embeddable":true,"href":"https:\/\/hierostrasbourg.com\/index.php\/wp-json\/wp\/v2\/tags?post=3006"}],"curies":[{"name":"wp","href":"https:\/\/api.w.org\/{rel}","templated":true}]}}