{"id":3004,"date":"2022-06-25T08:31:51","date_gmt":"2022-06-25T06:31:51","guid":{"rendered":"https:\/\/hierostrasbourg.com\/index.php\/2022\/06\/25\/canicule-a-toulouse-comment-le-festival-rio-loco-sadapte-face-aux-fortes-chaleurs-2\/"},"modified":"2022-06-25T08:31:51","modified_gmt":"2022-06-25T06:31:51","slug":"canicule-a-toulouse-comment-le-festival-rio-loco-sadapte-face-aux-fortes-chaleurs-2","status":"publish","type":"post","link":"https:\/\/hierostrasbourg.com\/index.php\/2022\/06\/25\/canicule-a-toulouse-comment-le-festival-rio-loco-sadapte-face-aux-fortes-chaleurs-2\/","title":{"rendered":"Canicule \u00e0 Toulouse. Comment le festival Rio Loco s\u2019adapte face aux fortes chaleurs"},"content":{"rendered":"<p><em>Alors que Toulouse et la Haute-Garonne sont en vigilance rouge \u00e0 la canicule, le festival Rio Loco est maintenu jusqu\u2019\u00e0 dimanche. Et s\u2019adapte pour faire face aux temp\u00e9ratures.<\/em><\/p>\n<p>Source \/ Lire la suite : <a href=\"https:\/\/actu.fr\/occitanie\/toulouse_31555\/canicule-a-toulouse-comment-le-festival-rio-loco-s-adapte-face-aux-fortes-chaleurs_51809252.html\">Canicule \u00e0 Toulouse. Comment le festival Rio Loco s\u2019adapte face aux fortes chaleurs<\/a><\/p>\n<p>L\u2019article <a href=\"https:\/\/popburo.fr\/canicule-a-toulouse-comment-le-festival-rio-loco-sadapte-face-aux-fortes-chaleurs\/\">Canicule \u00e0 Toulouse. Comment le festival Rio Loco s\u2019adapte face aux fortes chaleurs<\/a> est apparu en premier sur <a href=\"https:\/\/popburo.fr\/\">POP B\u00dcRO<\/a>.<\/p>\n","protected":false},"excerpt":{"rendered":"<p>Alors que Toulouse et la Haute-Garonne sont en vigilance rouge \u00e0 la canicule, le festival Rio Loco est maintenu jusqu\u2019\u00e0 dimanche. Et s\u2019adapte pour faire face aux temp\u00e9ratures. Source \/ Lire la suite : Canicule \u00e0 Toulouse. Comment le festival Rio Loco s\u2019adapte face aux fortes chaleurs L\u2019article Canicule \u00e0 Toulouse. Comment le festival Rio Loco s\u2019adapte face aux fortes chaleurs est apparu en premier sur POP B\u00dcRO.<\/p>\n","protected":false},"author":0,"featured_media":0,"comment_status":"closed","ping_status":"open","sticky":false,"template":"","format":"standard","meta":{"footnotes":""},"categories":[1],"tags":[],"class_list":["post-3004","post","type-post","status-publish","format-standard","hentry","category-non-classe"],"yoast_head":"<!-- This site is optimized with the Yoast SEO plugin v27.5 - https:\/\/yoast.com\/product\/yoast-seo-wordpress\/ -->\n<title>Canicule \u00e0 Toulouse. Comment le festival Rio Loco s\u2019adapte face aux fortes chaleurs - HIERO STRASBOURG<\/title>\n<meta name=\"robots\" content=\"index, follow, max-snippet:-1, max-image-preview:large, max-video-preview:-1\" \/>\n<link rel=\"canonical\" href=\"https:\/\/hierostrasbourg.com\/index.php\/2022\/06\/25\/canicule-a-toulouse-comment-le-festival-rio-loco-sadapte-face-aux-fortes-chaleurs-2\/\" \/>\n<meta property=\"og:locale\" content=\"fr_FR\" \/>\n<meta property=\"og:type\" content=\"article\" \/>\n<meta property=\"og:title\" content=\"Canicule \u00e0 Toulouse. Comment le festival Rio Loco s\u2019adapte face aux fortes chaleurs - HIERO STRASBOURG\" \/>\n<meta property=\"og:description\" content=\"Alors que Toulouse et la Haute-Garonne sont en vigilance rouge \u00e0 la canicule, le festival Rio Loco est maintenu jusqu\u2019\u00e0 dimanche. Et s\u2019adapte pour faire face aux temp\u00e9ratures. Source \/ Lire la suite : Canicule \u00e0 Toulouse. Comment le festival Rio Loco s\u2019adapte face aux fortes chaleurs L\u2019article Canicule \u00e0 Toulouse. Comment le festival Rio Loco s\u2019adapte face aux fortes chaleurs est apparu en premier sur POP B\u00dcRO.\" \/>\n<meta property=\"og:url\" content=\"https:\/\/hierostrasbourg.com\/index.php\/2022\/06\/25\/canicule-a-toulouse-comment-le-festival-rio-loco-sadapte-face-aux-fortes-chaleurs-2\/\" \/>\n<meta property=\"og:site_name\" content=\"HIERO STRASBOURG\" \/>\n<meta property=\"article:publisher\" content=\"https:\/\/www.facebook.com\/fedehierostrasbourg\" \/>\n<meta property=\"article:published_time\" content=\"2022-06-25T06:31:51+00:00\" \/>\n<meta name=\"twitter:card\" content=\"summary_large_image\" \/>\n<meta name=\"twitter:creator\" content=\"@hierostrasbourg\" \/>\n<meta name=\"twitter:site\" content=\"@hierostrasbourg\" \/>\n<script type=\"application\/ld+json\" class=\"yoast-schema-graph\">{\"@context\":\"https:\\\/\\\/schema.org\",\"@graph\":[{\"@type\":\"Article\",\"@id\":\"https:\\\/\\\/hierostrasbourg.com\\\/index.php\\\/2022\\\/06\\\/25\\\/canicule-a-toulouse-comment-le-festival-rio-loco-sadapte-face-aux-fortes-chaleurs-2\\\/#article\",\"isPartOf\":{\"@id\":\"https:\\\/\\\/hierostrasbourg.com\\\/index.php\\\/2022\\\/06\\\/25\\\/canicule-a-toulouse-comment-le-festival-rio-loco-sadapte-face-aux-fortes-chaleurs-2\\\/\"},\"author\":{\"name\":\"\",\"@id\":\"\"},\"headline\":\"Canicule \u00e0 Toulouse. Comment le festival Rio Loco s\u2019adapte face aux fortes chaleurs\",\"datePublished\":\"2022-06-25T06:31:51+00:00\",\"mainEntityOfPage\":{\"@id\":\"https:\\\/\\\/hierostrasbourg.com\\\/index.php\\\/2022\\\/06\\\/25\\\/canicule-a-toulouse-comment-le-festival-rio-loco-sadapte-face-aux-fortes-chaleurs-2\\\/\"},\"wordCount\":82,\"publisher\":{\"@id\":\"https:\\\/\\\/hierostrasbourg.com\\\/#organization\"},\"inLanguage\":\"fr-FR\"},{\"@type\":\"WebPage\",\"@id\":\"https:\\\/\\\/hierostrasbourg.com\\\/index.php\\\/2022\\\/06\\\/25\\\/canicule-a-toulouse-comment-le-festival-rio-loco-sadapte-face-aux-fortes-chaleurs-2\\\/\",\"url\":\"https:\\\/\\\/hierostrasbourg.com\\\/index.php\\\/2022\\\/06\\\/25\\\/canicule-a-toulouse-comment-le-festival-rio-loco-sadapte-face-aux-fortes-chaleurs-2\\\/\",\"name\":\"Canicule \u00e0 Toulouse. Comment le festival Rio Loco s\u2019adapte face aux fortes chaleurs - HIERO STRASBOURG\",\"isPartOf\":{\"@id\":\"https:\\\/\\\/hierostrasbourg.com\\\/#website\"},\"datePublished\":\"2022-06-25T06:31:51+00:00\",\"breadcrumb\":{\"@id\":\"https:\\\/\\\/hierostrasbourg.com\\\/index.php\\\/2022\\\/06\\\/25\\\/canicule-a-toulouse-comment-le-festival-rio-loco-sadapte-face-aux-fortes-chaleurs-2\\\/#breadcrumb\"},\"inLanguage\":\"fr-FR\",\"potentialAction\":[{\"@type\":\"ReadAction\",\"target\":[\"https:\\\/\\\/hierostrasbourg.com\\\/index.php\\\/2022\\\/06\\\/25\\\/canicule-a-toulouse-comment-le-festival-rio-loco-sadapte-face-aux-fortes-chaleurs-2\\\/\"]}]},{\"@type\":\"BreadcrumbList\",\"@id\":\"https:\\\/\\\/hierostrasbourg.com\\\/index.php\\\/2022\\\/06\\\/25\\\/canicule-a-toulouse-comment-le-festival-rio-loco-sadapte-face-aux-fortes-chaleurs-2\\\/#breadcrumb\",\"itemListElement\":[{\"@type\":\"ListItem\",\"position\":1,\"name\":\"Accueil\",\"item\":\"https:\\\/\\\/hierostrasbourg.com\\\/\"},{\"@type\":\"ListItem\",\"position\":2,\"name\":\"Canicule \u00e0 Toulouse. Comment le festival Rio Loco s\u2019adapte face aux fortes chaleurs\"}]},{\"@type\":\"WebSite\",\"@id\":\"https:\\\/\\\/hierostrasbourg.com\\\/#website\",\"url\":\"https:\\\/\\\/hierostrasbourg.com\\\/\",\"name\":\"HIERO STRASBOURG\",\"description\":\"Centre de Ressources Musiques Actuelles\",\"publisher\":{\"@id\":\"https:\\\/\\\/hierostrasbourg.com\\\/#organization\"},\"potentialAction\":[{\"@type\":\"SearchAction\",\"target\":{\"@type\":\"EntryPoint\",\"urlTemplate\":\"https:\\\/\\\/hierostrasbourg.com\\\/?s={search_term_string}\"},\"query-input\":{\"@type\":\"PropertyValueSpecification\",\"valueRequired\":true,\"valueName\":\"search_term_string\"}}],\"inLanguage\":\"fr-FR\"},{\"@type\":\"Organization\",\"@id\":\"https:\\\/\\\/hierostrasbourg.com\\\/#organization\",\"name\":\"F\u00e9d\u00e9ration Hi\u00e9ro Strasbourg\",\"url\":\"https:\\\/\\\/hierostrasbourg.com\\\/\",\"logo\":{\"@type\":\"ImageObject\",\"inLanguage\":\"fr-FR\",\"@id\":\"https:\\\/\\\/hierostrasbourg.com\\\/#\\\/schema\\\/logo\\\/image\\\/\",\"url\":\"https:\\\/\\\/hierostrasbourg.com\\\/wp-content\\\/uploads\\\/2026\\\/04\\\/logo-hiero-strasbourg.jpg\",\"contentUrl\":\"https:\\\/\\\/hierostrasbourg.com\\\/wp-content\\\/uploads\\\/2026\\\/04\\\/logo-hiero-strasbourg.jpg\",\"width\":204,\"height\":192,\"caption\":\"F\u00e9d\u00e9ration Hi\u00e9ro Strasbourg\"},\"image\":{\"@id\":\"https:\\\/\\\/hierostrasbourg.com\\\/#\\\/schema\\\/logo\\\/image\\\/\"},\"sameAs\":[\"https:\\\/\\\/www.facebook.com\\\/fedehierostrasbourg\",\"https:\\\/\\\/x.com\\\/hierostrasbourg\"]}]}<\/script>\n<!-- \/ Yoast SEO plugin. -->","yoast_head_json":{"title":"Canicule \u00e0 Toulouse. Comment le festival Rio Loco s\u2019adapte face aux fortes chaleurs - HIERO STRASBOURG","robots":{"index":"index","follow":"follow","max-snippet":"max-snippet:-1","max-image-preview":"max-image-preview:large","max-video-preview":"max-video-preview:-1"},"canonical":"https:\/\/hierostrasbourg.com\/index.php\/2022\/06\/25\/canicule-a-toulouse-comment-le-festival-rio-loco-sadapte-face-aux-fortes-chaleurs-2\/","og_locale":"fr_FR","og_type":"article","og_title":"Canicule \u00e0 Toulouse. Comment le festival Rio Loco s\u2019adapte face aux fortes chaleurs - HIERO STRASBOURG","og_description":"Alors que Toulouse et la Haute-Garonne sont en vigilance rouge \u00e0 la canicule, le festival Rio Loco est maintenu jusqu\u2019\u00e0 dimanche. Et s\u2019adapte pour faire face aux temp\u00e9ratures. Source \/ Lire la suite : Canicule \u00e0 Toulouse. Comment le festival Rio Loco s\u2019adapte face aux fortes chaleurs L\u2019article Canicule \u00e0 Toulouse. Comment le festival Rio Loco s\u2019adapte face aux fortes chaleurs est apparu en premier sur POP B\u00dcRO.","og_url":"https:\/\/hierostrasbourg.com\/index.php\/2022\/06\/25\/canicule-a-toulouse-comment-le-festival-rio-loco-sadapte-face-aux-fortes-chaleurs-2\/","og_site_name":"HIERO STRASBOURG","article_publisher":"https:\/\/www.facebook.com\/fedehierostrasbourg","article_published_time":"2022-06-25T06:31:51+00:00","twitter_card":"summary_large_image","twitter_creator":"@hierostrasbourg","twitter_site":"@hierostrasbourg","schema":{"@context":"https:\/\/schema.org","@graph":[{"@type":"Article","@id":"https:\/\/hierostrasbourg.com\/index.php\/2022\/06\/25\/canicule-a-toulouse-comment-le-festival-rio-loco-sadapte-face-aux-fortes-chaleurs-2\/#article","isPartOf":{"@id":"https:\/\/hierostrasbourg.com\/index.php\/2022\/06\/25\/canicule-a-toulouse-comment-le-festival-rio-loco-sadapte-face-aux-fortes-chaleurs-2\/"},"author":{"name":"","@id":""},"headline":"Canicule \u00e0 Toulouse. Comment le festival Rio Loco s\u2019adapte face aux fortes chaleurs","datePublished":"2022-06-25T06:31:51+00:00","mainEntityOfPage":{"@id":"https:\/\/hierostrasbourg.com\/index.php\/2022\/06\/25\/canicule-a-toulouse-comment-le-festival-rio-loco-sadapte-face-aux-fortes-chaleurs-2\/"},"wordCount":82,"publisher":{"@id":"https:\/\/hierostrasbourg.com\/#organization"},"inLanguage":"fr-FR"},{"@type":"WebPage","@id":"https:\/\/hierostrasbourg.com\/index.php\/2022\/06\/25\/canicule-a-toulouse-comment-le-festival-rio-loco-sadapte-face-aux-fortes-chaleurs-2\/","url":"https:\/\/hierostrasbourg.com\/index.php\/2022\/06\/25\/canicule-a-toulouse-comment-le-festival-rio-loco-sadapte-face-aux-fortes-chaleurs-2\/","name":"Canicule \u00e0 Toulouse. Comment le festival Rio Loco s\u2019adapte face aux fortes chaleurs - HIERO STRASBOURG","isPartOf":{"@id":"https:\/\/hierostrasbourg.com\/#website"},"datePublished":"2022-06-25T06:31:51+00:00","breadcrumb":{"@id":"https:\/\/hierostrasbourg.com\/index.php\/2022\/06\/25\/canicule-a-toulouse-comment-le-festival-rio-loco-sadapte-face-aux-fortes-chaleurs-2\/#breadcrumb"},"inLanguage":"fr-FR","potentialAction":[{"@type":"ReadAction","target":["https:\/\/hierostrasbourg.com\/index.php\/2022\/06\/25\/canicule-a-toulouse-comment-le-festival-rio-loco-sadapte-face-aux-fortes-chaleurs-2\/"]}]},{"@type":"BreadcrumbList","@id":"https:\/\/hierostrasbourg.com\/index.php\/2022\/06\/25\/canicule-a-toulouse-comment-le-festival-rio-loco-sadapte-face-aux-fortes-chaleurs-2\/#breadcrumb","itemListElement":[{"@type":"ListItem","position":1,"name":"Accueil","item":"https:\/\/hierostrasbourg.com\/"},{"@type":"ListItem","position":2,"name":"Canicule \u00e0 Toulouse. Comment le festival Rio Loco s\u2019adapte face aux fortes chaleurs"}]},{"@type":"WebSite","@id":"https:\/\/hierostrasbourg.com\/#website","url":"https:\/\/hierostrasbourg.com\/","name":"HIERO STRASBOURG","description":"Centre de Ressources Musiques Actuelles","publisher":{"@id":"https:\/\/hierostrasbourg.com\/#organization"},"potentialAction":[{"@type":"SearchAction","target":{"@type":"EntryPoint","urlTemplate":"https:\/\/hierostrasbourg.com\/?s={search_term_string}"},"query-input":{"@type":"PropertyValueSpecification","valueRequired":true,"valueName":"search_term_string"}}],"inLanguage":"fr-FR"},{"@type":"Organization","@id":"https:\/\/hierostrasbourg.com\/#organization","name":"F\u00e9d\u00e9ration Hi\u00e9ro Strasbourg","url":"https:\/\/hierostrasbourg.com\/","logo":{"@type":"ImageObject","inLanguage":"fr-FR","@id":"https:\/\/hierostrasbourg.com\/#\/schema\/logo\/image\/","url":"https:\/\/hierostrasbourg.com\/wp-content\/uploads\/2026\/04\/logo-hiero-strasbourg.jpg","contentUrl":"https:\/\/hierostrasbourg.com\/wp-content\/uploads\/2026\/04\/logo-hiero-strasbourg.jpg","width":204,"height":192,"caption":"F\u00e9d\u00e9ration Hi\u00e9ro Strasbourg"},"image":{"@id":"https:\/\/hierostrasbourg.com\/#\/schema\/logo\/image\/"},"sameAs":["https:\/\/www.facebook.com\/fedehierostrasbourg","https:\/\/x.com\/hierostrasbourg"]}]}},"_links":{"self":[{"href":"https:\/\/hierostrasbourg.com\/index.php\/wp-json\/wp\/v2\/posts\/3004","targetHints":{"allow":["GET"]}}],"collection":[{"href":"https:\/\/hierostrasbourg.com\/index.php\/wp-json\/wp\/v2\/posts"}],"about":[{"href":"https:\/\/hierostrasbourg.com\/index.php\/wp-json\/wp\/v2\/types\/post"}],"replies":[{"embeddable":true,"href":"https:\/\/hierostrasbourg.com\/index.php\/wp-json\/wp\/v2\/comments?post=3004"}],"version-history":[{"count":0,"href":"https:\/\/hierostrasbourg.com\/index.php\/wp-json\/wp\/v2\/posts\/3004\/revisions"}],"wp:attachment":[{"href":"https:\/\/hierostrasbourg.com\/index.php\/wp-json\/wp\/v2\/media?parent=3004"}],"wp:term":[{"taxonomy":"category","embeddable":true,"href":"https:\/\/hierostrasbourg.com\/index.php\/wp-json\/wp\/v2\/categories?post=3004"},{"taxonomy":"post_tag","embeddable":true,"href":"https:\/\/hierostrasbourg.com\/index.php\/wp-json\/wp\/v2\/tags?post=3004"}],"curies":[{"name":"wp","href":"https:\/\/api.w.org\/{rel}","templated":true}]}}