{"id":297,"date":"2021-04-12T15:18:43","date_gmt":"2021-04-12T13:18:43","guid":{"rendered":"https:\/\/hierostrasbourg.com\/index.php\/2021\/04\/12\/sortie-de-lalbum-eponyme-de-goljan-chanson-folk-medieval-strasbourg\/"},"modified":"2021-04-12T15:18:43","modified_gmt":"2021-04-12T13:18:43","slug":"sortie-de-lalbum-eponyme-de-goljan-chanson-folk-medieval-strasbourg","status":"publish","type":"post","link":"https:\/\/hierostrasbourg.com\/index.php\/2021\/04\/12\/sortie-de-lalbum-eponyme-de-goljan-chanson-folk-medieval-strasbourg\/","title":{"rendered":"sortie de l\u2019album \u00e9ponyme de GOLJAN [chanson folk m\u00e9di\u00e9val \/ Strasbourg]"},"content":{"rendered":"<p><span>autoportrait<\/span><br \/><em>G\u00f8ljan est n\u00e9 de l\u2019envie de transmettre fid\u00e8lement des chansons presque mill\u00e9naires en langue d\u2019o\u00efl ou en latin ainsi que des r\u00e9interpr\u00e9tations en fran\u00e7ais moderne, en anglais, en alsacien, mais aussi des compositions originales.<\/em><br \/><em>Du XII\u00e8me si\u00e8cle \u00e0 nos jours rien n\u2019a chang\u00e9 : les chansons parlent toujours des malheurs et des joies du moment. Si l\u2019inspiration reste avant tout m\u00e9di\u00e9vale, G\u00f8ljan ne se refuse aucune authenticit\u00e9 ni aucune fantaisie cr\u00e9ative, qu\u2019elle soit satirique, espi\u00e8gle ou franchement paillarde\u2026pour le plus grand plaisir des gentes dames et des fieff\u00e9s malandrins, des ribaudes \u00e9hont\u00e9es et des gentils damoiseaux.<\/em><\/p>\n<ul>\n<li><a href=\"http:\/\/goljan.fr\/\" target=\"_blank\" rel=\"noopener\">goljan.fr<\/a><\/li>\n<li><a href=\"https:\/\/www.facebook.com\/Goljanmusic\/\">facebook<\/a><\/li>\n<li><a href=\"https:\/\/www.instagram.com\/goljanmusic\/\">instagram<\/a><\/li>\n<\/ul>\n<p><a href=\"https:\/\/goljan.bandcamp.com\/album\/g-ljan\">G\u00f8ljan by Goljan<\/a><\/p>\n<p>L\u2019article <a rel=\"nofollow\" href=\"https:\/\/popburo.fr\/sortie-de-lalbum-eponyme-de-goljan-chanson-folk-medieval-strasbourg\/\">sortie de l\u2019album \u00e9ponyme de GOLJAN [chanson folk m\u00e9di\u00e9val \/ Strasbourg]<\/a> est apparu en premier sur <a rel=\"nofollow\" href=\"https:\/\/popburo.fr\/\">POP B\u00dcRO<\/a>.<\/p>\n","protected":false},"excerpt":{"rendered":"<p>autoportraitG\u00f8ljan est n\u00e9 de l\u2019envie de transmettre fid\u00e8lement des chansons presque mill\u00e9naires en langue d\u2019o\u00efl ou en latin ainsi que des r\u00e9interpr\u00e9tations en fran\u00e7ais moderne, en anglais, en alsacien, mais aussi des compositions originales.Du XII\u00e8me si\u00e8cle \u00e0 nos jours rien n\u2019a chang\u00e9 : les chansons parlent toujours des malheurs et des joies du moment. Si l\u2019inspiration reste avant tout m\u00e9di\u00e9vale, G\u00f8ljan ne se refuse aucune authenticit\u00e9 ni aucune fantaisie cr\u00e9ative, qu\u2019elle soit satirique, espi\u00e8gle ou franchement paillarde\u2026pour le plus grand [&hellip;]<\/p>\n","protected":false},"author":0,"featured_media":0,"comment_status":"closed","ping_status":"open","sticky":false,"template":"","format":"standard","meta":{"footnotes":""},"categories":[1],"tags":[],"class_list":["post-297","post","type-post","status-publish","format-standard","hentry","category-non-classe"],"yoast_head":"<!-- This site is optimized with the Yoast SEO plugin v27.5 - https:\/\/yoast.com\/product\/yoast-seo-wordpress\/ -->\n<title>sortie de l\u2019album \u00e9ponyme de GOLJAN [chanson folk m\u00e9di\u00e9val \/ Strasbourg] - HIERO STRASBOURG<\/title>\n<meta name=\"robots\" content=\"index, follow, max-snippet:-1, max-image-preview:large, max-video-preview:-1\" \/>\n<link rel=\"canonical\" href=\"https:\/\/hierostrasbourg.com\/index.php\/2021\/04\/12\/sortie-de-lalbum-eponyme-de-goljan-chanson-folk-medieval-strasbourg\/\" \/>\n<meta property=\"og:locale\" content=\"fr_FR\" \/>\n<meta property=\"og:type\" content=\"article\" \/>\n<meta property=\"og:title\" content=\"sortie de l\u2019album \u00e9ponyme de GOLJAN [chanson folk m\u00e9di\u00e9val \/ Strasbourg] - HIERO STRASBOURG\" \/>\n<meta property=\"og:description\" content=\"autoportraitG\u00f8ljan est n\u00e9 de l\u2019envie de transmettre fid\u00e8lement des chansons presque mill\u00e9naires en langue d\u2019o\u00efl ou en latin ainsi que des r\u00e9interpr\u00e9tations en fran\u00e7ais moderne, en anglais, en alsacien, mais aussi des compositions originales.Du XII\u00e8me si\u00e8cle \u00e0 nos jours rien n\u2019a chang\u00e9 : les chansons parlent toujours des malheurs et des joies du moment. Si l\u2019inspiration reste avant tout m\u00e9di\u00e9vale, G\u00f8ljan ne se refuse aucune authenticit\u00e9 ni aucune fantaisie cr\u00e9ative, qu\u2019elle soit satirique, espi\u00e8gle ou franchement paillarde\u2026pour le plus grand [&hellip;]\" \/>\n<meta property=\"og:url\" content=\"https:\/\/hierostrasbourg.com\/index.php\/2021\/04\/12\/sortie-de-lalbum-eponyme-de-goljan-chanson-folk-medieval-strasbourg\/\" \/>\n<meta property=\"og:site_name\" content=\"HIERO STRASBOURG\" \/>\n<meta property=\"article:publisher\" content=\"https:\/\/www.facebook.com\/fedehierostrasbourg\" \/>\n<meta property=\"article:published_time\" content=\"2021-04-12T13:18:43+00:00\" \/>\n<meta name=\"twitter:card\" content=\"summary_large_image\" \/>\n<meta name=\"twitter:creator\" content=\"@hierostrasbourg\" \/>\n<meta name=\"twitter:site\" content=\"@hierostrasbourg\" \/>\n<meta name=\"twitter:label1\" content=\"Dur\u00e9e de lecture estim\u00e9e\" \/>\n\t<meta name=\"twitter:data1\" content=\"1 minute\" \/>\n<script type=\"application\/ld+json\" class=\"yoast-schema-graph\">{\"@context\":\"https:\\\/\\\/schema.org\",\"@graph\":[{\"@type\":\"Article\",\"@id\":\"https:\\\/\\\/hierostrasbourg.com\\\/index.php\\\/2021\\\/04\\\/12\\\/sortie-de-lalbum-eponyme-de-goljan-chanson-folk-medieval-strasbourg\\\/#article\",\"isPartOf\":{\"@id\":\"https:\\\/\\\/hierostrasbourg.com\\\/index.php\\\/2021\\\/04\\\/12\\\/sortie-de-lalbum-eponyme-de-goljan-chanson-folk-medieval-strasbourg\\\/\"},\"author\":{\"name\":\"\",\"@id\":\"\"},\"headline\":\"sortie de l\u2019album \u00e9ponyme de GOLJAN [chanson folk m\u00e9di\u00e9val \\\/ Strasbourg]\",\"datePublished\":\"2021-04-12T13:18:43+00:00\",\"mainEntityOfPage\":{\"@id\":\"https:\\\/\\\/hierostrasbourg.com\\\/index.php\\\/2021\\\/04\\\/12\\\/sortie-de-lalbum-eponyme-de-goljan-chanson-folk-medieval-strasbourg\\\/\"},\"wordCount\":161,\"publisher\":{\"@id\":\"https:\\\/\\\/hierostrasbourg.com\\\/#organization\"},\"inLanguage\":\"fr-FR\"},{\"@type\":\"WebPage\",\"@id\":\"https:\\\/\\\/hierostrasbourg.com\\\/index.php\\\/2021\\\/04\\\/12\\\/sortie-de-lalbum-eponyme-de-goljan-chanson-folk-medieval-strasbourg\\\/\",\"url\":\"https:\\\/\\\/hierostrasbourg.com\\\/index.php\\\/2021\\\/04\\\/12\\\/sortie-de-lalbum-eponyme-de-goljan-chanson-folk-medieval-strasbourg\\\/\",\"name\":\"sortie de l\u2019album \u00e9ponyme de GOLJAN [chanson folk m\u00e9di\u00e9val \\\/ Strasbourg] - HIERO STRASBOURG\",\"isPartOf\":{\"@id\":\"https:\\\/\\\/hierostrasbourg.com\\\/#website\"},\"datePublished\":\"2021-04-12T13:18:43+00:00\",\"breadcrumb\":{\"@id\":\"https:\\\/\\\/hierostrasbourg.com\\\/index.php\\\/2021\\\/04\\\/12\\\/sortie-de-lalbum-eponyme-de-goljan-chanson-folk-medieval-strasbourg\\\/#breadcrumb\"},\"inLanguage\":\"fr-FR\",\"potentialAction\":[{\"@type\":\"ReadAction\",\"target\":[\"https:\\\/\\\/hierostrasbourg.com\\\/index.php\\\/2021\\\/04\\\/12\\\/sortie-de-lalbum-eponyme-de-goljan-chanson-folk-medieval-strasbourg\\\/\"]}]},{\"@type\":\"BreadcrumbList\",\"@id\":\"https:\\\/\\\/hierostrasbourg.com\\\/index.php\\\/2021\\\/04\\\/12\\\/sortie-de-lalbum-eponyme-de-goljan-chanson-folk-medieval-strasbourg\\\/#breadcrumb\",\"itemListElement\":[{\"@type\":\"ListItem\",\"position\":1,\"name\":\"Accueil\",\"item\":\"https:\\\/\\\/hierostrasbourg.com\\\/\"},{\"@type\":\"ListItem\",\"position\":2,\"name\":\"sortie de l\u2019album \u00e9ponyme de GOLJAN [chanson folk m\u00e9di\u00e9val \\\/ Strasbourg]\"}]},{\"@type\":\"WebSite\",\"@id\":\"https:\\\/\\\/hierostrasbourg.com\\\/#website\",\"url\":\"https:\\\/\\\/hierostrasbourg.com\\\/\",\"name\":\"HIERO STRASBOURG\",\"description\":\"Centre de Ressources Musiques Actuelles\",\"publisher\":{\"@id\":\"https:\\\/\\\/hierostrasbourg.com\\\/#organization\"},\"potentialAction\":[{\"@type\":\"SearchAction\",\"target\":{\"@type\":\"EntryPoint\",\"urlTemplate\":\"https:\\\/\\\/hierostrasbourg.com\\\/?s={search_term_string}\"},\"query-input\":{\"@type\":\"PropertyValueSpecification\",\"valueRequired\":true,\"valueName\":\"search_term_string\"}}],\"inLanguage\":\"fr-FR\"},{\"@type\":\"Organization\",\"@id\":\"https:\\\/\\\/hierostrasbourg.com\\\/#organization\",\"name\":\"F\u00e9d\u00e9ration Hi\u00e9ro Strasbourg\",\"url\":\"https:\\\/\\\/hierostrasbourg.com\\\/\",\"logo\":{\"@type\":\"ImageObject\",\"inLanguage\":\"fr-FR\",\"@id\":\"https:\\\/\\\/hierostrasbourg.com\\\/#\\\/schema\\\/logo\\\/image\\\/\",\"url\":\"https:\\\/\\\/hierostrasbourg.com\\\/wp-content\\\/uploads\\\/2026\\\/04\\\/logo-hiero-strasbourg.jpg\",\"contentUrl\":\"https:\\\/\\\/hierostrasbourg.com\\\/wp-content\\\/uploads\\\/2026\\\/04\\\/logo-hiero-strasbourg.jpg\",\"width\":204,\"height\":192,\"caption\":\"F\u00e9d\u00e9ration Hi\u00e9ro Strasbourg\"},\"image\":{\"@id\":\"https:\\\/\\\/hierostrasbourg.com\\\/#\\\/schema\\\/logo\\\/image\\\/\"},\"sameAs\":[\"https:\\\/\\\/www.facebook.com\\\/fedehierostrasbourg\",\"https:\\\/\\\/x.com\\\/hierostrasbourg\"]}]}<\/script>\n<!-- \/ Yoast SEO plugin. -->","yoast_head_json":{"title":"sortie de l\u2019album \u00e9ponyme de GOLJAN [chanson folk m\u00e9di\u00e9val \/ Strasbourg] - HIERO STRASBOURG","robots":{"index":"index","follow":"follow","max-snippet":"max-snippet:-1","max-image-preview":"max-image-preview:large","max-video-preview":"max-video-preview:-1"},"canonical":"https:\/\/hierostrasbourg.com\/index.php\/2021\/04\/12\/sortie-de-lalbum-eponyme-de-goljan-chanson-folk-medieval-strasbourg\/","og_locale":"fr_FR","og_type":"article","og_title":"sortie de l\u2019album \u00e9ponyme de GOLJAN [chanson folk m\u00e9di\u00e9val \/ Strasbourg] - HIERO STRASBOURG","og_description":"autoportraitG\u00f8ljan est n\u00e9 de l\u2019envie de transmettre fid\u00e8lement des chansons presque mill\u00e9naires en langue d\u2019o\u00efl ou en latin ainsi que des r\u00e9interpr\u00e9tations en fran\u00e7ais moderne, en anglais, en alsacien, mais aussi des compositions originales.Du XII\u00e8me si\u00e8cle \u00e0 nos jours rien n\u2019a chang\u00e9 : les chansons parlent toujours des malheurs et des joies du moment. Si l\u2019inspiration reste avant tout m\u00e9di\u00e9vale, G\u00f8ljan ne se refuse aucune authenticit\u00e9 ni aucune fantaisie cr\u00e9ative, qu\u2019elle soit satirique, espi\u00e8gle ou franchement paillarde\u2026pour le plus grand [&hellip;]","og_url":"https:\/\/hierostrasbourg.com\/index.php\/2021\/04\/12\/sortie-de-lalbum-eponyme-de-goljan-chanson-folk-medieval-strasbourg\/","og_site_name":"HIERO STRASBOURG","article_publisher":"https:\/\/www.facebook.com\/fedehierostrasbourg","article_published_time":"2021-04-12T13:18:43+00:00","twitter_card":"summary_large_image","twitter_creator":"@hierostrasbourg","twitter_site":"@hierostrasbourg","twitter_misc":{"Dur\u00e9e de lecture estim\u00e9e":"1 minute"},"schema":{"@context":"https:\/\/schema.org","@graph":[{"@type":"Article","@id":"https:\/\/hierostrasbourg.com\/index.php\/2021\/04\/12\/sortie-de-lalbum-eponyme-de-goljan-chanson-folk-medieval-strasbourg\/#article","isPartOf":{"@id":"https:\/\/hierostrasbourg.com\/index.php\/2021\/04\/12\/sortie-de-lalbum-eponyme-de-goljan-chanson-folk-medieval-strasbourg\/"},"author":{"name":"","@id":""},"headline":"sortie de l\u2019album \u00e9ponyme de GOLJAN [chanson folk m\u00e9di\u00e9val \/ Strasbourg]","datePublished":"2021-04-12T13:18:43+00:00","mainEntityOfPage":{"@id":"https:\/\/hierostrasbourg.com\/index.php\/2021\/04\/12\/sortie-de-lalbum-eponyme-de-goljan-chanson-folk-medieval-strasbourg\/"},"wordCount":161,"publisher":{"@id":"https:\/\/hierostrasbourg.com\/#organization"},"inLanguage":"fr-FR"},{"@type":"WebPage","@id":"https:\/\/hierostrasbourg.com\/index.php\/2021\/04\/12\/sortie-de-lalbum-eponyme-de-goljan-chanson-folk-medieval-strasbourg\/","url":"https:\/\/hierostrasbourg.com\/index.php\/2021\/04\/12\/sortie-de-lalbum-eponyme-de-goljan-chanson-folk-medieval-strasbourg\/","name":"sortie de l\u2019album \u00e9ponyme de GOLJAN [chanson folk m\u00e9di\u00e9val \/ Strasbourg] - HIERO STRASBOURG","isPartOf":{"@id":"https:\/\/hierostrasbourg.com\/#website"},"datePublished":"2021-04-12T13:18:43+00:00","breadcrumb":{"@id":"https:\/\/hierostrasbourg.com\/index.php\/2021\/04\/12\/sortie-de-lalbum-eponyme-de-goljan-chanson-folk-medieval-strasbourg\/#breadcrumb"},"inLanguage":"fr-FR","potentialAction":[{"@type":"ReadAction","target":["https:\/\/hierostrasbourg.com\/index.php\/2021\/04\/12\/sortie-de-lalbum-eponyme-de-goljan-chanson-folk-medieval-strasbourg\/"]}]},{"@type":"BreadcrumbList","@id":"https:\/\/hierostrasbourg.com\/index.php\/2021\/04\/12\/sortie-de-lalbum-eponyme-de-goljan-chanson-folk-medieval-strasbourg\/#breadcrumb","itemListElement":[{"@type":"ListItem","position":1,"name":"Accueil","item":"https:\/\/hierostrasbourg.com\/"},{"@type":"ListItem","position":2,"name":"sortie de l\u2019album \u00e9ponyme de GOLJAN [chanson folk m\u00e9di\u00e9val \/ Strasbourg]"}]},{"@type":"WebSite","@id":"https:\/\/hierostrasbourg.com\/#website","url":"https:\/\/hierostrasbourg.com\/","name":"HIERO STRASBOURG","description":"Centre de Ressources Musiques Actuelles","publisher":{"@id":"https:\/\/hierostrasbourg.com\/#organization"},"potentialAction":[{"@type":"SearchAction","target":{"@type":"EntryPoint","urlTemplate":"https:\/\/hierostrasbourg.com\/?s={search_term_string}"},"query-input":{"@type":"PropertyValueSpecification","valueRequired":true,"valueName":"search_term_string"}}],"inLanguage":"fr-FR"},{"@type":"Organization","@id":"https:\/\/hierostrasbourg.com\/#organization","name":"F\u00e9d\u00e9ration Hi\u00e9ro Strasbourg","url":"https:\/\/hierostrasbourg.com\/","logo":{"@type":"ImageObject","inLanguage":"fr-FR","@id":"https:\/\/hierostrasbourg.com\/#\/schema\/logo\/image\/","url":"https:\/\/hierostrasbourg.com\/wp-content\/uploads\/2026\/04\/logo-hiero-strasbourg.jpg","contentUrl":"https:\/\/hierostrasbourg.com\/wp-content\/uploads\/2026\/04\/logo-hiero-strasbourg.jpg","width":204,"height":192,"caption":"F\u00e9d\u00e9ration Hi\u00e9ro Strasbourg"},"image":{"@id":"https:\/\/hierostrasbourg.com\/#\/schema\/logo\/image\/"},"sameAs":["https:\/\/www.facebook.com\/fedehierostrasbourg","https:\/\/x.com\/hierostrasbourg"]}]}},"_links":{"self":[{"href":"https:\/\/hierostrasbourg.com\/index.php\/wp-json\/wp\/v2\/posts\/297","targetHints":{"allow":["GET"]}}],"collection":[{"href":"https:\/\/hierostrasbourg.com\/index.php\/wp-json\/wp\/v2\/posts"}],"about":[{"href":"https:\/\/hierostrasbourg.com\/index.php\/wp-json\/wp\/v2\/types\/post"}],"replies":[{"embeddable":true,"href":"https:\/\/hierostrasbourg.com\/index.php\/wp-json\/wp\/v2\/comments?post=297"}],"version-history":[{"count":0,"href":"https:\/\/hierostrasbourg.com\/index.php\/wp-json\/wp\/v2\/posts\/297\/revisions"}],"wp:attachment":[{"href":"https:\/\/hierostrasbourg.com\/index.php\/wp-json\/wp\/v2\/media?parent=297"}],"wp:term":[{"taxonomy":"category","embeddable":true,"href":"https:\/\/hierostrasbourg.com\/index.php\/wp-json\/wp\/v2\/categories?post=297"},{"taxonomy":"post_tag","embeddable":true,"href":"https:\/\/hierostrasbourg.com\/index.php\/wp-json\/wp\/v2\/tags?post=297"}],"curies":[{"name":"wp","href":"https:\/\/api.w.org\/{rel}","templated":true}]}}