{"id":2969,"date":"2022-06-23T13:37:09","date_gmt":"2022-06-23T11:37:09","guid":{"rendered":"https:\/\/hierostrasbourg.com\/index.php\/2022\/06\/23\/le-13e-sens-obernai-recrute-un-hote-daccueil-billetterie-et-secretariat-h-f\/"},"modified":"2022-06-23T13:37:09","modified_gmt":"2022-06-23T11:37:09","slug":"le-13e-sens-obernai-recrute-un-hote-daccueil-billetterie-et-secretariat-h-f","status":"publish","type":"post","link":"https:\/\/hierostrasbourg.com\/index.php\/2022\/06\/23\/le-13e-sens-obernai-recrute-un-hote-daccueil-billetterie-et-secretariat-h-f\/","title":{"rendered":"LE 13e SENS [Obernai] recrute un h\u00f4te d\u2019accueil, billetterie et secr\u00e9tariat [H\/F]"},"content":{"rendered":"<p><a href=\"https:\/\/musiquesactuelles.alsace\/le-13e-sens-obernai-recrute-un-hote-daccueil-billetterie-et-secretariat-h-f\/\" title=\"LE 13e SENS [Obernai] recrute un h\u00f4te d\u2019accueil, billetterie et secr\u00e9tariat [H\/F]\"><\/a><\/p>\n<p>Sous statut associatif, 13e sens, situ\u00e9 dans la ville d\u2019Obernai (environ 11 000 habitants), g\u00e8re aujourd\u2019hui : Un festival de cirque annuel, Pisteurs d\u2019\u00c9toiles, qui est devenu depuis 1995 un \u00e9v\u00e8nement important \u00e0 l\u2019\u00e9chelle de la r\u00e9gion Grand Est. Durant 9 jours, il pr\u00e9sente, principalement sous chapiteau, un \u00e9ventail des cr\u00e9ations circassiennes d\u2019envergure nationale, et accompagne des \u00e9quipes \u00e9mergentes. Une saison culturelle qui propose de septembre \u00e0 avril une quinzaine de spectacles pluridisciplinaires. Un cin\u00e9ma, class\u00e9 Art et Essai, labellis\u00e9 [\u2026]<\/p>\n<p>L\u2019article <a href=\"https:\/\/musiquesactuelles.alsace\/le-13e-sens-obernai-recrute-un-hote-daccueil-billetterie-et-secretariat-h-f\/\">LE 13e SENS [Obernai] recrute un h\u00f4te d\u2019accueil, billetterie et secr\u00e9tariat [H\/F]<\/a> est apparu en premier sur <a href=\"https:\/\/musiquesactuelles.alsace\/\">Musiques Actuelles en Alsace<\/a>.<\/p>\n<p>L\u2019article <a href=\"https:\/\/popburo.fr\/le-13e-sens-obernai-recrute-un-hote-daccueil-billetterie-et-secretariat-h-f-2\/\">LE 13e SENS [Obernai] recrute un h\u00f4te d\u2019accueil, billetterie et secr\u00e9tariat [H\/F]<\/a> est apparu en premier sur <a href=\"https:\/\/popburo.fr\/\">POP B\u00dcRO<\/a>.<\/p>\n","protected":false},"excerpt":{"rendered":"<p>Sous statut associatif, 13e sens, situ\u00e9 dans la ville d\u2019Obernai (environ 11 000 habitants), g\u00e8re aujourd\u2019hui : Un festival de cirque annuel, Pisteurs d\u2019\u00c9toiles, qui est devenu depuis 1995 un \u00e9v\u00e8nement important \u00e0 l\u2019\u00e9chelle de la r\u00e9gion Grand Est. Durant 9 jours, il pr\u00e9sente, principalement sous chapiteau, un \u00e9ventail des cr\u00e9ations circassiennes d\u2019envergure nationale, et accompagne des \u00e9quipes \u00e9mergentes. Une saison culturelle qui propose de septembre \u00e0 avril une quinzaine de spectacles pluridisciplinaires. Un cin\u00e9ma, class\u00e9 Art et Essai, labellis\u00e9 [&hellip;]<\/p>\n","protected":false},"author":0,"featured_media":0,"comment_status":"closed","ping_status":"open","sticky":false,"template":"","format":"standard","meta":{"footnotes":""},"categories":[1],"tags":[],"class_list":["post-2969","post","type-post","status-publish","format-standard","hentry","category-non-classe"],"yoast_head":"<!-- This site is optimized with the Yoast SEO plugin v27.5 - https:\/\/yoast.com\/product\/yoast-seo-wordpress\/ -->\n<title>LE 13e SENS [Obernai] recrute un h\u00f4te d\u2019accueil, billetterie et secr\u00e9tariat [H\/F] - HIERO STRASBOURG<\/title>\n<meta name=\"robots\" content=\"index, follow, max-snippet:-1, max-image-preview:large, max-video-preview:-1\" \/>\n<link rel=\"canonical\" href=\"https:\/\/hierostrasbourg.com\/index.php\/2022\/06\/23\/le-13e-sens-obernai-recrute-un-hote-daccueil-billetterie-et-secretariat-h-f\/\" \/>\n<meta property=\"og:locale\" content=\"fr_FR\" \/>\n<meta property=\"og:type\" content=\"article\" \/>\n<meta property=\"og:title\" content=\"LE 13e SENS [Obernai] recrute un h\u00f4te d\u2019accueil, billetterie et secr\u00e9tariat [H\/F] - HIERO STRASBOURG\" \/>\n<meta property=\"og:description\" content=\"Sous statut associatif, 13e sens, situ\u00e9 dans la ville d\u2019Obernai (environ 11 000 habitants), g\u00e8re aujourd\u2019hui : Un festival de cirque annuel, Pisteurs d\u2019\u00c9toiles, qui est devenu depuis 1995 un \u00e9v\u00e8nement important \u00e0 l\u2019\u00e9chelle de la r\u00e9gion Grand Est. Durant 9 jours, il pr\u00e9sente, principalement sous chapiteau, un \u00e9ventail des cr\u00e9ations circassiennes d\u2019envergure nationale, et accompagne des \u00e9quipes \u00e9mergentes. Une saison culturelle qui propose de septembre \u00e0 avril une quinzaine de spectacles pluridisciplinaires. Un cin\u00e9ma, class\u00e9 Art et Essai, labellis\u00e9 [&hellip;]\" \/>\n<meta property=\"og:url\" content=\"https:\/\/hierostrasbourg.com\/index.php\/2022\/06\/23\/le-13e-sens-obernai-recrute-un-hote-daccueil-billetterie-et-secretariat-h-f\/\" \/>\n<meta property=\"og:site_name\" content=\"HIERO STRASBOURG\" \/>\n<meta property=\"article:publisher\" content=\"https:\/\/www.facebook.com\/fedehierostrasbourg\" \/>\n<meta property=\"article:published_time\" content=\"2022-06-23T11:37:09+00:00\" \/>\n<meta name=\"twitter:card\" content=\"summary_large_image\" \/>\n<meta name=\"twitter:creator\" content=\"@hierostrasbourg\" \/>\n<meta name=\"twitter:site\" content=\"@hierostrasbourg\" \/>\n<meta name=\"twitter:label1\" content=\"Dur\u00e9e de lecture estim\u00e9e\" \/>\n\t<meta name=\"twitter:data1\" content=\"1 minute\" \/>\n<script type=\"application\/ld+json\" class=\"yoast-schema-graph\">{\"@context\":\"https:\\\/\\\/schema.org\",\"@graph\":[{\"@type\":\"Article\",\"@id\":\"https:\\\/\\\/hierostrasbourg.com\\\/index.php\\\/2022\\\/06\\\/23\\\/le-13e-sens-obernai-recrute-un-hote-daccueil-billetterie-et-secretariat-h-f\\\/#article\",\"isPartOf\":{\"@id\":\"https:\\\/\\\/hierostrasbourg.com\\\/index.php\\\/2022\\\/06\\\/23\\\/le-13e-sens-obernai-recrute-un-hote-daccueil-billetterie-et-secretariat-h-f\\\/\"},\"author\":{\"name\":\"\",\"@id\":\"\"},\"headline\":\"LE 13e SENS [Obernai] recrute un h\u00f4te d\u2019accueil, billetterie et secr\u00e9tariat [H\\\/F]\",\"datePublished\":\"2022-06-23T11:37:09+00:00\",\"mainEntityOfPage\":{\"@id\":\"https:\\\/\\\/hierostrasbourg.com\\\/index.php\\\/2022\\\/06\\\/23\\\/le-13e-sens-obernai-recrute-un-hote-daccueil-billetterie-et-secretariat-h-f\\\/\"},\"wordCount\":153,\"publisher\":{\"@id\":\"https:\\\/\\\/hierostrasbourg.com\\\/#organization\"},\"inLanguage\":\"fr-FR\"},{\"@type\":\"WebPage\",\"@id\":\"https:\\\/\\\/hierostrasbourg.com\\\/index.php\\\/2022\\\/06\\\/23\\\/le-13e-sens-obernai-recrute-un-hote-daccueil-billetterie-et-secretariat-h-f\\\/\",\"url\":\"https:\\\/\\\/hierostrasbourg.com\\\/index.php\\\/2022\\\/06\\\/23\\\/le-13e-sens-obernai-recrute-un-hote-daccueil-billetterie-et-secretariat-h-f\\\/\",\"name\":\"LE 13e SENS [Obernai] recrute un h\u00f4te d\u2019accueil, billetterie et secr\u00e9tariat [H\\\/F] - HIERO STRASBOURG\",\"isPartOf\":{\"@id\":\"https:\\\/\\\/hierostrasbourg.com\\\/#website\"},\"datePublished\":\"2022-06-23T11:37:09+00:00\",\"breadcrumb\":{\"@id\":\"https:\\\/\\\/hierostrasbourg.com\\\/index.php\\\/2022\\\/06\\\/23\\\/le-13e-sens-obernai-recrute-un-hote-daccueil-billetterie-et-secretariat-h-f\\\/#breadcrumb\"},\"inLanguage\":\"fr-FR\",\"potentialAction\":[{\"@type\":\"ReadAction\",\"target\":[\"https:\\\/\\\/hierostrasbourg.com\\\/index.php\\\/2022\\\/06\\\/23\\\/le-13e-sens-obernai-recrute-un-hote-daccueil-billetterie-et-secretariat-h-f\\\/\"]}]},{\"@type\":\"BreadcrumbList\",\"@id\":\"https:\\\/\\\/hierostrasbourg.com\\\/index.php\\\/2022\\\/06\\\/23\\\/le-13e-sens-obernai-recrute-un-hote-daccueil-billetterie-et-secretariat-h-f\\\/#breadcrumb\",\"itemListElement\":[{\"@type\":\"ListItem\",\"position\":1,\"name\":\"Accueil\",\"item\":\"https:\\\/\\\/hierostrasbourg.com\\\/\"},{\"@type\":\"ListItem\",\"position\":2,\"name\":\"LE 13e SENS [Obernai] recrute un h\u00f4te d\u2019accueil, billetterie et secr\u00e9tariat [H\\\/F]\"}]},{\"@type\":\"WebSite\",\"@id\":\"https:\\\/\\\/hierostrasbourg.com\\\/#website\",\"url\":\"https:\\\/\\\/hierostrasbourg.com\\\/\",\"name\":\"HIERO STRASBOURG\",\"description\":\"Centre de Ressources Musiques Actuelles\",\"publisher\":{\"@id\":\"https:\\\/\\\/hierostrasbourg.com\\\/#organization\"},\"potentialAction\":[{\"@type\":\"SearchAction\",\"target\":{\"@type\":\"EntryPoint\",\"urlTemplate\":\"https:\\\/\\\/hierostrasbourg.com\\\/?s={search_term_string}\"},\"query-input\":{\"@type\":\"PropertyValueSpecification\",\"valueRequired\":true,\"valueName\":\"search_term_string\"}}],\"inLanguage\":\"fr-FR\"},{\"@type\":\"Organization\",\"@id\":\"https:\\\/\\\/hierostrasbourg.com\\\/#organization\",\"name\":\"F\u00e9d\u00e9ration Hi\u00e9ro Strasbourg\",\"url\":\"https:\\\/\\\/hierostrasbourg.com\\\/\",\"logo\":{\"@type\":\"ImageObject\",\"inLanguage\":\"fr-FR\",\"@id\":\"https:\\\/\\\/hierostrasbourg.com\\\/#\\\/schema\\\/logo\\\/image\\\/\",\"url\":\"https:\\\/\\\/hierostrasbourg.com\\\/wp-content\\\/uploads\\\/2026\\\/04\\\/logo-hiero-strasbourg.jpg\",\"contentUrl\":\"https:\\\/\\\/hierostrasbourg.com\\\/wp-content\\\/uploads\\\/2026\\\/04\\\/logo-hiero-strasbourg.jpg\",\"width\":204,\"height\":192,\"caption\":\"F\u00e9d\u00e9ration Hi\u00e9ro Strasbourg\"},\"image\":{\"@id\":\"https:\\\/\\\/hierostrasbourg.com\\\/#\\\/schema\\\/logo\\\/image\\\/\"},\"sameAs\":[\"https:\\\/\\\/www.facebook.com\\\/fedehierostrasbourg\",\"https:\\\/\\\/x.com\\\/hierostrasbourg\"]}]}<\/script>\n<!-- \/ Yoast SEO plugin. -->","yoast_head_json":{"title":"LE 13e SENS [Obernai] recrute un h\u00f4te d\u2019accueil, billetterie et secr\u00e9tariat [H\/F] - HIERO STRASBOURG","robots":{"index":"index","follow":"follow","max-snippet":"max-snippet:-1","max-image-preview":"max-image-preview:large","max-video-preview":"max-video-preview:-1"},"canonical":"https:\/\/hierostrasbourg.com\/index.php\/2022\/06\/23\/le-13e-sens-obernai-recrute-un-hote-daccueil-billetterie-et-secretariat-h-f\/","og_locale":"fr_FR","og_type":"article","og_title":"LE 13e SENS [Obernai] recrute un h\u00f4te d\u2019accueil, billetterie et secr\u00e9tariat [H\/F] - HIERO STRASBOURG","og_description":"Sous statut associatif, 13e sens, situ\u00e9 dans la ville d\u2019Obernai (environ 11 000 habitants), g\u00e8re aujourd\u2019hui : Un festival de cirque annuel, Pisteurs d\u2019\u00c9toiles, qui est devenu depuis 1995 un \u00e9v\u00e8nement important \u00e0 l\u2019\u00e9chelle de la r\u00e9gion Grand Est. Durant 9 jours, il pr\u00e9sente, principalement sous chapiteau, un \u00e9ventail des cr\u00e9ations circassiennes d\u2019envergure nationale, et accompagne des \u00e9quipes \u00e9mergentes. Une saison culturelle qui propose de septembre \u00e0 avril une quinzaine de spectacles pluridisciplinaires. Un cin\u00e9ma, class\u00e9 Art et Essai, labellis\u00e9 [&hellip;]","og_url":"https:\/\/hierostrasbourg.com\/index.php\/2022\/06\/23\/le-13e-sens-obernai-recrute-un-hote-daccueil-billetterie-et-secretariat-h-f\/","og_site_name":"HIERO STRASBOURG","article_publisher":"https:\/\/www.facebook.com\/fedehierostrasbourg","article_published_time":"2022-06-23T11:37:09+00:00","twitter_card":"summary_large_image","twitter_creator":"@hierostrasbourg","twitter_site":"@hierostrasbourg","twitter_misc":{"Dur\u00e9e de lecture estim\u00e9e":"1 minute"},"schema":{"@context":"https:\/\/schema.org","@graph":[{"@type":"Article","@id":"https:\/\/hierostrasbourg.com\/index.php\/2022\/06\/23\/le-13e-sens-obernai-recrute-un-hote-daccueil-billetterie-et-secretariat-h-f\/#article","isPartOf":{"@id":"https:\/\/hierostrasbourg.com\/index.php\/2022\/06\/23\/le-13e-sens-obernai-recrute-un-hote-daccueil-billetterie-et-secretariat-h-f\/"},"author":{"name":"","@id":""},"headline":"LE 13e SENS [Obernai] recrute un h\u00f4te d\u2019accueil, billetterie et secr\u00e9tariat [H\/F]","datePublished":"2022-06-23T11:37:09+00:00","mainEntityOfPage":{"@id":"https:\/\/hierostrasbourg.com\/index.php\/2022\/06\/23\/le-13e-sens-obernai-recrute-un-hote-daccueil-billetterie-et-secretariat-h-f\/"},"wordCount":153,"publisher":{"@id":"https:\/\/hierostrasbourg.com\/#organization"},"inLanguage":"fr-FR"},{"@type":"WebPage","@id":"https:\/\/hierostrasbourg.com\/index.php\/2022\/06\/23\/le-13e-sens-obernai-recrute-un-hote-daccueil-billetterie-et-secretariat-h-f\/","url":"https:\/\/hierostrasbourg.com\/index.php\/2022\/06\/23\/le-13e-sens-obernai-recrute-un-hote-daccueil-billetterie-et-secretariat-h-f\/","name":"LE 13e SENS [Obernai] recrute un h\u00f4te d\u2019accueil, billetterie et secr\u00e9tariat [H\/F] - HIERO STRASBOURG","isPartOf":{"@id":"https:\/\/hierostrasbourg.com\/#website"},"datePublished":"2022-06-23T11:37:09+00:00","breadcrumb":{"@id":"https:\/\/hierostrasbourg.com\/index.php\/2022\/06\/23\/le-13e-sens-obernai-recrute-un-hote-daccueil-billetterie-et-secretariat-h-f\/#breadcrumb"},"inLanguage":"fr-FR","potentialAction":[{"@type":"ReadAction","target":["https:\/\/hierostrasbourg.com\/index.php\/2022\/06\/23\/le-13e-sens-obernai-recrute-un-hote-daccueil-billetterie-et-secretariat-h-f\/"]}]},{"@type":"BreadcrumbList","@id":"https:\/\/hierostrasbourg.com\/index.php\/2022\/06\/23\/le-13e-sens-obernai-recrute-un-hote-daccueil-billetterie-et-secretariat-h-f\/#breadcrumb","itemListElement":[{"@type":"ListItem","position":1,"name":"Accueil","item":"https:\/\/hierostrasbourg.com\/"},{"@type":"ListItem","position":2,"name":"LE 13e SENS [Obernai] recrute un h\u00f4te d\u2019accueil, billetterie et secr\u00e9tariat [H\/F]"}]},{"@type":"WebSite","@id":"https:\/\/hierostrasbourg.com\/#website","url":"https:\/\/hierostrasbourg.com\/","name":"HIERO STRASBOURG","description":"Centre de Ressources Musiques Actuelles","publisher":{"@id":"https:\/\/hierostrasbourg.com\/#organization"},"potentialAction":[{"@type":"SearchAction","target":{"@type":"EntryPoint","urlTemplate":"https:\/\/hierostrasbourg.com\/?s={search_term_string}"},"query-input":{"@type":"PropertyValueSpecification","valueRequired":true,"valueName":"search_term_string"}}],"inLanguage":"fr-FR"},{"@type":"Organization","@id":"https:\/\/hierostrasbourg.com\/#organization","name":"F\u00e9d\u00e9ration Hi\u00e9ro Strasbourg","url":"https:\/\/hierostrasbourg.com\/","logo":{"@type":"ImageObject","inLanguage":"fr-FR","@id":"https:\/\/hierostrasbourg.com\/#\/schema\/logo\/image\/","url":"https:\/\/hierostrasbourg.com\/wp-content\/uploads\/2026\/04\/logo-hiero-strasbourg.jpg","contentUrl":"https:\/\/hierostrasbourg.com\/wp-content\/uploads\/2026\/04\/logo-hiero-strasbourg.jpg","width":204,"height":192,"caption":"F\u00e9d\u00e9ration Hi\u00e9ro Strasbourg"},"image":{"@id":"https:\/\/hierostrasbourg.com\/#\/schema\/logo\/image\/"},"sameAs":["https:\/\/www.facebook.com\/fedehierostrasbourg","https:\/\/x.com\/hierostrasbourg"]}]}},"_links":{"self":[{"href":"https:\/\/hierostrasbourg.com\/index.php\/wp-json\/wp\/v2\/posts\/2969","targetHints":{"allow":["GET"]}}],"collection":[{"href":"https:\/\/hierostrasbourg.com\/index.php\/wp-json\/wp\/v2\/posts"}],"about":[{"href":"https:\/\/hierostrasbourg.com\/index.php\/wp-json\/wp\/v2\/types\/post"}],"replies":[{"embeddable":true,"href":"https:\/\/hierostrasbourg.com\/index.php\/wp-json\/wp\/v2\/comments?post=2969"}],"version-history":[{"count":0,"href":"https:\/\/hierostrasbourg.com\/index.php\/wp-json\/wp\/v2\/posts\/2969\/revisions"}],"wp:attachment":[{"href":"https:\/\/hierostrasbourg.com\/index.php\/wp-json\/wp\/v2\/media?parent=2969"}],"wp:term":[{"taxonomy":"category","embeddable":true,"href":"https:\/\/hierostrasbourg.com\/index.php\/wp-json\/wp\/v2\/categories?post=2969"},{"taxonomy":"post_tag","embeddable":true,"href":"https:\/\/hierostrasbourg.com\/index.php\/wp-json\/wp\/v2\/tags?post=2969"}],"curies":[{"name":"wp","href":"https:\/\/api.w.org\/{rel}","templated":true}]}}