{"id":2947,"date":"2022-06-21T20:32:56","date_gmt":"2022-06-21T18:32:56","guid":{"rendered":"https:\/\/hierostrasbourg.com\/index.php\/2022\/06\/21\/au-hellfest-une-maraude-de-benevoles-contre-les-violences-sexuelles-2\/"},"modified":"2022-06-21T20:32:56","modified_gmt":"2022-06-21T18:32:56","slug":"au-hellfest-une-maraude-de-benevoles-contre-les-violences-sexuelles-2","status":"publish","type":"post","link":"https:\/\/hierostrasbourg.com\/index.php\/2022\/06\/21\/au-hellfest-une-maraude-de-benevoles-contre-les-violences-sexuelles-2\/","title":{"rendered":"Au Hellfest, une maraude de b\u00e9n\u00e9voles contre les violences sexuelles"},"content":{"rendered":"<p><em>Entach\u00e9 par des accusations de viols et d\u2019agressions sexuelles en 2019, le festival de m\u00e9tal qui revient en deux temps du 17 au 26 juin s\u2019est dot\u00e9 d\u2019une brigade pour traquer les comportements inappropri\u00e9s.<\/em><\/p>\n<p>Source \/ Lire la suite : <a href=\"https:\/\/www.lefigaro.fr\/culture\/au-hellfest-une-maraude-de-benevoles-contre-les-violences-sexuelles-20220621\">Au Hellfest, une maraude de b\u00e9n\u00e9voles contre les violences sexuelles<\/a><\/p>\n<p>L\u2019article <a href=\"https:\/\/popburo.fr\/au-hellfest-une-maraude-de-benevoles-contre-les-violences-sexuelles\/\">Au Hellfest, une maraude de b\u00e9n\u00e9voles contre les violences sexuelles<\/a> est apparu en premier sur <a href=\"https:\/\/popburo.fr\/\">POP B\u00dcRO<\/a>.<\/p>\n","protected":false},"excerpt":{"rendered":"<p>Entach\u00e9 par des accusations de viols et d\u2019agressions sexuelles en 2019, le festival de m\u00e9tal qui revient en deux temps du 17 au 26 juin s\u2019est dot\u00e9 d\u2019une brigade pour traquer les comportements inappropri\u00e9s. Source \/ Lire la suite : Au Hellfest, une maraude de b\u00e9n\u00e9voles contre les violences sexuelles L\u2019article Au Hellfest, une maraude de b\u00e9n\u00e9voles contre les violences sexuelles est apparu en premier sur POP B\u00dcRO.<\/p>\n","protected":false},"author":0,"featured_media":0,"comment_status":"closed","ping_status":"open","sticky":false,"template":"","format":"standard","meta":{"footnotes":""},"categories":[1],"tags":[],"class_list":["post-2947","post","type-post","status-publish","format-standard","hentry","category-non-classe"],"yoast_head":"<!-- This site is optimized with the Yoast SEO plugin v27.5 - https:\/\/yoast.com\/product\/yoast-seo-wordpress\/ -->\n<title>Au Hellfest, une maraude de b\u00e9n\u00e9voles contre les violences sexuelles - HIERO STRASBOURG<\/title>\n<meta name=\"robots\" content=\"index, follow, max-snippet:-1, max-image-preview:large, max-video-preview:-1\" \/>\n<link rel=\"canonical\" href=\"https:\/\/hierostrasbourg.com\/index.php\/2022\/06\/21\/au-hellfest-une-maraude-de-benevoles-contre-les-violences-sexuelles-2\/\" \/>\n<meta property=\"og:locale\" content=\"fr_FR\" \/>\n<meta property=\"og:type\" content=\"article\" \/>\n<meta property=\"og:title\" content=\"Au Hellfest, une maraude de b\u00e9n\u00e9voles contre les violences sexuelles - HIERO STRASBOURG\" \/>\n<meta property=\"og:description\" content=\"Entach\u00e9 par des accusations de viols et d\u2019agressions sexuelles en 2019, le festival de m\u00e9tal qui revient en deux temps du 17 au 26 juin s\u2019est dot\u00e9 d\u2019une brigade pour traquer les comportements inappropri\u00e9s. Source \/ Lire la suite : Au Hellfest, une maraude de b\u00e9n\u00e9voles contre les violences sexuelles L\u2019article Au Hellfest, une maraude de b\u00e9n\u00e9voles contre les violences sexuelles est apparu en premier sur POP B\u00dcRO.\" \/>\n<meta property=\"og:url\" content=\"https:\/\/hierostrasbourg.com\/index.php\/2022\/06\/21\/au-hellfest-une-maraude-de-benevoles-contre-les-violences-sexuelles-2\/\" \/>\n<meta property=\"og:site_name\" content=\"HIERO STRASBOURG\" \/>\n<meta property=\"article:publisher\" content=\"https:\/\/www.facebook.com\/fedehierostrasbourg\" \/>\n<meta property=\"article:published_time\" content=\"2022-06-21T18:32:56+00:00\" \/>\n<meta name=\"twitter:card\" content=\"summary_large_image\" \/>\n<meta name=\"twitter:creator\" content=\"@hierostrasbourg\" \/>\n<meta name=\"twitter:site\" content=\"@hierostrasbourg\" \/>\n<script type=\"application\/ld+json\" class=\"yoast-schema-graph\">{\"@context\":\"https:\\\/\\\/schema.org\",\"@graph\":[{\"@type\":\"Article\",\"@id\":\"https:\\\/\\\/hierostrasbourg.com\\\/index.php\\\/2022\\\/06\\\/21\\\/au-hellfest-une-maraude-de-benevoles-contre-les-violences-sexuelles-2\\\/#article\",\"isPartOf\":{\"@id\":\"https:\\\/\\\/hierostrasbourg.com\\\/index.php\\\/2022\\\/06\\\/21\\\/au-hellfest-une-maraude-de-benevoles-contre-les-violences-sexuelles-2\\\/\"},\"author\":{\"name\":\"\",\"@id\":\"\"},\"headline\":\"Au Hellfest, une maraude de b\u00e9n\u00e9voles contre les violences sexuelles\",\"datePublished\":\"2022-06-21T18:32:56+00:00\",\"mainEntityOfPage\":{\"@id\":\"https:\\\/\\\/hierostrasbourg.com\\\/index.php\\\/2022\\\/06\\\/21\\\/au-hellfest-une-maraude-de-benevoles-contre-les-violences-sexuelles-2\\\/\"},\"wordCount\":86,\"publisher\":{\"@id\":\"https:\\\/\\\/hierostrasbourg.com\\\/#organization\"},\"inLanguage\":\"fr-FR\"},{\"@type\":\"WebPage\",\"@id\":\"https:\\\/\\\/hierostrasbourg.com\\\/index.php\\\/2022\\\/06\\\/21\\\/au-hellfest-une-maraude-de-benevoles-contre-les-violences-sexuelles-2\\\/\",\"url\":\"https:\\\/\\\/hierostrasbourg.com\\\/index.php\\\/2022\\\/06\\\/21\\\/au-hellfest-une-maraude-de-benevoles-contre-les-violences-sexuelles-2\\\/\",\"name\":\"Au Hellfest, une maraude de b\u00e9n\u00e9voles contre les violences sexuelles - HIERO STRASBOURG\",\"isPartOf\":{\"@id\":\"https:\\\/\\\/hierostrasbourg.com\\\/#website\"},\"datePublished\":\"2022-06-21T18:32:56+00:00\",\"breadcrumb\":{\"@id\":\"https:\\\/\\\/hierostrasbourg.com\\\/index.php\\\/2022\\\/06\\\/21\\\/au-hellfest-une-maraude-de-benevoles-contre-les-violences-sexuelles-2\\\/#breadcrumb\"},\"inLanguage\":\"fr-FR\",\"potentialAction\":[{\"@type\":\"ReadAction\",\"target\":[\"https:\\\/\\\/hierostrasbourg.com\\\/index.php\\\/2022\\\/06\\\/21\\\/au-hellfest-une-maraude-de-benevoles-contre-les-violences-sexuelles-2\\\/\"]}]},{\"@type\":\"BreadcrumbList\",\"@id\":\"https:\\\/\\\/hierostrasbourg.com\\\/index.php\\\/2022\\\/06\\\/21\\\/au-hellfest-une-maraude-de-benevoles-contre-les-violences-sexuelles-2\\\/#breadcrumb\",\"itemListElement\":[{\"@type\":\"ListItem\",\"position\":1,\"name\":\"Accueil\",\"item\":\"https:\\\/\\\/hierostrasbourg.com\\\/\"},{\"@type\":\"ListItem\",\"position\":2,\"name\":\"Au Hellfest, une maraude de b\u00e9n\u00e9voles contre les violences sexuelles\"}]},{\"@type\":\"WebSite\",\"@id\":\"https:\\\/\\\/hierostrasbourg.com\\\/#website\",\"url\":\"https:\\\/\\\/hierostrasbourg.com\\\/\",\"name\":\"HIERO STRASBOURG\",\"description\":\"Centre de Ressources Musiques Actuelles\",\"publisher\":{\"@id\":\"https:\\\/\\\/hierostrasbourg.com\\\/#organization\"},\"potentialAction\":[{\"@type\":\"SearchAction\",\"target\":{\"@type\":\"EntryPoint\",\"urlTemplate\":\"https:\\\/\\\/hierostrasbourg.com\\\/?s={search_term_string}\"},\"query-input\":{\"@type\":\"PropertyValueSpecification\",\"valueRequired\":true,\"valueName\":\"search_term_string\"}}],\"inLanguage\":\"fr-FR\"},{\"@type\":\"Organization\",\"@id\":\"https:\\\/\\\/hierostrasbourg.com\\\/#organization\",\"name\":\"F\u00e9d\u00e9ration Hi\u00e9ro Strasbourg\",\"url\":\"https:\\\/\\\/hierostrasbourg.com\\\/\",\"logo\":{\"@type\":\"ImageObject\",\"inLanguage\":\"fr-FR\",\"@id\":\"https:\\\/\\\/hierostrasbourg.com\\\/#\\\/schema\\\/logo\\\/image\\\/\",\"url\":\"https:\\\/\\\/hierostrasbourg.com\\\/wp-content\\\/uploads\\\/2026\\\/04\\\/logo-hiero-strasbourg.jpg\",\"contentUrl\":\"https:\\\/\\\/hierostrasbourg.com\\\/wp-content\\\/uploads\\\/2026\\\/04\\\/logo-hiero-strasbourg.jpg\",\"width\":204,\"height\":192,\"caption\":\"F\u00e9d\u00e9ration Hi\u00e9ro Strasbourg\"},\"image\":{\"@id\":\"https:\\\/\\\/hierostrasbourg.com\\\/#\\\/schema\\\/logo\\\/image\\\/\"},\"sameAs\":[\"https:\\\/\\\/www.facebook.com\\\/fedehierostrasbourg\",\"https:\\\/\\\/x.com\\\/hierostrasbourg\"]}]}<\/script>\n<!-- \/ Yoast SEO plugin. -->","yoast_head_json":{"title":"Au Hellfest, une maraude de b\u00e9n\u00e9voles contre les violences sexuelles - HIERO STRASBOURG","robots":{"index":"index","follow":"follow","max-snippet":"max-snippet:-1","max-image-preview":"max-image-preview:large","max-video-preview":"max-video-preview:-1"},"canonical":"https:\/\/hierostrasbourg.com\/index.php\/2022\/06\/21\/au-hellfest-une-maraude-de-benevoles-contre-les-violences-sexuelles-2\/","og_locale":"fr_FR","og_type":"article","og_title":"Au Hellfest, une maraude de b\u00e9n\u00e9voles contre les violences sexuelles - HIERO STRASBOURG","og_description":"Entach\u00e9 par des accusations de viols et d\u2019agressions sexuelles en 2019, le festival de m\u00e9tal qui revient en deux temps du 17 au 26 juin s\u2019est dot\u00e9 d\u2019une brigade pour traquer les comportements inappropri\u00e9s. Source \/ Lire la suite : Au Hellfest, une maraude de b\u00e9n\u00e9voles contre les violences sexuelles L\u2019article Au Hellfest, une maraude de b\u00e9n\u00e9voles contre les violences sexuelles est apparu en premier sur POP B\u00dcRO.","og_url":"https:\/\/hierostrasbourg.com\/index.php\/2022\/06\/21\/au-hellfest-une-maraude-de-benevoles-contre-les-violences-sexuelles-2\/","og_site_name":"HIERO STRASBOURG","article_publisher":"https:\/\/www.facebook.com\/fedehierostrasbourg","article_published_time":"2022-06-21T18:32:56+00:00","twitter_card":"summary_large_image","twitter_creator":"@hierostrasbourg","twitter_site":"@hierostrasbourg","schema":{"@context":"https:\/\/schema.org","@graph":[{"@type":"Article","@id":"https:\/\/hierostrasbourg.com\/index.php\/2022\/06\/21\/au-hellfest-une-maraude-de-benevoles-contre-les-violences-sexuelles-2\/#article","isPartOf":{"@id":"https:\/\/hierostrasbourg.com\/index.php\/2022\/06\/21\/au-hellfest-une-maraude-de-benevoles-contre-les-violences-sexuelles-2\/"},"author":{"name":"","@id":""},"headline":"Au Hellfest, une maraude de b\u00e9n\u00e9voles contre les violences sexuelles","datePublished":"2022-06-21T18:32:56+00:00","mainEntityOfPage":{"@id":"https:\/\/hierostrasbourg.com\/index.php\/2022\/06\/21\/au-hellfest-une-maraude-de-benevoles-contre-les-violences-sexuelles-2\/"},"wordCount":86,"publisher":{"@id":"https:\/\/hierostrasbourg.com\/#organization"},"inLanguage":"fr-FR"},{"@type":"WebPage","@id":"https:\/\/hierostrasbourg.com\/index.php\/2022\/06\/21\/au-hellfest-une-maraude-de-benevoles-contre-les-violences-sexuelles-2\/","url":"https:\/\/hierostrasbourg.com\/index.php\/2022\/06\/21\/au-hellfest-une-maraude-de-benevoles-contre-les-violences-sexuelles-2\/","name":"Au Hellfest, une maraude de b\u00e9n\u00e9voles contre les violences sexuelles - HIERO STRASBOURG","isPartOf":{"@id":"https:\/\/hierostrasbourg.com\/#website"},"datePublished":"2022-06-21T18:32:56+00:00","breadcrumb":{"@id":"https:\/\/hierostrasbourg.com\/index.php\/2022\/06\/21\/au-hellfest-une-maraude-de-benevoles-contre-les-violences-sexuelles-2\/#breadcrumb"},"inLanguage":"fr-FR","potentialAction":[{"@type":"ReadAction","target":["https:\/\/hierostrasbourg.com\/index.php\/2022\/06\/21\/au-hellfest-une-maraude-de-benevoles-contre-les-violences-sexuelles-2\/"]}]},{"@type":"BreadcrumbList","@id":"https:\/\/hierostrasbourg.com\/index.php\/2022\/06\/21\/au-hellfest-une-maraude-de-benevoles-contre-les-violences-sexuelles-2\/#breadcrumb","itemListElement":[{"@type":"ListItem","position":1,"name":"Accueil","item":"https:\/\/hierostrasbourg.com\/"},{"@type":"ListItem","position":2,"name":"Au Hellfest, une maraude de b\u00e9n\u00e9voles contre les violences sexuelles"}]},{"@type":"WebSite","@id":"https:\/\/hierostrasbourg.com\/#website","url":"https:\/\/hierostrasbourg.com\/","name":"HIERO STRASBOURG","description":"Centre de Ressources Musiques Actuelles","publisher":{"@id":"https:\/\/hierostrasbourg.com\/#organization"},"potentialAction":[{"@type":"SearchAction","target":{"@type":"EntryPoint","urlTemplate":"https:\/\/hierostrasbourg.com\/?s={search_term_string}"},"query-input":{"@type":"PropertyValueSpecification","valueRequired":true,"valueName":"search_term_string"}}],"inLanguage":"fr-FR"},{"@type":"Organization","@id":"https:\/\/hierostrasbourg.com\/#organization","name":"F\u00e9d\u00e9ration Hi\u00e9ro Strasbourg","url":"https:\/\/hierostrasbourg.com\/","logo":{"@type":"ImageObject","inLanguage":"fr-FR","@id":"https:\/\/hierostrasbourg.com\/#\/schema\/logo\/image\/","url":"https:\/\/hierostrasbourg.com\/wp-content\/uploads\/2026\/04\/logo-hiero-strasbourg.jpg","contentUrl":"https:\/\/hierostrasbourg.com\/wp-content\/uploads\/2026\/04\/logo-hiero-strasbourg.jpg","width":204,"height":192,"caption":"F\u00e9d\u00e9ration Hi\u00e9ro Strasbourg"},"image":{"@id":"https:\/\/hierostrasbourg.com\/#\/schema\/logo\/image\/"},"sameAs":["https:\/\/www.facebook.com\/fedehierostrasbourg","https:\/\/x.com\/hierostrasbourg"]}]}},"_links":{"self":[{"href":"https:\/\/hierostrasbourg.com\/index.php\/wp-json\/wp\/v2\/posts\/2947","targetHints":{"allow":["GET"]}}],"collection":[{"href":"https:\/\/hierostrasbourg.com\/index.php\/wp-json\/wp\/v2\/posts"}],"about":[{"href":"https:\/\/hierostrasbourg.com\/index.php\/wp-json\/wp\/v2\/types\/post"}],"replies":[{"embeddable":true,"href":"https:\/\/hierostrasbourg.com\/index.php\/wp-json\/wp\/v2\/comments?post=2947"}],"version-history":[{"count":0,"href":"https:\/\/hierostrasbourg.com\/index.php\/wp-json\/wp\/v2\/posts\/2947\/revisions"}],"wp:attachment":[{"href":"https:\/\/hierostrasbourg.com\/index.php\/wp-json\/wp\/v2\/media?parent=2947"}],"wp:term":[{"taxonomy":"category","embeddable":true,"href":"https:\/\/hierostrasbourg.com\/index.php\/wp-json\/wp\/v2\/categories?post=2947"},{"taxonomy":"post_tag","embeddable":true,"href":"https:\/\/hierostrasbourg.com\/index.php\/wp-json\/wp\/v2\/tags?post=2947"}],"curies":[{"name":"wp","href":"https:\/\/api.w.org\/{rel}","templated":true}]}}