{"id":2945,"date":"2022-06-21T20:32:56","date_gmt":"2022-06-21T18:32:56","guid":{"rendered":"https:\/\/hierostrasbourg.com\/index.php\/2022\/06\/21\/fete-de-la-musique-pourquoi-la-musique-nous-emeut-elle-autant\/"},"modified":"2022-06-21T20:32:56","modified_gmt":"2022-06-21T18:32:56","slug":"fete-de-la-musique-pourquoi-la-musique-nous-emeut-elle-autant","status":"publish","type":"post","link":"https:\/\/hierostrasbourg.com\/index.php\/2022\/06\/21\/fete-de-la-musique-pourquoi-la-musique-nous-emeut-elle-autant\/","title":{"rendered":"F\u00eate de la musique : pourquoi la musique nous \u00e9meut-elle autant ?"},"content":{"rendered":"<p><a href=\"https:\/\/musiquesactuelles.alsace\/fete-de-la-musique-pourquoi-la-musique-nous-emeut-elle-autant\/\" title=\"F\u00eate de la musique : pourquoi la musique nous \u00e9meut-elle autant ?\"><\/a><\/p>\n<p>La musique est l\u2019art le plus abstrait et qui a le plus d\u2019effets concrets : avec des sons, rien que des sons, il met les hommes en transe ou les fait marcher au pas, il nous fait danser ou pleurer d\u2019\u00e9motion. Justement parce qu\u2019il est l\u2019art des sons. L\u2019univers sonore est en effet d\u2019embl\u00e9e \u00e9motionnel, parce que la fonction naturelle des sons, pour l\u2019\u00eatre vivant, est une fonction d\u2019alerte. Ils l\u2019informent sur ce qui se passe, ils \u00e9veillent \u00e0 chaque [\u2026]<\/p>\n<p>L\u2019article <a href=\"https:\/\/musiquesactuelles.alsace\/fete-de-la-musique-pourquoi-la-musique-nous-emeut-elle-autant\/\">F\u00eate de la musique : pourquoi la musique nous \u00e9meut-elle autant ?<\/a> est apparu en premier sur <a href=\"https:\/\/musiquesactuelles.alsace\/\">Musiques Actuelles en Alsace<\/a>.<\/p>\n<p>L\u2019article <a href=\"https:\/\/popburo.fr\/fete-de-la-musique-pourquoi-la-musique-nous-emeut-elle-autant-2\/\">F\u00eate de la musique : pourquoi la musique nous \u00e9meut-elle autant ?<\/a> est apparu en premier sur <a href=\"https:\/\/popburo.fr\/\">POP B\u00dcRO<\/a>.<\/p>\n","protected":false},"excerpt":{"rendered":"<p>La musique est l\u2019art le plus abstrait et qui a le plus d\u2019effets concrets : avec des sons, rien que des sons, il met les hommes en transe ou les fait marcher au pas, il nous fait danser ou pleurer d\u2019\u00e9motion. Justement parce qu\u2019il est l\u2019art des sons. L\u2019univers sonore est en effet d\u2019embl\u00e9e \u00e9motionnel, parce que la fonction naturelle des sons, pour l\u2019\u00eatre vivant, est une fonction d\u2019alerte. Ils l\u2019informent sur ce qui se passe, ils \u00e9veillent \u00e0 chaque [&hellip;]<\/p>\n","protected":false},"author":0,"featured_media":0,"comment_status":"closed","ping_status":"open","sticky":false,"template":"","format":"standard","meta":{"footnotes":""},"categories":[1],"tags":[],"class_list":["post-2945","post","type-post","status-publish","format-standard","hentry","category-non-classe"],"yoast_head":"<!-- This site is optimized with the Yoast SEO plugin v27.5 - https:\/\/yoast.com\/product\/yoast-seo-wordpress\/ -->\n<title>F\u00eate de la musique : pourquoi la musique nous \u00e9meut-elle autant ? - HIERO STRASBOURG<\/title>\n<meta name=\"robots\" content=\"index, follow, max-snippet:-1, max-image-preview:large, max-video-preview:-1\" \/>\n<link rel=\"canonical\" href=\"https:\/\/hierostrasbourg.com\/index.php\/2022\/06\/21\/fete-de-la-musique-pourquoi-la-musique-nous-emeut-elle-autant\/\" \/>\n<meta property=\"og:locale\" content=\"fr_FR\" \/>\n<meta property=\"og:type\" content=\"article\" \/>\n<meta property=\"og:title\" content=\"F\u00eate de la musique : pourquoi la musique nous \u00e9meut-elle autant ? - HIERO STRASBOURG\" \/>\n<meta property=\"og:description\" content=\"La musique est l\u2019art le plus abstrait et qui a le plus d\u2019effets concrets : avec des sons, rien que des sons, il met les hommes en transe ou les fait marcher au pas, il nous fait danser ou pleurer d\u2019\u00e9motion. Justement parce qu\u2019il est l\u2019art des sons. L\u2019univers sonore est en effet d\u2019embl\u00e9e \u00e9motionnel, parce que la fonction naturelle des sons, pour l\u2019\u00eatre vivant, est une fonction d\u2019alerte. Ils l\u2019informent sur ce qui se passe, ils \u00e9veillent \u00e0 chaque [&hellip;]\" \/>\n<meta property=\"og:url\" content=\"https:\/\/hierostrasbourg.com\/index.php\/2022\/06\/21\/fete-de-la-musique-pourquoi-la-musique-nous-emeut-elle-autant\/\" \/>\n<meta property=\"og:site_name\" content=\"HIERO STRASBOURG\" \/>\n<meta property=\"article:publisher\" content=\"https:\/\/www.facebook.com\/fedehierostrasbourg\" \/>\n<meta property=\"article:published_time\" content=\"2022-06-21T18:32:56+00:00\" \/>\n<meta name=\"twitter:card\" content=\"summary_large_image\" \/>\n<meta name=\"twitter:creator\" content=\"@hierostrasbourg\" \/>\n<meta name=\"twitter:site\" content=\"@hierostrasbourg\" \/>\n<meta name=\"twitter:label1\" content=\"Dur\u00e9e de lecture estim\u00e9e\" \/>\n\t<meta name=\"twitter:data1\" content=\"1 minute\" \/>\n<script type=\"application\/ld+json\" class=\"yoast-schema-graph\">{\"@context\":\"https:\\\/\\\/schema.org\",\"@graph\":[{\"@type\":\"Article\",\"@id\":\"https:\\\/\\\/hierostrasbourg.com\\\/index.php\\\/2022\\\/06\\\/21\\\/fete-de-la-musique-pourquoi-la-musique-nous-emeut-elle-autant\\\/#article\",\"isPartOf\":{\"@id\":\"https:\\\/\\\/hierostrasbourg.com\\\/index.php\\\/2022\\\/06\\\/21\\\/fete-de-la-musique-pourquoi-la-musique-nous-emeut-elle-autant\\\/\"},\"author\":{\"name\":\"\",\"@id\":\"\"},\"headline\":\"F\u00eate de la musique : pourquoi la musique nous \u00e9meut-elle autant ?\",\"datePublished\":\"2022-06-21T18:32:56+00:00\",\"mainEntityOfPage\":{\"@id\":\"https:\\\/\\\/hierostrasbourg.com\\\/index.php\\\/2022\\\/06\\\/21\\\/fete-de-la-musique-pourquoi-la-musique-nous-emeut-elle-autant\\\/\"},\"wordCount\":143,\"publisher\":{\"@id\":\"https:\\\/\\\/hierostrasbourg.com\\\/#organization\"},\"inLanguage\":\"fr-FR\"},{\"@type\":\"WebPage\",\"@id\":\"https:\\\/\\\/hierostrasbourg.com\\\/index.php\\\/2022\\\/06\\\/21\\\/fete-de-la-musique-pourquoi-la-musique-nous-emeut-elle-autant\\\/\",\"url\":\"https:\\\/\\\/hierostrasbourg.com\\\/index.php\\\/2022\\\/06\\\/21\\\/fete-de-la-musique-pourquoi-la-musique-nous-emeut-elle-autant\\\/\",\"name\":\"F\u00eate de la musique : pourquoi la musique nous \u00e9meut-elle autant ? - HIERO STRASBOURG\",\"isPartOf\":{\"@id\":\"https:\\\/\\\/hierostrasbourg.com\\\/#website\"},\"datePublished\":\"2022-06-21T18:32:56+00:00\",\"breadcrumb\":{\"@id\":\"https:\\\/\\\/hierostrasbourg.com\\\/index.php\\\/2022\\\/06\\\/21\\\/fete-de-la-musique-pourquoi-la-musique-nous-emeut-elle-autant\\\/#breadcrumb\"},\"inLanguage\":\"fr-FR\",\"potentialAction\":[{\"@type\":\"ReadAction\",\"target\":[\"https:\\\/\\\/hierostrasbourg.com\\\/index.php\\\/2022\\\/06\\\/21\\\/fete-de-la-musique-pourquoi-la-musique-nous-emeut-elle-autant\\\/\"]}]},{\"@type\":\"BreadcrumbList\",\"@id\":\"https:\\\/\\\/hierostrasbourg.com\\\/index.php\\\/2022\\\/06\\\/21\\\/fete-de-la-musique-pourquoi-la-musique-nous-emeut-elle-autant\\\/#breadcrumb\",\"itemListElement\":[{\"@type\":\"ListItem\",\"position\":1,\"name\":\"Accueil\",\"item\":\"https:\\\/\\\/hierostrasbourg.com\\\/\"},{\"@type\":\"ListItem\",\"position\":2,\"name\":\"F\u00eate de la musique : pourquoi la musique nous \u00e9meut-elle autant ?\"}]},{\"@type\":\"WebSite\",\"@id\":\"https:\\\/\\\/hierostrasbourg.com\\\/#website\",\"url\":\"https:\\\/\\\/hierostrasbourg.com\\\/\",\"name\":\"HIERO STRASBOURG\",\"description\":\"Centre de Ressources Musiques Actuelles\",\"publisher\":{\"@id\":\"https:\\\/\\\/hierostrasbourg.com\\\/#organization\"},\"potentialAction\":[{\"@type\":\"SearchAction\",\"target\":{\"@type\":\"EntryPoint\",\"urlTemplate\":\"https:\\\/\\\/hierostrasbourg.com\\\/?s={search_term_string}\"},\"query-input\":{\"@type\":\"PropertyValueSpecification\",\"valueRequired\":true,\"valueName\":\"search_term_string\"}}],\"inLanguage\":\"fr-FR\"},{\"@type\":\"Organization\",\"@id\":\"https:\\\/\\\/hierostrasbourg.com\\\/#organization\",\"name\":\"F\u00e9d\u00e9ration Hi\u00e9ro Strasbourg\",\"url\":\"https:\\\/\\\/hierostrasbourg.com\\\/\",\"logo\":{\"@type\":\"ImageObject\",\"inLanguage\":\"fr-FR\",\"@id\":\"https:\\\/\\\/hierostrasbourg.com\\\/#\\\/schema\\\/logo\\\/image\\\/\",\"url\":\"https:\\\/\\\/hierostrasbourg.com\\\/wp-content\\\/uploads\\\/2026\\\/04\\\/logo-hiero-strasbourg.jpg\",\"contentUrl\":\"https:\\\/\\\/hierostrasbourg.com\\\/wp-content\\\/uploads\\\/2026\\\/04\\\/logo-hiero-strasbourg.jpg\",\"width\":204,\"height\":192,\"caption\":\"F\u00e9d\u00e9ration Hi\u00e9ro Strasbourg\"},\"image\":{\"@id\":\"https:\\\/\\\/hierostrasbourg.com\\\/#\\\/schema\\\/logo\\\/image\\\/\"},\"sameAs\":[\"https:\\\/\\\/www.facebook.com\\\/fedehierostrasbourg\",\"https:\\\/\\\/x.com\\\/hierostrasbourg\"]}]}<\/script>\n<!-- \/ Yoast SEO plugin. -->","yoast_head_json":{"title":"F\u00eate de la musique : pourquoi la musique nous \u00e9meut-elle autant ? - HIERO STRASBOURG","robots":{"index":"index","follow":"follow","max-snippet":"max-snippet:-1","max-image-preview":"max-image-preview:large","max-video-preview":"max-video-preview:-1"},"canonical":"https:\/\/hierostrasbourg.com\/index.php\/2022\/06\/21\/fete-de-la-musique-pourquoi-la-musique-nous-emeut-elle-autant\/","og_locale":"fr_FR","og_type":"article","og_title":"F\u00eate de la musique : pourquoi la musique nous \u00e9meut-elle autant ? - HIERO STRASBOURG","og_description":"La musique est l\u2019art le plus abstrait et qui a le plus d\u2019effets concrets : avec des sons, rien que des sons, il met les hommes en transe ou les fait marcher au pas, il nous fait danser ou pleurer d\u2019\u00e9motion. Justement parce qu\u2019il est l\u2019art des sons. L\u2019univers sonore est en effet d\u2019embl\u00e9e \u00e9motionnel, parce que la fonction naturelle des sons, pour l\u2019\u00eatre vivant, est une fonction d\u2019alerte. Ils l\u2019informent sur ce qui se passe, ils \u00e9veillent \u00e0 chaque [&hellip;]","og_url":"https:\/\/hierostrasbourg.com\/index.php\/2022\/06\/21\/fete-de-la-musique-pourquoi-la-musique-nous-emeut-elle-autant\/","og_site_name":"HIERO STRASBOURG","article_publisher":"https:\/\/www.facebook.com\/fedehierostrasbourg","article_published_time":"2022-06-21T18:32:56+00:00","twitter_card":"summary_large_image","twitter_creator":"@hierostrasbourg","twitter_site":"@hierostrasbourg","twitter_misc":{"Dur\u00e9e de lecture estim\u00e9e":"1 minute"},"schema":{"@context":"https:\/\/schema.org","@graph":[{"@type":"Article","@id":"https:\/\/hierostrasbourg.com\/index.php\/2022\/06\/21\/fete-de-la-musique-pourquoi-la-musique-nous-emeut-elle-autant\/#article","isPartOf":{"@id":"https:\/\/hierostrasbourg.com\/index.php\/2022\/06\/21\/fete-de-la-musique-pourquoi-la-musique-nous-emeut-elle-autant\/"},"author":{"name":"","@id":""},"headline":"F\u00eate de la musique : pourquoi la musique nous \u00e9meut-elle autant ?","datePublished":"2022-06-21T18:32:56+00:00","mainEntityOfPage":{"@id":"https:\/\/hierostrasbourg.com\/index.php\/2022\/06\/21\/fete-de-la-musique-pourquoi-la-musique-nous-emeut-elle-autant\/"},"wordCount":143,"publisher":{"@id":"https:\/\/hierostrasbourg.com\/#organization"},"inLanguage":"fr-FR"},{"@type":"WebPage","@id":"https:\/\/hierostrasbourg.com\/index.php\/2022\/06\/21\/fete-de-la-musique-pourquoi-la-musique-nous-emeut-elle-autant\/","url":"https:\/\/hierostrasbourg.com\/index.php\/2022\/06\/21\/fete-de-la-musique-pourquoi-la-musique-nous-emeut-elle-autant\/","name":"F\u00eate de la musique : pourquoi la musique nous \u00e9meut-elle autant ? - HIERO STRASBOURG","isPartOf":{"@id":"https:\/\/hierostrasbourg.com\/#website"},"datePublished":"2022-06-21T18:32:56+00:00","breadcrumb":{"@id":"https:\/\/hierostrasbourg.com\/index.php\/2022\/06\/21\/fete-de-la-musique-pourquoi-la-musique-nous-emeut-elle-autant\/#breadcrumb"},"inLanguage":"fr-FR","potentialAction":[{"@type":"ReadAction","target":["https:\/\/hierostrasbourg.com\/index.php\/2022\/06\/21\/fete-de-la-musique-pourquoi-la-musique-nous-emeut-elle-autant\/"]}]},{"@type":"BreadcrumbList","@id":"https:\/\/hierostrasbourg.com\/index.php\/2022\/06\/21\/fete-de-la-musique-pourquoi-la-musique-nous-emeut-elle-autant\/#breadcrumb","itemListElement":[{"@type":"ListItem","position":1,"name":"Accueil","item":"https:\/\/hierostrasbourg.com\/"},{"@type":"ListItem","position":2,"name":"F\u00eate de la musique : pourquoi la musique nous \u00e9meut-elle autant ?"}]},{"@type":"WebSite","@id":"https:\/\/hierostrasbourg.com\/#website","url":"https:\/\/hierostrasbourg.com\/","name":"HIERO STRASBOURG","description":"Centre de Ressources Musiques Actuelles","publisher":{"@id":"https:\/\/hierostrasbourg.com\/#organization"},"potentialAction":[{"@type":"SearchAction","target":{"@type":"EntryPoint","urlTemplate":"https:\/\/hierostrasbourg.com\/?s={search_term_string}"},"query-input":{"@type":"PropertyValueSpecification","valueRequired":true,"valueName":"search_term_string"}}],"inLanguage":"fr-FR"},{"@type":"Organization","@id":"https:\/\/hierostrasbourg.com\/#organization","name":"F\u00e9d\u00e9ration Hi\u00e9ro Strasbourg","url":"https:\/\/hierostrasbourg.com\/","logo":{"@type":"ImageObject","inLanguage":"fr-FR","@id":"https:\/\/hierostrasbourg.com\/#\/schema\/logo\/image\/","url":"https:\/\/hierostrasbourg.com\/wp-content\/uploads\/2026\/04\/logo-hiero-strasbourg.jpg","contentUrl":"https:\/\/hierostrasbourg.com\/wp-content\/uploads\/2026\/04\/logo-hiero-strasbourg.jpg","width":204,"height":192,"caption":"F\u00e9d\u00e9ration Hi\u00e9ro Strasbourg"},"image":{"@id":"https:\/\/hierostrasbourg.com\/#\/schema\/logo\/image\/"},"sameAs":["https:\/\/www.facebook.com\/fedehierostrasbourg","https:\/\/x.com\/hierostrasbourg"]}]}},"_links":{"self":[{"href":"https:\/\/hierostrasbourg.com\/index.php\/wp-json\/wp\/v2\/posts\/2945","targetHints":{"allow":["GET"]}}],"collection":[{"href":"https:\/\/hierostrasbourg.com\/index.php\/wp-json\/wp\/v2\/posts"}],"about":[{"href":"https:\/\/hierostrasbourg.com\/index.php\/wp-json\/wp\/v2\/types\/post"}],"replies":[{"embeddable":true,"href":"https:\/\/hierostrasbourg.com\/index.php\/wp-json\/wp\/v2\/comments?post=2945"}],"version-history":[{"count":0,"href":"https:\/\/hierostrasbourg.com\/index.php\/wp-json\/wp\/v2\/posts\/2945\/revisions"}],"wp:attachment":[{"href":"https:\/\/hierostrasbourg.com\/index.php\/wp-json\/wp\/v2\/media?parent=2945"}],"wp:term":[{"taxonomy":"category","embeddable":true,"href":"https:\/\/hierostrasbourg.com\/index.php\/wp-json\/wp\/v2\/categories?post=2945"},{"taxonomy":"post_tag","embeddable":true,"href":"https:\/\/hierostrasbourg.com\/index.php\/wp-json\/wp\/v2\/tags?post=2945"}],"curies":[{"name":"wp","href":"https:\/\/api.w.org\/{rel}","templated":true}]}}