{"id":2941,"date":"2022-06-21T15:32:25","date_gmt":"2022-06-21T13:32:25","guid":{"rendered":"https:\/\/hierostrasbourg.com\/index.php\/2022\/06\/21\/13ie-sens-obernai-recrute-un-directeur-f-h-3\/"},"modified":"2022-06-21T15:32:25","modified_gmt":"2022-06-21T13:32:25","slug":"13ie-sens-obernai-recrute-un-directeur-f-h-3","status":"publish","type":"post","link":"https:\/\/hierostrasbourg.com\/index.php\/2022\/06\/21\/13ie-sens-obernai-recrute-un-directeur-f-h-3\/","title":{"rendered":"13i\u00e8 SENS [Obernai] recrute un directeur [F\/H]"},"content":{"rendered":"<p>Sous statut associatif, 13e sens, relais culturel d\u2019Obernai (environ 11 800 habitants), dispose d\u2019une salle de spectacle et de cin\u00e9ma de 158 places, ainsi que d\u2019un chapiteau de 400 places.<br \/>\nL\u2019association dispose d\u2019un budget global d\u2019environ 700K\u20ac, d\u2019une \u00e9quipe de permanents et intermittents, et s\u2019appuie sur un important r\u00e9seau de b\u00e9n\u00e9voles investi dans le projet associatif.<br \/>\n\u2022 La saison culturelle propose de septembre \u00e0 avril une quinzaine de spectacles pluridisciplinaires.<br \/>\n\u2022 Le cin\u00e9ma, class\u00e9 Art et Essai, est labellis\u00e9 Jeune Public et Patrimoine, et totalise environ 20 000 entr\u00e9es annuelles.<br \/>\n\u2022 Le festival de cirque annuel Pisteurs d\u2019\u00c9toiles est devenu depuis 1995 un \u00e9v\u00e8nement important \u00e0 l\u2019\u00e9chelle de la r\u00e9gion Grand Est. Durant 9 jours, il pr\u00e9sente, principalement sous chapiteau, un \u00e9ventail des cr\u00e9ations circassiennes d\u2019envergure nationale, et accompagne des \u00e9quipes \u00e9mergentes.<\/p>\n<h2>MISSIONS<\/h2>\n<p>Professionnel\/le confirm\u00e9\/e du spectacle vivant et de la cr\u00e9ation, le\/la directeur\/trice assurera la direction de 13e sens dans les conditions pr\u00e9cis\u00e9es par les statuts et le r\u00e8glement de l\u2019association.<br \/>\nDans ce cadre, il\/elle :<\/p>\n<p>\u00e9laborera et mettra en \u0153uvre le projet artistique et culturel de 13e sens, dans le respect du projet associatif et dans le cadre de la convention tripartite sign\u00e9e avec la Ville d\u2019Obernai et la Collectivit\u00e9 europ\u00e9enne<br \/>\nd\u2019Alsace ;<br \/>\nassurera la responsabilit\u00e9 de la programmation artistique ;<br \/>\nassurera le pilotage de l\u2019\u00e9quipe permanente et de l\u2019\u00e9quipe \u00e9largie pour le festival, coordonnera l\u2019action des b\u00e9n\u00e9voles ;<br \/>\nassurera le pilotage financier de la structure et produira les indicateurs de suivi financier d\u00e9finis \u00e0 destination notamment des financeurs de la structure ;<br \/>\nprendra en charge la politique de communication et de relation aux publics ;<br \/>\nr\u00e9alisera le suivi des relations avec les partenaires institutionnels, culturels et associatifs ;<br \/>\nd\u00e9veloppera les partenariats institutionnels, professionnels et associatifs de l\u2019\u00e9tablissement \u00e0 l\u2019\u00e9chelle locale, r\u00e9gionale, nationale.<\/p>\n<h2>COMP\u00c9TENCES REQUISES<\/h2>\n<p>Connaissance approfondie du domaine du spectacle vivant et notamment du cirque de cr\u00e9ation dans ses aspects artistiques, professionnels et institutionnels ; connaissance du domaine cin\u00e9matographique et des conditions d\u2019exploitation d\u2019un \u00e9cran.<br \/>\nExp\u00e9rience et savoir-faire dans la direction d\u2019une saison culturelle et d\u2019un festival.<br \/>\nTr\u00e8s bonnes capacit\u00e9s manag\u00e9riales.<br \/>\nTr\u00e8s bonnes capacit\u00e9s en gestion financi\u00e8re.<br \/>\nSensibilit\u00e9 aux enjeux du d\u00e9veloppement du territoire et du d\u00e9veloppement des publics.<br \/>\nCapacit\u00e9 \u00e0 piloter le projet dans un environnement multipartenarial.<\/p>\n<h2>MODALITE<\/h2>\n<p>CDI \u00e0 temps plein bas\u00e9 \u00e0 Obernai (Bas-Rhin). Grande disponibilit\u00e9s (soir et week- end).<br \/>\nStatut cadre (Groupe 1 de la convention collective nationale des entreprises artistiques et culturelles).<br \/>\nDate de prise de fonction : d\u00e8s que possible.<br \/>\nLes candidatures, compos\u00e9es d\u2019une lettre de motivation et d\u2019un CV d\u00e9taill\u00e9, seront adress\u00e9es exclusivement par courriel \u00e0 l\u2019adresse secretaire@13esens.com. Les candidat\u00b7e\u00b7s seront tenu\u00b7e\u00b7s inform\u00e9\u00b7e\u00b7s de la d\u00e9cision du jury de pr\u00e9s\u00e9lection en<br \/>\njuillet. Les candidat\u00b7e\u00b7s pr\u00e9s\u00e9lectionn\u00e9\u00b7e\u00b7s adresseront un projet, qu\u2019ils pr\u00e9senteront lors de l\u2019entretien, au mois d\u2019ao\u00fbt.<br \/>\nDate limite de candidature 20\/07\/2022 minuit<\/p>\n<p>L\u2019article <a href=\"https:\/\/popburo.fr\/13ie-sens-obernai-recrute-un-directeur-f-h\/\">13i\u00e8 SENS [Obernai] recrute un directeur [F\/H]<\/a> est apparu en premier sur <a href=\"https:\/\/popburo.fr\/\">POP B\u00dcRO<\/a>.<\/p>\n","protected":false},"excerpt":{"rendered":"<p>Sous statut associatif, 13e sens, relais culturel d\u2019Obernai (environ 11 800 habitants), dispose d\u2019une salle de spectacle et de cin\u00e9ma de 158 places, ainsi que d\u2019un chapiteau de 400 places. L\u2019association dispose d\u2019un budget global d\u2019environ 700K\u20ac, d\u2019une \u00e9quipe de permanents et intermittents, et s\u2019appuie sur un important r\u00e9seau de b\u00e9n\u00e9voles investi dans le projet associatif. \u2022 La saison culturelle propose de septembre \u00e0 avril une quinzaine de spectacles pluridisciplinaires. \u2022 Le cin\u00e9ma, class\u00e9 Art et Essai, est labellis\u00e9 Jeune [&hellip;]<\/p>\n","protected":false},"author":0,"featured_media":0,"comment_status":"closed","ping_status":"open","sticky":false,"template":"","format":"standard","meta":{"footnotes":""},"categories":[1],"tags":[],"class_list":["post-2941","post","type-post","status-publish","format-standard","hentry","category-non-classe"],"yoast_head":"<!-- This site is optimized with the Yoast SEO plugin v27.5 - https:\/\/yoast.com\/product\/yoast-seo-wordpress\/ -->\n<title>13i\u00e8 SENS [Obernai] recrute un directeur [F\/H] - HIERO STRASBOURG<\/title>\n<meta name=\"robots\" content=\"index, follow, max-snippet:-1, max-image-preview:large, max-video-preview:-1\" \/>\n<link rel=\"canonical\" href=\"https:\/\/hierostrasbourg.com\/index.php\/2022\/06\/21\/13ie-sens-obernai-recrute-un-directeur-f-h-3\/\" \/>\n<meta property=\"og:locale\" content=\"fr_FR\" \/>\n<meta property=\"og:type\" content=\"article\" \/>\n<meta property=\"og:title\" content=\"13i\u00e8 SENS [Obernai] recrute un directeur [F\/H] - HIERO STRASBOURG\" \/>\n<meta property=\"og:description\" content=\"Sous statut associatif, 13e sens, relais culturel d\u2019Obernai (environ 11 800 habitants), dispose d\u2019une salle de spectacle et de cin\u00e9ma de 158 places, ainsi que d\u2019un chapiteau de 400 places. L\u2019association dispose d\u2019un budget global d\u2019environ 700K\u20ac, d\u2019une \u00e9quipe de permanents et intermittents, et s\u2019appuie sur un important r\u00e9seau de b\u00e9n\u00e9voles investi dans le projet associatif. \u2022 La saison culturelle propose de septembre \u00e0 avril une quinzaine de spectacles pluridisciplinaires. \u2022 Le cin\u00e9ma, class\u00e9 Art et Essai, est labellis\u00e9 Jeune [&hellip;]\" \/>\n<meta property=\"og:url\" content=\"https:\/\/hierostrasbourg.com\/index.php\/2022\/06\/21\/13ie-sens-obernai-recrute-un-directeur-f-h-3\/\" \/>\n<meta property=\"og:site_name\" content=\"HIERO STRASBOURG\" \/>\n<meta property=\"article:publisher\" content=\"https:\/\/www.facebook.com\/fedehierostrasbourg\" \/>\n<meta property=\"article:published_time\" content=\"2022-06-21T13:32:25+00:00\" \/>\n<meta name=\"twitter:card\" content=\"summary_large_image\" \/>\n<meta name=\"twitter:creator\" content=\"@hierostrasbourg\" \/>\n<meta name=\"twitter:site\" content=\"@hierostrasbourg\" \/>\n<meta name=\"twitter:label1\" content=\"Dur\u00e9e de lecture estim\u00e9e\" \/>\n\t<meta name=\"twitter:data1\" content=\"3 minutes\" \/>\n<script type=\"application\/ld+json\" class=\"yoast-schema-graph\">{\"@context\":\"https:\\\/\\\/schema.org\",\"@graph\":[{\"@type\":\"Article\",\"@id\":\"https:\\\/\\\/hierostrasbourg.com\\\/index.php\\\/2022\\\/06\\\/21\\\/13ie-sens-obernai-recrute-un-directeur-f-h-3\\\/#article\",\"isPartOf\":{\"@id\":\"https:\\\/\\\/hierostrasbourg.com\\\/index.php\\\/2022\\\/06\\\/21\\\/13ie-sens-obernai-recrute-un-directeur-f-h-3\\\/\"},\"author\":{\"name\":\"\",\"@id\":\"\"},\"headline\":\"13i\u00e8 SENS [Obernai] recrute un directeur [F\\\/H]\",\"datePublished\":\"2022-06-21T13:32:25+00:00\",\"mainEntityOfPage\":{\"@id\":\"https:\\\/\\\/hierostrasbourg.com\\\/index.php\\\/2022\\\/06\\\/21\\\/13ie-sens-obernai-recrute-un-directeur-f-h-3\\\/\"},\"wordCount\":550,\"publisher\":{\"@id\":\"https:\\\/\\\/hierostrasbourg.com\\\/#organization\"},\"inLanguage\":\"fr-FR\"},{\"@type\":\"WebPage\",\"@id\":\"https:\\\/\\\/hierostrasbourg.com\\\/index.php\\\/2022\\\/06\\\/21\\\/13ie-sens-obernai-recrute-un-directeur-f-h-3\\\/\",\"url\":\"https:\\\/\\\/hierostrasbourg.com\\\/index.php\\\/2022\\\/06\\\/21\\\/13ie-sens-obernai-recrute-un-directeur-f-h-3\\\/\",\"name\":\"13i\u00e8 SENS [Obernai] recrute un directeur [F\\\/H] - HIERO STRASBOURG\",\"isPartOf\":{\"@id\":\"https:\\\/\\\/hierostrasbourg.com\\\/#website\"},\"datePublished\":\"2022-06-21T13:32:25+00:00\",\"breadcrumb\":{\"@id\":\"https:\\\/\\\/hierostrasbourg.com\\\/index.php\\\/2022\\\/06\\\/21\\\/13ie-sens-obernai-recrute-un-directeur-f-h-3\\\/#breadcrumb\"},\"inLanguage\":\"fr-FR\",\"potentialAction\":[{\"@type\":\"ReadAction\",\"target\":[\"https:\\\/\\\/hierostrasbourg.com\\\/index.php\\\/2022\\\/06\\\/21\\\/13ie-sens-obernai-recrute-un-directeur-f-h-3\\\/\"]}]},{\"@type\":\"BreadcrumbList\",\"@id\":\"https:\\\/\\\/hierostrasbourg.com\\\/index.php\\\/2022\\\/06\\\/21\\\/13ie-sens-obernai-recrute-un-directeur-f-h-3\\\/#breadcrumb\",\"itemListElement\":[{\"@type\":\"ListItem\",\"position\":1,\"name\":\"Accueil\",\"item\":\"https:\\\/\\\/hierostrasbourg.com\\\/\"},{\"@type\":\"ListItem\",\"position\":2,\"name\":\"13i\u00e8 SENS [Obernai] recrute un directeur [F\\\/H]\"}]},{\"@type\":\"WebSite\",\"@id\":\"https:\\\/\\\/hierostrasbourg.com\\\/#website\",\"url\":\"https:\\\/\\\/hierostrasbourg.com\\\/\",\"name\":\"HIERO STRASBOURG\",\"description\":\"Centre de Ressources Musiques Actuelles\",\"publisher\":{\"@id\":\"https:\\\/\\\/hierostrasbourg.com\\\/#organization\"},\"potentialAction\":[{\"@type\":\"SearchAction\",\"target\":{\"@type\":\"EntryPoint\",\"urlTemplate\":\"https:\\\/\\\/hierostrasbourg.com\\\/?s={search_term_string}\"},\"query-input\":{\"@type\":\"PropertyValueSpecification\",\"valueRequired\":true,\"valueName\":\"search_term_string\"}}],\"inLanguage\":\"fr-FR\"},{\"@type\":\"Organization\",\"@id\":\"https:\\\/\\\/hierostrasbourg.com\\\/#organization\",\"name\":\"F\u00e9d\u00e9ration Hi\u00e9ro Strasbourg\",\"url\":\"https:\\\/\\\/hierostrasbourg.com\\\/\",\"logo\":{\"@type\":\"ImageObject\",\"inLanguage\":\"fr-FR\",\"@id\":\"https:\\\/\\\/hierostrasbourg.com\\\/#\\\/schema\\\/logo\\\/image\\\/\",\"url\":\"https:\\\/\\\/hierostrasbourg.com\\\/wp-content\\\/uploads\\\/2026\\\/04\\\/logo-hiero-strasbourg.jpg\",\"contentUrl\":\"https:\\\/\\\/hierostrasbourg.com\\\/wp-content\\\/uploads\\\/2026\\\/04\\\/logo-hiero-strasbourg.jpg\",\"width\":204,\"height\":192,\"caption\":\"F\u00e9d\u00e9ration Hi\u00e9ro Strasbourg\"},\"image\":{\"@id\":\"https:\\\/\\\/hierostrasbourg.com\\\/#\\\/schema\\\/logo\\\/image\\\/\"},\"sameAs\":[\"https:\\\/\\\/www.facebook.com\\\/fedehierostrasbourg\",\"https:\\\/\\\/x.com\\\/hierostrasbourg\"]}]}<\/script>\n<!-- \/ Yoast SEO plugin. -->","yoast_head_json":{"title":"13i\u00e8 SENS [Obernai] recrute un directeur [F\/H] - HIERO STRASBOURG","robots":{"index":"index","follow":"follow","max-snippet":"max-snippet:-1","max-image-preview":"max-image-preview:large","max-video-preview":"max-video-preview:-1"},"canonical":"https:\/\/hierostrasbourg.com\/index.php\/2022\/06\/21\/13ie-sens-obernai-recrute-un-directeur-f-h-3\/","og_locale":"fr_FR","og_type":"article","og_title":"13i\u00e8 SENS [Obernai] recrute un directeur [F\/H] - HIERO STRASBOURG","og_description":"Sous statut associatif, 13e sens, relais culturel d\u2019Obernai (environ 11 800 habitants), dispose d\u2019une salle de spectacle et de cin\u00e9ma de 158 places, ainsi que d\u2019un chapiteau de 400 places. L\u2019association dispose d\u2019un budget global d\u2019environ 700K\u20ac, d\u2019une \u00e9quipe de permanents et intermittents, et s\u2019appuie sur un important r\u00e9seau de b\u00e9n\u00e9voles investi dans le projet associatif. \u2022 La saison culturelle propose de septembre \u00e0 avril une quinzaine de spectacles pluridisciplinaires. \u2022 Le cin\u00e9ma, class\u00e9 Art et Essai, est labellis\u00e9 Jeune [&hellip;]","og_url":"https:\/\/hierostrasbourg.com\/index.php\/2022\/06\/21\/13ie-sens-obernai-recrute-un-directeur-f-h-3\/","og_site_name":"HIERO STRASBOURG","article_publisher":"https:\/\/www.facebook.com\/fedehierostrasbourg","article_published_time":"2022-06-21T13:32:25+00:00","twitter_card":"summary_large_image","twitter_creator":"@hierostrasbourg","twitter_site":"@hierostrasbourg","twitter_misc":{"Dur\u00e9e de lecture estim\u00e9e":"3 minutes"},"schema":{"@context":"https:\/\/schema.org","@graph":[{"@type":"Article","@id":"https:\/\/hierostrasbourg.com\/index.php\/2022\/06\/21\/13ie-sens-obernai-recrute-un-directeur-f-h-3\/#article","isPartOf":{"@id":"https:\/\/hierostrasbourg.com\/index.php\/2022\/06\/21\/13ie-sens-obernai-recrute-un-directeur-f-h-3\/"},"author":{"name":"","@id":""},"headline":"13i\u00e8 SENS [Obernai] recrute un directeur [F\/H]","datePublished":"2022-06-21T13:32:25+00:00","mainEntityOfPage":{"@id":"https:\/\/hierostrasbourg.com\/index.php\/2022\/06\/21\/13ie-sens-obernai-recrute-un-directeur-f-h-3\/"},"wordCount":550,"publisher":{"@id":"https:\/\/hierostrasbourg.com\/#organization"},"inLanguage":"fr-FR"},{"@type":"WebPage","@id":"https:\/\/hierostrasbourg.com\/index.php\/2022\/06\/21\/13ie-sens-obernai-recrute-un-directeur-f-h-3\/","url":"https:\/\/hierostrasbourg.com\/index.php\/2022\/06\/21\/13ie-sens-obernai-recrute-un-directeur-f-h-3\/","name":"13i\u00e8 SENS [Obernai] recrute un directeur [F\/H] - HIERO STRASBOURG","isPartOf":{"@id":"https:\/\/hierostrasbourg.com\/#website"},"datePublished":"2022-06-21T13:32:25+00:00","breadcrumb":{"@id":"https:\/\/hierostrasbourg.com\/index.php\/2022\/06\/21\/13ie-sens-obernai-recrute-un-directeur-f-h-3\/#breadcrumb"},"inLanguage":"fr-FR","potentialAction":[{"@type":"ReadAction","target":["https:\/\/hierostrasbourg.com\/index.php\/2022\/06\/21\/13ie-sens-obernai-recrute-un-directeur-f-h-3\/"]}]},{"@type":"BreadcrumbList","@id":"https:\/\/hierostrasbourg.com\/index.php\/2022\/06\/21\/13ie-sens-obernai-recrute-un-directeur-f-h-3\/#breadcrumb","itemListElement":[{"@type":"ListItem","position":1,"name":"Accueil","item":"https:\/\/hierostrasbourg.com\/"},{"@type":"ListItem","position":2,"name":"13i\u00e8 SENS [Obernai] recrute un directeur [F\/H]"}]},{"@type":"WebSite","@id":"https:\/\/hierostrasbourg.com\/#website","url":"https:\/\/hierostrasbourg.com\/","name":"HIERO STRASBOURG","description":"Centre de Ressources Musiques Actuelles","publisher":{"@id":"https:\/\/hierostrasbourg.com\/#organization"},"potentialAction":[{"@type":"SearchAction","target":{"@type":"EntryPoint","urlTemplate":"https:\/\/hierostrasbourg.com\/?s={search_term_string}"},"query-input":{"@type":"PropertyValueSpecification","valueRequired":true,"valueName":"search_term_string"}}],"inLanguage":"fr-FR"},{"@type":"Organization","@id":"https:\/\/hierostrasbourg.com\/#organization","name":"F\u00e9d\u00e9ration Hi\u00e9ro Strasbourg","url":"https:\/\/hierostrasbourg.com\/","logo":{"@type":"ImageObject","inLanguage":"fr-FR","@id":"https:\/\/hierostrasbourg.com\/#\/schema\/logo\/image\/","url":"https:\/\/hierostrasbourg.com\/wp-content\/uploads\/2026\/04\/logo-hiero-strasbourg.jpg","contentUrl":"https:\/\/hierostrasbourg.com\/wp-content\/uploads\/2026\/04\/logo-hiero-strasbourg.jpg","width":204,"height":192,"caption":"F\u00e9d\u00e9ration Hi\u00e9ro Strasbourg"},"image":{"@id":"https:\/\/hierostrasbourg.com\/#\/schema\/logo\/image\/"},"sameAs":["https:\/\/www.facebook.com\/fedehierostrasbourg","https:\/\/x.com\/hierostrasbourg"]}]}},"_links":{"self":[{"href":"https:\/\/hierostrasbourg.com\/index.php\/wp-json\/wp\/v2\/posts\/2941","targetHints":{"allow":["GET"]}}],"collection":[{"href":"https:\/\/hierostrasbourg.com\/index.php\/wp-json\/wp\/v2\/posts"}],"about":[{"href":"https:\/\/hierostrasbourg.com\/index.php\/wp-json\/wp\/v2\/types\/post"}],"replies":[{"embeddable":true,"href":"https:\/\/hierostrasbourg.com\/index.php\/wp-json\/wp\/v2\/comments?post=2941"}],"version-history":[{"count":0,"href":"https:\/\/hierostrasbourg.com\/index.php\/wp-json\/wp\/v2\/posts\/2941\/revisions"}],"wp:attachment":[{"href":"https:\/\/hierostrasbourg.com\/index.php\/wp-json\/wp\/v2\/media?parent=2941"}],"wp:term":[{"taxonomy":"category","embeddable":true,"href":"https:\/\/hierostrasbourg.com\/index.php\/wp-json\/wp\/v2\/categories?post=2941"},{"taxonomy":"post_tag","embeddable":true,"href":"https:\/\/hierostrasbourg.com\/index.php\/wp-json\/wp\/v2\/tags?post=2941"}],"curies":[{"name":"wp","href":"https:\/\/api.w.org\/{rel}","templated":true}]}}