{"id":2938,"date":"2022-06-20T22:35:46","date_gmt":"2022-06-20T20:35:46","guid":{"rendered":"https:\/\/hierostrasbourg.com\/index.php\/2022\/06\/20\/appel-a-candidatures-pour-fluxus-dispositif-dincubation-regional-2\/"},"modified":"2022-06-20T22:35:46","modified_gmt":"2022-06-20T20:35:46","slug":"appel-a-candidatures-pour-fluxus-dispositif-dincubation-regional-2","status":"publish","type":"post","link":"https:\/\/hierostrasbourg.com\/index.php\/2022\/06\/20\/appel-a-candidatures-pour-fluxus-dispositif-dincubation-regional-2\/","title":{"rendered":"Appel \u00e0 candidatures pour FLUXUS, dispositif d\u2019incubation r\u00e9gional"},"content":{"rendered":"<p><a href=\"https:\/\/musiquesactuelles.alsace\/appel-a-candidatures-pour-fluxus-dispositif-dincubation-regional\/\" title=\"Appel \u00e0 candidatures pour FLUXUS, dispositif d\u2019incubation r\u00e9gional\"><\/a><\/p>\n<p>Pr\u00e9sentation Fluxus, le dispositif d\u2019incubation r\u00e9gional pour les entrepreneurs culturels et artistiques Afin de faire \u00e9merger des projets entrepreneuriaux innovants dans les domaines culturels et artistiques sur le territoire du Grand Est, il \u00e9tait n\u00e9cessaire de proposer un soutien \u00e0 la cr\u00e9ation d\u2019entreprises cr\u00e9atives. \u00c0 l\u2019initiative de la DRAC Grand Est \/ Minist\u00e8re de la Culture, diff\u00e9rents partenaires se sont f\u00e9d\u00e9r\u00e9s pour donner naissance \u00e0 l\u2019incubateur fluxus. \u200bC\u2019est\u00a0un\u00a0dispositif d\u2019incubation\u00a0r\u00e9gional, pluridisciplinaire et itin\u00e9rant, alliant\u00a0formation collective et\u00a0accompagnement\u00a0individuel. Cet incubateur permet d\u2019accompagner pendant [\u2026]<\/p>\n<p>L\u2019article <a href=\"https:\/\/musiquesactuelles.alsace\/appel-a-candidatures-pour-fluxus-dispositif-dincubation-regional\/\">Appel \u00e0 candidatures pour FLUXUS, dispositif d\u2019incubation r\u00e9gional<\/a> est apparu en premier sur <a href=\"https:\/\/musiquesactuelles.alsace\/\">Musiques Actuelles en Alsace<\/a>.<\/p>\n<p>L\u2019article <a href=\"https:\/\/popburo.fr\/appel-a-candidatures-pour-fluxus-dispositif-dincubation-regional-2\/\">Appel \u00e0 candidatures pour FLUXUS, dispositif d\u2019incubation r\u00e9gional<\/a> est apparu en premier sur <a href=\"https:\/\/popburo.fr\/\">POP B\u00dcRO<\/a>.<\/p>\n","protected":false},"excerpt":{"rendered":"<p>Pr\u00e9sentation Fluxus, le dispositif d\u2019incubation r\u00e9gional pour les entrepreneurs culturels et artistiques Afin de faire \u00e9merger des projets entrepreneuriaux innovants dans les domaines culturels et artistiques sur le territoire du Grand Est, il \u00e9tait n\u00e9cessaire de proposer un soutien \u00e0 la cr\u00e9ation d\u2019entreprises cr\u00e9atives. \u00c0 l\u2019initiative de la DRAC Grand Est \/ Minist\u00e8re de la Culture, diff\u00e9rents partenaires se sont f\u00e9d\u00e9r\u00e9s pour donner naissance \u00e0 l\u2019incubateur fluxus. \u200bC\u2019est\u00a0un\u00a0dispositif d\u2019incubation\u00a0r\u00e9gional, pluridisciplinaire et itin\u00e9rant, alliant\u00a0formation collective et\u00a0accompagnement\u00a0individuel. Cet incubateur permet d\u2019accompagner pendant [&hellip;]<\/p>\n","protected":false},"author":0,"featured_media":0,"comment_status":"closed","ping_status":"open","sticky":false,"template":"","format":"standard","meta":{"footnotes":""},"categories":[1],"tags":[],"class_list":["post-2938","post","type-post","status-publish","format-standard","hentry","category-non-classe"],"yoast_head":"<!-- This site is optimized with the Yoast SEO plugin v27.5 - https:\/\/yoast.com\/product\/yoast-seo-wordpress\/ -->\n<title>Appel \u00e0 candidatures pour FLUXUS, dispositif d\u2019incubation r\u00e9gional - HIERO STRASBOURG<\/title>\n<meta name=\"robots\" content=\"index, follow, max-snippet:-1, max-image-preview:large, max-video-preview:-1\" \/>\n<link rel=\"canonical\" href=\"https:\/\/hierostrasbourg.com\/index.php\/2022\/06\/20\/appel-a-candidatures-pour-fluxus-dispositif-dincubation-regional-2\/\" \/>\n<meta property=\"og:locale\" content=\"fr_FR\" \/>\n<meta property=\"og:type\" content=\"article\" \/>\n<meta property=\"og:title\" content=\"Appel \u00e0 candidatures pour FLUXUS, dispositif d\u2019incubation r\u00e9gional - HIERO STRASBOURG\" \/>\n<meta property=\"og:description\" content=\"Pr\u00e9sentation Fluxus, le dispositif d\u2019incubation r\u00e9gional pour les entrepreneurs culturels et artistiques Afin de faire \u00e9merger des projets entrepreneuriaux innovants dans les domaines culturels et artistiques sur le territoire du Grand Est, il \u00e9tait n\u00e9cessaire de proposer un soutien \u00e0 la cr\u00e9ation d\u2019entreprises cr\u00e9atives. \u00c0 l\u2019initiative de la DRAC Grand Est \/ Minist\u00e8re de la Culture, diff\u00e9rents partenaires se sont f\u00e9d\u00e9r\u00e9s pour donner naissance \u00e0 l\u2019incubateur fluxus. \u200bC\u2019est\u00a0un\u00a0dispositif d\u2019incubation\u00a0r\u00e9gional, pluridisciplinaire et itin\u00e9rant, alliant\u00a0formation collective et\u00a0accompagnement\u00a0individuel. Cet incubateur permet d\u2019accompagner pendant [&hellip;]\" \/>\n<meta property=\"og:url\" content=\"https:\/\/hierostrasbourg.com\/index.php\/2022\/06\/20\/appel-a-candidatures-pour-fluxus-dispositif-dincubation-regional-2\/\" \/>\n<meta property=\"og:site_name\" content=\"HIERO STRASBOURG\" \/>\n<meta property=\"article:publisher\" content=\"https:\/\/www.facebook.com\/fedehierostrasbourg\" \/>\n<meta property=\"article:published_time\" content=\"2022-06-20T20:35:46+00:00\" \/>\n<meta name=\"twitter:card\" content=\"summary_large_image\" \/>\n<meta name=\"twitter:creator\" content=\"@hierostrasbourg\" \/>\n<meta name=\"twitter:site\" content=\"@hierostrasbourg\" \/>\n<meta name=\"twitter:label1\" content=\"Dur\u00e9e de lecture estim\u00e9e\" \/>\n\t<meta name=\"twitter:data1\" content=\"1 minute\" \/>\n<script type=\"application\/ld+json\" class=\"yoast-schema-graph\">{\"@context\":\"https:\\\/\\\/schema.org\",\"@graph\":[{\"@type\":\"Article\",\"@id\":\"https:\\\/\\\/hierostrasbourg.com\\\/index.php\\\/2022\\\/06\\\/20\\\/appel-a-candidatures-pour-fluxus-dispositif-dincubation-regional-2\\\/#article\",\"isPartOf\":{\"@id\":\"https:\\\/\\\/hierostrasbourg.com\\\/index.php\\\/2022\\\/06\\\/20\\\/appel-a-candidatures-pour-fluxus-dispositif-dincubation-regional-2\\\/\"},\"author\":{\"name\":\"\",\"@id\":\"\"},\"headline\":\"Appel \u00e0 candidatures pour FLUXUS, dispositif d\u2019incubation r\u00e9gional\",\"datePublished\":\"2022-06-20T20:35:46+00:00\",\"mainEntityOfPage\":{\"@id\":\"https:\\\/\\\/hierostrasbourg.com\\\/index.php\\\/2022\\\/06\\\/20\\\/appel-a-candidatures-pour-fluxus-dispositif-dincubation-regional-2\\\/\"},\"wordCount\":149,\"publisher\":{\"@id\":\"https:\\\/\\\/hierostrasbourg.com\\\/#organization\"},\"inLanguage\":\"fr-FR\"},{\"@type\":\"WebPage\",\"@id\":\"https:\\\/\\\/hierostrasbourg.com\\\/index.php\\\/2022\\\/06\\\/20\\\/appel-a-candidatures-pour-fluxus-dispositif-dincubation-regional-2\\\/\",\"url\":\"https:\\\/\\\/hierostrasbourg.com\\\/index.php\\\/2022\\\/06\\\/20\\\/appel-a-candidatures-pour-fluxus-dispositif-dincubation-regional-2\\\/\",\"name\":\"Appel \u00e0 candidatures pour FLUXUS, dispositif d\u2019incubation r\u00e9gional - HIERO STRASBOURG\",\"isPartOf\":{\"@id\":\"https:\\\/\\\/hierostrasbourg.com\\\/#website\"},\"datePublished\":\"2022-06-20T20:35:46+00:00\",\"breadcrumb\":{\"@id\":\"https:\\\/\\\/hierostrasbourg.com\\\/index.php\\\/2022\\\/06\\\/20\\\/appel-a-candidatures-pour-fluxus-dispositif-dincubation-regional-2\\\/#breadcrumb\"},\"inLanguage\":\"fr-FR\",\"potentialAction\":[{\"@type\":\"ReadAction\",\"target\":[\"https:\\\/\\\/hierostrasbourg.com\\\/index.php\\\/2022\\\/06\\\/20\\\/appel-a-candidatures-pour-fluxus-dispositif-dincubation-regional-2\\\/\"]}]},{\"@type\":\"BreadcrumbList\",\"@id\":\"https:\\\/\\\/hierostrasbourg.com\\\/index.php\\\/2022\\\/06\\\/20\\\/appel-a-candidatures-pour-fluxus-dispositif-dincubation-regional-2\\\/#breadcrumb\",\"itemListElement\":[{\"@type\":\"ListItem\",\"position\":1,\"name\":\"Accueil\",\"item\":\"https:\\\/\\\/hierostrasbourg.com\\\/\"},{\"@type\":\"ListItem\",\"position\":2,\"name\":\"Appel \u00e0 candidatures pour FLUXUS, dispositif d\u2019incubation r\u00e9gional\"}]},{\"@type\":\"WebSite\",\"@id\":\"https:\\\/\\\/hierostrasbourg.com\\\/#website\",\"url\":\"https:\\\/\\\/hierostrasbourg.com\\\/\",\"name\":\"HIERO STRASBOURG\",\"description\":\"Centre de Ressources Musiques Actuelles\",\"publisher\":{\"@id\":\"https:\\\/\\\/hierostrasbourg.com\\\/#organization\"},\"potentialAction\":[{\"@type\":\"SearchAction\",\"target\":{\"@type\":\"EntryPoint\",\"urlTemplate\":\"https:\\\/\\\/hierostrasbourg.com\\\/?s={search_term_string}\"},\"query-input\":{\"@type\":\"PropertyValueSpecification\",\"valueRequired\":true,\"valueName\":\"search_term_string\"}}],\"inLanguage\":\"fr-FR\"},{\"@type\":\"Organization\",\"@id\":\"https:\\\/\\\/hierostrasbourg.com\\\/#organization\",\"name\":\"F\u00e9d\u00e9ration Hi\u00e9ro Strasbourg\",\"url\":\"https:\\\/\\\/hierostrasbourg.com\\\/\",\"logo\":{\"@type\":\"ImageObject\",\"inLanguage\":\"fr-FR\",\"@id\":\"https:\\\/\\\/hierostrasbourg.com\\\/#\\\/schema\\\/logo\\\/image\\\/\",\"url\":\"https:\\\/\\\/hierostrasbourg.com\\\/wp-content\\\/uploads\\\/2026\\\/04\\\/logo-hiero-strasbourg.jpg\",\"contentUrl\":\"https:\\\/\\\/hierostrasbourg.com\\\/wp-content\\\/uploads\\\/2026\\\/04\\\/logo-hiero-strasbourg.jpg\",\"width\":204,\"height\":192,\"caption\":\"F\u00e9d\u00e9ration Hi\u00e9ro Strasbourg\"},\"image\":{\"@id\":\"https:\\\/\\\/hierostrasbourg.com\\\/#\\\/schema\\\/logo\\\/image\\\/\"},\"sameAs\":[\"https:\\\/\\\/www.facebook.com\\\/fedehierostrasbourg\",\"https:\\\/\\\/x.com\\\/hierostrasbourg\"]}]}<\/script>\n<!-- \/ Yoast SEO plugin. -->","yoast_head_json":{"title":"Appel \u00e0 candidatures pour FLUXUS, dispositif d\u2019incubation r\u00e9gional - HIERO STRASBOURG","robots":{"index":"index","follow":"follow","max-snippet":"max-snippet:-1","max-image-preview":"max-image-preview:large","max-video-preview":"max-video-preview:-1"},"canonical":"https:\/\/hierostrasbourg.com\/index.php\/2022\/06\/20\/appel-a-candidatures-pour-fluxus-dispositif-dincubation-regional-2\/","og_locale":"fr_FR","og_type":"article","og_title":"Appel \u00e0 candidatures pour FLUXUS, dispositif d\u2019incubation r\u00e9gional - HIERO STRASBOURG","og_description":"Pr\u00e9sentation Fluxus, le dispositif d\u2019incubation r\u00e9gional pour les entrepreneurs culturels et artistiques Afin de faire \u00e9merger des projets entrepreneuriaux innovants dans les domaines culturels et artistiques sur le territoire du Grand Est, il \u00e9tait n\u00e9cessaire de proposer un soutien \u00e0 la cr\u00e9ation d\u2019entreprises cr\u00e9atives. \u00c0 l\u2019initiative de la DRAC Grand Est \/ Minist\u00e8re de la Culture, diff\u00e9rents partenaires se sont f\u00e9d\u00e9r\u00e9s pour donner naissance \u00e0 l\u2019incubateur fluxus. \u200bC\u2019est\u00a0un\u00a0dispositif d\u2019incubation\u00a0r\u00e9gional, pluridisciplinaire et itin\u00e9rant, alliant\u00a0formation collective et\u00a0accompagnement\u00a0individuel. Cet incubateur permet d\u2019accompagner pendant [&hellip;]","og_url":"https:\/\/hierostrasbourg.com\/index.php\/2022\/06\/20\/appel-a-candidatures-pour-fluxus-dispositif-dincubation-regional-2\/","og_site_name":"HIERO STRASBOURG","article_publisher":"https:\/\/www.facebook.com\/fedehierostrasbourg","article_published_time":"2022-06-20T20:35:46+00:00","twitter_card":"summary_large_image","twitter_creator":"@hierostrasbourg","twitter_site":"@hierostrasbourg","twitter_misc":{"Dur\u00e9e de lecture estim\u00e9e":"1 minute"},"schema":{"@context":"https:\/\/schema.org","@graph":[{"@type":"Article","@id":"https:\/\/hierostrasbourg.com\/index.php\/2022\/06\/20\/appel-a-candidatures-pour-fluxus-dispositif-dincubation-regional-2\/#article","isPartOf":{"@id":"https:\/\/hierostrasbourg.com\/index.php\/2022\/06\/20\/appel-a-candidatures-pour-fluxus-dispositif-dincubation-regional-2\/"},"author":{"name":"","@id":""},"headline":"Appel \u00e0 candidatures pour FLUXUS, dispositif d\u2019incubation r\u00e9gional","datePublished":"2022-06-20T20:35:46+00:00","mainEntityOfPage":{"@id":"https:\/\/hierostrasbourg.com\/index.php\/2022\/06\/20\/appel-a-candidatures-pour-fluxus-dispositif-dincubation-regional-2\/"},"wordCount":149,"publisher":{"@id":"https:\/\/hierostrasbourg.com\/#organization"},"inLanguage":"fr-FR"},{"@type":"WebPage","@id":"https:\/\/hierostrasbourg.com\/index.php\/2022\/06\/20\/appel-a-candidatures-pour-fluxus-dispositif-dincubation-regional-2\/","url":"https:\/\/hierostrasbourg.com\/index.php\/2022\/06\/20\/appel-a-candidatures-pour-fluxus-dispositif-dincubation-regional-2\/","name":"Appel \u00e0 candidatures pour FLUXUS, dispositif d\u2019incubation r\u00e9gional - HIERO STRASBOURG","isPartOf":{"@id":"https:\/\/hierostrasbourg.com\/#website"},"datePublished":"2022-06-20T20:35:46+00:00","breadcrumb":{"@id":"https:\/\/hierostrasbourg.com\/index.php\/2022\/06\/20\/appel-a-candidatures-pour-fluxus-dispositif-dincubation-regional-2\/#breadcrumb"},"inLanguage":"fr-FR","potentialAction":[{"@type":"ReadAction","target":["https:\/\/hierostrasbourg.com\/index.php\/2022\/06\/20\/appel-a-candidatures-pour-fluxus-dispositif-dincubation-regional-2\/"]}]},{"@type":"BreadcrumbList","@id":"https:\/\/hierostrasbourg.com\/index.php\/2022\/06\/20\/appel-a-candidatures-pour-fluxus-dispositif-dincubation-regional-2\/#breadcrumb","itemListElement":[{"@type":"ListItem","position":1,"name":"Accueil","item":"https:\/\/hierostrasbourg.com\/"},{"@type":"ListItem","position":2,"name":"Appel \u00e0 candidatures pour FLUXUS, dispositif d\u2019incubation r\u00e9gional"}]},{"@type":"WebSite","@id":"https:\/\/hierostrasbourg.com\/#website","url":"https:\/\/hierostrasbourg.com\/","name":"HIERO STRASBOURG","description":"Centre de Ressources Musiques Actuelles","publisher":{"@id":"https:\/\/hierostrasbourg.com\/#organization"},"potentialAction":[{"@type":"SearchAction","target":{"@type":"EntryPoint","urlTemplate":"https:\/\/hierostrasbourg.com\/?s={search_term_string}"},"query-input":{"@type":"PropertyValueSpecification","valueRequired":true,"valueName":"search_term_string"}}],"inLanguage":"fr-FR"},{"@type":"Organization","@id":"https:\/\/hierostrasbourg.com\/#organization","name":"F\u00e9d\u00e9ration Hi\u00e9ro Strasbourg","url":"https:\/\/hierostrasbourg.com\/","logo":{"@type":"ImageObject","inLanguage":"fr-FR","@id":"https:\/\/hierostrasbourg.com\/#\/schema\/logo\/image\/","url":"https:\/\/hierostrasbourg.com\/wp-content\/uploads\/2026\/04\/logo-hiero-strasbourg.jpg","contentUrl":"https:\/\/hierostrasbourg.com\/wp-content\/uploads\/2026\/04\/logo-hiero-strasbourg.jpg","width":204,"height":192,"caption":"F\u00e9d\u00e9ration Hi\u00e9ro Strasbourg"},"image":{"@id":"https:\/\/hierostrasbourg.com\/#\/schema\/logo\/image\/"},"sameAs":["https:\/\/www.facebook.com\/fedehierostrasbourg","https:\/\/x.com\/hierostrasbourg"]}]}},"_links":{"self":[{"href":"https:\/\/hierostrasbourg.com\/index.php\/wp-json\/wp\/v2\/posts\/2938","targetHints":{"allow":["GET"]}}],"collection":[{"href":"https:\/\/hierostrasbourg.com\/index.php\/wp-json\/wp\/v2\/posts"}],"about":[{"href":"https:\/\/hierostrasbourg.com\/index.php\/wp-json\/wp\/v2\/types\/post"}],"replies":[{"embeddable":true,"href":"https:\/\/hierostrasbourg.com\/index.php\/wp-json\/wp\/v2\/comments?post=2938"}],"version-history":[{"count":0,"href":"https:\/\/hierostrasbourg.com\/index.php\/wp-json\/wp\/v2\/posts\/2938\/revisions"}],"wp:attachment":[{"href":"https:\/\/hierostrasbourg.com\/index.php\/wp-json\/wp\/v2\/media?parent=2938"}],"wp:term":[{"taxonomy":"category","embeddable":true,"href":"https:\/\/hierostrasbourg.com\/index.php\/wp-json\/wp\/v2\/categories?post=2938"},{"taxonomy":"post_tag","embeddable":true,"href":"https:\/\/hierostrasbourg.com\/index.php\/wp-json\/wp\/v2\/tags?post=2938"}],"curies":[{"name":"wp","href":"https:\/\/api.w.org\/{rel}","templated":true}]}}