{"id":2924,"date":"2022-06-19T19:33:48","date_gmt":"2022-06-19T17:33:48","guid":{"rendered":"https:\/\/hierostrasbourg.com\/index.php\/2022\/06\/19\/les-lieux-culturels-intermediaires-une-identite-collective-specifique\/"},"modified":"2022-06-19T19:33:48","modified_gmt":"2022-06-19T17:33:48","slug":"les-lieux-culturels-intermediaires-une-identite-collective-specifique","status":"publish","type":"post","link":"https:\/\/hierostrasbourg.com\/index.php\/2022\/06\/19\/les-lieux-culturels-intermediaires-une-identite-collective-specifique\/","title":{"rendered":"Les lieux culturels interm\u00e9diaires : une identit\u00e9 collective sp\u00e9cifique ?"},"content":{"rendered":"<p><em>L\u2019appellation usuelle de lieux interm\u00e9diaires recouvre en France une multiplicit\u00e9 d\u2019espaces-projets \u00e0 forte dimension artistique, initi\u00e9s par des acteurs de la soci\u00e9t\u00e9 civile et qui poursuivent des buts premiers autres que lucratifs, sans pour autant relever des institutions culturelles. Leur place essentielle \u2013 quoique encore insuffisamment reconnue au titre du d\u00e9veloppement culturel \u2013 appelle \u00e0 une identification plus pr\u00e9cise de ce qu\u2019ils sont. D\u2019autant que de nouvelles d\u00e9marches, o\u00f9 les activit\u00e9s artistiques et culturelles sont plus ou moins pr\u00e9sentes, se d\u00e9veloppent depuis peu sous le terme g\u00e9n\u00e9ral et qui s\u2019impose de plus en plus de tiers-lieux. La pr\u00e9sente \u00e9tude vise \u00e0 pr\u00e9ciser, \u00e0 partir d\u2019un ensemble de lieux interm\u00e9diaires, ce qui simultan\u00e9ment rapproche et distingue ces espaces-projets de la dynamique actuellement fortement valoris\u00e9e des tiers-lieux.<\/em><br \/><em>Le corpus de travail est constitu\u00e9 par quelque deux cents sites Internet de lieux culturels, signataires de la charte de la Coordination nationale des lieux interm\u00e9diaires et ind\u00e9pendants. Son \u00e9tude fait appara\u00eetre deux types de r\u00e9sultats. Le premier permet de pr\u00e9ciser la morphologie sp\u00e9cifique de cet ensemble de lieux, n\u00e9anmoins travers\u00e9 par des diff\u00e9rences notables quant \u00e0 la mani\u00e8re que chacun a de pr\u00e9senter, qualifier et d\u00e9cliner son projet, ses enjeux et la mani\u00e8re de les mettre en \u0153uvre. Pour partie, ces diff\u00e9rences tiennent \u00e0 la fa\u00e7on dont ces exp\u00e9riences ont \u00e9t\u00e9 initi\u00e9es (par quelques personnes, par une organisation d\u00e9j\u00e0 existante, par un collectif d\u2019acteurs\u2026) et par l\u2019approche culturelle privil\u00e9gi\u00e9e (spectacle vivant et\/ou arts plastiques, dimensions artistique et\/ou sociale\u2026). Le second type de r\u00e9sultats permet d\u2019esquisser une sorte de matrice identitaire g\u00e9n\u00e9rique pour ces lieux, pourtant \u00e0 chaque fois singuliers. La pr\u00e9gnance de l\u2019enjeu artistique et de la question esth\u00e9tique qui lui est sous-jacente, aussi bien que la question des relations avec les populations du territoire de proximit\u00e9 ordonnent ainsi largement l\u2019identit\u00e9 collective de ces lieux. Par l\u00e0, se renforce l\u2019image d\u2019organisations participant aussi bien aux \u00e9volutions de la place de l\u2019art dans nos soci\u00e9t\u00e9s, qu\u2019au d\u00e9veloppement de formes entrepreneuriales d\u2019abord structur\u00e9es autour des dimensions du sensible, du sens et du coop\u00e9ratif.<\/em><\/p>\n<div class=\"ead-preview\">\n<div class=\"ead-document\">\n<div class=\"ead-iframe-wrapper\"><\/div>\n<div class=\"ead-document-loading\">\n<div class=\"ead-loading-wrap\">\n<div class=\"ead-loading-main\">\n<div class=\"ead-loading\">\n\t\t\t\t\t\t\t<span>En cours de chargement\u2026<\/span>\n\t\t\t\t\t\t<\/div>\n<\/p><\/div>\n<div class=\"ead-loading-foot\">\n<div class=\"ead-loading-foot-title\">\n\t\t\t\t\t\t\t<span>Cela prend trop de temps\u00a0?<\/span>\n\t\t\t\t\t\t<\/div>\n<\/p>\n<div class=\"ead-document-btn ead-reload-btn\">\n\t\t\t\t\t\t\t\t Recharger le document\t\t\t\t\t\t\t<\/div>\n<p>\t\t\t\t\t\t\t<span>|<\/span><br \/>\n\t\t\t\t\t\t\t<a href=\"https:\/\/lamultinationaledelunderground.com\/musiquesactuelles\/wp-content\/uploads\/2022\/06\/LieuxCulturelsIntermediaires_PHenry.pdf\" class=\"ead-document-btn\" target=\"_blank\" rel=\"noopener\"><br \/>\n\t\t\t\t\t\t\t\t Ouvrir dans un nouvel onglet\t\t\t\t\t\t\t<\/a>\n\t\t\t\t\t<\/div>\n<\/p><\/div>\n<\/p><\/div>\n<\/p><\/div>\n<p class=\"embed_download\"><a href=\"https:\/\/lamultinationaledelunderground.com\/musiquesactuelles\/wp-content\/uploads\/2022\/06\/LieuxCulturelsIntermediaires_PHenry.pdf\">\ufeffT\u00e9l\u00e9charger [1.78 MB] <\/a><\/p>\n<\/div>\n<p>L\u2019article <a href=\"https:\/\/popburo.fr\/les-lieux-culturels-intermediaires-une-identite-collective-specifique\/\">Les lieux culturels interm\u00e9diaires : une identit\u00e9 collective sp\u00e9cifique ?<\/a> est apparu en premier sur <a href=\"https:\/\/popburo.fr\/\">POP B\u00dcRO<\/a>.<\/p>\n","protected":false},"excerpt":{"rendered":"<p>L\u2019appellation usuelle de lieux interm\u00e9diaires recouvre en France une multiplicit\u00e9 d\u2019espaces-projets \u00e0 forte dimension artistique, initi\u00e9s par des acteurs de la soci\u00e9t\u00e9 civile et qui poursuivent des buts premiers autres que lucratifs, sans pour autant relever des institutions culturelles. Leur place essentielle \u2013 quoique encore insuffisamment reconnue au titre du d\u00e9veloppement culturel \u2013 appelle \u00e0 une identification plus pr\u00e9cise de ce qu\u2019ils sont. D\u2019autant que de nouvelles d\u00e9marches, o\u00f9 les activit\u00e9s artistiques et culturelles sont plus ou moins pr\u00e9sentes, se [&hellip;]<\/p>\n","protected":false},"author":0,"featured_media":0,"comment_status":"closed","ping_status":"open","sticky":false,"template":"","format":"standard","meta":{"footnotes":""},"categories":[1],"tags":[],"class_list":["post-2924","post","type-post","status-publish","format-standard","hentry","category-non-classe"],"yoast_head":"<!-- This site is optimized with the Yoast SEO plugin v27.5 - https:\/\/yoast.com\/product\/yoast-seo-wordpress\/ -->\n<title>Les lieux culturels interm\u00e9diaires : une identit\u00e9 collective sp\u00e9cifique ? - HIERO STRASBOURG<\/title>\n<meta name=\"robots\" content=\"index, follow, max-snippet:-1, max-image-preview:large, max-video-preview:-1\" \/>\n<link rel=\"canonical\" href=\"https:\/\/hierostrasbourg.com\/index.php\/2022\/06\/19\/les-lieux-culturels-intermediaires-une-identite-collective-specifique\/\" \/>\n<meta property=\"og:locale\" content=\"fr_FR\" \/>\n<meta property=\"og:type\" content=\"article\" \/>\n<meta property=\"og:title\" content=\"Les lieux culturels interm\u00e9diaires : une identit\u00e9 collective sp\u00e9cifique ? - HIERO STRASBOURG\" \/>\n<meta property=\"og:description\" content=\"L\u2019appellation usuelle de lieux interm\u00e9diaires recouvre en France une multiplicit\u00e9 d\u2019espaces-projets \u00e0 forte dimension artistique, initi\u00e9s par des acteurs de la soci\u00e9t\u00e9 civile et qui poursuivent des buts premiers autres que lucratifs, sans pour autant relever des institutions culturelles. Leur place essentielle \u2013 quoique encore insuffisamment reconnue au titre du d\u00e9veloppement culturel \u2013 appelle \u00e0 une identification plus pr\u00e9cise de ce qu\u2019ils sont. D\u2019autant que de nouvelles d\u00e9marches, o\u00f9 les activit\u00e9s artistiques et culturelles sont plus ou moins pr\u00e9sentes, se [&hellip;]\" \/>\n<meta property=\"og:url\" content=\"https:\/\/hierostrasbourg.com\/index.php\/2022\/06\/19\/les-lieux-culturels-intermediaires-une-identite-collective-specifique\/\" \/>\n<meta property=\"og:site_name\" content=\"HIERO STRASBOURG\" \/>\n<meta property=\"article:publisher\" content=\"https:\/\/www.facebook.com\/fedehierostrasbourg\" \/>\n<meta property=\"article:published_time\" content=\"2022-06-19T17:33:48+00:00\" \/>\n<meta name=\"twitter:card\" content=\"summary_large_image\" \/>\n<meta name=\"twitter:creator\" content=\"@hierostrasbourg\" \/>\n<meta name=\"twitter:site\" content=\"@hierostrasbourg\" \/>\n<meta name=\"twitter:label1\" content=\"Dur\u00e9e de lecture estim\u00e9e\" \/>\n\t<meta name=\"twitter:data1\" content=\"2 minutes\" \/>\n<script type=\"application\/ld+json\" class=\"yoast-schema-graph\">{\"@context\":\"https:\\\/\\\/schema.org\",\"@graph\":[{\"@type\":\"Article\",\"@id\":\"https:\\\/\\\/hierostrasbourg.com\\\/index.php\\\/2022\\\/06\\\/19\\\/les-lieux-culturels-intermediaires-une-identite-collective-specifique\\\/#article\",\"isPartOf\":{\"@id\":\"https:\\\/\\\/hierostrasbourg.com\\\/index.php\\\/2022\\\/06\\\/19\\\/les-lieux-culturels-intermediaires-une-identite-collective-specifique\\\/\"},\"author\":{\"name\":\"\",\"@id\":\"\"},\"headline\":\"Les lieux culturels interm\u00e9diaires : une identit\u00e9 collective sp\u00e9cifique ?\",\"datePublished\":\"2022-06-19T17:33:48+00:00\",\"mainEntityOfPage\":{\"@id\":\"https:\\\/\\\/hierostrasbourg.com\\\/index.php\\\/2022\\\/06\\\/19\\\/les-lieux-culturels-intermediaires-une-identite-collective-specifique\\\/\"},\"wordCount\":442,\"publisher\":{\"@id\":\"https:\\\/\\\/hierostrasbourg.com\\\/#organization\"},\"inLanguage\":\"fr-FR\"},{\"@type\":\"WebPage\",\"@id\":\"https:\\\/\\\/hierostrasbourg.com\\\/index.php\\\/2022\\\/06\\\/19\\\/les-lieux-culturels-intermediaires-une-identite-collective-specifique\\\/\",\"url\":\"https:\\\/\\\/hierostrasbourg.com\\\/index.php\\\/2022\\\/06\\\/19\\\/les-lieux-culturels-intermediaires-une-identite-collective-specifique\\\/\",\"name\":\"Les lieux culturels interm\u00e9diaires : une identit\u00e9 collective sp\u00e9cifique ? - HIERO STRASBOURG\",\"isPartOf\":{\"@id\":\"https:\\\/\\\/hierostrasbourg.com\\\/#website\"},\"datePublished\":\"2022-06-19T17:33:48+00:00\",\"breadcrumb\":{\"@id\":\"https:\\\/\\\/hierostrasbourg.com\\\/index.php\\\/2022\\\/06\\\/19\\\/les-lieux-culturels-intermediaires-une-identite-collective-specifique\\\/#breadcrumb\"},\"inLanguage\":\"fr-FR\",\"potentialAction\":[{\"@type\":\"ReadAction\",\"target\":[\"https:\\\/\\\/hierostrasbourg.com\\\/index.php\\\/2022\\\/06\\\/19\\\/les-lieux-culturels-intermediaires-une-identite-collective-specifique\\\/\"]}]},{\"@type\":\"BreadcrumbList\",\"@id\":\"https:\\\/\\\/hierostrasbourg.com\\\/index.php\\\/2022\\\/06\\\/19\\\/les-lieux-culturels-intermediaires-une-identite-collective-specifique\\\/#breadcrumb\",\"itemListElement\":[{\"@type\":\"ListItem\",\"position\":1,\"name\":\"Accueil\",\"item\":\"https:\\\/\\\/hierostrasbourg.com\\\/\"},{\"@type\":\"ListItem\",\"position\":2,\"name\":\"Les lieux culturels interm\u00e9diaires : une identit\u00e9 collective sp\u00e9cifique ?\"}]},{\"@type\":\"WebSite\",\"@id\":\"https:\\\/\\\/hierostrasbourg.com\\\/#website\",\"url\":\"https:\\\/\\\/hierostrasbourg.com\\\/\",\"name\":\"HIERO STRASBOURG\",\"description\":\"Centre de Ressources Musiques Actuelles\",\"publisher\":{\"@id\":\"https:\\\/\\\/hierostrasbourg.com\\\/#organization\"},\"potentialAction\":[{\"@type\":\"SearchAction\",\"target\":{\"@type\":\"EntryPoint\",\"urlTemplate\":\"https:\\\/\\\/hierostrasbourg.com\\\/?s={search_term_string}\"},\"query-input\":{\"@type\":\"PropertyValueSpecification\",\"valueRequired\":true,\"valueName\":\"search_term_string\"}}],\"inLanguage\":\"fr-FR\"},{\"@type\":\"Organization\",\"@id\":\"https:\\\/\\\/hierostrasbourg.com\\\/#organization\",\"name\":\"F\u00e9d\u00e9ration Hi\u00e9ro Strasbourg\",\"url\":\"https:\\\/\\\/hierostrasbourg.com\\\/\",\"logo\":{\"@type\":\"ImageObject\",\"inLanguage\":\"fr-FR\",\"@id\":\"https:\\\/\\\/hierostrasbourg.com\\\/#\\\/schema\\\/logo\\\/image\\\/\",\"url\":\"https:\\\/\\\/hierostrasbourg.com\\\/wp-content\\\/uploads\\\/2026\\\/04\\\/logo-hiero-strasbourg.jpg\",\"contentUrl\":\"https:\\\/\\\/hierostrasbourg.com\\\/wp-content\\\/uploads\\\/2026\\\/04\\\/logo-hiero-strasbourg.jpg\",\"width\":204,\"height\":192,\"caption\":\"F\u00e9d\u00e9ration Hi\u00e9ro Strasbourg\"},\"image\":{\"@id\":\"https:\\\/\\\/hierostrasbourg.com\\\/#\\\/schema\\\/logo\\\/image\\\/\"},\"sameAs\":[\"https:\\\/\\\/www.facebook.com\\\/fedehierostrasbourg\",\"https:\\\/\\\/x.com\\\/hierostrasbourg\"]}]}<\/script>\n<!-- \/ Yoast SEO plugin. -->","yoast_head_json":{"title":"Les lieux culturels interm\u00e9diaires : une identit\u00e9 collective sp\u00e9cifique ? - HIERO STRASBOURG","robots":{"index":"index","follow":"follow","max-snippet":"max-snippet:-1","max-image-preview":"max-image-preview:large","max-video-preview":"max-video-preview:-1"},"canonical":"https:\/\/hierostrasbourg.com\/index.php\/2022\/06\/19\/les-lieux-culturels-intermediaires-une-identite-collective-specifique\/","og_locale":"fr_FR","og_type":"article","og_title":"Les lieux culturels interm\u00e9diaires : une identit\u00e9 collective sp\u00e9cifique ? - HIERO STRASBOURG","og_description":"L\u2019appellation usuelle de lieux interm\u00e9diaires recouvre en France une multiplicit\u00e9 d\u2019espaces-projets \u00e0 forte dimension artistique, initi\u00e9s par des acteurs de la soci\u00e9t\u00e9 civile et qui poursuivent des buts premiers autres que lucratifs, sans pour autant relever des institutions culturelles. Leur place essentielle \u2013 quoique encore insuffisamment reconnue au titre du d\u00e9veloppement culturel \u2013 appelle \u00e0 une identification plus pr\u00e9cise de ce qu\u2019ils sont. D\u2019autant que de nouvelles d\u00e9marches, o\u00f9 les activit\u00e9s artistiques et culturelles sont plus ou moins pr\u00e9sentes, se [&hellip;]","og_url":"https:\/\/hierostrasbourg.com\/index.php\/2022\/06\/19\/les-lieux-culturels-intermediaires-une-identite-collective-specifique\/","og_site_name":"HIERO STRASBOURG","article_publisher":"https:\/\/www.facebook.com\/fedehierostrasbourg","article_published_time":"2022-06-19T17:33:48+00:00","twitter_card":"summary_large_image","twitter_creator":"@hierostrasbourg","twitter_site":"@hierostrasbourg","twitter_misc":{"Dur\u00e9e de lecture estim\u00e9e":"2 minutes"},"schema":{"@context":"https:\/\/schema.org","@graph":[{"@type":"Article","@id":"https:\/\/hierostrasbourg.com\/index.php\/2022\/06\/19\/les-lieux-culturels-intermediaires-une-identite-collective-specifique\/#article","isPartOf":{"@id":"https:\/\/hierostrasbourg.com\/index.php\/2022\/06\/19\/les-lieux-culturels-intermediaires-une-identite-collective-specifique\/"},"author":{"name":"","@id":""},"headline":"Les lieux culturels interm\u00e9diaires : une identit\u00e9 collective sp\u00e9cifique ?","datePublished":"2022-06-19T17:33:48+00:00","mainEntityOfPage":{"@id":"https:\/\/hierostrasbourg.com\/index.php\/2022\/06\/19\/les-lieux-culturels-intermediaires-une-identite-collective-specifique\/"},"wordCount":442,"publisher":{"@id":"https:\/\/hierostrasbourg.com\/#organization"},"inLanguage":"fr-FR"},{"@type":"WebPage","@id":"https:\/\/hierostrasbourg.com\/index.php\/2022\/06\/19\/les-lieux-culturels-intermediaires-une-identite-collective-specifique\/","url":"https:\/\/hierostrasbourg.com\/index.php\/2022\/06\/19\/les-lieux-culturels-intermediaires-une-identite-collective-specifique\/","name":"Les lieux culturels interm\u00e9diaires : une identit\u00e9 collective sp\u00e9cifique ? - HIERO STRASBOURG","isPartOf":{"@id":"https:\/\/hierostrasbourg.com\/#website"},"datePublished":"2022-06-19T17:33:48+00:00","breadcrumb":{"@id":"https:\/\/hierostrasbourg.com\/index.php\/2022\/06\/19\/les-lieux-culturels-intermediaires-une-identite-collective-specifique\/#breadcrumb"},"inLanguage":"fr-FR","potentialAction":[{"@type":"ReadAction","target":["https:\/\/hierostrasbourg.com\/index.php\/2022\/06\/19\/les-lieux-culturels-intermediaires-une-identite-collective-specifique\/"]}]},{"@type":"BreadcrumbList","@id":"https:\/\/hierostrasbourg.com\/index.php\/2022\/06\/19\/les-lieux-culturels-intermediaires-une-identite-collective-specifique\/#breadcrumb","itemListElement":[{"@type":"ListItem","position":1,"name":"Accueil","item":"https:\/\/hierostrasbourg.com\/"},{"@type":"ListItem","position":2,"name":"Les lieux culturels interm\u00e9diaires : une identit\u00e9 collective sp\u00e9cifique ?"}]},{"@type":"WebSite","@id":"https:\/\/hierostrasbourg.com\/#website","url":"https:\/\/hierostrasbourg.com\/","name":"HIERO STRASBOURG","description":"Centre de Ressources Musiques Actuelles","publisher":{"@id":"https:\/\/hierostrasbourg.com\/#organization"},"potentialAction":[{"@type":"SearchAction","target":{"@type":"EntryPoint","urlTemplate":"https:\/\/hierostrasbourg.com\/?s={search_term_string}"},"query-input":{"@type":"PropertyValueSpecification","valueRequired":true,"valueName":"search_term_string"}}],"inLanguage":"fr-FR"},{"@type":"Organization","@id":"https:\/\/hierostrasbourg.com\/#organization","name":"F\u00e9d\u00e9ration Hi\u00e9ro Strasbourg","url":"https:\/\/hierostrasbourg.com\/","logo":{"@type":"ImageObject","inLanguage":"fr-FR","@id":"https:\/\/hierostrasbourg.com\/#\/schema\/logo\/image\/","url":"https:\/\/hierostrasbourg.com\/wp-content\/uploads\/2026\/04\/logo-hiero-strasbourg.jpg","contentUrl":"https:\/\/hierostrasbourg.com\/wp-content\/uploads\/2026\/04\/logo-hiero-strasbourg.jpg","width":204,"height":192,"caption":"F\u00e9d\u00e9ration Hi\u00e9ro Strasbourg"},"image":{"@id":"https:\/\/hierostrasbourg.com\/#\/schema\/logo\/image\/"},"sameAs":["https:\/\/www.facebook.com\/fedehierostrasbourg","https:\/\/x.com\/hierostrasbourg"]}]}},"_links":{"self":[{"href":"https:\/\/hierostrasbourg.com\/index.php\/wp-json\/wp\/v2\/posts\/2924","targetHints":{"allow":["GET"]}}],"collection":[{"href":"https:\/\/hierostrasbourg.com\/index.php\/wp-json\/wp\/v2\/posts"}],"about":[{"href":"https:\/\/hierostrasbourg.com\/index.php\/wp-json\/wp\/v2\/types\/post"}],"replies":[{"embeddable":true,"href":"https:\/\/hierostrasbourg.com\/index.php\/wp-json\/wp\/v2\/comments?post=2924"}],"version-history":[{"count":0,"href":"https:\/\/hierostrasbourg.com\/index.php\/wp-json\/wp\/v2\/posts\/2924\/revisions"}],"wp:attachment":[{"href":"https:\/\/hierostrasbourg.com\/index.php\/wp-json\/wp\/v2\/media?parent=2924"}],"wp:term":[{"taxonomy":"category","embeddable":true,"href":"https:\/\/hierostrasbourg.com\/index.php\/wp-json\/wp\/v2\/categories?post=2924"},{"taxonomy":"post_tag","embeddable":true,"href":"https:\/\/hierostrasbourg.com\/index.php\/wp-json\/wp\/v2\/tags?post=2924"}],"curies":[{"name":"wp","href":"https:\/\/api.w.org\/{rel}","templated":true}]}}