{"id":2922,"date":"2022-06-19T14:31:35","date_gmt":"2022-06-19T12:31:35","guid":{"rendered":"https:\/\/hierostrasbourg.com\/index.php\/2022\/06\/19\/lenjeu-de-la-valeur-a-lheure-du-web3-2\/"},"modified":"2022-06-19T14:31:35","modified_gmt":"2022-06-19T12:31:35","slug":"lenjeu-de-la-valeur-a-lheure-du-web3-2","status":"publish","type":"post","link":"https:\/\/hierostrasbourg.com\/index.php\/2022\/06\/19\/lenjeu-de-la-valeur-a-lheure-du-web3-2\/","title":{"rendered":"L\u2019enjeu de la valeur \u00e0 l\u2019heure du web3"},"content":{"rendered":"<p><a href=\"https:\/\/musiquesactuelles.alsace\/lenjeu-de-la-valeur-a-lheure-du-web3\/\" title=\"L\u2019enjeu de la valeur \u00e0 l\u2019heure du web3\"><\/a><\/p>\n<p>Impact de la crise sanitaire, explosion du streaming, bouleversement de la r\u00e9mun\u00e9ration\u2026 C\u00e9cile Rap-Veber, Directrice g\u00e9n\u00e9rale-g\u00e9rante de la Sacem et Patrick Sigwalt, compositeur et pr\u00e9sident du Conseil d\u2019Administration de la Sacem, reviennent sur l\u2019enjeu de la valeur \u00e0 l\u2019heure du Web3 et le contexte dans lequel se d\u00e9veloppent ces nouveaux terrains d\u2019expression et de cr\u00e9ation. D\u00e9couvrez leur intervention en introduction de la conf\u00e9rence en ligne coorganis\u00e9e par la Sacem et les Echos le Parisien Ev\u00e9nements sur le th\u00e8me : \u00ab [\u2026]<\/p>\n<p>L\u2019article <a href=\"https:\/\/musiquesactuelles.alsace\/lenjeu-de-la-valeur-a-lheure-du-web3\/\">L\u2019enjeu de la valeur \u00e0 l\u2019heure du web3<\/a> est apparu en premier sur <a href=\"https:\/\/musiquesactuelles.alsace\/\">Musiques Actuelles en Alsace<\/a>.<\/p>\n<p>L\u2019article <a href=\"https:\/\/popburo.fr\/lenjeu-de-la-valeur-a-lheure-du-web3-2\/\">L\u2019enjeu de la valeur \u00e0 l\u2019heure du web3<\/a> est apparu en premier sur <a href=\"https:\/\/popburo.fr\/\">POP B\u00dcRO<\/a>.<\/p>\n","protected":false},"excerpt":{"rendered":"<p>Impact de la crise sanitaire, explosion du streaming, bouleversement de la r\u00e9mun\u00e9ration\u2026 C\u00e9cile Rap-Veber, Directrice g\u00e9n\u00e9rale-g\u00e9rante de la Sacem et Patrick Sigwalt, compositeur et pr\u00e9sident du Conseil d\u2019Administration de la Sacem, reviennent sur l\u2019enjeu de la valeur \u00e0 l\u2019heure du Web3 et le contexte dans lequel se d\u00e9veloppent ces nouveaux terrains d\u2019expression et de cr\u00e9ation. D\u00e9couvrez leur intervention en introduction de la conf\u00e9rence en ligne coorganis\u00e9e par la Sacem et les Echos le Parisien Ev\u00e9nements sur le th\u00e8me : \u00ab [&hellip;]<\/p>\n","protected":false},"author":0,"featured_media":0,"comment_status":"closed","ping_status":"open","sticky":false,"template":"","format":"standard","meta":{"footnotes":""},"categories":[1],"tags":[],"class_list":["post-2922","post","type-post","status-publish","format-standard","hentry","category-non-classe"],"yoast_head":"<!-- This site is optimized with the Yoast SEO plugin v27.5 - https:\/\/yoast.com\/product\/yoast-seo-wordpress\/ -->\n<title>L\u2019enjeu de la valeur \u00e0 l\u2019heure du web3 - HIERO STRASBOURG<\/title>\n<meta name=\"robots\" content=\"index, follow, max-snippet:-1, max-image-preview:large, max-video-preview:-1\" \/>\n<link rel=\"canonical\" href=\"https:\/\/hierostrasbourg.com\/index.php\/2022\/06\/19\/lenjeu-de-la-valeur-a-lheure-du-web3-2\/\" \/>\n<meta property=\"og:locale\" content=\"fr_FR\" \/>\n<meta property=\"og:type\" content=\"article\" \/>\n<meta property=\"og:title\" content=\"L\u2019enjeu de la valeur \u00e0 l\u2019heure du web3 - HIERO STRASBOURG\" \/>\n<meta property=\"og:description\" content=\"Impact de la crise sanitaire, explosion du streaming, bouleversement de la r\u00e9mun\u00e9ration\u2026 C\u00e9cile Rap-Veber, Directrice g\u00e9n\u00e9rale-g\u00e9rante de la Sacem et Patrick Sigwalt, compositeur et pr\u00e9sident du Conseil d\u2019Administration de la Sacem, reviennent sur l\u2019enjeu de la valeur \u00e0 l\u2019heure du Web3 et le contexte dans lequel se d\u00e9veloppent ces nouveaux terrains d\u2019expression et de cr\u00e9ation. D\u00e9couvrez leur intervention en introduction de la conf\u00e9rence en ligne coorganis\u00e9e par la Sacem et les Echos le Parisien Ev\u00e9nements sur le th\u00e8me : \u00ab [&hellip;]\" \/>\n<meta property=\"og:url\" content=\"https:\/\/hierostrasbourg.com\/index.php\/2022\/06\/19\/lenjeu-de-la-valeur-a-lheure-du-web3-2\/\" \/>\n<meta property=\"og:site_name\" content=\"HIERO STRASBOURG\" \/>\n<meta property=\"article:publisher\" content=\"https:\/\/www.facebook.com\/fedehierostrasbourg\" \/>\n<meta property=\"article:published_time\" content=\"2022-06-19T12:31:35+00:00\" \/>\n<meta name=\"twitter:card\" content=\"summary_large_image\" \/>\n<meta name=\"twitter:creator\" content=\"@hierostrasbourg\" \/>\n<meta name=\"twitter:site\" content=\"@hierostrasbourg\" \/>\n<meta name=\"twitter:label1\" content=\"Dur\u00e9e de lecture estim\u00e9e\" \/>\n\t<meta name=\"twitter:data1\" content=\"1 minute\" \/>\n<script type=\"application\/ld+json\" class=\"yoast-schema-graph\">{\"@context\":\"https:\\\/\\\/schema.org\",\"@graph\":[{\"@type\":\"Article\",\"@id\":\"https:\\\/\\\/hierostrasbourg.com\\\/index.php\\\/2022\\\/06\\\/19\\\/lenjeu-de-la-valeur-a-lheure-du-web3-2\\\/#article\",\"isPartOf\":{\"@id\":\"https:\\\/\\\/hierostrasbourg.com\\\/index.php\\\/2022\\\/06\\\/19\\\/lenjeu-de-la-valeur-a-lheure-du-web3-2\\\/\"},\"author\":{\"name\":\"\",\"@id\":\"\"},\"headline\":\"L\u2019enjeu de la valeur \u00e0 l\u2019heure du web3\",\"datePublished\":\"2022-06-19T12:31:35+00:00\",\"mainEntityOfPage\":{\"@id\":\"https:\\\/\\\/hierostrasbourg.com\\\/index.php\\\/2022\\\/06\\\/19\\\/lenjeu-de-la-valeur-a-lheure-du-web3-2\\\/\"},\"wordCount\":143,\"publisher\":{\"@id\":\"https:\\\/\\\/hierostrasbourg.com\\\/#organization\"},\"inLanguage\":\"fr-FR\"},{\"@type\":\"WebPage\",\"@id\":\"https:\\\/\\\/hierostrasbourg.com\\\/index.php\\\/2022\\\/06\\\/19\\\/lenjeu-de-la-valeur-a-lheure-du-web3-2\\\/\",\"url\":\"https:\\\/\\\/hierostrasbourg.com\\\/index.php\\\/2022\\\/06\\\/19\\\/lenjeu-de-la-valeur-a-lheure-du-web3-2\\\/\",\"name\":\"L\u2019enjeu de la valeur \u00e0 l\u2019heure du web3 - HIERO STRASBOURG\",\"isPartOf\":{\"@id\":\"https:\\\/\\\/hierostrasbourg.com\\\/#website\"},\"datePublished\":\"2022-06-19T12:31:35+00:00\",\"breadcrumb\":{\"@id\":\"https:\\\/\\\/hierostrasbourg.com\\\/index.php\\\/2022\\\/06\\\/19\\\/lenjeu-de-la-valeur-a-lheure-du-web3-2\\\/#breadcrumb\"},\"inLanguage\":\"fr-FR\",\"potentialAction\":[{\"@type\":\"ReadAction\",\"target\":[\"https:\\\/\\\/hierostrasbourg.com\\\/index.php\\\/2022\\\/06\\\/19\\\/lenjeu-de-la-valeur-a-lheure-du-web3-2\\\/\"]}]},{\"@type\":\"BreadcrumbList\",\"@id\":\"https:\\\/\\\/hierostrasbourg.com\\\/index.php\\\/2022\\\/06\\\/19\\\/lenjeu-de-la-valeur-a-lheure-du-web3-2\\\/#breadcrumb\",\"itemListElement\":[{\"@type\":\"ListItem\",\"position\":1,\"name\":\"Accueil\",\"item\":\"https:\\\/\\\/hierostrasbourg.com\\\/\"},{\"@type\":\"ListItem\",\"position\":2,\"name\":\"L\u2019enjeu de la valeur \u00e0 l\u2019heure du web3\"}]},{\"@type\":\"WebSite\",\"@id\":\"https:\\\/\\\/hierostrasbourg.com\\\/#website\",\"url\":\"https:\\\/\\\/hierostrasbourg.com\\\/\",\"name\":\"HIERO STRASBOURG\",\"description\":\"Centre de Ressources Musiques Actuelles\",\"publisher\":{\"@id\":\"https:\\\/\\\/hierostrasbourg.com\\\/#organization\"},\"potentialAction\":[{\"@type\":\"SearchAction\",\"target\":{\"@type\":\"EntryPoint\",\"urlTemplate\":\"https:\\\/\\\/hierostrasbourg.com\\\/?s={search_term_string}\"},\"query-input\":{\"@type\":\"PropertyValueSpecification\",\"valueRequired\":true,\"valueName\":\"search_term_string\"}}],\"inLanguage\":\"fr-FR\"},{\"@type\":\"Organization\",\"@id\":\"https:\\\/\\\/hierostrasbourg.com\\\/#organization\",\"name\":\"F\u00e9d\u00e9ration Hi\u00e9ro Strasbourg\",\"url\":\"https:\\\/\\\/hierostrasbourg.com\\\/\",\"logo\":{\"@type\":\"ImageObject\",\"inLanguage\":\"fr-FR\",\"@id\":\"https:\\\/\\\/hierostrasbourg.com\\\/#\\\/schema\\\/logo\\\/image\\\/\",\"url\":\"https:\\\/\\\/hierostrasbourg.com\\\/wp-content\\\/uploads\\\/2026\\\/04\\\/logo-hiero-strasbourg.jpg\",\"contentUrl\":\"https:\\\/\\\/hierostrasbourg.com\\\/wp-content\\\/uploads\\\/2026\\\/04\\\/logo-hiero-strasbourg.jpg\",\"width\":204,\"height\":192,\"caption\":\"F\u00e9d\u00e9ration Hi\u00e9ro Strasbourg\"},\"image\":{\"@id\":\"https:\\\/\\\/hierostrasbourg.com\\\/#\\\/schema\\\/logo\\\/image\\\/\"},\"sameAs\":[\"https:\\\/\\\/www.facebook.com\\\/fedehierostrasbourg\",\"https:\\\/\\\/x.com\\\/hierostrasbourg\"]}]}<\/script>\n<!-- \/ Yoast SEO plugin. -->","yoast_head_json":{"title":"L\u2019enjeu de la valeur \u00e0 l\u2019heure du web3 - HIERO STRASBOURG","robots":{"index":"index","follow":"follow","max-snippet":"max-snippet:-1","max-image-preview":"max-image-preview:large","max-video-preview":"max-video-preview:-1"},"canonical":"https:\/\/hierostrasbourg.com\/index.php\/2022\/06\/19\/lenjeu-de-la-valeur-a-lheure-du-web3-2\/","og_locale":"fr_FR","og_type":"article","og_title":"L\u2019enjeu de la valeur \u00e0 l\u2019heure du web3 - HIERO STRASBOURG","og_description":"Impact de la crise sanitaire, explosion du streaming, bouleversement de la r\u00e9mun\u00e9ration\u2026 C\u00e9cile Rap-Veber, Directrice g\u00e9n\u00e9rale-g\u00e9rante de la Sacem et Patrick Sigwalt, compositeur et pr\u00e9sident du Conseil d\u2019Administration de la Sacem, reviennent sur l\u2019enjeu de la valeur \u00e0 l\u2019heure du Web3 et le contexte dans lequel se d\u00e9veloppent ces nouveaux terrains d\u2019expression et de cr\u00e9ation. D\u00e9couvrez leur intervention en introduction de la conf\u00e9rence en ligne coorganis\u00e9e par la Sacem et les Echos le Parisien Ev\u00e9nements sur le th\u00e8me : \u00ab [&hellip;]","og_url":"https:\/\/hierostrasbourg.com\/index.php\/2022\/06\/19\/lenjeu-de-la-valeur-a-lheure-du-web3-2\/","og_site_name":"HIERO STRASBOURG","article_publisher":"https:\/\/www.facebook.com\/fedehierostrasbourg","article_published_time":"2022-06-19T12:31:35+00:00","twitter_card":"summary_large_image","twitter_creator":"@hierostrasbourg","twitter_site":"@hierostrasbourg","twitter_misc":{"Dur\u00e9e de lecture estim\u00e9e":"1 minute"},"schema":{"@context":"https:\/\/schema.org","@graph":[{"@type":"Article","@id":"https:\/\/hierostrasbourg.com\/index.php\/2022\/06\/19\/lenjeu-de-la-valeur-a-lheure-du-web3-2\/#article","isPartOf":{"@id":"https:\/\/hierostrasbourg.com\/index.php\/2022\/06\/19\/lenjeu-de-la-valeur-a-lheure-du-web3-2\/"},"author":{"name":"","@id":""},"headline":"L\u2019enjeu de la valeur \u00e0 l\u2019heure du web3","datePublished":"2022-06-19T12:31:35+00:00","mainEntityOfPage":{"@id":"https:\/\/hierostrasbourg.com\/index.php\/2022\/06\/19\/lenjeu-de-la-valeur-a-lheure-du-web3-2\/"},"wordCount":143,"publisher":{"@id":"https:\/\/hierostrasbourg.com\/#organization"},"inLanguage":"fr-FR"},{"@type":"WebPage","@id":"https:\/\/hierostrasbourg.com\/index.php\/2022\/06\/19\/lenjeu-de-la-valeur-a-lheure-du-web3-2\/","url":"https:\/\/hierostrasbourg.com\/index.php\/2022\/06\/19\/lenjeu-de-la-valeur-a-lheure-du-web3-2\/","name":"L\u2019enjeu de la valeur \u00e0 l\u2019heure du web3 - HIERO STRASBOURG","isPartOf":{"@id":"https:\/\/hierostrasbourg.com\/#website"},"datePublished":"2022-06-19T12:31:35+00:00","breadcrumb":{"@id":"https:\/\/hierostrasbourg.com\/index.php\/2022\/06\/19\/lenjeu-de-la-valeur-a-lheure-du-web3-2\/#breadcrumb"},"inLanguage":"fr-FR","potentialAction":[{"@type":"ReadAction","target":["https:\/\/hierostrasbourg.com\/index.php\/2022\/06\/19\/lenjeu-de-la-valeur-a-lheure-du-web3-2\/"]}]},{"@type":"BreadcrumbList","@id":"https:\/\/hierostrasbourg.com\/index.php\/2022\/06\/19\/lenjeu-de-la-valeur-a-lheure-du-web3-2\/#breadcrumb","itemListElement":[{"@type":"ListItem","position":1,"name":"Accueil","item":"https:\/\/hierostrasbourg.com\/"},{"@type":"ListItem","position":2,"name":"L\u2019enjeu de la valeur \u00e0 l\u2019heure du web3"}]},{"@type":"WebSite","@id":"https:\/\/hierostrasbourg.com\/#website","url":"https:\/\/hierostrasbourg.com\/","name":"HIERO STRASBOURG","description":"Centre de Ressources Musiques Actuelles","publisher":{"@id":"https:\/\/hierostrasbourg.com\/#organization"},"potentialAction":[{"@type":"SearchAction","target":{"@type":"EntryPoint","urlTemplate":"https:\/\/hierostrasbourg.com\/?s={search_term_string}"},"query-input":{"@type":"PropertyValueSpecification","valueRequired":true,"valueName":"search_term_string"}}],"inLanguage":"fr-FR"},{"@type":"Organization","@id":"https:\/\/hierostrasbourg.com\/#organization","name":"F\u00e9d\u00e9ration Hi\u00e9ro Strasbourg","url":"https:\/\/hierostrasbourg.com\/","logo":{"@type":"ImageObject","inLanguage":"fr-FR","@id":"https:\/\/hierostrasbourg.com\/#\/schema\/logo\/image\/","url":"https:\/\/hierostrasbourg.com\/wp-content\/uploads\/2026\/04\/logo-hiero-strasbourg.jpg","contentUrl":"https:\/\/hierostrasbourg.com\/wp-content\/uploads\/2026\/04\/logo-hiero-strasbourg.jpg","width":204,"height":192,"caption":"F\u00e9d\u00e9ration Hi\u00e9ro Strasbourg"},"image":{"@id":"https:\/\/hierostrasbourg.com\/#\/schema\/logo\/image\/"},"sameAs":["https:\/\/www.facebook.com\/fedehierostrasbourg","https:\/\/x.com\/hierostrasbourg"]}]}},"_links":{"self":[{"href":"https:\/\/hierostrasbourg.com\/index.php\/wp-json\/wp\/v2\/posts\/2922","targetHints":{"allow":["GET"]}}],"collection":[{"href":"https:\/\/hierostrasbourg.com\/index.php\/wp-json\/wp\/v2\/posts"}],"about":[{"href":"https:\/\/hierostrasbourg.com\/index.php\/wp-json\/wp\/v2\/types\/post"}],"replies":[{"embeddable":true,"href":"https:\/\/hierostrasbourg.com\/index.php\/wp-json\/wp\/v2\/comments?post=2922"}],"version-history":[{"count":0,"href":"https:\/\/hierostrasbourg.com\/index.php\/wp-json\/wp\/v2\/posts\/2922\/revisions"}],"wp:attachment":[{"href":"https:\/\/hierostrasbourg.com\/index.php\/wp-json\/wp\/v2\/media?parent=2922"}],"wp:term":[{"taxonomy":"category","embeddable":true,"href":"https:\/\/hierostrasbourg.com\/index.php\/wp-json\/wp\/v2\/categories?post=2922"},{"taxonomy":"post_tag","embeddable":true,"href":"https:\/\/hierostrasbourg.com\/index.php\/wp-json\/wp\/v2\/tags?post=2922"}],"curies":[{"name":"wp","href":"https:\/\/api.w.org\/{rel}","templated":true}]}}