{"id":2919,"date":"2022-06-19T11:33:07","date_gmt":"2022-06-19T09:33:07","guid":{"rendered":"https:\/\/hierostrasbourg.com\/index.php\/2022\/06\/19\/la-fabrique-des-masculinites-au-travail-et-si-cetait-ca-le-noeud-du-probleme-2\/"},"modified":"2022-06-19T11:33:07","modified_gmt":"2022-06-19T09:33:07","slug":"la-fabrique-des-masculinites-au-travail-et-si-cetait-ca-le-noeud-du-probleme-2","status":"publish","type":"post","link":"https:\/\/hierostrasbourg.com\/index.php\/2022\/06\/19\/la-fabrique-des-masculinites-au-travail-et-si-cetait-ca-le-noeud-du-probleme-2\/","title":{"rendered":"La fabrique des masculinit\u00e9s au travail, et si c\u2019\u00e9tait \u00e7a le n\u0153ud du probl\u00e8me"},"content":{"rendered":"<p><a href=\"https:\/\/musiquesactuelles.alsace\/la-fabrique-des-masculinites-au-travail-et-si-cetait-ca-le-noeud-du-probleme\/\" title=\"La fabrique des masculinit\u00e9s au travail, et si c\u2019\u00e9tait \u00e7a le n\u0153ud du probl\u00e8me\"><\/a><\/p>\n<p>La fabrique des masculinit\u00e9s au travail : et si c\u2019\u00e9tait \u00e7a le n\u0153ud du probl\u00e8me ? Il para\u00eet que les hommes changent et que la virilit\u00e9 est en crise. Le march\u00e9 de l\u2019emploi s\u2019est f\u00e9minis\u00e9, de grands patrons s\u2019engagent en faveur de l\u2019\u00e9galit\u00e9 professionnelle et des lois en garantissent son application. Pourtant, les in\u00e9galit\u00e9s r\u00e9sistent et le monde du travail n\u2019en finit pas de prouver qu\u2019il est une ar\u00e8ne domin\u00e9e par les hommes. Comment l\u2019expliquer ? La sociologue Haude Rivoal [\u2026]<\/p>\n<p>L\u2019article <a href=\"https:\/\/musiquesactuelles.alsace\/la-fabrique-des-masculinites-au-travail-et-si-cetait-ca-le-noeud-du-probleme\/\">La fabrique des masculinit\u00e9s au travail, et si c\u2019\u00e9tait \u00e7a le n\u0153ud du probl\u00e8me<\/a> est apparu en premier sur <a href=\"https:\/\/musiquesactuelles.alsace\/\">Musiques Actuelles en Alsace<\/a>.<\/p>\n<p>L\u2019article <a href=\"https:\/\/popburo.fr\/la-fabrique-des-masculinites-au-travail-et-si-cetait-ca-le-noeud-du-probleme-2\/\">La fabrique des masculinit\u00e9s au travail, et si c\u2019\u00e9tait \u00e7a le n\u0153ud du probl\u00e8me<\/a> est apparu en premier sur <a href=\"https:\/\/popburo.fr\/\">POP B\u00dcRO<\/a>.<\/p>\n","protected":false},"excerpt":{"rendered":"<p>La fabrique des masculinit\u00e9s au travail : et si c\u2019\u00e9tait \u00e7a le n\u0153ud du probl\u00e8me ? Il para\u00eet que les hommes changent et que la virilit\u00e9 est en crise. Le march\u00e9 de l\u2019emploi s\u2019est f\u00e9minis\u00e9, de grands patrons s\u2019engagent en faveur de l\u2019\u00e9galit\u00e9 professionnelle et des lois en garantissent son application. Pourtant, les in\u00e9galit\u00e9s r\u00e9sistent et le monde du travail n\u2019en finit pas de prouver qu\u2019il est une ar\u00e8ne domin\u00e9e par les hommes. Comment l\u2019expliquer ? La sociologue Haude Rivoal [&hellip;]<\/p>\n","protected":false},"author":0,"featured_media":0,"comment_status":"closed","ping_status":"open","sticky":false,"template":"","format":"standard","meta":{"footnotes":""},"categories":[1],"tags":[],"class_list":["post-2919","post","type-post","status-publish","format-standard","hentry","category-non-classe"],"yoast_head":"<!-- This site is optimized with the Yoast SEO plugin v27.5 - https:\/\/yoast.com\/product\/yoast-seo-wordpress\/ -->\n<title>La fabrique des masculinit\u00e9s au travail, et si c\u2019\u00e9tait \u00e7a le n\u0153ud du probl\u00e8me - HIERO STRASBOURG<\/title>\n<meta name=\"robots\" content=\"index, follow, max-snippet:-1, max-image-preview:large, max-video-preview:-1\" \/>\n<link rel=\"canonical\" href=\"https:\/\/hierostrasbourg.com\/index.php\/2022\/06\/19\/la-fabrique-des-masculinites-au-travail-et-si-cetait-ca-le-noeud-du-probleme-2\/\" \/>\n<meta property=\"og:locale\" content=\"fr_FR\" \/>\n<meta property=\"og:type\" content=\"article\" \/>\n<meta property=\"og:title\" content=\"La fabrique des masculinit\u00e9s au travail, et si c\u2019\u00e9tait \u00e7a le n\u0153ud du probl\u00e8me - HIERO STRASBOURG\" \/>\n<meta property=\"og:description\" content=\"La fabrique des masculinit\u00e9s au travail : et si c\u2019\u00e9tait \u00e7a le n\u0153ud du probl\u00e8me ? Il para\u00eet que les hommes changent et que la virilit\u00e9 est en crise. Le march\u00e9 de l\u2019emploi s\u2019est f\u00e9minis\u00e9, de grands patrons s\u2019engagent en faveur de l\u2019\u00e9galit\u00e9 professionnelle et des lois en garantissent son application. Pourtant, les in\u00e9galit\u00e9s r\u00e9sistent et le monde du travail n\u2019en finit pas de prouver qu\u2019il est une ar\u00e8ne domin\u00e9e par les hommes. Comment l\u2019expliquer ? La sociologue Haude Rivoal [&hellip;]\" \/>\n<meta property=\"og:url\" content=\"https:\/\/hierostrasbourg.com\/index.php\/2022\/06\/19\/la-fabrique-des-masculinites-au-travail-et-si-cetait-ca-le-noeud-du-probleme-2\/\" \/>\n<meta property=\"og:site_name\" content=\"HIERO STRASBOURG\" \/>\n<meta property=\"article:publisher\" content=\"https:\/\/www.facebook.com\/fedehierostrasbourg\" \/>\n<meta property=\"article:published_time\" content=\"2022-06-19T09:33:07+00:00\" \/>\n<meta name=\"twitter:card\" content=\"summary_large_image\" \/>\n<meta name=\"twitter:creator\" content=\"@hierostrasbourg\" \/>\n<meta name=\"twitter:site\" content=\"@hierostrasbourg\" \/>\n<meta name=\"twitter:label1\" content=\"Dur\u00e9e de lecture estim\u00e9e\" \/>\n\t<meta name=\"twitter:data1\" content=\"1 minute\" \/>\n<script type=\"application\/ld+json\" class=\"yoast-schema-graph\">{\"@context\":\"https:\\\/\\\/schema.org\",\"@graph\":[{\"@type\":\"Article\",\"@id\":\"https:\\\/\\\/hierostrasbourg.com\\\/index.php\\\/2022\\\/06\\\/19\\\/la-fabrique-des-masculinites-au-travail-et-si-cetait-ca-le-noeud-du-probleme-2\\\/#article\",\"isPartOf\":{\"@id\":\"https:\\\/\\\/hierostrasbourg.com\\\/index.php\\\/2022\\\/06\\\/19\\\/la-fabrique-des-masculinites-au-travail-et-si-cetait-ca-le-noeud-du-probleme-2\\\/\"},\"author\":{\"name\":\"\",\"@id\":\"\"},\"headline\":\"La fabrique des masculinit\u00e9s au travail, et si c\u2019\u00e9tait \u00e7a le n\u0153ud du probl\u00e8me\",\"datePublished\":\"2022-06-19T09:33:07+00:00\",\"mainEntityOfPage\":{\"@id\":\"https:\\\/\\\/hierostrasbourg.com\\\/index.php\\\/2022\\\/06\\\/19\\\/la-fabrique-des-masculinites-au-travail-et-si-cetait-ca-le-noeud-du-probleme-2\\\/\"},\"wordCount\":170,\"publisher\":{\"@id\":\"https:\\\/\\\/hierostrasbourg.com\\\/#organization\"},\"inLanguage\":\"fr-FR\"},{\"@type\":\"WebPage\",\"@id\":\"https:\\\/\\\/hierostrasbourg.com\\\/index.php\\\/2022\\\/06\\\/19\\\/la-fabrique-des-masculinites-au-travail-et-si-cetait-ca-le-noeud-du-probleme-2\\\/\",\"url\":\"https:\\\/\\\/hierostrasbourg.com\\\/index.php\\\/2022\\\/06\\\/19\\\/la-fabrique-des-masculinites-au-travail-et-si-cetait-ca-le-noeud-du-probleme-2\\\/\",\"name\":\"La fabrique des masculinit\u00e9s au travail, et si c\u2019\u00e9tait \u00e7a le n\u0153ud du probl\u00e8me - HIERO STRASBOURG\",\"isPartOf\":{\"@id\":\"https:\\\/\\\/hierostrasbourg.com\\\/#website\"},\"datePublished\":\"2022-06-19T09:33:07+00:00\",\"breadcrumb\":{\"@id\":\"https:\\\/\\\/hierostrasbourg.com\\\/index.php\\\/2022\\\/06\\\/19\\\/la-fabrique-des-masculinites-au-travail-et-si-cetait-ca-le-noeud-du-probleme-2\\\/#breadcrumb\"},\"inLanguage\":\"fr-FR\",\"potentialAction\":[{\"@type\":\"ReadAction\",\"target\":[\"https:\\\/\\\/hierostrasbourg.com\\\/index.php\\\/2022\\\/06\\\/19\\\/la-fabrique-des-masculinites-au-travail-et-si-cetait-ca-le-noeud-du-probleme-2\\\/\"]}]},{\"@type\":\"BreadcrumbList\",\"@id\":\"https:\\\/\\\/hierostrasbourg.com\\\/index.php\\\/2022\\\/06\\\/19\\\/la-fabrique-des-masculinites-au-travail-et-si-cetait-ca-le-noeud-du-probleme-2\\\/#breadcrumb\",\"itemListElement\":[{\"@type\":\"ListItem\",\"position\":1,\"name\":\"Accueil\",\"item\":\"https:\\\/\\\/hierostrasbourg.com\\\/\"},{\"@type\":\"ListItem\",\"position\":2,\"name\":\"La fabrique des masculinit\u00e9s au travail, et si c\u2019\u00e9tait \u00e7a le n\u0153ud du probl\u00e8me\"}]},{\"@type\":\"WebSite\",\"@id\":\"https:\\\/\\\/hierostrasbourg.com\\\/#website\",\"url\":\"https:\\\/\\\/hierostrasbourg.com\\\/\",\"name\":\"HIERO STRASBOURG\",\"description\":\"Centre de Ressources Musiques Actuelles\",\"publisher\":{\"@id\":\"https:\\\/\\\/hierostrasbourg.com\\\/#organization\"},\"potentialAction\":[{\"@type\":\"SearchAction\",\"target\":{\"@type\":\"EntryPoint\",\"urlTemplate\":\"https:\\\/\\\/hierostrasbourg.com\\\/?s={search_term_string}\"},\"query-input\":{\"@type\":\"PropertyValueSpecification\",\"valueRequired\":true,\"valueName\":\"search_term_string\"}}],\"inLanguage\":\"fr-FR\"},{\"@type\":\"Organization\",\"@id\":\"https:\\\/\\\/hierostrasbourg.com\\\/#organization\",\"name\":\"F\u00e9d\u00e9ration Hi\u00e9ro Strasbourg\",\"url\":\"https:\\\/\\\/hierostrasbourg.com\\\/\",\"logo\":{\"@type\":\"ImageObject\",\"inLanguage\":\"fr-FR\",\"@id\":\"https:\\\/\\\/hierostrasbourg.com\\\/#\\\/schema\\\/logo\\\/image\\\/\",\"url\":\"https:\\\/\\\/hierostrasbourg.com\\\/wp-content\\\/uploads\\\/2026\\\/04\\\/logo-hiero-strasbourg.jpg\",\"contentUrl\":\"https:\\\/\\\/hierostrasbourg.com\\\/wp-content\\\/uploads\\\/2026\\\/04\\\/logo-hiero-strasbourg.jpg\",\"width\":204,\"height\":192,\"caption\":\"F\u00e9d\u00e9ration Hi\u00e9ro Strasbourg\"},\"image\":{\"@id\":\"https:\\\/\\\/hierostrasbourg.com\\\/#\\\/schema\\\/logo\\\/image\\\/\"},\"sameAs\":[\"https:\\\/\\\/www.facebook.com\\\/fedehierostrasbourg\",\"https:\\\/\\\/x.com\\\/hierostrasbourg\"]}]}<\/script>\n<!-- \/ Yoast SEO plugin. -->","yoast_head_json":{"title":"La fabrique des masculinit\u00e9s au travail, et si c\u2019\u00e9tait \u00e7a le n\u0153ud du probl\u00e8me - HIERO STRASBOURG","robots":{"index":"index","follow":"follow","max-snippet":"max-snippet:-1","max-image-preview":"max-image-preview:large","max-video-preview":"max-video-preview:-1"},"canonical":"https:\/\/hierostrasbourg.com\/index.php\/2022\/06\/19\/la-fabrique-des-masculinites-au-travail-et-si-cetait-ca-le-noeud-du-probleme-2\/","og_locale":"fr_FR","og_type":"article","og_title":"La fabrique des masculinit\u00e9s au travail, et si c\u2019\u00e9tait \u00e7a le n\u0153ud du probl\u00e8me - HIERO STRASBOURG","og_description":"La fabrique des masculinit\u00e9s au travail : et si c\u2019\u00e9tait \u00e7a le n\u0153ud du probl\u00e8me ? Il para\u00eet que les hommes changent et que la virilit\u00e9 est en crise. Le march\u00e9 de l\u2019emploi s\u2019est f\u00e9minis\u00e9, de grands patrons s\u2019engagent en faveur de l\u2019\u00e9galit\u00e9 professionnelle et des lois en garantissent son application. Pourtant, les in\u00e9galit\u00e9s r\u00e9sistent et le monde du travail n\u2019en finit pas de prouver qu\u2019il est une ar\u00e8ne domin\u00e9e par les hommes. Comment l\u2019expliquer ? La sociologue Haude Rivoal [&hellip;]","og_url":"https:\/\/hierostrasbourg.com\/index.php\/2022\/06\/19\/la-fabrique-des-masculinites-au-travail-et-si-cetait-ca-le-noeud-du-probleme-2\/","og_site_name":"HIERO STRASBOURG","article_publisher":"https:\/\/www.facebook.com\/fedehierostrasbourg","article_published_time":"2022-06-19T09:33:07+00:00","twitter_card":"summary_large_image","twitter_creator":"@hierostrasbourg","twitter_site":"@hierostrasbourg","twitter_misc":{"Dur\u00e9e de lecture estim\u00e9e":"1 minute"},"schema":{"@context":"https:\/\/schema.org","@graph":[{"@type":"Article","@id":"https:\/\/hierostrasbourg.com\/index.php\/2022\/06\/19\/la-fabrique-des-masculinites-au-travail-et-si-cetait-ca-le-noeud-du-probleme-2\/#article","isPartOf":{"@id":"https:\/\/hierostrasbourg.com\/index.php\/2022\/06\/19\/la-fabrique-des-masculinites-au-travail-et-si-cetait-ca-le-noeud-du-probleme-2\/"},"author":{"name":"","@id":""},"headline":"La fabrique des masculinit\u00e9s au travail, et si c\u2019\u00e9tait \u00e7a le n\u0153ud du probl\u00e8me","datePublished":"2022-06-19T09:33:07+00:00","mainEntityOfPage":{"@id":"https:\/\/hierostrasbourg.com\/index.php\/2022\/06\/19\/la-fabrique-des-masculinites-au-travail-et-si-cetait-ca-le-noeud-du-probleme-2\/"},"wordCount":170,"publisher":{"@id":"https:\/\/hierostrasbourg.com\/#organization"},"inLanguage":"fr-FR"},{"@type":"WebPage","@id":"https:\/\/hierostrasbourg.com\/index.php\/2022\/06\/19\/la-fabrique-des-masculinites-au-travail-et-si-cetait-ca-le-noeud-du-probleme-2\/","url":"https:\/\/hierostrasbourg.com\/index.php\/2022\/06\/19\/la-fabrique-des-masculinites-au-travail-et-si-cetait-ca-le-noeud-du-probleme-2\/","name":"La fabrique des masculinit\u00e9s au travail, et si c\u2019\u00e9tait \u00e7a le n\u0153ud du probl\u00e8me - HIERO STRASBOURG","isPartOf":{"@id":"https:\/\/hierostrasbourg.com\/#website"},"datePublished":"2022-06-19T09:33:07+00:00","breadcrumb":{"@id":"https:\/\/hierostrasbourg.com\/index.php\/2022\/06\/19\/la-fabrique-des-masculinites-au-travail-et-si-cetait-ca-le-noeud-du-probleme-2\/#breadcrumb"},"inLanguage":"fr-FR","potentialAction":[{"@type":"ReadAction","target":["https:\/\/hierostrasbourg.com\/index.php\/2022\/06\/19\/la-fabrique-des-masculinites-au-travail-et-si-cetait-ca-le-noeud-du-probleme-2\/"]}]},{"@type":"BreadcrumbList","@id":"https:\/\/hierostrasbourg.com\/index.php\/2022\/06\/19\/la-fabrique-des-masculinites-au-travail-et-si-cetait-ca-le-noeud-du-probleme-2\/#breadcrumb","itemListElement":[{"@type":"ListItem","position":1,"name":"Accueil","item":"https:\/\/hierostrasbourg.com\/"},{"@type":"ListItem","position":2,"name":"La fabrique des masculinit\u00e9s au travail, et si c\u2019\u00e9tait \u00e7a le n\u0153ud du probl\u00e8me"}]},{"@type":"WebSite","@id":"https:\/\/hierostrasbourg.com\/#website","url":"https:\/\/hierostrasbourg.com\/","name":"HIERO STRASBOURG","description":"Centre de Ressources Musiques Actuelles","publisher":{"@id":"https:\/\/hierostrasbourg.com\/#organization"},"potentialAction":[{"@type":"SearchAction","target":{"@type":"EntryPoint","urlTemplate":"https:\/\/hierostrasbourg.com\/?s={search_term_string}"},"query-input":{"@type":"PropertyValueSpecification","valueRequired":true,"valueName":"search_term_string"}}],"inLanguage":"fr-FR"},{"@type":"Organization","@id":"https:\/\/hierostrasbourg.com\/#organization","name":"F\u00e9d\u00e9ration Hi\u00e9ro Strasbourg","url":"https:\/\/hierostrasbourg.com\/","logo":{"@type":"ImageObject","inLanguage":"fr-FR","@id":"https:\/\/hierostrasbourg.com\/#\/schema\/logo\/image\/","url":"https:\/\/hierostrasbourg.com\/wp-content\/uploads\/2026\/04\/logo-hiero-strasbourg.jpg","contentUrl":"https:\/\/hierostrasbourg.com\/wp-content\/uploads\/2026\/04\/logo-hiero-strasbourg.jpg","width":204,"height":192,"caption":"F\u00e9d\u00e9ration Hi\u00e9ro Strasbourg"},"image":{"@id":"https:\/\/hierostrasbourg.com\/#\/schema\/logo\/image\/"},"sameAs":["https:\/\/www.facebook.com\/fedehierostrasbourg","https:\/\/x.com\/hierostrasbourg"]}]}},"_links":{"self":[{"href":"https:\/\/hierostrasbourg.com\/index.php\/wp-json\/wp\/v2\/posts\/2919","targetHints":{"allow":["GET"]}}],"collection":[{"href":"https:\/\/hierostrasbourg.com\/index.php\/wp-json\/wp\/v2\/posts"}],"about":[{"href":"https:\/\/hierostrasbourg.com\/index.php\/wp-json\/wp\/v2\/types\/post"}],"replies":[{"embeddable":true,"href":"https:\/\/hierostrasbourg.com\/index.php\/wp-json\/wp\/v2\/comments?post=2919"}],"version-history":[{"count":0,"href":"https:\/\/hierostrasbourg.com\/index.php\/wp-json\/wp\/v2\/posts\/2919\/revisions"}],"wp:attachment":[{"href":"https:\/\/hierostrasbourg.com\/index.php\/wp-json\/wp\/v2\/media?parent=2919"}],"wp:term":[{"taxonomy":"category","embeddable":true,"href":"https:\/\/hierostrasbourg.com\/index.php\/wp-json\/wp\/v2\/categories?post=2919"},{"taxonomy":"post_tag","embeddable":true,"href":"https:\/\/hierostrasbourg.com\/index.php\/wp-json\/wp\/v2\/tags?post=2919"}],"curies":[{"name":"wp","href":"https:\/\/api.w.org\/{rel}","templated":true}]}}