{"id":2911,"date":"2022-06-19T10:31:57","date_gmt":"2022-06-19T08:31:57","guid":{"rendered":"https:\/\/hierostrasbourg.com\/index.php\/2022\/06\/19\/la-galere-des-maladies-longue-duree-dans-la-fonction-publique-territoriale-2\/"},"modified":"2022-06-19T10:31:57","modified_gmt":"2022-06-19T08:31:57","slug":"la-galere-des-maladies-longue-duree-dans-la-fonction-publique-territoriale-2","status":"publish","type":"post","link":"https:\/\/hierostrasbourg.com\/index.php\/2022\/06\/19\/la-galere-des-maladies-longue-duree-dans-la-fonction-publique-territoriale-2\/","title":{"rendered":"La gal\u00e8re des maladies longue dur\u00e9e dans la fonction publique territoriale"},"content":{"rendered":"<p><a href=\"https:\/\/musiquesactuelles.alsace\/la-galere-des-maladies-longue-duree-dans-la-fonction-publique-territoriale\/\" title=\"La gal\u00e8re des maladies longue dur\u00e9e dans la fonction publique territoriale\"><\/a><\/p>\n<p>En cas de probl\u00e8me de sant\u00e9, les professeurs d\u2019instruments d\u00e9pendent du dispositif commun aux agents territoriaux. Un statut qui ne prend pas toujours en compte les sp\u00e9cificit\u00e9s de leurs m\u00e9tiers. T\u00e9moignages. Source \/ Lire la suite : La gal\u00e8re des maladies longue dur\u00e9e dans la fonction publique territoriale<\/p>\n<p>L\u2019article <a href=\"https:\/\/musiquesactuelles.alsace\/la-galere-des-maladies-longue-duree-dans-la-fonction-publique-territoriale\/\">La gal\u00e8re des maladies longue dur\u00e9e dans la fonction publique territoriale<\/a> est apparu en premier sur <a href=\"https:\/\/musiquesactuelles.alsace\/\">Musiques Actuelles en Alsace<\/a>.<\/p>\n<p>L\u2019article <a href=\"https:\/\/popburo.fr\/la-galere-des-maladies-longue-duree-dans-la-fonction-publique-territoriale-2\/\">La gal\u00e8re des maladies longue dur\u00e9e dans la fonction publique territoriale<\/a> est apparu en premier sur <a href=\"https:\/\/popburo.fr\/\">POP B\u00dcRO<\/a>.<\/p>\n","protected":false},"excerpt":{"rendered":"<p>En cas de probl\u00e8me de sant\u00e9, les professeurs d\u2019instruments d\u00e9pendent du dispositif commun aux agents territoriaux. Un statut qui ne prend pas toujours en compte les sp\u00e9cificit\u00e9s de leurs m\u00e9tiers. T\u00e9moignages. Source \/ Lire la suite : La gal\u00e8re des maladies longue dur\u00e9e dans la fonction publique territoriale L\u2019article La gal\u00e8re des maladies longue dur\u00e9e dans la fonction publique territoriale est apparu en premier sur Musiques Actuelles en Alsace. L\u2019article La gal\u00e8re des maladies longue dur\u00e9e dans la fonction publique [&hellip;]<\/p>\n","protected":false},"author":0,"featured_media":0,"comment_status":"closed","ping_status":"open","sticky":false,"template":"","format":"standard","meta":{"footnotes":""},"categories":[1],"tags":[],"class_list":["post-2911","post","type-post","status-publish","format-standard","hentry","category-non-classe"],"yoast_head":"<!-- This site is optimized with the Yoast SEO plugin v27.5 - https:\/\/yoast.com\/product\/yoast-seo-wordpress\/ -->\n<title>La gal\u00e8re des maladies longue dur\u00e9e dans la fonction publique territoriale - HIERO STRASBOURG<\/title>\n<meta name=\"robots\" content=\"index, follow, max-snippet:-1, max-image-preview:large, max-video-preview:-1\" \/>\n<link rel=\"canonical\" href=\"https:\/\/hierostrasbourg.com\/index.php\/2022\/06\/19\/la-galere-des-maladies-longue-duree-dans-la-fonction-publique-territoriale-2\/\" \/>\n<meta property=\"og:locale\" content=\"fr_FR\" \/>\n<meta property=\"og:type\" content=\"article\" \/>\n<meta property=\"og:title\" content=\"La gal\u00e8re des maladies longue dur\u00e9e dans la fonction publique territoriale - HIERO STRASBOURG\" \/>\n<meta property=\"og:description\" content=\"En cas de probl\u00e8me de sant\u00e9, les professeurs d\u2019instruments d\u00e9pendent du dispositif commun aux agents territoriaux. Un statut qui ne prend pas toujours en compte les sp\u00e9cificit\u00e9s de leurs m\u00e9tiers. T\u00e9moignages. Source \/ Lire la suite : La gal\u00e8re des maladies longue dur\u00e9e dans la fonction publique territoriale L\u2019article La gal\u00e8re des maladies longue dur\u00e9e dans la fonction publique territoriale est apparu en premier sur Musiques Actuelles en Alsace. L\u2019article La gal\u00e8re des maladies longue dur\u00e9e dans la fonction publique [&hellip;]\" \/>\n<meta property=\"og:url\" content=\"https:\/\/hierostrasbourg.com\/index.php\/2022\/06\/19\/la-galere-des-maladies-longue-duree-dans-la-fonction-publique-territoriale-2\/\" \/>\n<meta property=\"og:site_name\" content=\"HIERO STRASBOURG\" \/>\n<meta property=\"article:publisher\" content=\"https:\/\/www.facebook.com\/fedehierostrasbourg\" \/>\n<meta property=\"article:published_time\" content=\"2022-06-19T08:31:57+00:00\" \/>\n<meta name=\"twitter:card\" content=\"summary_large_image\" \/>\n<meta name=\"twitter:creator\" content=\"@hierostrasbourg\" \/>\n<meta name=\"twitter:site\" content=\"@hierostrasbourg\" \/>\n<meta name=\"twitter:label1\" content=\"Dur\u00e9e de lecture estim\u00e9e\" \/>\n\t<meta name=\"twitter:data1\" content=\"1 minute\" \/>\n<script type=\"application\/ld+json\" class=\"yoast-schema-graph\">{\"@context\":\"https:\\\/\\\/schema.org\",\"@graph\":[{\"@type\":\"Article\",\"@id\":\"https:\\\/\\\/hierostrasbourg.com\\\/index.php\\\/2022\\\/06\\\/19\\\/la-galere-des-maladies-longue-duree-dans-la-fonction-publique-territoriale-2\\\/#article\",\"isPartOf\":{\"@id\":\"https:\\\/\\\/hierostrasbourg.com\\\/index.php\\\/2022\\\/06\\\/19\\\/la-galere-des-maladies-longue-duree-dans-la-fonction-publique-territoriale-2\\\/\"},\"author\":{\"name\":\"\",\"@id\":\"\"},\"headline\":\"La gal\u00e8re des maladies longue dur\u00e9e dans la fonction publique territoriale\",\"datePublished\":\"2022-06-19T08:31:57+00:00\",\"mainEntityOfPage\":{\"@id\":\"https:\\\/\\\/hierostrasbourg.com\\\/index.php\\\/2022\\\/06\\\/19\\\/la-galere-des-maladies-longue-duree-dans-la-fonction-publique-territoriale-2\\\/\"},\"wordCount\":115,\"publisher\":{\"@id\":\"https:\\\/\\\/hierostrasbourg.com\\\/#organization\"},\"inLanguage\":\"fr-FR\"},{\"@type\":\"WebPage\",\"@id\":\"https:\\\/\\\/hierostrasbourg.com\\\/index.php\\\/2022\\\/06\\\/19\\\/la-galere-des-maladies-longue-duree-dans-la-fonction-publique-territoriale-2\\\/\",\"url\":\"https:\\\/\\\/hierostrasbourg.com\\\/index.php\\\/2022\\\/06\\\/19\\\/la-galere-des-maladies-longue-duree-dans-la-fonction-publique-territoriale-2\\\/\",\"name\":\"La gal\u00e8re des maladies longue dur\u00e9e dans la fonction publique territoriale - HIERO STRASBOURG\",\"isPartOf\":{\"@id\":\"https:\\\/\\\/hierostrasbourg.com\\\/#website\"},\"datePublished\":\"2022-06-19T08:31:57+00:00\",\"breadcrumb\":{\"@id\":\"https:\\\/\\\/hierostrasbourg.com\\\/index.php\\\/2022\\\/06\\\/19\\\/la-galere-des-maladies-longue-duree-dans-la-fonction-publique-territoriale-2\\\/#breadcrumb\"},\"inLanguage\":\"fr-FR\",\"potentialAction\":[{\"@type\":\"ReadAction\",\"target\":[\"https:\\\/\\\/hierostrasbourg.com\\\/index.php\\\/2022\\\/06\\\/19\\\/la-galere-des-maladies-longue-duree-dans-la-fonction-publique-territoriale-2\\\/\"]}]},{\"@type\":\"BreadcrumbList\",\"@id\":\"https:\\\/\\\/hierostrasbourg.com\\\/index.php\\\/2022\\\/06\\\/19\\\/la-galere-des-maladies-longue-duree-dans-la-fonction-publique-territoriale-2\\\/#breadcrumb\",\"itemListElement\":[{\"@type\":\"ListItem\",\"position\":1,\"name\":\"Accueil\",\"item\":\"https:\\\/\\\/hierostrasbourg.com\\\/\"},{\"@type\":\"ListItem\",\"position\":2,\"name\":\"La gal\u00e8re des maladies longue dur\u00e9e dans la fonction publique territoriale\"}]},{\"@type\":\"WebSite\",\"@id\":\"https:\\\/\\\/hierostrasbourg.com\\\/#website\",\"url\":\"https:\\\/\\\/hierostrasbourg.com\\\/\",\"name\":\"HIERO STRASBOURG\",\"description\":\"Centre de Ressources Musiques Actuelles\",\"publisher\":{\"@id\":\"https:\\\/\\\/hierostrasbourg.com\\\/#organization\"},\"potentialAction\":[{\"@type\":\"SearchAction\",\"target\":{\"@type\":\"EntryPoint\",\"urlTemplate\":\"https:\\\/\\\/hierostrasbourg.com\\\/?s={search_term_string}\"},\"query-input\":{\"@type\":\"PropertyValueSpecification\",\"valueRequired\":true,\"valueName\":\"search_term_string\"}}],\"inLanguage\":\"fr-FR\"},{\"@type\":\"Organization\",\"@id\":\"https:\\\/\\\/hierostrasbourg.com\\\/#organization\",\"name\":\"F\u00e9d\u00e9ration Hi\u00e9ro Strasbourg\",\"url\":\"https:\\\/\\\/hierostrasbourg.com\\\/\",\"logo\":{\"@type\":\"ImageObject\",\"inLanguage\":\"fr-FR\",\"@id\":\"https:\\\/\\\/hierostrasbourg.com\\\/#\\\/schema\\\/logo\\\/image\\\/\",\"url\":\"https:\\\/\\\/hierostrasbourg.com\\\/wp-content\\\/uploads\\\/2026\\\/04\\\/logo-hiero-strasbourg.jpg\",\"contentUrl\":\"https:\\\/\\\/hierostrasbourg.com\\\/wp-content\\\/uploads\\\/2026\\\/04\\\/logo-hiero-strasbourg.jpg\",\"width\":204,\"height\":192,\"caption\":\"F\u00e9d\u00e9ration Hi\u00e9ro Strasbourg\"},\"image\":{\"@id\":\"https:\\\/\\\/hierostrasbourg.com\\\/#\\\/schema\\\/logo\\\/image\\\/\"},\"sameAs\":[\"https:\\\/\\\/www.facebook.com\\\/fedehierostrasbourg\",\"https:\\\/\\\/x.com\\\/hierostrasbourg\"]}]}<\/script>\n<!-- \/ Yoast SEO plugin. -->","yoast_head_json":{"title":"La gal\u00e8re des maladies longue dur\u00e9e dans la fonction publique territoriale - HIERO STRASBOURG","robots":{"index":"index","follow":"follow","max-snippet":"max-snippet:-1","max-image-preview":"max-image-preview:large","max-video-preview":"max-video-preview:-1"},"canonical":"https:\/\/hierostrasbourg.com\/index.php\/2022\/06\/19\/la-galere-des-maladies-longue-duree-dans-la-fonction-publique-territoriale-2\/","og_locale":"fr_FR","og_type":"article","og_title":"La gal\u00e8re des maladies longue dur\u00e9e dans la fonction publique territoriale - HIERO STRASBOURG","og_description":"En cas de probl\u00e8me de sant\u00e9, les professeurs d\u2019instruments d\u00e9pendent du dispositif commun aux agents territoriaux. Un statut qui ne prend pas toujours en compte les sp\u00e9cificit\u00e9s de leurs m\u00e9tiers. T\u00e9moignages. Source \/ Lire la suite : La gal\u00e8re des maladies longue dur\u00e9e dans la fonction publique territoriale L\u2019article La gal\u00e8re des maladies longue dur\u00e9e dans la fonction publique territoriale est apparu en premier sur Musiques Actuelles en Alsace. L\u2019article La gal\u00e8re des maladies longue dur\u00e9e dans la fonction publique [&hellip;]","og_url":"https:\/\/hierostrasbourg.com\/index.php\/2022\/06\/19\/la-galere-des-maladies-longue-duree-dans-la-fonction-publique-territoriale-2\/","og_site_name":"HIERO STRASBOURG","article_publisher":"https:\/\/www.facebook.com\/fedehierostrasbourg","article_published_time":"2022-06-19T08:31:57+00:00","twitter_card":"summary_large_image","twitter_creator":"@hierostrasbourg","twitter_site":"@hierostrasbourg","twitter_misc":{"Dur\u00e9e de lecture estim\u00e9e":"1 minute"},"schema":{"@context":"https:\/\/schema.org","@graph":[{"@type":"Article","@id":"https:\/\/hierostrasbourg.com\/index.php\/2022\/06\/19\/la-galere-des-maladies-longue-duree-dans-la-fonction-publique-territoriale-2\/#article","isPartOf":{"@id":"https:\/\/hierostrasbourg.com\/index.php\/2022\/06\/19\/la-galere-des-maladies-longue-duree-dans-la-fonction-publique-territoriale-2\/"},"author":{"name":"","@id":""},"headline":"La gal\u00e8re des maladies longue dur\u00e9e dans la fonction publique territoriale","datePublished":"2022-06-19T08:31:57+00:00","mainEntityOfPage":{"@id":"https:\/\/hierostrasbourg.com\/index.php\/2022\/06\/19\/la-galere-des-maladies-longue-duree-dans-la-fonction-publique-territoriale-2\/"},"wordCount":115,"publisher":{"@id":"https:\/\/hierostrasbourg.com\/#organization"},"inLanguage":"fr-FR"},{"@type":"WebPage","@id":"https:\/\/hierostrasbourg.com\/index.php\/2022\/06\/19\/la-galere-des-maladies-longue-duree-dans-la-fonction-publique-territoriale-2\/","url":"https:\/\/hierostrasbourg.com\/index.php\/2022\/06\/19\/la-galere-des-maladies-longue-duree-dans-la-fonction-publique-territoriale-2\/","name":"La gal\u00e8re des maladies longue dur\u00e9e dans la fonction publique territoriale - HIERO STRASBOURG","isPartOf":{"@id":"https:\/\/hierostrasbourg.com\/#website"},"datePublished":"2022-06-19T08:31:57+00:00","breadcrumb":{"@id":"https:\/\/hierostrasbourg.com\/index.php\/2022\/06\/19\/la-galere-des-maladies-longue-duree-dans-la-fonction-publique-territoriale-2\/#breadcrumb"},"inLanguage":"fr-FR","potentialAction":[{"@type":"ReadAction","target":["https:\/\/hierostrasbourg.com\/index.php\/2022\/06\/19\/la-galere-des-maladies-longue-duree-dans-la-fonction-publique-territoriale-2\/"]}]},{"@type":"BreadcrumbList","@id":"https:\/\/hierostrasbourg.com\/index.php\/2022\/06\/19\/la-galere-des-maladies-longue-duree-dans-la-fonction-publique-territoriale-2\/#breadcrumb","itemListElement":[{"@type":"ListItem","position":1,"name":"Accueil","item":"https:\/\/hierostrasbourg.com\/"},{"@type":"ListItem","position":2,"name":"La gal\u00e8re des maladies longue dur\u00e9e dans la fonction publique territoriale"}]},{"@type":"WebSite","@id":"https:\/\/hierostrasbourg.com\/#website","url":"https:\/\/hierostrasbourg.com\/","name":"HIERO STRASBOURG","description":"Centre de Ressources Musiques Actuelles","publisher":{"@id":"https:\/\/hierostrasbourg.com\/#organization"},"potentialAction":[{"@type":"SearchAction","target":{"@type":"EntryPoint","urlTemplate":"https:\/\/hierostrasbourg.com\/?s={search_term_string}"},"query-input":{"@type":"PropertyValueSpecification","valueRequired":true,"valueName":"search_term_string"}}],"inLanguage":"fr-FR"},{"@type":"Organization","@id":"https:\/\/hierostrasbourg.com\/#organization","name":"F\u00e9d\u00e9ration Hi\u00e9ro Strasbourg","url":"https:\/\/hierostrasbourg.com\/","logo":{"@type":"ImageObject","inLanguage":"fr-FR","@id":"https:\/\/hierostrasbourg.com\/#\/schema\/logo\/image\/","url":"https:\/\/hierostrasbourg.com\/wp-content\/uploads\/2026\/04\/logo-hiero-strasbourg.jpg","contentUrl":"https:\/\/hierostrasbourg.com\/wp-content\/uploads\/2026\/04\/logo-hiero-strasbourg.jpg","width":204,"height":192,"caption":"F\u00e9d\u00e9ration Hi\u00e9ro Strasbourg"},"image":{"@id":"https:\/\/hierostrasbourg.com\/#\/schema\/logo\/image\/"},"sameAs":["https:\/\/www.facebook.com\/fedehierostrasbourg","https:\/\/x.com\/hierostrasbourg"]}]}},"_links":{"self":[{"href":"https:\/\/hierostrasbourg.com\/index.php\/wp-json\/wp\/v2\/posts\/2911","targetHints":{"allow":["GET"]}}],"collection":[{"href":"https:\/\/hierostrasbourg.com\/index.php\/wp-json\/wp\/v2\/posts"}],"about":[{"href":"https:\/\/hierostrasbourg.com\/index.php\/wp-json\/wp\/v2\/types\/post"}],"replies":[{"embeddable":true,"href":"https:\/\/hierostrasbourg.com\/index.php\/wp-json\/wp\/v2\/comments?post=2911"}],"version-history":[{"count":0,"href":"https:\/\/hierostrasbourg.com\/index.php\/wp-json\/wp\/v2\/posts\/2911\/revisions"}],"wp:attachment":[{"href":"https:\/\/hierostrasbourg.com\/index.php\/wp-json\/wp\/v2\/media?parent=2911"}],"wp:term":[{"taxonomy":"category","embeddable":true,"href":"https:\/\/hierostrasbourg.com\/index.php\/wp-json\/wp\/v2\/categories?post=2911"},{"taxonomy":"post_tag","embeddable":true,"href":"https:\/\/hierostrasbourg.com\/index.php\/wp-json\/wp\/v2\/tags?post=2911"}],"curies":[{"name":"wp","href":"https:\/\/api.w.org\/{rel}","templated":true}]}}