{"id":2901,"date":"2022-06-19T09:31:46","date_gmt":"2022-06-19T07:31:46","guid":{"rendered":"https:\/\/hierostrasbourg.com\/index.php\/2022\/06\/19\/precarite-des-medias-le-collectif-des-editeurs-de-la-presse-musicale-est-cree\/"},"modified":"2022-06-19T09:31:46","modified_gmt":"2022-06-19T07:31:46","slug":"precarite-des-medias-le-collectif-des-editeurs-de-la-presse-musicale-est-cree","status":"publish","type":"post","link":"https:\/\/hierostrasbourg.com\/index.php\/2022\/06\/19\/precarite-des-medias-le-collectif-des-editeurs-de-la-presse-musicale-est-cree\/","title":{"rendered":"Pr\u00e9carit\u00e9 des m\u00e9dias : le Collectif des Editeurs de la Presse Musicale est cr\u00e9\u00e9"},"content":{"rendered":"<p><a href=\"https:\/\/musiquesactuelles.alsace\/precarite-des-medias-le-collectif-des-editeurs-de-la-presse-musicale-est-cree\/\" title=\"Pr\u00e9carit\u00e9 des m\u00e9dias : le Collectif des Editeurs de la Presse Musicale est cr\u00e9\u00e9\"><\/a><\/p>\n<p>Face aux diverses difficult\u00e9s structurelles rencontr\u00e9es par les m\u00e9dias de presse magazine dans la musique, six titres majeurs du secteur, dont Tsugi, ont d\u00e9cid\u00e9 de cr\u00e9er le Collectif des Editeurs de la Presse Musicale (CEPM). \u00c0 travers un plan d\u2019action r\u00e9fl\u00e9chi en six points pour le moment, le but est de soutenir ces m\u00e9dias aussi acteurs \u00e0 part enti\u00e8re de la culture, notamment de la musique. Source \/ Lire la suite : Pr\u00e9carit\u00e9 des m\u00e9dias : le Collectif des Editeurs [\u2026]<\/p>\n<p>L\u2019article <a href=\"https:\/\/musiquesactuelles.alsace\/precarite-des-medias-le-collectif-des-editeurs-de-la-presse-musicale-est-cree\/\">Pr\u00e9carit\u00e9 des m\u00e9dias : le Collectif des Editeurs de la Presse Musicale est cr\u00e9\u00e9<\/a> est apparu en premier sur <a href=\"https:\/\/musiquesactuelles.alsace\/\">Musiques Actuelles en Alsace<\/a>.<\/p>\n<p>L\u2019article <a href=\"https:\/\/popburo.fr\/precarite-des-medias-le-collectif-des-editeurs-de-la-presse-musicale-est-cree-2\/\">Pr\u00e9carit\u00e9 des m\u00e9dias : le Collectif des Editeurs de la Presse Musicale est cr\u00e9\u00e9<\/a> est apparu en premier sur <a href=\"https:\/\/popburo.fr\/\">POP B\u00dcRO<\/a>.<\/p>\n","protected":false},"excerpt":{"rendered":"<p>Face aux diverses difficult\u00e9s structurelles rencontr\u00e9es par les m\u00e9dias de presse magazine dans la musique, six titres majeurs du secteur, dont Tsugi, ont d\u00e9cid\u00e9 de cr\u00e9er le Collectif des Editeurs de la Presse Musicale (CEPM). \u00c0 travers un plan d\u2019action r\u00e9fl\u00e9chi en six points pour le moment, le but est de soutenir ces m\u00e9dias aussi acteurs \u00e0 part enti\u00e8re de la culture, notamment de la musique. Source \/ Lire la suite : Pr\u00e9carit\u00e9 des m\u00e9dias : le Collectif des Editeurs [&hellip;]<\/p>\n","protected":false},"author":0,"featured_media":0,"comment_status":"closed","ping_status":"open","sticky":false,"template":"","format":"standard","meta":{"footnotes":""},"categories":[1],"tags":[],"class_list":["post-2901","post","type-post","status-publish","format-standard","hentry","category-non-classe"],"yoast_head":"<!-- This site is optimized with the Yoast SEO plugin v27.5 - https:\/\/yoast.com\/product\/yoast-seo-wordpress\/ -->\n<title>Pr\u00e9carit\u00e9 des m\u00e9dias : le Collectif des Editeurs de la Presse Musicale est cr\u00e9\u00e9 - HIERO STRASBOURG<\/title>\n<meta name=\"robots\" content=\"index, follow, max-snippet:-1, max-image-preview:large, max-video-preview:-1\" \/>\n<link rel=\"canonical\" href=\"https:\/\/hierostrasbourg.com\/index.php\/2022\/06\/19\/precarite-des-medias-le-collectif-des-editeurs-de-la-presse-musicale-est-cree\/\" \/>\n<meta property=\"og:locale\" content=\"fr_FR\" \/>\n<meta property=\"og:type\" content=\"article\" \/>\n<meta property=\"og:title\" content=\"Pr\u00e9carit\u00e9 des m\u00e9dias : le Collectif des Editeurs de la Presse Musicale est cr\u00e9\u00e9 - HIERO STRASBOURG\" \/>\n<meta property=\"og:description\" content=\"Face aux diverses difficult\u00e9s structurelles rencontr\u00e9es par les m\u00e9dias de presse magazine dans la musique, six titres majeurs du secteur, dont Tsugi, ont d\u00e9cid\u00e9 de cr\u00e9er le Collectif des Editeurs de la Presse Musicale (CEPM). \u00c0 travers un plan d\u2019action r\u00e9fl\u00e9chi en six points pour le moment, le but est de soutenir ces m\u00e9dias aussi acteurs \u00e0 part enti\u00e8re de la culture, notamment de la musique. Source \/ Lire la suite : Pr\u00e9carit\u00e9 des m\u00e9dias : le Collectif des Editeurs [&hellip;]\" \/>\n<meta property=\"og:url\" content=\"https:\/\/hierostrasbourg.com\/index.php\/2022\/06\/19\/precarite-des-medias-le-collectif-des-editeurs-de-la-presse-musicale-est-cree\/\" \/>\n<meta property=\"og:site_name\" content=\"HIERO STRASBOURG\" \/>\n<meta property=\"article:publisher\" content=\"https:\/\/www.facebook.com\/fedehierostrasbourg\" \/>\n<meta property=\"article:published_time\" content=\"2022-06-19T07:31:46+00:00\" \/>\n<meta name=\"twitter:card\" content=\"summary_large_image\" \/>\n<meta name=\"twitter:creator\" content=\"@hierostrasbourg\" \/>\n<meta name=\"twitter:site\" content=\"@hierostrasbourg\" \/>\n<meta name=\"twitter:label1\" content=\"Dur\u00e9e de lecture estim\u00e9e\" \/>\n\t<meta name=\"twitter:data1\" content=\"1 minute\" \/>\n<script type=\"application\/ld+json\" class=\"yoast-schema-graph\">{\"@context\":\"https:\\\/\\\/schema.org\",\"@graph\":[{\"@type\":\"Article\",\"@id\":\"https:\\\/\\\/hierostrasbourg.com\\\/index.php\\\/2022\\\/06\\\/19\\\/precarite-des-medias-le-collectif-des-editeurs-de-la-presse-musicale-est-cree\\\/#article\",\"isPartOf\":{\"@id\":\"https:\\\/\\\/hierostrasbourg.com\\\/index.php\\\/2022\\\/06\\\/19\\\/precarite-des-medias-le-collectif-des-editeurs-de-la-presse-musicale-est-cree\\\/\"},\"author\":{\"name\":\"\",\"@id\":\"\"},\"headline\":\"Pr\u00e9carit\u00e9 des m\u00e9dias : le Collectif des Editeurs de la Presse Musicale est cr\u00e9\u00e9\",\"datePublished\":\"2022-06-19T07:31:46+00:00\",\"mainEntityOfPage\":{\"@id\":\"https:\\\/\\\/hierostrasbourg.com\\\/index.php\\\/2022\\\/06\\\/19\\\/precarite-des-medias-le-collectif-des-editeurs-de-la-presse-musicale-est-cree\\\/\"},\"wordCount\":153,\"publisher\":{\"@id\":\"https:\\\/\\\/hierostrasbourg.com\\\/#organization\"},\"inLanguage\":\"fr-FR\"},{\"@type\":\"WebPage\",\"@id\":\"https:\\\/\\\/hierostrasbourg.com\\\/index.php\\\/2022\\\/06\\\/19\\\/precarite-des-medias-le-collectif-des-editeurs-de-la-presse-musicale-est-cree\\\/\",\"url\":\"https:\\\/\\\/hierostrasbourg.com\\\/index.php\\\/2022\\\/06\\\/19\\\/precarite-des-medias-le-collectif-des-editeurs-de-la-presse-musicale-est-cree\\\/\",\"name\":\"Pr\u00e9carit\u00e9 des m\u00e9dias : le Collectif des Editeurs de la Presse Musicale est cr\u00e9\u00e9 - HIERO STRASBOURG\",\"isPartOf\":{\"@id\":\"https:\\\/\\\/hierostrasbourg.com\\\/#website\"},\"datePublished\":\"2022-06-19T07:31:46+00:00\",\"breadcrumb\":{\"@id\":\"https:\\\/\\\/hierostrasbourg.com\\\/index.php\\\/2022\\\/06\\\/19\\\/precarite-des-medias-le-collectif-des-editeurs-de-la-presse-musicale-est-cree\\\/#breadcrumb\"},\"inLanguage\":\"fr-FR\",\"potentialAction\":[{\"@type\":\"ReadAction\",\"target\":[\"https:\\\/\\\/hierostrasbourg.com\\\/index.php\\\/2022\\\/06\\\/19\\\/precarite-des-medias-le-collectif-des-editeurs-de-la-presse-musicale-est-cree\\\/\"]}]},{\"@type\":\"BreadcrumbList\",\"@id\":\"https:\\\/\\\/hierostrasbourg.com\\\/index.php\\\/2022\\\/06\\\/19\\\/precarite-des-medias-le-collectif-des-editeurs-de-la-presse-musicale-est-cree\\\/#breadcrumb\",\"itemListElement\":[{\"@type\":\"ListItem\",\"position\":1,\"name\":\"Accueil\",\"item\":\"https:\\\/\\\/hierostrasbourg.com\\\/\"},{\"@type\":\"ListItem\",\"position\":2,\"name\":\"Pr\u00e9carit\u00e9 des m\u00e9dias : le Collectif des Editeurs de la Presse Musicale est cr\u00e9\u00e9\"}]},{\"@type\":\"WebSite\",\"@id\":\"https:\\\/\\\/hierostrasbourg.com\\\/#website\",\"url\":\"https:\\\/\\\/hierostrasbourg.com\\\/\",\"name\":\"HIERO STRASBOURG\",\"description\":\"Centre de Ressources Musiques Actuelles\",\"publisher\":{\"@id\":\"https:\\\/\\\/hierostrasbourg.com\\\/#organization\"},\"potentialAction\":[{\"@type\":\"SearchAction\",\"target\":{\"@type\":\"EntryPoint\",\"urlTemplate\":\"https:\\\/\\\/hierostrasbourg.com\\\/?s={search_term_string}\"},\"query-input\":{\"@type\":\"PropertyValueSpecification\",\"valueRequired\":true,\"valueName\":\"search_term_string\"}}],\"inLanguage\":\"fr-FR\"},{\"@type\":\"Organization\",\"@id\":\"https:\\\/\\\/hierostrasbourg.com\\\/#organization\",\"name\":\"F\u00e9d\u00e9ration Hi\u00e9ro Strasbourg\",\"url\":\"https:\\\/\\\/hierostrasbourg.com\\\/\",\"logo\":{\"@type\":\"ImageObject\",\"inLanguage\":\"fr-FR\",\"@id\":\"https:\\\/\\\/hierostrasbourg.com\\\/#\\\/schema\\\/logo\\\/image\\\/\",\"url\":\"https:\\\/\\\/hierostrasbourg.com\\\/wp-content\\\/uploads\\\/2026\\\/04\\\/logo-hiero-strasbourg.jpg\",\"contentUrl\":\"https:\\\/\\\/hierostrasbourg.com\\\/wp-content\\\/uploads\\\/2026\\\/04\\\/logo-hiero-strasbourg.jpg\",\"width\":204,\"height\":192,\"caption\":\"F\u00e9d\u00e9ration Hi\u00e9ro Strasbourg\"},\"image\":{\"@id\":\"https:\\\/\\\/hierostrasbourg.com\\\/#\\\/schema\\\/logo\\\/image\\\/\"},\"sameAs\":[\"https:\\\/\\\/www.facebook.com\\\/fedehierostrasbourg\",\"https:\\\/\\\/x.com\\\/hierostrasbourg\"]}]}<\/script>\n<!-- \/ Yoast SEO plugin. -->","yoast_head_json":{"title":"Pr\u00e9carit\u00e9 des m\u00e9dias : le Collectif des Editeurs de la Presse Musicale est cr\u00e9\u00e9 - HIERO STRASBOURG","robots":{"index":"index","follow":"follow","max-snippet":"max-snippet:-1","max-image-preview":"max-image-preview:large","max-video-preview":"max-video-preview:-1"},"canonical":"https:\/\/hierostrasbourg.com\/index.php\/2022\/06\/19\/precarite-des-medias-le-collectif-des-editeurs-de-la-presse-musicale-est-cree\/","og_locale":"fr_FR","og_type":"article","og_title":"Pr\u00e9carit\u00e9 des m\u00e9dias : le Collectif des Editeurs de la Presse Musicale est cr\u00e9\u00e9 - HIERO STRASBOURG","og_description":"Face aux diverses difficult\u00e9s structurelles rencontr\u00e9es par les m\u00e9dias de presse magazine dans la musique, six titres majeurs du secteur, dont Tsugi, ont d\u00e9cid\u00e9 de cr\u00e9er le Collectif des Editeurs de la Presse Musicale (CEPM). \u00c0 travers un plan d\u2019action r\u00e9fl\u00e9chi en six points pour le moment, le but est de soutenir ces m\u00e9dias aussi acteurs \u00e0 part enti\u00e8re de la culture, notamment de la musique. Source \/ Lire la suite : Pr\u00e9carit\u00e9 des m\u00e9dias : le Collectif des Editeurs [&hellip;]","og_url":"https:\/\/hierostrasbourg.com\/index.php\/2022\/06\/19\/precarite-des-medias-le-collectif-des-editeurs-de-la-presse-musicale-est-cree\/","og_site_name":"HIERO STRASBOURG","article_publisher":"https:\/\/www.facebook.com\/fedehierostrasbourg","article_published_time":"2022-06-19T07:31:46+00:00","twitter_card":"summary_large_image","twitter_creator":"@hierostrasbourg","twitter_site":"@hierostrasbourg","twitter_misc":{"Dur\u00e9e de lecture estim\u00e9e":"1 minute"},"schema":{"@context":"https:\/\/schema.org","@graph":[{"@type":"Article","@id":"https:\/\/hierostrasbourg.com\/index.php\/2022\/06\/19\/precarite-des-medias-le-collectif-des-editeurs-de-la-presse-musicale-est-cree\/#article","isPartOf":{"@id":"https:\/\/hierostrasbourg.com\/index.php\/2022\/06\/19\/precarite-des-medias-le-collectif-des-editeurs-de-la-presse-musicale-est-cree\/"},"author":{"name":"","@id":""},"headline":"Pr\u00e9carit\u00e9 des m\u00e9dias : le Collectif des Editeurs de la Presse Musicale est cr\u00e9\u00e9","datePublished":"2022-06-19T07:31:46+00:00","mainEntityOfPage":{"@id":"https:\/\/hierostrasbourg.com\/index.php\/2022\/06\/19\/precarite-des-medias-le-collectif-des-editeurs-de-la-presse-musicale-est-cree\/"},"wordCount":153,"publisher":{"@id":"https:\/\/hierostrasbourg.com\/#organization"},"inLanguage":"fr-FR"},{"@type":"WebPage","@id":"https:\/\/hierostrasbourg.com\/index.php\/2022\/06\/19\/precarite-des-medias-le-collectif-des-editeurs-de-la-presse-musicale-est-cree\/","url":"https:\/\/hierostrasbourg.com\/index.php\/2022\/06\/19\/precarite-des-medias-le-collectif-des-editeurs-de-la-presse-musicale-est-cree\/","name":"Pr\u00e9carit\u00e9 des m\u00e9dias : le Collectif des Editeurs de la Presse Musicale est cr\u00e9\u00e9 - HIERO STRASBOURG","isPartOf":{"@id":"https:\/\/hierostrasbourg.com\/#website"},"datePublished":"2022-06-19T07:31:46+00:00","breadcrumb":{"@id":"https:\/\/hierostrasbourg.com\/index.php\/2022\/06\/19\/precarite-des-medias-le-collectif-des-editeurs-de-la-presse-musicale-est-cree\/#breadcrumb"},"inLanguage":"fr-FR","potentialAction":[{"@type":"ReadAction","target":["https:\/\/hierostrasbourg.com\/index.php\/2022\/06\/19\/precarite-des-medias-le-collectif-des-editeurs-de-la-presse-musicale-est-cree\/"]}]},{"@type":"BreadcrumbList","@id":"https:\/\/hierostrasbourg.com\/index.php\/2022\/06\/19\/precarite-des-medias-le-collectif-des-editeurs-de-la-presse-musicale-est-cree\/#breadcrumb","itemListElement":[{"@type":"ListItem","position":1,"name":"Accueil","item":"https:\/\/hierostrasbourg.com\/"},{"@type":"ListItem","position":2,"name":"Pr\u00e9carit\u00e9 des m\u00e9dias : le Collectif des Editeurs de la Presse Musicale est cr\u00e9\u00e9"}]},{"@type":"WebSite","@id":"https:\/\/hierostrasbourg.com\/#website","url":"https:\/\/hierostrasbourg.com\/","name":"HIERO STRASBOURG","description":"Centre de Ressources Musiques Actuelles","publisher":{"@id":"https:\/\/hierostrasbourg.com\/#organization"},"potentialAction":[{"@type":"SearchAction","target":{"@type":"EntryPoint","urlTemplate":"https:\/\/hierostrasbourg.com\/?s={search_term_string}"},"query-input":{"@type":"PropertyValueSpecification","valueRequired":true,"valueName":"search_term_string"}}],"inLanguage":"fr-FR"},{"@type":"Organization","@id":"https:\/\/hierostrasbourg.com\/#organization","name":"F\u00e9d\u00e9ration Hi\u00e9ro Strasbourg","url":"https:\/\/hierostrasbourg.com\/","logo":{"@type":"ImageObject","inLanguage":"fr-FR","@id":"https:\/\/hierostrasbourg.com\/#\/schema\/logo\/image\/","url":"https:\/\/hierostrasbourg.com\/wp-content\/uploads\/2026\/04\/logo-hiero-strasbourg.jpg","contentUrl":"https:\/\/hierostrasbourg.com\/wp-content\/uploads\/2026\/04\/logo-hiero-strasbourg.jpg","width":204,"height":192,"caption":"F\u00e9d\u00e9ration Hi\u00e9ro Strasbourg"},"image":{"@id":"https:\/\/hierostrasbourg.com\/#\/schema\/logo\/image\/"},"sameAs":["https:\/\/www.facebook.com\/fedehierostrasbourg","https:\/\/x.com\/hierostrasbourg"]}]}},"_links":{"self":[{"href":"https:\/\/hierostrasbourg.com\/index.php\/wp-json\/wp\/v2\/posts\/2901","targetHints":{"allow":["GET"]}}],"collection":[{"href":"https:\/\/hierostrasbourg.com\/index.php\/wp-json\/wp\/v2\/posts"}],"about":[{"href":"https:\/\/hierostrasbourg.com\/index.php\/wp-json\/wp\/v2\/types\/post"}],"replies":[{"embeddable":true,"href":"https:\/\/hierostrasbourg.com\/index.php\/wp-json\/wp\/v2\/comments?post=2901"}],"version-history":[{"count":0,"href":"https:\/\/hierostrasbourg.com\/index.php\/wp-json\/wp\/v2\/posts\/2901\/revisions"}],"wp:attachment":[{"href":"https:\/\/hierostrasbourg.com\/index.php\/wp-json\/wp\/v2\/media?parent=2901"}],"wp:term":[{"taxonomy":"category","embeddable":true,"href":"https:\/\/hierostrasbourg.com\/index.php\/wp-json\/wp\/v2\/categories?post=2901"},{"taxonomy":"post_tag","embeddable":true,"href":"https:\/\/hierostrasbourg.com\/index.php\/wp-json\/wp\/v2\/tags?post=2901"}],"curies":[{"name":"wp","href":"https:\/\/api.w.org\/{rel}","templated":true}]}}