{"id":2878,"date":"2022-06-18T16:37:03","date_gmt":"2022-06-18T14:37:03","guid":{"rendered":"https:\/\/hierostrasbourg.com\/index.php\/2022\/06\/18\/la-fnac-donne-la-vedette-a-ses-conseillers-de-vente\/"},"modified":"2022-06-18T16:37:03","modified_gmt":"2022-06-18T14:37:03","slug":"la-fnac-donne-la-vedette-a-ses-conseillers-de-vente","status":"publish","type":"post","link":"https:\/\/hierostrasbourg.com\/index.php\/2022\/06\/18\/la-fnac-donne-la-vedette-a-ses-conseillers-de-vente\/","title":{"rendered":"La Fnac donne la vedette \u00e0 ses conseillers de vente"},"content":{"rendered":"<p><a href=\"https:\/\/musiquesactuelles.alsace\/la-fnac-donne-la-vedette-a-ses-conseillers-de-vente\/\" title=\"La Fnac donne la vedette \u00e0 ses conseillers de vente\"><\/a><\/p>\n<p>Pour r\u00e9affirmer son positionnement face \u00e0 une concurrence tr\u00e8s num\u00e9rique, l\u2019enseigne se dote d\u2019une nouvelle signature de marque, \u00ab Lib\u00e9rons la culture \u00bb. Elle met en avant la sup\u00e9riorit\u00e9 du conseil humain sur les algorithmes. Source \/ Lire la suite : La Fnac donne la vedette \u00e0 ses conseillers de vente<\/p>\n<p>L\u2019article <a href=\"https:\/\/musiquesactuelles.alsace\/la-fnac-donne-la-vedette-a-ses-conseillers-de-vente\/\">La Fnac donne la vedette \u00e0 ses conseillers de vente<\/a> est apparu en premier sur <a href=\"https:\/\/musiquesactuelles.alsace\/\">Musiques Actuelles en Alsace<\/a>.<\/p>\n<p>L\u2019article <a href=\"https:\/\/popburo.fr\/la-fnac-donne-la-vedette-a-ses-conseillers-de-vente-2\/\">La Fnac donne la vedette \u00e0 ses conseillers de vente<\/a> est apparu en premier sur <a href=\"https:\/\/popburo.fr\/\">POP B\u00dcRO<\/a>.<\/p>\n","protected":false},"excerpt":{"rendered":"<p>Pour r\u00e9affirmer son positionnement face \u00e0 une concurrence tr\u00e8s num\u00e9rique, l\u2019enseigne se dote d\u2019une nouvelle signature de marque, \u00ab Lib\u00e9rons la culture \u00bb. Elle met en avant la sup\u00e9riorit\u00e9 du conseil humain sur les algorithmes. Source \/ Lire la suite : La Fnac donne la vedette \u00e0 ses conseillers de vente L\u2019article La Fnac donne la vedette \u00e0 ses conseillers de vente est apparu en premier sur Musiques Actuelles en Alsace. L\u2019article La Fnac donne la vedette \u00e0 ses conseillers [&hellip;]<\/p>\n","protected":false},"author":0,"featured_media":0,"comment_status":"closed","ping_status":"open","sticky":false,"template":"","format":"standard","meta":{"footnotes":""},"categories":[1],"tags":[],"class_list":["post-2878","post","type-post","status-publish","format-standard","hentry","category-non-classe"],"yoast_head":"<!-- This site is optimized with the Yoast SEO plugin v27.5 - https:\/\/yoast.com\/product\/yoast-seo-wordpress\/ -->\n<title>La Fnac donne la vedette \u00e0 ses conseillers de vente - HIERO STRASBOURG<\/title>\n<meta name=\"robots\" content=\"index, follow, max-snippet:-1, max-image-preview:large, max-video-preview:-1\" \/>\n<link rel=\"canonical\" href=\"https:\/\/hierostrasbourg.com\/index.php\/2022\/06\/18\/la-fnac-donne-la-vedette-a-ses-conseillers-de-vente\/\" \/>\n<meta property=\"og:locale\" content=\"fr_FR\" \/>\n<meta property=\"og:type\" content=\"article\" \/>\n<meta property=\"og:title\" content=\"La Fnac donne la vedette \u00e0 ses conseillers de vente - HIERO STRASBOURG\" \/>\n<meta property=\"og:description\" content=\"Pour r\u00e9affirmer son positionnement face \u00e0 une concurrence tr\u00e8s num\u00e9rique, l\u2019enseigne se dote d\u2019une nouvelle signature de marque, \u00ab Lib\u00e9rons la culture \u00bb. Elle met en avant la sup\u00e9riorit\u00e9 du conseil humain sur les algorithmes. Source \/ Lire la suite : La Fnac donne la vedette \u00e0 ses conseillers de vente L\u2019article La Fnac donne la vedette \u00e0 ses conseillers de vente est apparu en premier sur Musiques Actuelles en Alsace. L\u2019article La Fnac donne la vedette \u00e0 ses conseillers [&hellip;]\" \/>\n<meta property=\"og:url\" content=\"https:\/\/hierostrasbourg.com\/index.php\/2022\/06\/18\/la-fnac-donne-la-vedette-a-ses-conseillers-de-vente\/\" \/>\n<meta property=\"og:site_name\" content=\"HIERO STRASBOURG\" \/>\n<meta property=\"article:publisher\" content=\"https:\/\/www.facebook.com\/fedehierostrasbourg\" \/>\n<meta property=\"article:published_time\" content=\"2022-06-18T14:37:03+00:00\" \/>\n<meta name=\"twitter:card\" content=\"summary_large_image\" \/>\n<meta name=\"twitter:creator\" content=\"@hierostrasbourg\" \/>\n<meta name=\"twitter:site\" content=\"@hierostrasbourg\" \/>\n<script type=\"application\/ld+json\" class=\"yoast-schema-graph\">{\"@context\":\"https:\\\/\\\/schema.org\",\"@graph\":[{\"@type\":\"Article\",\"@id\":\"https:\\\/\\\/hierostrasbourg.com\\\/index.php\\\/2022\\\/06\\\/18\\\/la-fnac-donne-la-vedette-a-ses-conseillers-de-vente\\\/#article\",\"isPartOf\":{\"@id\":\"https:\\\/\\\/hierostrasbourg.com\\\/index.php\\\/2022\\\/06\\\/18\\\/la-fnac-donne-la-vedette-a-ses-conseillers-de-vente\\\/\"},\"author\":{\"name\":\"\",\"@id\":\"\"},\"headline\":\"La Fnac donne la vedette \u00e0 ses conseillers de vente\",\"datePublished\":\"2022-06-18T14:37:03+00:00\",\"mainEntityOfPage\":{\"@id\":\"https:\\\/\\\/hierostrasbourg.com\\\/index.php\\\/2022\\\/06\\\/18\\\/la-fnac-donne-la-vedette-a-ses-conseillers-de-vente\\\/\"},\"wordCount\":100,\"publisher\":{\"@id\":\"https:\\\/\\\/hierostrasbourg.com\\\/#organization\"},\"inLanguage\":\"fr-FR\"},{\"@type\":\"WebPage\",\"@id\":\"https:\\\/\\\/hierostrasbourg.com\\\/index.php\\\/2022\\\/06\\\/18\\\/la-fnac-donne-la-vedette-a-ses-conseillers-de-vente\\\/\",\"url\":\"https:\\\/\\\/hierostrasbourg.com\\\/index.php\\\/2022\\\/06\\\/18\\\/la-fnac-donne-la-vedette-a-ses-conseillers-de-vente\\\/\",\"name\":\"La Fnac donne la vedette \u00e0 ses conseillers de vente - HIERO STRASBOURG\",\"isPartOf\":{\"@id\":\"https:\\\/\\\/hierostrasbourg.com\\\/#website\"},\"datePublished\":\"2022-06-18T14:37:03+00:00\",\"breadcrumb\":{\"@id\":\"https:\\\/\\\/hierostrasbourg.com\\\/index.php\\\/2022\\\/06\\\/18\\\/la-fnac-donne-la-vedette-a-ses-conseillers-de-vente\\\/#breadcrumb\"},\"inLanguage\":\"fr-FR\",\"potentialAction\":[{\"@type\":\"ReadAction\",\"target\":[\"https:\\\/\\\/hierostrasbourg.com\\\/index.php\\\/2022\\\/06\\\/18\\\/la-fnac-donne-la-vedette-a-ses-conseillers-de-vente\\\/\"]}]},{\"@type\":\"BreadcrumbList\",\"@id\":\"https:\\\/\\\/hierostrasbourg.com\\\/index.php\\\/2022\\\/06\\\/18\\\/la-fnac-donne-la-vedette-a-ses-conseillers-de-vente\\\/#breadcrumb\",\"itemListElement\":[{\"@type\":\"ListItem\",\"position\":1,\"name\":\"Accueil\",\"item\":\"https:\\\/\\\/hierostrasbourg.com\\\/\"},{\"@type\":\"ListItem\",\"position\":2,\"name\":\"La Fnac donne la vedette \u00e0 ses conseillers de vente\"}]},{\"@type\":\"WebSite\",\"@id\":\"https:\\\/\\\/hierostrasbourg.com\\\/#website\",\"url\":\"https:\\\/\\\/hierostrasbourg.com\\\/\",\"name\":\"HIERO STRASBOURG\",\"description\":\"Centre de Ressources Musiques Actuelles\",\"publisher\":{\"@id\":\"https:\\\/\\\/hierostrasbourg.com\\\/#organization\"},\"potentialAction\":[{\"@type\":\"SearchAction\",\"target\":{\"@type\":\"EntryPoint\",\"urlTemplate\":\"https:\\\/\\\/hierostrasbourg.com\\\/?s={search_term_string}\"},\"query-input\":{\"@type\":\"PropertyValueSpecification\",\"valueRequired\":true,\"valueName\":\"search_term_string\"}}],\"inLanguage\":\"fr-FR\"},{\"@type\":\"Organization\",\"@id\":\"https:\\\/\\\/hierostrasbourg.com\\\/#organization\",\"name\":\"F\u00e9d\u00e9ration Hi\u00e9ro Strasbourg\",\"url\":\"https:\\\/\\\/hierostrasbourg.com\\\/\",\"logo\":{\"@type\":\"ImageObject\",\"inLanguage\":\"fr-FR\",\"@id\":\"https:\\\/\\\/hierostrasbourg.com\\\/#\\\/schema\\\/logo\\\/image\\\/\",\"url\":\"https:\\\/\\\/hierostrasbourg.com\\\/wp-content\\\/uploads\\\/2026\\\/04\\\/logo-hiero-strasbourg.jpg\",\"contentUrl\":\"https:\\\/\\\/hierostrasbourg.com\\\/wp-content\\\/uploads\\\/2026\\\/04\\\/logo-hiero-strasbourg.jpg\",\"width\":204,\"height\":192,\"caption\":\"F\u00e9d\u00e9ration Hi\u00e9ro Strasbourg\"},\"image\":{\"@id\":\"https:\\\/\\\/hierostrasbourg.com\\\/#\\\/schema\\\/logo\\\/image\\\/\"},\"sameAs\":[\"https:\\\/\\\/www.facebook.com\\\/fedehierostrasbourg\",\"https:\\\/\\\/x.com\\\/hierostrasbourg\"]}]}<\/script>\n<!-- \/ Yoast SEO plugin. -->","yoast_head_json":{"title":"La Fnac donne la vedette \u00e0 ses conseillers de vente - HIERO STRASBOURG","robots":{"index":"index","follow":"follow","max-snippet":"max-snippet:-1","max-image-preview":"max-image-preview:large","max-video-preview":"max-video-preview:-1"},"canonical":"https:\/\/hierostrasbourg.com\/index.php\/2022\/06\/18\/la-fnac-donne-la-vedette-a-ses-conseillers-de-vente\/","og_locale":"fr_FR","og_type":"article","og_title":"La Fnac donne la vedette \u00e0 ses conseillers de vente - HIERO STRASBOURG","og_description":"Pour r\u00e9affirmer son positionnement face \u00e0 une concurrence tr\u00e8s num\u00e9rique, l\u2019enseigne se dote d\u2019une nouvelle signature de marque, \u00ab Lib\u00e9rons la culture \u00bb. Elle met en avant la sup\u00e9riorit\u00e9 du conseil humain sur les algorithmes. Source \/ Lire la suite : La Fnac donne la vedette \u00e0 ses conseillers de vente L\u2019article La Fnac donne la vedette \u00e0 ses conseillers de vente est apparu en premier sur Musiques Actuelles en Alsace. L\u2019article La Fnac donne la vedette \u00e0 ses conseillers [&hellip;]","og_url":"https:\/\/hierostrasbourg.com\/index.php\/2022\/06\/18\/la-fnac-donne-la-vedette-a-ses-conseillers-de-vente\/","og_site_name":"HIERO STRASBOURG","article_publisher":"https:\/\/www.facebook.com\/fedehierostrasbourg","article_published_time":"2022-06-18T14:37:03+00:00","twitter_card":"summary_large_image","twitter_creator":"@hierostrasbourg","twitter_site":"@hierostrasbourg","schema":{"@context":"https:\/\/schema.org","@graph":[{"@type":"Article","@id":"https:\/\/hierostrasbourg.com\/index.php\/2022\/06\/18\/la-fnac-donne-la-vedette-a-ses-conseillers-de-vente\/#article","isPartOf":{"@id":"https:\/\/hierostrasbourg.com\/index.php\/2022\/06\/18\/la-fnac-donne-la-vedette-a-ses-conseillers-de-vente\/"},"author":{"name":"","@id":""},"headline":"La Fnac donne la vedette \u00e0 ses conseillers de vente","datePublished":"2022-06-18T14:37:03+00:00","mainEntityOfPage":{"@id":"https:\/\/hierostrasbourg.com\/index.php\/2022\/06\/18\/la-fnac-donne-la-vedette-a-ses-conseillers-de-vente\/"},"wordCount":100,"publisher":{"@id":"https:\/\/hierostrasbourg.com\/#organization"},"inLanguage":"fr-FR"},{"@type":"WebPage","@id":"https:\/\/hierostrasbourg.com\/index.php\/2022\/06\/18\/la-fnac-donne-la-vedette-a-ses-conseillers-de-vente\/","url":"https:\/\/hierostrasbourg.com\/index.php\/2022\/06\/18\/la-fnac-donne-la-vedette-a-ses-conseillers-de-vente\/","name":"La Fnac donne la vedette \u00e0 ses conseillers de vente - HIERO STRASBOURG","isPartOf":{"@id":"https:\/\/hierostrasbourg.com\/#website"},"datePublished":"2022-06-18T14:37:03+00:00","breadcrumb":{"@id":"https:\/\/hierostrasbourg.com\/index.php\/2022\/06\/18\/la-fnac-donne-la-vedette-a-ses-conseillers-de-vente\/#breadcrumb"},"inLanguage":"fr-FR","potentialAction":[{"@type":"ReadAction","target":["https:\/\/hierostrasbourg.com\/index.php\/2022\/06\/18\/la-fnac-donne-la-vedette-a-ses-conseillers-de-vente\/"]}]},{"@type":"BreadcrumbList","@id":"https:\/\/hierostrasbourg.com\/index.php\/2022\/06\/18\/la-fnac-donne-la-vedette-a-ses-conseillers-de-vente\/#breadcrumb","itemListElement":[{"@type":"ListItem","position":1,"name":"Accueil","item":"https:\/\/hierostrasbourg.com\/"},{"@type":"ListItem","position":2,"name":"La Fnac donne la vedette \u00e0 ses conseillers de vente"}]},{"@type":"WebSite","@id":"https:\/\/hierostrasbourg.com\/#website","url":"https:\/\/hierostrasbourg.com\/","name":"HIERO STRASBOURG","description":"Centre de Ressources Musiques Actuelles","publisher":{"@id":"https:\/\/hierostrasbourg.com\/#organization"},"potentialAction":[{"@type":"SearchAction","target":{"@type":"EntryPoint","urlTemplate":"https:\/\/hierostrasbourg.com\/?s={search_term_string}"},"query-input":{"@type":"PropertyValueSpecification","valueRequired":true,"valueName":"search_term_string"}}],"inLanguage":"fr-FR"},{"@type":"Organization","@id":"https:\/\/hierostrasbourg.com\/#organization","name":"F\u00e9d\u00e9ration Hi\u00e9ro Strasbourg","url":"https:\/\/hierostrasbourg.com\/","logo":{"@type":"ImageObject","inLanguage":"fr-FR","@id":"https:\/\/hierostrasbourg.com\/#\/schema\/logo\/image\/","url":"https:\/\/hierostrasbourg.com\/wp-content\/uploads\/2026\/04\/logo-hiero-strasbourg.jpg","contentUrl":"https:\/\/hierostrasbourg.com\/wp-content\/uploads\/2026\/04\/logo-hiero-strasbourg.jpg","width":204,"height":192,"caption":"F\u00e9d\u00e9ration Hi\u00e9ro Strasbourg"},"image":{"@id":"https:\/\/hierostrasbourg.com\/#\/schema\/logo\/image\/"},"sameAs":["https:\/\/www.facebook.com\/fedehierostrasbourg","https:\/\/x.com\/hierostrasbourg"]}]}},"_links":{"self":[{"href":"https:\/\/hierostrasbourg.com\/index.php\/wp-json\/wp\/v2\/posts\/2878","targetHints":{"allow":["GET"]}}],"collection":[{"href":"https:\/\/hierostrasbourg.com\/index.php\/wp-json\/wp\/v2\/posts"}],"about":[{"href":"https:\/\/hierostrasbourg.com\/index.php\/wp-json\/wp\/v2\/types\/post"}],"replies":[{"embeddable":true,"href":"https:\/\/hierostrasbourg.com\/index.php\/wp-json\/wp\/v2\/comments?post=2878"}],"version-history":[{"count":0,"href":"https:\/\/hierostrasbourg.com\/index.php\/wp-json\/wp\/v2\/posts\/2878\/revisions"}],"wp:attachment":[{"href":"https:\/\/hierostrasbourg.com\/index.php\/wp-json\/wp\/v2\/media?parent=2878"}],"wp:term":[{"taxonomy":"category","embeddable":true,"href":"https:\/\/hierostrasbourg.com\/index.php\/wp-json\/wp\/v2\/categories?post=2878"},{"taxonomy":"post_tag","embeddable":true,"href":"https:\/\/hierostrasbourg.com\/index.php\/wp-json\/wp\/v2\/tags?post=2878"}],"curies":[{"name":"wp","href":"https:\/\/api.w.org\/{rel}","templated":true}]}}