{"id":2876,"date":"2022-06-17T20:32:39","date_gmt":"2022-06-17T18:32:39","guid":{"rendered":"https:\/\/hierostrasbourg.com\/index.php\/2022\/06\/17\/sans-vouloir-casser-lambiance-evoquons-ces-nuages-noirs-qui-planent-sur-lete-des-festivals-de-musique-2\/"},"modified":"2022-06-17T20:32:39","modified_gmt":"2022-06-17T18:32:39","slug":"sans-vouloir-casser-lambiance-evoquons-ces-nuages-noirs-qui-planent-sur-lete-des-festivals-de-musique-2","status":"publish","type":"post","link":"https:\/\/hierostrasbourg.com\/index.php\/2022\/06\/17\/sans-vouloir-casser-lambiance-evoquons-ces-nuages-noirs-qui-planent-sur-lete-des-festivals-de-musique-2\/","title":{"rendered":"\u00ab Sans vouloir casser l\u2019ambiance, \u00e9voquons ces nuages noirs qui planent sur l\u2019\u00e9t\u00e9 des festivals de musique \u00bb"},"content":{"rendered":"<p><a href=\"https:\/\/musiquesactuelles.alsace\/sans-vouloir-casser-lambiance-evoquons-ces-nuages-noirs-qui-planent-sur-lete-des-festivals-de-musique\/\" title=\"\u00ab Sans vouloir casser l\u2019ambiance, \u00e9voquons ces nuages noirs qui planent sur l\u2019\u00e9t\u00e9 des festivals de musique \u00bb\"><\/a><\/p>\n<p>Les grands concerts estivaliers sont en expansion. Un exploit dans le secteur de la culture. Derri\u00e8re cet engouement, des risques subsistent qui pourraient menacer les plus fragiles d\u2019entre eux, rel\u00e8ve dans sa chronique Michel Guerrin, r\u00e9dacteur en chef au \u00ab Monde \u00bb. Source \/ Lire la suite : \u00ab Sans vouloir casser l\u2019ambiance, \u00e9voquons ces nuages noirs qui planent sur l\u2019\u00e9t\u00e9 des festivals de musique \u00bb<\/p>\n<p>L\u2019article <a href=\"https:\/\/musiquesactuelles.alsace\/sans-vouloir-casser-lambiance-evoquons-ces-nuages-noirs-qui-planent-sur-lete-des-festivals-de-musique\/\">\u00ab Sans vouloir casser l\u2019ambiance, \u00e9voquons ces nuages noirs qui planent sur l\u2019\u00e9t\u00e9 des festivals de musique \u00bb<\/a> est apparu en premier sur <a href=\"https:\/\/musiquesactuelles.alsace\/\">Musiques Actuelles en Alsace<\/a>.<\/p>\n<p>L\u2019article <a href=\"https:\/\/popburo.fr\/sans-vouloir-casser-lambiance-evoquons-ces-nuages-noirs-qui-planent-sur-lete-des-festivals-de-musique-2\/\">\u00ab Sans vouloir casser l\u2019ambiance, \u00e9voquons ces nuages noirs qui planent sur l\u2019\u00e9t\u00e9 des festivals de musique \u00bb<\/a> est apparu en premier sur <a href=\"https:\/\/popburo.fr\/\">POP B\u00dcRO<\/a>.<\/p>\n","protected":false},"excerpt":{"rendered":"<p>Les grands concerts estivaliers sont en expansion. Un exploit dans le secteur de la culture. Derri\u00e8re cet engouement, des risques subsistent qui pourraient menacer les plus fragiles d\u2019entre eux, rel\u00e8ve dans sa chronique Michel Guerrin, r\u00e9dacteur en chef au \u00ab Monde \u00bb. Source \/ Lire la suite : \u00ab Sans vouloir casser l\u2019ambiance, \u00e9voquons ces nuages noirs qui planent sur l\u2019\u00e9t\u00e9 des festivals de musique \u00bb L\u2019article \u00ab Sans vouloir casser l\u2019ambiance, \u00e9voquons ces nuages noirs qui planent sur l\u2019\u00e9t\u00e9 [&hellip;]<\/p>\n","protected":false},"author":0,"featured_media":0,"comment_status":"closed","ping_status":"open","sticky":false,"template":"","format":"standard","meta":{"footnotes":""},"categories":[1],"tags":[],"class_list":["post-2876","post","type-post","status-publish","format-standard","hentry","category-non-classe"],"yoast_head":"<!-- This site is optimized with the Yoast SEO plugin v27.5 - https:\/\/yoast.com\/product\/yoast-seo-wordpress\/ -->\n<title>\u00ab Sans vouloir casser l\u2019ambiance, \u00e9voquons ces nuages noirs qui planent sur l\u2019\u00e9t\u00e9 des festivals de musique \u00bb - HIERO STRASBOURG<\/title>\n<meta name=\"robots\" content=\"index, follow, max-snippet:-1, max-image-preview:large, max-video-preview:-1\" \/>\n<link rel=\"canonical\" href=\"https:\/\/hierostrasbourg.com\/index.php\/2022\/06\/17\/sans-vouloir-casser-lambiance-evoquons-ces-nuages-noirs-qui-planent-sur-lete-des-festivals-de-musique-2\/\" \/>\n<meta property=\"og:locale\" content=\"fr_FR\" \/>\n<meta property=\"og:type\" content=\"article\" \/>\n<meta property=\"og:title\" content=\"\u00ab Sans vouloir casser l\u2019ambiance, \u00e9voquons ces nuages noirs qui planent sur l\u2019\u00e9t\u00e9 des festivals de musique \u00bb - HIERO STRASBOURG\" \/>\n<meta property=\"og:description\" content=\"Les grands concerts estivaliers sont en expansion. Un exploit dans le secteur de la culture. Derri\u00e8re cet engouement, des risques subsistent qui pourraient menacer les plus fragiles d\u2019entre eux, rel\u00e8ve dans sa chronique Michel Guerrin, r\u00e9dacteur en chef au \u00ab Monde \u00bb. Source \/ Lire la suite : \u00ab Sans vouloir casser l\u2019ambiance, \u00e9voquons ces nuages noirs qui planent sur l\u2019\u00e9t\u00e9 des festivals de musique \u00bb L\u2019article \u00ab Sans vouloir casser l\u2019ambiance, \u00e9voquons ces nuages noirs qui planent sur l\u2019\u00e9t\u00e9 [&hellip;]\" \/>\n<meta property=\"og:url\" content=\"https:\/\/hierostrasbourg.com\/index.php\/2022\/06\/17\/sans-vouloir-casser-lambiance-evoquons-ces-nuages-noirs-qui-planent-sur-lete-des-festivals-de-musique-2\/\" \/>\n<meta property=\"og:site_name\" content=\"HIERO STRASBOURG\" \/>\n<meta property=\"article:publisher\" content=\"https:\/\/www.facebook.com\/fedehierostrasbourg\" \/>\n<meta property=\"article:published_time\" content=\"2022-06-17T18:32:39+00:00\" \/>\n<meta name=\"twitter:card\" content=\"summary_large_image\" \/>\n<meta name=\"twitter:creator\" content=\"@hierostrasbourg\" \/>\n<meta name=\"twitter:site\" content=\"@hierostrasbourg\" \/>\n<meta name=\"twitter:label1\" content=\"Dur\u00e9e de lecture estim\u00e9e\" \/>\n\t<meta name=\"twitter:data1\" content=\"1 minute\" \/>\n<script type=\"application\/ld+json\" class=\"yoast-schema-graph\">{\"@context\":\"https:\\\/\\\/schema.org\",\"@graph\":[{\"@type\":\"Article\",\"@id\":\"https:\\\/\\\/hierostrasbourg.com\\\/index.php\\\/2022\\\/06\\\/17\\\/sans-vouloir-casser-lambiance-evoquons-ces-nuages-noirs-qui-planent-sur-lete-des-festivals-de-musique-2\\\/#article\",\"isPartOf\":{\"@id\":\"https:\\\/\\\/hierostrasbourg.com\\\/index.php\\\/2022\\\/06\\\/17\\\/sans-vouloir-casser-lambiance-evoquons-ces-nuages-noirs-qui-planent-sur-lete-des-festivals-de-musique-2\\\/\"},\"author\":{\"name\":\"\",\"@id\":\"\"},\"headline\":\"\u00ab Sans vouloir casser l\u2019ambiance, \u00e9voquons ces nuages noirs qui planent sur l\u2019\u00e9t\u00e9 des festivals de musique \u00bb\",\"datePublished\":\"2022-06-17T18:32:39+00:00\",\"mainEntityOfPage\":{\"@id\":\"https:\\\/\\\/hierostrasbourg.com\\\/index.php\\\/2022\\\/06\\\/17\\\/sans-vouloir-casser-lambiance-evoquons-ces-nuages-noirs-qui-planent-sur-lete-des-festivals-de-musique-2\\\/\"},\"wordCount\":141,\"publisher\":{\"@id\":\"https:\\\/\\\/hierostrasbourg.com\\\/#organization\"},\"inLanguage\":\"fr-FR\"},{\"@type\":\"WebPage\",\"@id\":\"https:\\\/\\\/hierostrasbourg.com\\\/index.php\\\/2022\\\/06\\\/17\\\/sans-vouloir-casser-lambiance-evoquons-ces-nuages-noirs-qui-planent-sur-lete-des-festivals-de-musique-2\\\/\",\"url\":\"https:\\\/\\\/hierostrasbourg.com\\\/index.php\\\/2022\\\/06\\\/17\\\/sans-vouloir-casser-lambiance-evoquons-ces-nuages-noirs-qui-planent-sur-lete-des-festivals-de-musique-2\\\/\",\"name\":\"\u00ab Sans vouloir casser l\u2019ambiance, \u00e9voquons ces nuages noirs qui planent sur l\u2019\u00e9t\u00e9 des festivals de musique \u00bb - HIERO STRASBOURG\",\"isPartOf\":{\"@id\":\"https:\\\/\\\/hierostrasbourg.com\\\/#website\"},\"datePublished\":\"2022-06-17T18:32:39+00:00\",\"breadcrumb\":{\"@id\":\"https:\\\/\\\/hierostrasbourg.com\\\/index.php\\\/2022\\\/06\\\/17\\\/sans-vouloir-casser-lambiance-evoquons-ces-nuages-noirs-qui-planent-sur-lete-des-festivals-de-musique-2\\\/#breadcrumb\"},\"inLanguage\":\"fr-FR\",\"potentialAction\":[{\"@type\":\"ReadAction\",\"target\":[\"https:\\\/\\\/hierostrasbourg.com\\\/index.php\\\/2022\\\/06\\\/17\\\/sans-vouloir-casser-lambiance-evoquons-ces-nuages-noirs-qui-planent-sur-lete-des-festivals-de-musique-2\\\/\"]}]},{\"@type\":\"BreadcrumbList\",\"@id\":\"https:\\\/\\\/hierostrasbourg.com\\\/index.php\\\/2022\\\/06\\\/17\\\/sans-vouloir-casser-lambiance-evoquons-ces-nuages-noirs-qui-planent-sur-lete-des-festivals-de-musique-2\\\/#breadcrumb\",\"itemListElement\":[{\"@type\":\"ListItem\",\"position\":1,\"name\":\"Accueil\",\"item\":\"https:\\\/\\\/hierostrasbourg.com\\\/\"},{\"@type\":\"ListItem\",\"position\":2,\"name\":\"\u00ab Sans vouloir casser l\u2019ambiance, \u00e9voquons ces nuages noirs qui planent sur l\u2019\u00e9t\u00e9 des festivals de musique \u00bb\"}]},{\"@type\":\"WebSite\",\"@id\":\"https:\\\/\\\/hierostrasbourg.com\\\/#website\",\"url\":\"https:\\\/\\\/hierostrasbourg.com\\\/\",\"name\":\"HIERO STRASBOURG\",\"description\":\"Centre de Ressources Musiques Actuelles\",\"publisher\":{\"@id\":\"https:\\\/\\\/hierostrasbourg.com\\\/#organization\"},\"potentialAction\":[{\"@type\":\"SearchAction\",\"target\":{\"@type\":\"EntryPoint\",\"urlTemplate\":\"https:\\\/\\\/hierostrasbourg.com\\\/?s={search_term_string}\"},\"query-input\":{\"@type\":\"PropertyValueSpecification\",\"valueRequired\":true,\"valueName\":\"search_term_string\"}}],\"inLanguage\":\"fr-FR\"},{\"@type\":\"Organization\",\"@id\":\"https:\\\/\\\/hierostrasbourg.com\\\/#organization\",\"name\":\"F\u00e9d\u00e9ration Hi\u00e9ro Strasbourg\",\"url\":\"https:\\\/\\\/hierostrasbourg.com\\\/\",\"logo\":{\"@type\":\"ImageObject\",\"inLanguage\":\"fr-FR\",\"@id\":\"https:\\\/\\\/hierostrasbourg.com\\\/#\\\/schema\\\/logo\\\/image\\\/\",\"url\":\"https:\\\/\\\/hierostrasbourg.com\\\/wp-content\\\/uploads\\\/2026\\\/04\\\/logo-hiero-strasbourg.jpg\",\"contentUrl\":\"https:\\\/\\\/hierostrasbourg.com\\\/wp-content\\\/uploads\\\/2026\\\/04\\\/logo-hiero-strasbourg.jpg\",\"width\":204,\"height\":192,\"caption\":\"F\u00e9d\u00e9ration Hi\u00e9ro Strasbourg\"},\"image\":{\"@id\":\"https:\\\/\\\/hierostrasbourg.com\\\/#\\\/schema\\\/logo\\\/image\\\/\"},\"sameAs\":[\"https:\\\/\\\/www.facebook.com\\\/fedehierostrasbourg\",\"https:\\\/\\\/x.com\\\/hierostrasbourg\"]}]}<\/script>\n<!-- \/ Yoast SEO plugin. -->","yoast_head_json":{"title":"\u00ab Sans vouloir casser l\u2019ambiance, \u00e9voquons ces nuages noirs qui planent sur l\u2019\u00e9t\u00e9 des festivals de musique \u00bb - HIERO STRASBOURG","robots":{"index":"index","follow":"follow","max-snippet":"max-snippet:-1","max-image-preview":"max-image-preview:large","max-video-preview":"max-video-preview:-1"},"canonical":"https:\/\/hierostrasbourg.com\/index.php\/2022\/06\/17\/sans-vouloir-casser-lambiance-evoquons-ces-nuages-noirs-qui-planent-sur-lete-des-festivals-de-musique-2\/","og_locale":"fr_FR","og_type":"article","og_title":"\u00ab Sans vouloir casser l\u2019ambiance, \u00e9voquons ces nuages noirs qui planent sur l\u2019\u00e9t\u00e9 des festivals de musique \u00bb - HIERO STRASBOURG","og_description":"Les grands concerts estivaliers sont en expansion. Un exploit dans le secteur de la culture. Derri\u00e8re cet engouement, des risques subsistent qui pourraient menacer les plus fragiles d\u2019entre eux, rel\u00e8ve dans sa chronique Michel Guerrin, r\u00e9dacteur en chef au \u00ab Monde \u00bb. Source \/ Lire la suite : \u00ab Sans vouloir casser l\u2019ambiance, \u00e9voquons ces nuages noirs qui planent sur l\u2019\u00e9t\u00e9 des festivals de musique \u00bb L\u2019article \u00ab Sans vouloir casser l\u2019ambiance, \u00e9voquons ces nuages noirs qui planent sur l\u2019\u00e9t\u00e9 [&hellip;]","og_url":"https:\/\/hierostrasbourg.com\/index.php\/2022\/06\/17\/sans-vouloir-casser-lambiance-evoquons-ces-nuages-noirs-qui-planent-sur-lete-des-festivals-de-musique-2\/","og_site_name":"HIERO STRASBOURG","article_publisher":"https:\/\/www.facebook.com\/fedehierostrasbourg","article_published_time":"2022-06-17T18:32:39+00:00","twitter_card":"summary_large_image","twitter_creator":"@hierostrasbourg","twitter_site":"@hierostrasbourg","twitter_misc":{"Dur\u00e9e de lecture estim\u00e9e":"1 minute"},"schema":{"@context":"https:\/\/schema.org","@graph":[{"@type":"Article","@id":"https:\/\/hierostrasbourg.com\/index.php\/2022\/06\/17\/sans-vouloir-casser-lambiance-evoquons-ces-nuages-noirs-qui-planent-sur-lete-des-festivals-de-musique-2\/#article","isPartOf":{"@id":"https:\/\/hierostrasbourg.com\/index.php\/2022\/06\/17\/sans-vouloir-casser-lambiance-evoquons-ces-nuages-noirs-qui-planent-sur-lete-des-festivals-de-musique-2\/"},"author":{"name":"","@id":""},"headline":"\u00ab Sans vouloir casser l\u2019ambiance, \u00e9voquons ces nuages noirs qui planent sur l\u2019\u00e9t\u00e9 des festivals de musique \u00bb","datePublished":"2022-06-17T18:32:39+00:00","mainEntityOfPage":{"@id":"https:\/\/hierostrasbourg.com\/index.php\/2022\/06\/17\/sans-vouloir-casser-lambiance-evoquons-ces-nuages-noirs-qui-planent-sur-lete-des-festivals-de-musique-2\/"},"wordCount":141,"publisher":{"@id":"https:\/\/hierostrasbourg.com\/#organization"},"inLanguage":"fr-FR"},{"@type":"WebPage","@id":"https:\/\/hierostrasbourg.com\/index.php\/2022\/06\/17\/sans-vouloir-casser-lambiance-evoquons-ces-nuages-noirs-qui-planent-sur-lete-des-festivals-de-musique-2\/","url":"https:\/\/hierostrasbourg.com\/index.php\/2022\/06\/17\/sans-vouloir-casser-lambiance-evoquons-ces-nuages-noirs-qui-planent-sur-lete-des-festivals-de-musique-2\/","name":"\u00ab Sans vouloir casser l\u2019ambiance, \u00e9voquons ces nuages noirs qui planent sur l\u2019\u00e9t\u00e9 des festivals de musique \u00bb - HIERO STRASBOURG","isPartOf":{"@id":"https:\/\/hierostrasbourg.com\/#website"},"datePublished":"2022-06-17T18:32:39+00:00","breadcrumb":{"@id":"https:\/\/hierostrasbourg.com\/index.php\/2022\/06\/17\/sans-vouloir-casser-lambiance-evoquons-ces-nuages-noirs-qui-planent-sur-lete-des-festivals-de-musique-2\/#breadcrumb"},"inLanguage":"fr-FR","potentialAction":[{"@type":"ReadAction","target":["https:\/\/hierostrasbourg.com\/index.php\/2022\/06\/17\/sans-vouloir-casser-lambiance-evoquons-ces-nuages-noirs-qui-planent-sur-lete-des-festivals-de-musique-2\/"]}]},{"@type":"BreadcrumbList","@id":"https:\/\/hierostrasbourg.com\/index.php\/2022\/06\/17\/sans-vouloir-casser-lambiance-evoquons-ces-nuages-noirs-qui-planent-sur-lete-des-festivals-de-musique-2\/#breadcrumb","itemListElement":[{"@type":"ListItem","position":1,"name":"Accueil","item":"https:\/\/hierostrasbourg.com\/"},{"@type":"ListItem","position":2,"name":"\u00ab Sans vouloir casser l\u2019ambiance, \u00e9voquons ces nuages noirs qui planent sur l\u2019\u00e9t\u00e9 des festivals de musique \u00bb"}]},{"@type":"WebSite","@id":"https:\/\/hierostrasbourg.com\/#website","url":"https:\/\/hierostrasbourg.com\/","name":"HIERO STRASBOURG","description":"Centre de Ressources Musiques Actuelles","publisher":{"@id":"https:\/\/hierostrasbourg.com\/#organization"},"potentialAction":[{"@type":"SearchAction","target":{"@type":"EntryPoint","urlTemplate":"https:\/\/hierostrasbourg.com\/?s={search_term_string}"},"query-input":{"@type":"PropertyValueSpecification","valueRequired":true,"valueName":"search_term_string"}}],"inLanguage":"fr-FR"},{"@type":"Organization","@id":"https:\/\/hierostrasbourg.com\/#organization","name":"F\u00e9d\u00e9ration Hi\u00e9ro Strasbourg","url":"https:\/\/hierostrasbourg.com\/","logo":{"@type":"ImageObject","inLanguage":"fr-FR","@id":"https:\/\/hierostrasbourg.com\/#\/schema\/logo\/image\/","url":"https:\/\/hierostrasbourg.com\/wp-content\/uploads\/2026\/04\/logo-hiero-strasbourg.jpg","contentUrl":"https:\/\/hierostrasbourg.com\/wp-content\/uploads\/2026\/04\/logo-hiero-strasbourg.jpg","width":204,"height":192,"caption":"F\u00e9d\u00e9ration Hi\u00e9ro Strasbourg"},"image":{"@id":"https:\/\/hierostrasbourg.com\/#\/schema\/logo\/image\/"},"sameAs":["https:\/\/www.facebook.com\/fedehierostrasbourg","https:\/\/x.com\/hierostrasbourg"]}]}},"_links":{"self":[{"href":"https:\/\/hierostrasbourg.com\/index.php\/wp-json\/wp\/v2\/posts\/2876","targetHints":{"allow":["GET"]}}],"collection":[{"href":"https:\/\/hierostrasbourg.com\/index.php\/wp-json\/wp\/v2\/posts"}],"about":[{"href":"https:\/\/hierostrasbourg.com\/index.php\/wp-json\/wp\/v2\/types\/post"}],"replies":[{"embeddable":true,"href":"https:\/\/hierostrasbourg.com\/index.php\/wp-json\/wp\/v2\/comments?post=2876"}],"version-history":[{"count":0,"href":"https:\/\/hierostrasbourg.com\/index.php\/wp-json\/wp\/v2\/posts\/2876\/revisions"}],"wp:attachment":[{"href":"https:\/\/hierostrasbourg.com\/index.php\/wp-json\/wp\/v2\/media?parent=2876"}],"wp:term":[{"taxonomy":"category","embeddable":true,"href":"https:\/\/hierostrasbourg.com\/index.php\/wp-json\/wp\/v2\/categories?post=2876"},{"taxonomy":"post_tag","embeddable":true,"href":"https:\/\/hierostrasbourg.com\/index.php\/wp-json\/wp\/v2\/tags?post=2876"}],"curies":[{"name":"wp","href":"https:\/\/api.w.org\/{rel}","templated":true}]}}