{"id":2874,"date":"2022-06-16T22:31:16","date_gmt":"2022-06-16T20:31:16","guid":{"rendered":"https:\/\/hierostrasbourg.com\/index.php\/2022\/06\/16\/brouillon-auto-4\/"},"modified":"2022-06-16T22:31:16","modified_gmt":"2022-06-16T20:31:16","slug":"brouillon-auto-4","status":"publish","type":"post","link":"https:\/\/hierostrasbourg.com\/index.php\/2022\/06\/16\/brouillon-auto-4\/","title":{"rendered":"Brouillon auto"},"content":{"rendered":"<p>Cadence \u0153uvre pour le d\u00e9veloppement et la structuration des pratiques collectives de la musique par le soutien et l\u2019initiative de projets, la formation, l\u2019accompagnement, l\u2019observation et la mise en r\u00e9seau des acteurs du territoire r\u00e9gional.<br \/>\nLe p\u00f4le musical intervient aupr\u00e8s d\u2019un large public, en de nombreux endroits o\u00f9 la musique peut se pratiquer collectivement. Son domaine d\u2019intervention se situe \u00e0 la crois\u00e9e des pratiques en amateur, de l\u2019\u00e9ducation artistique et culturelle et de l\u2019enseignement artistique.<br \/>\nEn tant que structure ressource, Cadence accompagne les porteurs de projets, apporte de l\u2019expertise et du conseil aux acteurs et r\u00e9pond aux sollicitations des ensembles musicaux amateurs, des encadrants, des \u00e9coles de musique et des collectivit\u00e9s territoriales.<\/p>\n<p>Pour la r\u00e9alisation de son projet, Cadence b\u00e9n\u00e9ficie du soutien de la DRAC Grand Est, de la R\u00e9gion Grand Est et de la Collectivit\u00e9 europ\u00e9enne d\u2019Alsace dans le cadre d\u2019une convention pluriannuelle.<\/p>\n<p>Les missions de l\u2019association<\/p>\n<p>Former les publics<br \/>\nAccompagner les initiatives et les projets de territoire<br \/>\nConcevoir et mettre en \u0153uvre des actions artistiques<br \/>\nAnimer des r\u00e9seaux et tisser des liens entre les acteurs<br \/>\nObserver les pratiques et partager l\u2019information<\/p>\n<h2>Missions<\/h2>\n<p>Plac\u00e9\u00b7e sous l\u2019autorit\u00e9 du Pr\u00e9sident de l\u2019association et en lien \u00e9troit l\u2019ensemble des salari\u00e9s de l\u2019\u00e9quipe, il\/elle aura pour missions principales :<\/p>\n<p>de coordonner la r\u00e9alisation des actions (formations, actions artistiques, rencontres, travaux d\u2019observation\u2026) et de superviser le travail de l\u2019\u00e9quipe selon les orientations strat\u00e9giques de la structure<br \/>\nd\u2019animer et d\u2019encadrer l\u2019\u00e9quipe salari\u00e9e<br \/>\nde g\u00e9rer et de conduire les projets et actions li\u00e9es \u00e0 la p\u00e9dagogie et \u00e0 la transmission musicale en lien \u00e9troit avec les charg\u00e9s de projets<br \/>\nd\u2019apporter une expertise technique et musicale aux diff\u00e9rents projets con\u00e7us ou soutenus par Cadence et d\u2019\u00e9valuer les r\u00e9sultats<br \/>\nd\u2019assurer le suivi budg\u00e9taire des projets en lien avec l\u2019administrateur et selon les orientations financi\u00e8res de la structure<br \/>\nd\u2019entretenir et de d\u00e9velopper les relations avec les partenaires de projets et d\u2019animer les r\u00e9unions partenariales.<\/p>\n<h2>Profil recherch\u00e9<\/h2>\n<p>Formation sup\u00e9rieure niveau Master dans le domaine de la gestion de projets culturels<br \/>\nExp\u00e9rience significative dans l\u2019encadrement d\u2019une \u00e9quipe et la coordination de projets culturels<br \/>\nBonne connaissance du secteur culturel, du milieu de l\u2019enseignement artistique, des pratiques en amateur, de l\u2019\u00e9ducation artistique et culturelle et des politiques culturelles<br \/>\nSavoir-faire de \u00ab chef\u00b7fe de projets \u00bb, capacit\u00e9 \u00e0 coordonner plusieurs projets<br \/>\nConnaissances techniques sur le plan musical<br \/>\nFacult\u00e9 d\u2019adaptation, d\u2019organisation, de prise d\u2019initiative et d\u2019anticipation<br \/>\nAisance relationnelle et culture partenariale<br \/>\nPermis B indispensable<\/p>\n<p>Date de prise de fonction : D\u00e9but septembre 2022<br \/>\nDate limite de candidature : 13 juillet 2022<br \/>\nR\u00e9mun\u00e9ration : Cadre autonome \u2013 groupe I convention collective Eclat<\/p>\n<p>CDD de 4 mois \u00e0 temps complet de d\u00e9but septembre 2022 \u00e0 d\u00e9but janvier 2023 (remplacement partiel de la directrice durant son cong\u00e9 maternit\u00e9 \u2013 dates \u00e0 pr\u00e9ciser)<\/p>\n<p>Disponibilit\u00e9 certains soirs et week-ends<br \/>\nD\u00e9placements fr\u00e9quents sur la r\u00e9gion et ponctuellement hors r\u00e9gion<br \/>\nP\u00e9riode de passation pr\u00e9vue en amont et \u00e0 l\u2019issue de la prise de poste<\/p>\n<p>Cadence, p\u00f4le musical r\u00e9gional<br \/>\n2 rue Baldung Grien<br \/>\n67 000 Strasbourg<\/p>\n<p>Envoyer CV et lettre de motivation, adress\u00e9s \u00e0 Laure Merc\u0153ur, directrice avant le 13 juillet 2022 \u00e0\u00a0 l.mercoeur@cadence-musique.fr<br \/>\nL\u2019entretien des candidat\u00b7e\u00b7s s\u00e9l\u00e9ctionn\u00e9\u00b7e\u00b7s aura lieu le 20 juillet 2022 dans les locaux de Cadence.<br \/>\nSite web de l\u2019entreprise\/de l\u2019organisme<\/p>\n<p><a href=\"https:\/\/cadence-musique.fr\/\">www.cadence-musique.fr<\/a><\/p>\n<p>L\u2019article <a href=\"https:\/\/popburo.fr\/brouillon-auto-4\/\">Brouillon auto<\/a> est apparu en premier sur <a href=\"https:\/\/popburo.fr\/\">POP B\u00dcRO<\/a>.<\/p>\n","protected":false},"excerpt":{"rendered":"<p>Cadence \u0153uvre pour le d\u00e9veloppement et la structuration des pratiques collectives de la musique par le soutien et l\u2019initiative de projets, la formation, l\u2019accompagnement, l\u2019observation et la mise en r\u00e9seau des acteurs du territoire r\u00e9gional. Le p\u00f4le musical intervient aupr\u00e8s d\u2019un large public, en de nombreux endroits o\u00f9 la musique peut se pratiquer collectivement. Son domaine d\u2019intervention se situe \u00e0 la crois\u00e9e des pratiques en amateur, de l\u2019\u00e9ducation artistique et culturelle et de l\u2019enseignement artistique. En tant que structure ressource, [&hellip;]<\/p>\n","protected":false},"author":0,"featured_media":0,"comment_status":"closed","ping_status":"open","sticky":false,"template":"","format":"standard","meta":{"footnotes":""},"categories":[1],"tags":[],"class_list":["post-2874","post","type-post","status-publish","format-standard","hentry","category-non-classe"],"yoast_head":"<!-- This site is optimized with the Yoast SEO plugin v27.5 - https:\/\/yoast.com\/product\/yoast-seo-wordpress\/ -->\n<title>Brouillon auto - HIERO STRASBOURG<\/title>\n<meta name=\"robots\" content=\"index, follow, max-snippet:-1, max-image-preview:large, max-video-preview:-1\" \/>\n<link rel=\"canonical\" href=\"https:\/\/hierostrasbourg.com\/index.php\/2022\/06\/16\/brouillon-auto-4\/\" \/>\n<meta property=\"og:locale\" content=\"fr_FR\" \/>\n<meta property=\"og:type\" content=\"article\" \/>\n<meta property=\"og:title\" content=\"Brouillon auto - HIERO STRASBOURG\" \/>\n<meta property=\"og:description\" content=\"Cadence \u0153uvre pour le d\u00e9veloppement et la structuration des pratiques collectives de la musique par le soutien et l\u2019initiative de projets, la formation, l\u2019accompagnement, l\u2019observation et la mise en r\u00e9seau des acteurs du territoire r\u00e9gional. Le p\u00f4le musical intervient aupr\u00e8s d\u2019un large public, en de nombreux endroits o\u00f9 la musique peut se pratiquer collectivement. Son domaine d\u2019intervention se situe \u00e0 la crois\u00e9e des pratiques en amateur, de l\u2019\u00e9ducation artistique et culturelle et de l\u2019enseignement artistique. En tant que structure ressource, [&hellip;]\" \/>\n<meta property=\"og:url\" content=\"https:\/\/hierostrasbourg.com\/index.php\/2022\/06\/16\/brouillon-auto-4\/\" \/>\n<meta property=\"og:site_name\" content=\"HIERO STRASBOURG\" \/>\n<meta property=\"article:publisher\" content=\"https:\/\/www.facebook.com\/fedehierostrasbourg\" \/>\n<meta property=\"article:published_time\" content=\"2022-06-16T20:31:16+00:00\" \/>\n<meta name=\"twitter:card\" content=\"summary_large_image\" \/>\n<meta name=\"twitter:creator\" content=\"@hierostrasbourg\" \/>\n<meta name=\"twitter:site\" content=\"@hierostrasbourg\" \/>\n<meta name=\"twitter:label1\" content=\"Dur\u00e9e de lecture estim\u00e9e\" \/>\n\t<meta name=\"twitter:data1\" content=\"3 minutes\" \/>\n<script type=\"application\/ld+json\" class=\"yoast-schema-graph\">{\"@context\":\"https:\\\/\\\/schema.org\",\"@graph\":[{\"@type\":\"Article\",\"@id\":\"https:\\\/\\\/hierostrasbourg.com\\\/index.php\\\/2022\\\/06\\\/16\\\/brouillon-auto-4\\\/#article\",\"isPartOf\":{\"@id\":\"https:\\\/\\\/hierostrasbourg.com\\\/index.php\\\/2022\\\/06\\\/16\\\/brouillon-auto-4\\\/\"},\"author\":{\"name\":\"\",\"@id\":\"\"},\"headline\":\"Brouillon auto\",\"datePublished\":\"2022-06-16T20:31:16+00:00\",\"mainEntityOfPage\":{\"@id\":\"https:\\\/\\\/hierostrasbourg.com\\\/index.php\\\/2022\\\/06\\\/16\\\/brouillon-auto-4\\\/\"},\"wordCount\":617,\"publisher\":{\"@id\":\"https:\\\/\\\/hierostrasbourg.com\\\/#organization\"},\"inLanguage\":\"fr-FR\"},{\"@type\":\"WebPage\",\"@id\":\"https:\\\/\\\/hierostrasbourg.com\\\/index.php\\\/2022\\\/06\\\/16\\\/brouillon-auto-4\\\/\",\"url\":\"https:\\\/\\\/hierostrasbourg.com\\\/index.php\\\/2022\\\/06\\\/16\\\/brouillon-auto-4\\\/\",\"name\":\"Brouillon auto - HIERO STRASBOURG\",\"isPartOf\":{\"@id\":\"https:\\\/\\\/hierostrasbourg.com\\\/#website\"},\"datePublished\":\"2022-06-16T20:31:16+00:00\",\"breadcrumb\":{\"@id\":\"https:\\\/\\\/hierostrasbourg.com\\\/index.php\\\/2022\\\/06\\\/16\\\/brouillon-auto-4\\\/#breadcrumb\"},\"inLanguage\":\"fr-FR\",\"potentialAction\":[{\"@type\":\"ReadAction\",\"target\":[\"https:\\\/\\\/hierostrasbourg.com\\\/index.php\\\/2022\\\/06\\\/16\\\/brouillon-auto-4\\\/\"]}]},{\"@type\":\"BreadcrumbList\",\"@id\":\"https:\\\/\\\/hierostrasbourg.com\\\/index.php\\\/2022\\\/06\\\/16\\\/brouillon-auto-4\\\/#breadcrumb\",\"itemListElement\":[{\"@type\":\"ListItem\",\"position\":1,\"name\":\"Accueil\",\"item\":\"https:\\\/\\\/hierostrasbourg.com\\\/\"},{\"@type\":\"ListItem\",\"position\":2,\"name\":\"Brouillon auto\"}]},{\"@type\":\"WebSite\",\"@id\":\"https:\\\/\\\/hierostrasbourg.com\\\/#website\",\"url\":\"https:\\\/\\\/hierostrasbourg.com\\\/\",\"name\":\"HIERO STRASBOURG\",\"description\":\"Centre de Ressources Musiques Actuelles\",\"publisher\":{\"@id\":\"https:\\\/\\\/hierostrasbourg.com\\\/#organization\"},\"potentialAction\":[{\"@type\":\"SearchAction\",\"target\":{\"@type\":\"EntryPoint\",\"urlTemplate\":\"https:\\\/\\\/hierostrasbourg.com\\\/?s={search_term_string}\"},\"query-input\":{\"@type\":\"PropertyValueSpecification\",\"valueRequired\":true,\"valueName\":\"search_term_string\"}}],\"inLanguage\":\"fr-FR\"},{\"@type\":\"Organization\",\"@id\":\"https:\\\/\\\/hierostrasbourg.com\\\/#organization\",\"name\":\"F\u00e9d\u00e9ration Hi\u00e9ro Strasbourg\",\"url\":\"https:\\\/\\\/hierostrasbourg.com\\\/\",\"logo\":{\"@type\":\"ImageObject\",\"inLanguage\":\"fr-FR\",\"@id\":\"https:\\\/\\\/hierostrasbourg.com\\\/#\\\/schema\\\/logo\\\/image\\\/\",\"url\":\"https:\\\/\\\/hierostrasbourg.com\\\/wp-content\\\/uploads\\\/2026\\\/04\\\/logo-hiero-strasbourg.jpg\",\"contentUrl\":\"https:\\\/\\\/hierostrasbourg.com\\\/wp-content\\\/uploads\\\/2026\\\/04\\\/logo-hiero-strasbourg.jpg\",\"width\":204,\"height\":192,\"caption\":\"F\u00e9d\u00e9ration Hi\u00e9ro Strasbourg\"},\"image\":{\"@id\":\"https:\\\/\\\/hierostrasbourg.com\\\/#\\\/schema\\\/logo\\\/image\\\/\"},\"sameAs\":[\"https:\\\/\\\/www.facebook.com\\\/fedehierostrasbourg\",\"https:\\\/\\\/x.com\\\/hierostrasbourg\"]}]}<\/script>\n<!-- \/ Yoast SEO plugin. -->","yoast_head_json":{"title":"Brouillon auto - HIERO STRASBOURG","robots":{"index":"index","follow":"follow","max-snippet":"max-snippet:-1","max-image-preview":"max-image-preview:large","max-video-preview":"max-video-preview:-1"},"canonical":"https:\/\/hierostrasbourg.com\/index.php\/2022\/06\/16\/brouillon-auto-4\/","og_locale":"fr_FR","og_type":"article","og_title":"Brouillon auto - HIERO STRASBOURG","og_description":"Cadence \u0153uvre pour le d\u00e9veloppement et la structuration des pratiques collectives de la musique par le soutien et l\u2019initiative de projets, la formation, l\u2019accompagnement, l\u2019observation et la mise en r\u00e9seau des acteurs du territoire r\u00e9gional. Le p\u00f4le musical intervient aupr\u00e8s d\u2019un large public, en de nombreux endroits o\u00f9 la musique peut se pratiquer collectivement. Son domaine d\u2019intervention se situe \u00e0 la crois\u00e9e des pratiques en amateur, de l\u2019\u00e9ducation artistique et culturelle et de l\u2019enseignement artistique. En tant que structure ressource, [&hellip;]","og_url":"https:\/\/hierostrasbourg.com\/index.php\/2022\/06\/16\/brouillon-auto-4\/","og_site_name":"HIERO STRASBOURG","article_publisher":"https:\/\/www.facebook.com\/fedehierostrasbourg","article_published_time":"2022-06-16T20:31:16+00:00","twitter_card":"summary_large_image","twitter_creator":"@hierostrasbourg","twitter_site":"@hierostrasbourg","twitter_misc":{"Dur\u00e9e de lecture estim\u00e9e":"3 minutes"},"schema":{"@context":"https:\/\/schema.org","@graph":[{"@type":"Article","@id":"https:\/\/hierostrasbourg.com\/index.php\/2022\/06\/16\/brouillon-auto-4\/#article","isPartOf":{"@id":"https:\/\/hierostrasbourg.com\/index.php\/2022\/06\/16\/brouillon-auto-4\/"},"author":{"name":"","@id":""},"headline":"Brouillon auto","datePublished":"2022-06-16T20:31:16+00:00","mainEntityOfPage":{"@id":"https:\/\/hierostrasbourg.com\/index.php\/2022\/06\/16\/brouillon-auto-4\/"},"wordCount":617,"publisher":{"@id":"https:\/\/hierostrasbourg.com\/#organization"},"inLanguage":"fr-FR"},{"@type":"WebPage","@id":"https:\/\/hierostrasbourg.com\/index.php\/2022\/06\/16\/brouillon-auto-4\/","url":"https:\/\/hierostrasbourg.com\/index.php\/2022\/06\/16\/brouillon-auto-4\/","name":"Brouillon auto - HIERO STRASBOURG","isPartOf":{"@id":"https:\/\/hierostrasbourg.com\/#website"},"datePublished":"2022-06-16T20:31:16+00:00","breadcrumb":{"@id":"https:\/\/hierostrasbourg.com\/index.php\/2022\/06\/16\/brouillon-auto-4\/#breadcrumb"},"inLanguage":"fr-FR","potentialAction":[{"@type":"ReadAction","target":["https:\/\/hierostrasbourg.com\/index.php\/2022\/06\/16\/brouillon-auto-4\/"]}]},{"@type":"BreadcrumbList","@id":"https:\/\/hierostrasbourg.com\/index.php\/2022\/06\/16\/brouillon-auto-4\/#breadcrumb","itemListElement":[{"@type":"ListItem","position":1,"name":"Accueil","item":"https:\/\/hierostrasbourg.com\/"},{"@type":"ListItem","position":2,"name":"Brouillon auto"}]},{"@type":"WebSite","@id":"https:\/\/hierostrasbourg.com\/#website","url":"https:\/\/hierostrasbourg.com\/","name":"HIERO STRASBOURG","description":"Centre de Ressources Musiques Actuelles","publisher":{"@id":"https:\/\/hierostrasbourg.com\/#organization"},"potentialAction":[{"@type":"SearchAction","target":{"@type":"EntryPoint","urlTemplate":"https:\/\/hierostrasbourg.com\/?s={search_term_string}"},"query-input":{"@type":"PropertyValueSpecification","valueRequired":true,"valueName":"search_term_string"}}],"inLanguage":"fr-FR"},{"@type":"Organization","@id":"https:\/\/hierostrasbourg.com\/#organization","name":"F\u00e9d\u00e9ration Hi\u00e9ro Strasbourg","url":"https:\/\/hierostrasbourg.com\/","logo":{"@type":"ImageObject","inLanguage":"fr-FR","@id":"https:\/\/hierostrasbourg.com\/#\/schema\/logo\/image\/","url":"https:\/\/hierostrasbourg.com\/wp-content\/uploads\/2026\/04\/logo-hiero-strasbourg.jpg","contentUrl":"https:\/\/hierostrasbourg.com\/wp-content\/uploads\/2026\/04\/logo-hiero-strasbourg.jpg","width":204,"height":192,"caption":"F\u00e9d\u00e9ration Hi\u00e9ro Strasbourg"},"image":{"@id":"https:\/\/hierostrasbourg.com\/#\/schema\/logo\/image\/"},"sameAs":["https:\/\/www.facebook.com\/fedehierostrasbourg","https:\/\/x.com\/hierostrasbourg"]}]}},"_links":{"self":[{"href":"https:\/\/hierostrasbourg.com\/index.php\/wp-json\/wp\/v2\/posts\/2874","targetHints":{"allow":["GET"]}}],"collection":[{"href":"https:\/\/hierostrasbourg.com\/index.php\/wp-json\/wp\/v2\/posts"}],"about":[{"href":"https:\/\/hierostrasbourg.com\/index.php\/wp-json\/wp\/v2\/types\/post"}],"replies":[{"embeddable":true,"href":"https:\/\/hierostrasbourg.com\/index.php\/wp-json\/wp\/v2\/comments?post=2874"}],"version-history":[{"count":0,"href":"https:\/\/hierostrasbourg.com\/index.php\/wp-json\/wp\/v2\/posts\/2874\/revisions"}],"wp:attachment":[{"href":"https:\/\/hierostrasbourg.com\/index.php\/wp-json\/wp\/v2\/media?parent=2874"}],"wp:term":[{"taxonomy":"category","embeddable":true,"href":"https:\/\/hierostrasbourg.com\/index.php\/wp-json\/wp\/v2\/categories?post=2874"},{"taxonomy":"post_tag","embeddable":true,"href":"https:\/\/hierostrasbourg.com\/index.php\/wp-json\/wp\/v2\/tags?post=2874"}],"curies":[{"name":"wp","href":"https:\/\/api.w.org\/{rel}","templated":true}]}}