{"id":2870,"date":"2022-06-13T23:30:50","date_gmt":"2022-06-13T21:30:50","guid":{"rendered":"https:\/\/hierostrasbourg.com\/index.php\/2022\/06\/13\/la-ville-de-mulhouse-recrute-un-coordinateur-eac-conservatoire-f-h-2\/"},"modified":"2022-06-13T23:30:50","modified_gmt":"2022-06-13T21:30:50","slug":"la-ville-de-mulhouse-recrute-un-coordinateur-eac-conservatoire-f-h-2","status":"publish","type":"post","link":"https:\/\/hierostrasbourg.com\/index.php\/2022\/06\/13\/la-ville-de-mulhouse-recrute-un-coordinateur-eac-conservatoire-f-h-2\/","title":{"rendered":"LA VILLE DE MULHOUSE recrute un coordinateur EAC Conservatoire [F\/H]"},"content":{"rendered":"<p>Le Conservatoire de Musique, Danse et Art dramatique de Mulhouse se situe dans la premi\u00e8re ville du D\u00e9partement du Haut-Rhin (112 000 habitants) et la deuxi\u00e8me ville la plus \u201d jeune \u201d de France (plus d\u2019\u00bc de moins de 20 ans).<br \/>\nMulhouse poss\u00e8de une offre culturelle particuli\u00e8rement riche : une sc\u00e8ne nationale (La Filature), un Centre Chor\u00e9graphique National (Ballet de l\u2019Op\u00e9ra national du Rhin), l\u2019Orchestre symphonique de Mulhouse, une Sc\u00e8ne de Musiques Actuelles (Noumatrouff), un r\u00e9seau de 7 biblioth\u00e8ques, un centre d\u2019art contemporain, le plus important p\u00f4le de mus\u00e9es techniques d\u2019Europe\u2026<br \/>\nLe nouveau Conservatoire de Musique, Danse et Art Dramatique, ouvert en mars 2018, est l\u2019un des plus modernes de France (1 600 \u00e9l\u00e8ves, 7 000m2, 50 disciplines enseign\u00e9es\u2026.).<br \/>\nAu sein du Conservatoire \u00e0 rayonnement d\u00e9partemental, vous pilotez et assurez, sous l\u2019autorit\u00e9 du directeur, la coordination de l\u2019Education Artistique et Culturelle (EAC) comprenant les Classes \u00e0 Horaires Am\u00e9nag\u00e9s (CHA), les Interventions en Milieu Scolaire (MIMS), les actions \u00e0 destination du public scolaire au sein de la saison artistique ainsi que le Dispositif d\u2019Education Musicale et Orchestrale \u00e0 vocation Sociale (DEMOS).<\/p>\n<h2>Missions<\/h2>\n<p>Vous assurez le d\u00e9veloppement et la mise en \u0153uvre op\u00e9rationnelle des missions \u00e9ducatives, artistiques et culturelles en coordonnant l\u2019action des coordinateurs p\u00e9dagogiques (une dizaine). Vous apportez de l\u2019expertise artistique et aide dans la r\u00e9alisation de projets \u00e9ducatifs, artistiques et culturels et veillez \u00e0 la coh\u00e9rence \u00e9ducative et p\u00e9dagogique avec les \u00e9quipes et pour D\u00e9mos, en lien avec le coordinateur p\u00e9dagogique national.<br \/>\nVous assurez le suivi administratif, budg\u00e9taire et logistique des activit\u00e9s. Vous planifiez les interventions des intervenants artistiques sur chaque site, les cours instrumentaux et les pratiques collectives pour D\u00e9mos-Conservatoire.<br \/>\nVous animez un r\u00e9seau de partenaires sur le territoire et vous en assurez le suivi avec les institutions et les m\u00e9c\u00e8nes impliqu\u00e9s en particulier pour l\u2019action D\u00e9mos.<br \/>\nVous r\u00e9alisez des notes de programme, des textes et des plaquettes et autres supports de communication, \u00e0 destination du public, en lien avec le service communication de la Ville et vous contribuez \u00e0 la mise en valeur de toutes les activit\u00e9s EAC.<br \/>\nVous travaillez, dans le cadre du dispositif D\u00e9mos, en \u00e9troite collaboration avec la charg\u00e9e de d\u00e9veloppement social et vous assurez le lien entre les \u00e9quipes locales et l\u2019\u00e9quipe nationale de la Philharmonie de Paris.<br \/>\nVous mettez en place des outils d\u2019\u00e9valuation pour l\u2019ensemble des dispositifs EAC.<br \/>\nVous \u00eates acteur et participez \u00e0 la coordination des \u00e9v\u00e8nements artistiques sur le territoire et vous assurez des missions de repr\u00e9sentations.<\/p>\n<h2>Profils recherch\u00e9s<\/h2>\n<p>De formation Bac + 3 dans le domaine du management culturel, vous justifiez d\u2019une solide exp\u00e9rience dans le domaine \u00e9ducatif ou culturel et faites preuves de r\u00e9elles capacit\u00e9s \u00e0 mettre en \u0153uvre des projets culturels, \u00e9ducatifs et p\u00e9dagogiques.<br \/>\nVous savez travailler en \u00e9quipe avec de nombreux acteurs impliqu\u00e9s et coordonner plusieurs projets avec autonomie.<br \/>\nVous maitrisez les techniques de gestion de projet artistique et culturel, ainsi que le travail en r\u00e9seau. Vous avez une solide formation musicale, une bonne culture artistique ainsi qu\u2019une bonne connaissance de l\u2019enseignement artistique et de l\u2019\u00e9ducation artistique et culturelle.<br \/>\nDisponible et impliqu\u00e9 dans la vie culturelle locale, vous savez vous rendre disponible certains soirs et week-end pour les sorties culturelles ou les concerts.<\/p>\n<p>Temps de travail : 35h00 hebdomadaire<br \/>\nPoste \u00e0 pourvoir le 04\/07\/2022<br \/>\nDate limite de candidature : 03\/07\/2022<\/p>\n<p>COMMUNE DE MULHOUSE<br \/>\n2 rue Pierre et Marie Curie \u2013 B.P. 10020<br \/>\n68948 MULHOUSE<\/p>\n<p><a class=\"maxbutton-1 maxbutton\" href=\"https:\/\/intranet-ext2.mulhouse.fr\/OffresEmploi\/Candidature_Mulhouse_Responsive.aspx?id=1847\"><span class=\"mb-text\">POSTULEZ<\/span><\/a><\/p>\n<p>L\u2019article <a href=\"https:\/\/popburo.fr\/la-ville-de-mulhouse-recrute-un-coordinateur-eac-conservatoire-f-h\/\">LA VILLE DE MULHOUSE recrute un coordinateur EAC Conservatoire [F\/H]<\/a> est apparu en premier sur <a href=\"https:\/\/popburo.fr\/\">POP B\u00dcRO<\/a>.<\/p>\n","protected":false},"excerpt":{"rendered":"<p>Le Conservatoire de Musique, Danse et Art dramatique de Mulhouse se situe dans la premi\u00e8re ville du D\u00e9partement du Haut-Rhin (112 000 habitants) et la deuxi\u00e8me ville la plus \u201d jeune \u201d de France (plus d\u2019\u00bc de moins de 20 ans). Mulhouse poss\u00e8de une offre culturelle particuli\u00e8rement riche : une sc\u00e8ne nationale (La Filature), un Centre Chor\u00e9graphique National (Ballet de l\u2019Op\u00e9ra national du Rhin), l\u2019Orchestre symphonique de Mulhouse, une Sc\u00e8ne de Musiques Actuelles (Noumatrouff), un r\u00e9seau de 7 biblioth\u00e8ques, un [&hellip;]<\/p>\n","protected":false},"author":0,"featured_media":0,"comment_status":"closed","ping_status":"open","sticky":false,"template":"","format":"standard","meta":{"footnotes":""},"categories":[1],"tags":[],"class_list":["post-2870","post","type-post","status-publish","format-standard","hentry","category-non-classe"],"yoast_head":"<!-- This site is optimized with the Yoast SEO plugin v27.5 - https:\/\/yoast.com\/product\/yoast-seo-wordpress\/ -->\n<title>LA VILLE DE MULHOUSE recrute un coordinateur EAC Conservatoire [F\/H] - HIERO STRASBOURG<\/title>\n<meta name=\"robots\" content=\"index, follow, max-snippet:-1, max-image-preview:large, max-video-preview:-1\" \/>\n<link rel=\"canonical\" href=\"https:\/\/hierostrasbourg.com\/index.php\/2022\/06\/13\/la-ville-de-mulhouse-recrute-un-coordinateur-eac-conservatoire-f-h-2\/\" \/>\n<meta property=\"og:locale\" content=\"fr_FR\" \/>\n<meta property=\"og:type\" content=\"article\" \/>\n<meta property=\"og:title\" content=\"LA VILLE DE MULHOUSE recrute un coordinateur EAC Conservatoire [F\/H] - HIERO STRASBOURG\" \/>\n<meta property=\"og:description\" content=\"Le Conservatoire de Musique, Danse et Art dramatique de Mulhouse se situe dans la premi\u00e8re ville du D\u00e9partement du Haut-Rhin (112 000 habitants) et la deuxi\u00e8me ville la plus \u201d jeune \u201d de France (plus d\u2019\u00bc de moins de 20 ans). Mulhouse poss\u00e8de une offre culturelle particuli\u00e8rement riche : une sc\u00e8ne nationale (La Filature), un Centre Chor\u00e9graphique National (Ballet de l\u2019Op\u00e9ra national du Rhin), l\u2019Orchestre symphonique de Mulhouse, une Sc\u00e8ne de Musiques Actuelles (Noumatrouff), un r\u00e9seau de 7 biblioth\u00e8ques, un [&hellip;]\" \/>\n<meta property=\"og:url\" content=\"https:\/\/hierostrasbourg.com\/index.php\/2022\/06\/13\/la-ville-de-mulhouse-recrute-un-coordinateur-eac-conservatoire-f-h-2\/\" \/>\n<meta property=\"og:site_name\" content=\"HIERO STRASBOURG\" \/>\n<meta property=\"article:publisher\" content=\"https:\/\/www.facebook.com\/fedehierostrasbourg\" \/>\n<meta property=\"article:published_time\" content=\"2022-06-13T21:30:50+00:00\" \/>\n<meta name=\"twitter:card\" content=\"summary_large_image\" \/>\n<meta name=\"twitter:creator\" content=\"@hierostrasbourg\" \/>\n<meta name=\"twitter:site\" content=\"@hierostrasbourg\" \/>\n<meta name=\"twitter:label1\" content=\"Dur\u00e9e de lecture estim\u00e9e\" \/>\n\t<meta name=\"twitter:data1\" content=\"3 minutes\" \/>\n<script type=\"application\/ld+json\" class=\"yoast-schema-graph\">{\"@context\":\"https:\\\/\\\/schema.org\",\"@graph\":[{\"@type\":\"Article\",\"@id\":\"https:\\\/\\\/hierostrasbourg.com\\\/index.php\\\/2022\\\/06\\\/13\\\/la-ville-de-mulhouse-recrute-un-coordinateur-eac-conservatoire-f-h-2\\\/#article\",\"isPartOf\":{\"@id\":\"https:\\\/\\\/hierostrasbourg.com\\\/index.php\\\/2022\\\/06\\\/13\\\/la-ville-de-mulhouse-recrute-un-coordinateur-eac-conservatoire-f-h-2\\\/\"},\"author\":{\"name\":\"\",\"@id\":\"\"},\"headline\":\"LA VILLE DE MULHOUSE recrute un coordinateur EAC Conservatoire [F\\\/H]\",\"datePublished\":\"2022-06-13T21:30:50+00:00\",\"mainEntityOfPage\":{\"@id\":\"https:\\\/\\\/hierostrasbourg.com\\\/index.php\\\/2022\\\/06\\\/13\\\/la-ville-de-mulhouse-recrute-un-coordinateur-eac-conservatoire-f-h-2\\\/\"},\"wordCount\":626,\"publisher\":{\"@id\":\"https:\\\/\\\/hierostrasbourg.com\\\/#organization\"},\"inLanguage\":\"fr-FR\"},{\"@type\":\"WebPage\",\"@id\":\"https:\\\/\\\/hierostrasbourg.com\\\/index.php\\\/2022\\\/06\\\/13\\\/la-ville-de-mulhouse-recrute-un-coordinateur-eac-conservatoire-f-h-2\\\/\",\"url\":\"https:\\\/\\\/hierostrasbourg.com\\\/index.php\\\/2022\\\/06\\\/13\\\/la-ville-de-mulhouse-recrute-un-coordinateur-eac-conservatoire-f-h-2\\\/\",\"name\":\"LA VILLE DE MULHOUSE recrute un coordinateur EAC Conservatoire [F\\\/H] - HIERO STRASBOURG\",\"isPartOf\":{\"@id\":\"https:\\\/\\\/hierostrasbourg.com\\\/#website\"},\"datePublished\":\"2022-06-13T21:30:50+00:00\",\"breadcrumb\":{\"@id\":\"https:\\\/\\\/hierostrasbourg.com\\\/index.php\\\/2022\\\/06\\\/13\\\/la-ville-de-mulhouse-recrute-un-coordinateur-eac-conservatoire-f-h-2\\\/#breadcrumb\"},\"inLanguage\":\"fr-FR\",\"potentialAction\":[{\"@type\":\"ReadAction\",\"target\":[\"https:\\\/\\\/hierostrasbourg.com\\\/index.php\\\/2022\\\/06\\\/13\\\/la-ville-de-mulhouse-recrute-un-coordinateur-eac-conservatoire-f-h-2\\\/\"]}]},{\"@type\":\"BreadcrumbList\",\"@id\":\"https:\\\/\\\/hierostrasbourg.com\\\/index.php\\\/2022\\\/06\\\/13\\\/la-ville-de-mulhouse-recrute-un-coordinateur-eac-conservatoire-f-h-2\\\/#breadcrumb\",\"itemListElement\":[{\"@type\":\"ListItem\",\"position\":1,\"name\":\"Accueil\",\"item\":\"https:\\\/\\\/hierostrasbourg.com\\\/\"},{\"@type\":\"ListItem\",\"position\":2,\"name\":\"LA VILLE DE MULHOUSE recrute un coordinateur EAC Conservatoire [F\\\/H]\"}]},{\"@type\":\"WebSite\",\"@id\":\"https:\\\/\\\/hierostrasbourg.com\\\/#website\",\"url\":\"https:\\\/\\\/hierostrasbourg.com\\\/\",\"name\":\"HIERO STRASBOURG\",\"description\":\"Centre de Ressources Musiques Actuelles\",\"publisher\":{\"@id\":\"https:\\\/\\\/hierostrasbourg.com\\\/#organization\"},\"potentialAction\":[{\"@type\":\"SearchAction\",\"target\":{\"@type\":\"EntryPoint\",\"urlTemplate\":\"https:\\\/\\\/hierostrasbourg.com\\\/?s={search_term_string}\"},\"query-input\":{\"@type\":\"PropertyValueSpecification\",\"valueRequired\":true,\"valueName\":\"search_term_string\"}}],\"inLanguage\":\"fr-FR\"},{\"@type\":\"Organization\",\"@id\":\"https:\\\/\\\/hierostrasbourg.com\\\/#organization\",\"name\":\"F\u00e9d\u00e9ration Hi\u00e9ro Strasbourg\",\"url\":\"https:\\\/\\\/hierostrasbourg.com\\\/\",\"logo\":{\"@type\":\"ImageObject\",\"inLanguage\":\"fr-FR\",\"@id\":\"https:\\\/\\\/hierostrasbourg.com\\\/#\\\/schema\\\/logo\\\/image\\\/\",\"url\":\"https:\\\/\\\/hierostrasbourg.com\\\/wp-content\\\/uploads\\\/2026\\\/04\\\/logo-hiero-strasbourg.jpg\",\"contentUrl\":\"https:\\\/\\\/hierostrasbourg.com\\\/wp-content\\\/uploads\\\/2026\\\/04\\\/logo-hiero-strasbourg.jpg\",\"width\":204,\"height\":192,\"caption\":\"F\u00e9d\u00e9ration Hi\u00e9ro Strasbourg\"},\"image\":{\"@id\":\"https:\\\/\\\/hierostrasbourg.com\\\/#\\\/schema\\\/logo\\\/image\\\/\"},\"sameAs\":[\"https:\\\/\\\/www.facebook.com\\\/fedehierostrasbourg\",\"https:\\\/\\\/x.com\\\/hierostrasbourg\"]}]}<\/script>\n<!-- \/ Yoast SEO plugin. -->","yoast_head_json":{"title":"LA VILLE DE MULHOUSE recrute un coordinateur EAC Conservatoire [F\/H] - HIERO STRASBOURG","robots":{"index":"index","follow":"follow","max-snippet":"max-snippet:-1","max-image-preview":"max-image-preview:large","max-video-preview":"max-video-preview:-1"},"canonical":"https:\/\/hierostrasbourg.com\/index.php\/2022\/06\/13\/la-ville-de-mulhouse-recrute-un-coordinateur-eac-conservatoire-f-h-2\/","og_locale":"fr_FR","og_type":"article","og_title":"LA VILLE DE MULHOUSE recrute un coordinateur EAC Conservatoire [F\/H] - HIERO STRASBOURG","og_description":"Le Conservatoire de Musique, Danse et Art dramatique de Mulhouse se situe dans la premi\u00e8re ville du D\u00e9partement du Haut-Rhin (112 000 habitants) et la deuxi\u00e8me ville la plus \u201d jeune \u201d de France (plus d\u2019\u00bc de moins de 20 ans). Mulhouse poss\u00e8de une offre culturelle particuli\u00e8rement riche : une sc\u00e8ne nationale (La Filature), un Centre Chor\u00e9graphique National (Ballet de l\u2019Op\u00e9ra national du Rhin), l\u2019Orchestre symphonique de Mulhouse, une Sc\u00e8ne de Musiques Actuelles (Noumatrouff), un r\u00e9seau de 7 biblioth\u00e8ques, un [&hellip;]","og_url":"https:\/\/hierostrasbourg.com\/index.php\/2022\/06\/13\/la-ville-de-mulhouse-recrute-un-coordinateur-eac-conservatoire-f-h-2\/","og_site_name":"HIERO STRASBOURG","article_publisher":"https:\/\/www.facebook.com\/fedehierostrasbourg","article_published_time":"2022-06-13T21:30:50+00:00","twitter_card":"summary_large_image","twitter_creator":"@hierostrasbourg","twitter_site":"@hierostrasbourg","twitter_misc":{"Dur\u00e9e de lecture estim\u00e9e":"3 minutes"},"schema":{"@context":"https:\/\/schema.org","@graph":[{"@type":"Article","@id":"https:\/\/hierostrasbourg.com\/index.php\/2022\/06\/13\/la-ville-de-mulhouse-recrute-un-coordinateur-eac-conservatoire-f-h-2\/#article","isPartOf":{"@id":"https:\/\/hierostrasbourg.com\/index.php\/2022\/06\/13\/la-ville-de-mulhouse-recrute-un-coordinateur-eac-conservatoire-f-h-2\/"},"author":{"name":"","@id":""},"headline":"LA VILLE DE MULHOUSE recrute un coordinateur EAC Conservatoire [F\/H]","datePublished":"2022-06-13T21:30:50+00:00","mainEntityOfPage":{"@id":"https:\/\/hierostrasbourg.com\/index.php\/2022\/06\/13\/la-ville-de-mulhouse-recrute-un-coordinateur-eac-conservatoire-f-h-2\/"},"wordCount":626,"publisher":{"@id":"https:\/\/hierostrasbourg.com\/#organization"},"inLanguage":"fr-FR"},{"@type":"WebPage","@id":"https:\/\/hierostrasbourg.com\/index.php\/2022\/06\/13\/la-ville-de-mulhouse-recrute-un-coordinateur-eac-conservatoire-f-h-2\/","url":"https:\/\/hierostrasbourg.com\/index.php\/2022\/06\/13\/la-ville-de-mulhouse-recrute-un-coordinateur-eac-conservatoire-f-h-2\/","name":"LA VILLE DE MULHOUSE recrute un coordinateur EAC Conservatoire [F\/H] - HIERO STRASBOURG","isPartOf":{"@id":"https:\/\/hierostrasbourg.com\/#website"},"datePublished":"2022-06-13T21:30:50+00:00","breadcrumb":{"@id":"https:\/\/hierostrasbourg.com\/index.php\/2022\/06\/13\/la-ville-de-mulhouse-recrute-un-coordinateur-eac-conservatoire-f-h-2\/#breadcrumb"},"inLanguage":"fr-FR","potentialAction":[{"@type":"ReadAction","target":["https:\/\/hierostrasbourg.com\/index.php\/2022\/06\/13\/la-ville-de-mulhouse-recrute-un-coordinateur-eac-conservatoire-f-h-2\/"]}]},{"@type":"BreadcrumbList","@id":"https:\/\/hierostrasbourg.com\/index.php\/2022\/06\/13\/la-ville-de-mulhouse-recrute-un-coordinateur-eac-conservatoire-f-h-2\/#breadcrumb","itemListElement":[{"@type":"ListItem","position":1,"name":"Accueil","item":"https:\/\/hierostrasbourg.com\/"},{"@type":"ListItem","position":2,"name":"LA VILLE DE MULHOUSE recrute un coordinateur EAC Conservatoire [F\/H]"}]},{"@type":"WebSite","@id":"https:\/\/hierostrasbourg.com\/#website","url":"https:\/\/hierostrasbourg.com\/","name":"HIERO STRASBOURG","description":"Centre de Ressources Musiques Actuelles","publisher":{"@id":"https:\/\/hierostrasbourg.com\/#organization"},"potentialAction":[{"@type":"SearchAction","target":{"@type":"EntryPoint","urlTemplate":"https:\/\/hierostrasbourg.com\/?s={search_term_string}"},"query-input":{"@type":"PropertyValueSpecification","valueRequired":true,"valueName":"search_term_string"}}],"inLanguage":"fr-FR"},{"@type":"Organization","@id":"https:\/\/hierostrasbourg.com\/#organization","name":"F\u00e9d\u00e9ration Hi\u00e9ro Strasbourg","url":"https:\/\/hierostrasbourg.com\/","logo":{"@type":"ImageObject","inLanguage":"fr-FR","@id":"https:\/\/hierostrasbourg.com\/#\/schema\/logo\/image\/","url":"https:\/\/hierostrasbourg.com\/wp-content\/uploads\/2026\/04\/logo-hiero-strasbourg.jpg","contentUrl":"https:\/\/hierostrasbourg.com\/wp-content\/uploads\/2026\/04\/logo-hiero-strasbourg.jpg","width":204,"height":192,"caption":"F\u00e9d\u00e9ration Hi\u00e9ro Strasbourg"},"image":{"@id":"https:\/\/hierostrasbourg.com\/#\/schema\/logo\/image\/"},"sameAs":["https:\/\/www.facebook.com\/fedehierostrasbourg","https:\/\/x.com\/hierostrasbourg"]}]}},"_links":{"self":[{"href":"https:\/\/hierostrasbourg.com\/index.php\/wp-json\/wp\/v2\/posts\/2870","targetHints":{"allow":["GET"]}}],"collection":[{"href":"https:\/\/hierostrasbourg.com\/index.php\/wp-json\/wp\/v2\/posts"}],"about":[{"href":"https:\/\/hierostrasbourg.com\/index.php\/wp-json\/wp\/v2\/types\/post"}],"replies":[{"embeddable":true,"href":"https:\/\/hierostrasbourg.com\/index.php\/wp-json\/wp\/v2\/comments?post=2870"}],"version-history":[{"count":0,"href":"https:\/\/hierostrasbourg.com\/index.php\/wp-json\/wp\/v2\/posts\/2870\/revisions"}],"wp:attachment":[{"href":"https:\/\/hierostrasbourg.com\/index.php\/wp-json\/wp\/v2\/media?parent=2870"}],"wp:term":[{"taxonomy":"category","embeddable":true,"href":"https:\/\/hierostrasbourg.com\/index.php\/wp-json\/wp\/v2\/categories?post=2870"},{"taxonomy":"post_tag","embeddable":true,"href":"https:\/\/hierostrasbourg.com\/index.php\/wp-json\/wp\/v2\/tags?post=2870"}],"curies":[{"name":"wp","href":"https:\/\/api.w.org\/{rel}","templated":true}]}}