{"id":2849,"date":"2022-06-12T21:32:13","date_gmt":"2022-06-12T19:32:13","guid":{"rendered":"https:\/\/hierostrasbourg.com\/index.php\/2022\/06\/12\/appel-a-projets-production-de-spectacle-musical-pendant-le-festival-off-davignon-2\/"},"modified":"2022-06-12T21:32:13","modified_gmt":"2022-06-12T19:32:13","slug":"appel-a-projets-production-de-spectacle-musical-pendant-le-festival-off-davignon-2","status":"publish","type":"post","link":"https:\/\/hierostrasbourg.com\/index.php\/2022\/06\/12\/appel-a-projets-production-de-spectacle-musical-pendant-le-festival-off-davignon-2\/","title":{"rendered":"Appel \u00e0 projets : Production de spectacle musical pendant le festival Off d\u2019Avignon"},"content":{"rendered":"<div class=\"meaObjectifs bgdUniv mb3 pa2\">\n<h2 class=\"txtUpp txtB mb1\">Objectif<\/h2>\n<p>Soutenir les cr\u00e9ateurs et leur entourage professionnel dans la prise de risque financi\u00e8re li\u00e9e \u00e0 la production d\u2019un spectacle musical programm\u00e9 dans le cadre du festival Off d\u2019Avignon.<\/p>\n<p>Par spectacle musical, on entend\u00a0un spectacle d\u2019un minimum de 60 minutes avec un travail significatif de mise en espace :<\/p>\n<p>soit compos\u00e9, pour plus de 80% du spectacle, d\u2019\u0153uvres musicales originales (cr\u00e9ation et\/ou parodie) cr\u00e9\u00e9es par un ou des auteurs compositeurs et suivant un fil narratif<br \/>\nsoit compos\u00e9 majoritairement de r\u00e9pertoires prot\u00e9g\u00e9s existants (reprise et\/ou arrangement) dans le cadre :<br \/>\nd\u2019un hommage au parcours et l\u2019\u0153uvre d\u2019un auteur compositeur<br \/>\nd\u2019une conf\u00e9rence sur la musique (pouvant avoir recours \u00e0 un ton d\u00e9cal\u00e9)<\/p>\n<\/div>\n<div class=\"eligibilite mb3\">\n<h2 class=\"cUniv mb1 txtUpp txtB\">Crit\u00e8res d\u2019\u00e9ligibilit\u00e9<\/h2>\n<div class=\"whiteBlc\">\nLe dossier doit \u00eatre port\u00e9 par une <strong>structure, titulaire de la licence d\u2019entrepreneur de spectacles.<\/strong><br \/>\nLe spectacle musical peut m\u00ealer plusieurs disciplines artistiques (th\u00e9\u00e2tre, cirque, danse, marionnettes\u2026) et media (installation sonore, etc.) \u00e0 la condition que la cr\u00e9ation musicale est au centre du projet<br \/>\nLe spectacle n\u2019a pas \u00e9t\u00e9 pr\u00e9sent\u00e9 plus de 2 fois dans le cadre d\u2019une pr\u00e9c\u00e9dente \u00e9dition du Off d\u2019Avignon et est programm\u00e9 pour un minimum de 10 dates pour cette \u00e9dition.<br \/>\nLe projet est conforme aux dispositions l\u00e9gales en vigueur au regard du Code de la propri\u00e9t\u00e9 intellectuelle notamment vis-\u00e0-vis du paiement du droits d\u2019auteur et des l\u00e9gislations sociales et fiscales<br \/>\nLe montant de l\u2019aide est \u00e9valu\u00e9 en se basant sur une assiette constitu\u00e9e des d\u00e9penses artistiques et de valorisation.<br \/>\nNe sont pas \u00e9ligibles :<br \/>\nLes concerts<br \/>\nLes pi\u00e8ces de th\u00e9\u00e2tre musical et com\u00e9dies musicales<br \/>\nLes <a href=\"https:\/\/aide-aux-projets.sacem.fr\/nos-programmes-aide\/dispositif-de-residences-de-spectacles-musicaux-jeune-public\/consultation\" target=\"_blank\" rel=\"noopener\">spectacles musicaux pour le jeune public qui disposent d\u2019un programme d\u00e9di\u00e9<\/a><br \/>\nLes artistes \/ compagnies \/ groupes ayant d\u00e9j\u00e0 b\u00e9n\u00e9fici\u00e9 de soutiens de la Sacem sur 3 de leurs spectacles musicaux<\/p>\n<\/div>\n<\/div>\n<div class=\"montantSubvention mb3\">\n<h2 class=\"cUniv mb1 txtUpp txtB\">Montant de l\u2019aide<\/h2>\n<div class=\"whiteBlc mod\">\n<p>\u00a0L\u2019aide vers\u00e9e <strong>peut aller jusqu\u2019\u00e0 40% du budget \u00e9ligible tout en \u00e9tant plafonn\u00e9e \u00e0 8000\u20ac.<\/strong><\/p>\n<\/div>\n<\/div>\n<div class=\"instructionDossiers mb3\">\n<h2 class=\"cUniv mb1 txtUpp txtB\">Instruction des dossiers<\/h2>\n<div class=\"whiteBlc\">\n<p>Le dossier complet, une fois d\u00e9pos\u00e9 de fa\u00e7on d\u00e9mat\u00e9rialis\u00e9e, est \u00e9tudi\u00e9 par la Direction de l\u2019action culturelle par d\u00e9l\u00e9gation du Conseil d\u2019administration qui prend les d\u00e9cisions d\u2019agr\u00e9ment.<\/p>\n<p>Aucune demande d\u2019aide par courrier ne sera \u00e9tudi\u00e9e<br \/>\nLa d\u00e9cision de la commission, positive ou non, est signifi\u00e9e par \u00e9crit.<br \/>\nCette d\u00e9cision est sans appel et un dossier refus\u00e9 ne peut \u00eatre soumis \u00e0 nouveau.<br \/>\nLes dossiers incomplets ou re\u00e7us hors d\u00e9lais ne seront pas examin\u00e9s (voir calendrier de d\u00e9p\u00f4t des dossiers).<\/p>\n<\/div>\n<\/div>\n<div class=\"versementSubvention mb3\">\n<h2 class=\"cUniv mb1 txtUpp txtB\">Versement de l\u2019aide<\/h2>\n<div class=\"whiteBlc\">\n<p>A l\u2019accord de l\u2019aide, une convention d\u00e9terminant les conditions du soutien, est \u00e9tablie entre le b\u00e9n\u00e9ficiaire de l\u2019aide et la Sacem. Le versement de l\u2019aide intervient \u00e0 la signature de cette convention.<\/p>\n<p>Le b\u00e9n\u00e9ficiaire rendra compte par \u00e9crit de l\u2019utilisation de l\u2019aide, \u00e0 l\u2019\u00e9ch\u00e9ance sp\u00e9cifi\u00e9e dans la convention et s\u2019engage \u00e0 remettre le bilan artistique et financier du projet.\u00a0A ce titre, la Sacem se r\u00e9serve le droit de demander toutes pi\u00e8ces justificatives n\u00e9cessaires pour v\u00e9rifier la v\u00e9racit\u00e9 des \u00e9l\u00e9ments d\u00e9clar\u00e9s par le porteur de projet.<\/p>\n<p>La non-communication de ces documents entra\u00eene l\u2019ajournement de l\u2019examen de toute nouvelle demande pr\u00e9sent\u00e9e par le porteur de projet.<\/p>\n<p>La Sacem peut exiger le remboursement de tout ou partie de l\u2019aide financi\u00e8re allou\u00e9e en cas de non-respect int\u00e9gral ou partiel par le porteur de projet des engagements stipul\u00e9s dans la convention.<\/p>\n<\/div>\n<\/div>\n<div class=\"pieces mb3\">\n<h2 class=\"cUniv mb1 txtUpp txtB\">Constitution de votre dossier<\/h2>\n<div class=\"whiteBlc\">\n<p>Le dossier de candidature constitu\u00e9 des pi\u00e8ces-ci-dessous, est d\u00e9pos\u00e9 en ligne en s\u00e9lectionnant \u00ab\u202fd\u00e9poser une demande d\u2019aide\u202f\u00bb, en se cr\u00e9ant un espace membre en qualit\u00e9 de professionnel de la fili\u00e8re. Le candidat est invit\u00e9 \u00e0 t\u00e9l\u00e9charger les mod\u00e8les de document disponibles et de les retourner sous le format demand\u00e9 :<\/p>\n<p>Dossier de pr\u00e9sentation du spectacle incluant visuel, parcours du ou des artistes cr\u00e9ateurs et de l\u2019entourage professionnel ainsi que les d\u00e9tails de la production dans le cadre du Off d\u2019Avignon (lieu, horaire, dates)<br \/>\nBudget pr\u00e9visionnel (mod\u00e8le fourni dans l\u2019espace r\u00e9serv\u00e9, \u00e0 t\u00e9l\u00e9charger et \u00e0 compl\u00e9ter)<br \/>\nListe des \u0153uvres musicales et extraits<br \/>\nPlanning repr\u00e9sentations du spectacle depuis sa cr\u00e9ation jusqu\u2019\u00e0 la date de d\u00e9p\u00f4t du dossier<br \/>\nCopie(s) de la\/des licence(s) d\u2019entrepreneur de spectacles<\/p>\n<p>Pour mieux vous guider, <a href=\"https:\/\/aide-aux-projets.sacem.fr\/\" target=\"_blank\" rel=\"noopener\">une foire aux questions<\/a> est disponible sur notre site internet (en bas de page), ainsi qu\u2019<a href=\"https:\/\/aide-aux-projets.sacem.fr\/docs\/comment_deposer_une_demande_d_aide_en_ligne.pdf\" target=\"_blank\" rel=\"noopener\">un guide pour le d\u00e9p\u00f4t d\u2019une demande d\u2019aide en ligne<\/a>.<\/p>\n<\/div>\n<\/div>\n<div class=\"calendrierDepot mb3\">\n<h2 class=\"cUniv mb1 txtUpp txtB\">Calendrier de d\u00e9p\u00f4t des dossiers<\/h2>\n<div class=\"whiteBlc\">\n<p>Pour le festival OFF d\u2019Avignon 2022\u00a0: les dossiers sont \u00e0 d\u00e9poser d\u2019ici le 19 juin 2022 inclus.<\/p>\n<\/div>\n<\/div>\n<div class=\"modifierDispo mb3\">\n<div class=\"whiteBlc\">\n<p>La Sacem se r\u00e9serve le droit de modifier les pr\u00e9sentes dispositions.<\/p>\n<\/div>\n<\/div>\n<p>Source \/ Lire la suite : Appel \u00e0 projets : Production de spectacle musical pendant le festival Off d\u2019Avignon<\/p>\n<p><a class=\"maxbutton-1 maxbutton\" href=\"https:\/\/aide-aux-projets.sacem.fr\/nos-programmes-aide\/connexion\/appel-projets-production-de-spectacle-musical-pendant-le-festival-davignon\"><span class=\"mb-text\">POSTULEZ<\/span><\/a><\/p>\n<p>L\u2019article <a href=\"https:\/\/popburo.fr\/appel-a-projets-production-de-spectacle-musical-pendant-le-festival-off-davignon\/\">Appel \u00e0 projets : Production de spectacle musical pendant le festival Off d\u2019Avignon<\/a> est apparu en premier sur <a href=\"https:\/\/popburo.fr\/\">POP B\u00dcRO<\/a>.<\/p>\n","protected":false},"excerpt":{"rendered":"<p>Objectif Soutenir les cr\u00e9ateurs et leur entourage professionnel dans la prise de risque financi\u00e8re li\u00e9e \u00e0 la production d\u2019un spectacle musical programm\u00e9 dans le cadre du festival Off d\u2019Avignon. Par spectacle musical, on entend\u00a0un spectacle d\u2019un minimum de 60 minutes avec un travail significatif de mise en espace : soit compos\u00e9, pour plus de 80% du spectacle, d\u2019\u0153uvres musicales originales (cr\u00e9ation et\/ou parodie) cr\u00e9\u00e9es par un ou des auteurs compositeurs et suivant un fil narratif soit compos\u00e9 majoritairement de r\u00e9pertoires [&hellip;]<\/p>\n","protected":false},"author":0,"featured_media":0,"comment_status":"closed","ping_status":"open","sticky":false,"template":"","format":"standard","meta":{"footnotes":""},"categories":[1],"tags":[],"class_list":["post-2849","post","type-post","status-publish","format-standard","hentry","category-non-classe"],"yoast_head":"<!-- This site is optimized with the Yoast SEO plugin v27.5 - https:\/\/yoast.com\/product\/yoast-seo-wordpress\/ -->\n<title>Appel \u00e0 projets : Production de spectacle musical pendant le festival Off d\u2019Avignon - HIERO STRASBOURG<\/title>\n<meta name=\"robots\" content=\"index, follow, max-snippet:-1, max-image-preview:large, max-video-preview:-1\" \/>\n<link rel=\"canonical\" href=\"https:\/\/hierostrasbourg.com\/index.php\/2022\/06\/12\/appel-a-projets-production-de-spectacle-musical-pendant-le-festival-off-davignon-2\/\" \/>\n<meta property=\"og:locale\" content=\"fr_FR\" \/>\n<meta property=\"og:type\" content=\"article\" \/>\n<meta property=\"og:title\" content=\"Appel \u00e0 projets : Production de spectacle musical pendant le festival Off d\u2019Avignon - HIERO STRASBOURG\" \/>\n<meta property=\"og:description\" content=\"Objectif Soutenir les cr\u00e9ateurs et leur entourage professionnel dans la prise de risque financi\u00e8re li\u00e9e \u00e0 la production d\u2019un spectacle musical programm\u00e9 dans le cadre du festival Off d\u2019Avignon. Par spectacle musical, on entend\u00a0un spectacle d\u2019un minimum de 60 minutes avec un travail significatif de mise en espace : soit compos\u00e9, pour plus de 80% du spectacle, d\u2019\u0153uvres musicales originales (cr\u00e9ation et\/ou parodie) cr\u00e9\u00e9es par un ou des auteurs compositeurs et suivant un fil narratif soit compos\u00e9 majoritairement de r\u00e9pertoires [&hellip;]\" \/>\n<meta property=\"og:url\" content=\"https:\/\/hierostrasbourg.com\/index.php\/2022\/06\/12\/appel-a-projets-production-de-spectacle-musical-pendant-le-festival-off-davignon-2\/\" \/>\n<meta property=\"og:site_name\" content=\"HIERO STRASBOURG\" \/>\n<meta property=\"article:publisher\" content=\"https:\/\/www.facebook.com\/fedehierostrasbourg\" \/>\n<meta property=\"article:published_time\" content=\"2022-06-12T19:32:13+00:00\" \/>\n<meta name=\"twitter:card\" content=\"summary_large_image\" \/>\n<meta name=\"twitter:creator\" content=\"@hierostrasbourg\" \/>\n<meta name=\"twitter:site\" content=\"@hierostrasbourg\" \/>\n<meta name=\"twitter:label1\" content=\"Dur\u00e9e de lecture estim\u00e9e\" \/>\n\t<meta name=\"twitter:data1\" content=\"4 minutes\" \/>\n<script type=\"application\/ld+json\" class=\"yoast-schema-graph\">{\"@context\":\"https:\\\/\\\/schema.org\",\"@graph\":[{\"@type\":\"Article\",\"@id\":\"https:\\\/\\\/hierostrasbourg.com\\\/index.php\\\/2022\\\/06\\\/12\\\/appel-a-projets-production-de-spectacle-musical-pendant-le-festival-off-davignon-2\\\/#article\",\"isPartOf\":{\"@id\":\"https:\\\/\\\/hierostrasbourg.com\\\/index.php\\\/2022\\\/06\\\/12\\\/appel-a-projets-production-de-spectacle-musical-pendant-le-festival-off-davignon-2\\\/\"},\"author\":{\"name\":\"\",\"@id\":\"\"},\"headline\":\"Appel \u00e0 projets : Production de spectacle musical pendant le festival Off d\u2019Avignon\",\"datePublished\":\"2022-06-12T19:32:13+00:00\",\"mainEntityOfPage\":{\"@id\":\"https:\\\/\\\/hierostrasbourg.com\\\/index.php\\\/2022\\\/06\\\/12\\\/appel-a-projets-production-de-spectacle-musical-pendant-le-festival-off-davignon-2\\\/\"},\"wordCount\":886,\"publisher\":{\"@id\":\"https:\\\/\\\/hierostrasbourg.com\\\/#organization\"},\"inLanguage\":\"fr-FR\"},{\"@type\":\"WebPage\",\"@id\":\"https:\\\/\\\/hierostrasbourg.com\\\/index.php\\\/2022\\\/06\\\/12\\\/appel-a-projets-production-de-spectacle-musical-pendant-le-festival-off-davignon-2\\\/\",\"url\":\"https:\\\/\\\/hierostrasbourg.com\\\/index.php\\\/2022\\\/06\\\/12\\\/appel-a-projets-production-de-spectacle-musical-pendant-le-festival-off-davignon-2\\\/\",\"name\":\"Appel \u00e0 projets : Production de spectacle musical pendant le festival Off d\u2019Avignon - HIERO STRASBOURG\",\"isPartOf\":{\"@id\":\"https:\\\/\\\/hierostrasbourg.com\\\/#website\"},\"datePublished\":\"2022-06-12T19:32:13+00:00\",\"breadcrumb\":{\"@id\":\"https:\\\/\\\/hierostrasbourg.com\\\/index.php\\\/2022\\\/06\\\/12\\\/appel-a-projets-production-de-spectacle-musical-pendant-le-festival-off-davignon-2\\\/#breadcrumb\"},\"inLanguage\":\"fr-FR\",\"potentialAction\":[{\"@type\":\"ReadAction\",\"target\":[\"https:\\\/\\\/hierostrasbourg.com\\\/index.php\\\/2022\\\/06\\\/12\\\/appel-a-projets-production-de-spectacle-musical-pendant-le-festival-off-davignon-2\\\/\"]}]},{\"@type\":\"BreadcrumbList\",\"@id\":\"https:\\\/\\\/hierostrasbourg.com\\\/index.php\\\/2022\\\/06\\\/12\\\/appel-a-projets-production-de-spectacle-musical-pendant-le-festival-off-davignon-2\\\/#breadcrumb\",\"itemListElement\":[{\"@type\":\"ListItem\",\"position\":1,\"name\":\"Accueil\",\"item\":\"https:\\\/\\\/hierostrasbourg.com\\\/\"},{\"@type\":\"ListItem\",\"position\":2,\"name\":\"Appel \u00e0 projets : Production de spectacle musical pendant le festival Off d\u2019Avignon\"}]},{\"@type\":\"WebSite\",\"@id\":\"https:\\\/\\\/hierostrasbourg.com\\\/#website\",\"url\":\"https:\\\/\\\/hierostrasbourg.com\\\/\",\"name\":\"HIERO STRASBOURG\",\"description\":\"Centre de Ressources Musiques Actuelles\",\"publisher\":{\"@id\":\"https:\\\/\\\/hierostrasbourg.com\\\/#organization\"},\"potentialAction\":[{\"@type\":\"SearchAction\",\"target\":{\"@type\":\"EntryPoint\",\"urlTemplate\":\"https:\\\/\\\/hierostrasbourg.com\\\/?s={search_term_string}\"},\"query-input\":{\"@type\":\"PropertyValueSpecification\",\"valueRequired\":true,\"valueName\":\"search_term_string\"}}],\"inLanguage\":\"fr-FR\"},{\"@type\":\"Organization\",\"@id\":\"https:\\\/\\\/hierostrasbourg.com\\\/#organization\",\"name\":\"F\u00e9d\u00e9ration Hi\u00e9ro Strasbourg\",\"url\":\"https:\\\/\\\/hierostrasbourg.com\\\/\",\"logo\":{\"@type\":\"ImageObject\",\"inLanguage\":\"fr-FR\",\"@id\":\"https:\\\/\\\/hierostrasbourg.com\\\/#\\\/schema\\\/logo\\\/image\\\/\",\"url\":\"https:\\\/\\\/hierostrasbourg.com\\\/wp-content\\\/uploads\\\/2026\\\/04\\\/logo-hiero-strasbourg.jpg\",\"contentUrl\":\"https:\\\/\\\/hierostrasbourg.com\\\/wp-content\\\/uploads\\\/2026\\\/04\\\/logo-hiero-strasbourg.jpg\",\"width\":204,\"height\":192,\"caption\":\"F\u00e9d\u00e9ration Hi\u00e9ro Strasbourg\"},\"image\":{\"@id\":\"https:\\\/\\\/hierostrasbourg.com\\\/#\\\/schema\\\/logo\\\/image\\\/\"},\"sameAs\":[\"https:\\\/\\\/www.facebook.com\\\/fedehierostrasbourg\",\"https:\\\/\\\/x.com\\\/hierostrasbourg\"]}]}<\/script>\n<!-- \/ Yoast SEO plugin. -->","yoast_head_json":{"title":"Appel \u00e0 projets : Production de spectacle musical pendant le festival Off d\u2019Avignon - HIERO STRASBOURG","robots":{"index":"index","follow":"follow","max-snippet":"max-snippet:-1","max-image-preview":"max-image-preview:large","max-video-preview":"max-video-preview:-1"},"canonical":"https:\/\/hierostrasbourg.com\/index.php\/2022\/06\/12\/appel-a-projets-production-de-spectacle-musical-pendant-le-festival-off-davignon-2\/","og_locale":"fr_FR","og_type":"article","og_title":"Appel \u00e0 projets : Production de spectacle musical pendant le festival Off d\u2019Avignon - HIERO STRASBOURG","og_description":"Objectif Soutenir les cr\u00e9ateurs et leur entourage professionnel dans la prise de risque financi\u00e8re li\u00e9e \u00e0 la production d\u2019un spectacle musical programm\u00e9 dans le cadre du festival Off d\u2019Avignon. Par spectacle musical, on entend\u00a0un spectacle d\u2019un minimum de 60 minutes avec un travail significatif de mise en espace : soit compos\u00e9, pour plus de 80% du spectacle, d\u2019\u0153uvres musicales originales (cr\u00e9ation et\/ou parodie) cr\u00e9\u00e9es par un ou des auteurs compositeurs et suivant un fil narratif soit compos\u00e9 majoritairement de r\u00e9pertoires [&hellip;]","og_url":"https:\/\/hierostrasbourg.com\/index.php\/2022\/06\/12\/appel-a-projets-production-de-spectacle-musical-pendant-le-festival-off-davignon-2\/","og_site_name":"HIERO STRASBOURG","article_publisher":"https:\/\/www.facebook.com\/fedehierostrasbourg","article_published_time":"2022-06-12T19:32:13+00:00","twitter_card":"summary_large_image","twitter_creator":"@hierostrasbourg","twitter_site":"@hierostrasbourg","twitter_misc":{"Dur\u00e9e de lecture estim\u00e9e":"4 minutes"},"schema":{"@context":"https:\/\/schema.org","@graph":[{"@type":"Article","@id":"https:\/\/hierostrasbourg.com\/index.php\/2022\/06\/12\/appel-a-projets-production-de-spectacle-musical-pendant-le-festival-off-davignon-2\/#article","isPartOf":{"@id":"https:\/\/hierostrasbourg.com\/index.php\/2022\/06\/12\/appel-a-projets-production-de-spectacle-musical-pendant-le-festival-off-davignon-2\/"},"author":{"name":"","@id":""},"headline":"Appel \u00e0 projets : Production de spectacle musical pendant le festival Off d\u2019Avignon","datePublished":"2022-06-12T19:32:13+00:00","mainEntityOfPage":{"@id":"https:\/\/hierostrasbourg.com\/index.php\/2022\/06\/12\/appel-a-projets-production-de-spectacle-musical-pendant-le-festival-off-davignon-2\/"},"wordCount":886,"publisher":{"@id":"https:\/\/hierostrasbourg.com\/#organization"},"inLanguage":"fr-FR"},{"@type":"WebPage","@id":"https:\/\/hierostrasbourg.com\/index.php\/2022\/06\/12\/appel-a-projets-production-de-spectacle-musical-pendant-le-festival-off-davignon-2\/","url":"https:\/\/hierostrasbourg.com\/index.php\/2022\/06\/12\/appel-a-projets-production-de-spectacle-musical-pendant-le-festival-off-davignon-2\/","name":"Appel \u00e0 projets : Production de spectacle musical pendant le festival Off d\u2019Avignon - HIERO STRASBOURG","isPartOf":{"@id":"https:\/\/hierostrasbourg.com\/#website"},"datePublished":"2022-06-12T19:32:13+00:00","breadcrumb":{"@id":"https:\/\/hierostrasbourg.com\/index.php\/2022\/06\/12\/appel-a-projets-production-de-spectacle-musical-pendant-le-festival-off-davignon-2\/#breadcrumb"},"inLanguage":"fr-FR","potentialAction":[{"@type":"ReadAction","target":["https:\/\/hierostrasbourg.com\/index.php\/2022\/06\/12\/appel-a-projets-production-de-spectacle-musical-pendant-le-festival-off-davignon-2\/"]}]},{"@type":"BreadcrumbList","@id":"https:\/\/hierostrasbourg.com\/index.php\/2022\/06\/12\/appel-a-projets-production-de-spectacle-musical-pendant-le-festival-off-davignon-2\/#breadcrumb","itemListElement":[{"@type":"ListItem","position":1,"name":"Accueil","item":"https:\/\/hierostrasbourg.com\/"},{"@type":"ListItem","position":2,"name":"Appel \u00e0 projets : Production de spectacle musical pendant le festival Off d\u2019Avignon"}]},{"@type":"WebSite","@id":"https:\/\/hierostrasbourg.com\/#website","url":"https:\/\/hierostrasbourg.com\/","name":"HIERO STRASBOURG","description":"Centre de Ressources Musiques Actuelles","publisher":{"@id":"https:\/\/hierostrasbourg.com\/#organization"},"potentialAction":[{"@type":"SearchAction","target":{"@type":"EntryPoint","urlTemplate":"https:\/\/hierostrasbourg.com\/?s={search_term_string}"},"query-input":{"@type":"PropertyValueSpecification","valueRequired":true,"valueName":"search_term_string"}}],"inLanguage":"fr-FR"},{"@type":"Organization","@id":"https:\/\/hierostrasbourg.com\/#organization","name":"F\u00e9d\u00e9ration Hi\u00e9ro Strasbourg","url":"https:\/\/hierostrasbourg.com\/","logo":{"@type":"ImageObject","inLanguage":"fr-FR","@id":"https:\/\/hierostrasbourg.com\/#\/schema\/logo\/image\/","url":"https:\/\/hierostrasbourg.com\/wp-content\/uploads\/2026\/04\/logo-hiero-strasbourg.jpg","contentUrl":"https:\/\/hierostrasbourg.com\/wp-content\/uploads\/2026\/04\/logo-hiero-strasbourg.jpg","width":204,"height":192,"caption":"F\u00e9d\u00e9ration Hi\u00e9ro Strasbourg"},"image":{"@id":"https:\/\/hierostrasbourg.com\/#\/schema\/logo\/image\/"},"sameAs":["https:\/\/www.facebook.com\/fedehierostrasbourg","https:\/\/x.com\/hierostrasbourg"]}]}},"_links":{"self":[{"href":"https:\/\/hierostrasbourg.com\/index.php\/wp-json\/wp\/v2\/posts\/2849","targetHints":{"allow":["GET"]}}],"collection":[{"href":"https:\/\/hierostrasbourg.com\/index.php\/wp-json\/wp\/v2\/posts"}],"about":[{"href":"https:\/\/hierostrasbourg.com\/index.php\/wp-json\/wp\/v2\/types\/post"}],"replies":[{"embeddable":true,"href":"https:\/\/hierostrasbourg.com\/index.php\/wp-json\/wp\/v2\/comments?post=2849"}],"version-history":[{"count":0,"href":"https:\/\/hierostrasbourg.com\/index.php\/wp-json\/wp\/v2\/posts\/2849\/revisions"}],"wp:attachment":[{"href":"https:\/\/hierostrasbourg.com\/index.php\/wp-json\/wp\/v2\/media?parent=2849"}],"wp:term":[{"taxonomy":"category","embeddable":true,"href":"https:\/\/hierostrasbourg.com\/index.php\/wp-json\/wp\/v2\/categories?post=2849"},{"taxonomy":"post_tag","embeddable":true,"href":"https:\/\/hierostrasbourg.com\/index.php\/wp-json\/wp\/v2\/tags?post=2849"}],"curies":[{"name":"wp","href":"https:\/\/api.w.org\/{rel}","templated":true}]}}