{"id":2846,"date":"2022-06-12T20:31:18","date_gmt":"2022-06-12T18:31:18","guid":{"rendered":"https:\/\/hierostrasbourg.com\/index.php\/2022\/06\/12\/table-ronde-les-effets-des-rachats-dans-le-secteur-des-musiques-actuelles\/"},"modified":"2022-06-12T20:31:18","modified_gmt":"2022-06-12T18:31:18","slug":"table-ronde-les-effets-des-rachats-dans-le-secteur-des-musiques-actuelles","status":"publish","type":"post","link":"https:\/\/hierostrasbourg.com\/index.php\/2022\/06\/12\/table-ronde-les-effets-des-rachats-dans-le-secteur-des-musiques-actuelles\/","title":{"rendered":"Table Ronde : Les effets des rachats dans le secteur des musiques actuelles"},"content":{"rendered":"<p><span>communiqu\u00e9<\/span><\/p>\n<p><em>Si le mod\u00e8le culturellement et socialement structurant des festivals est enfin reconnu, ceux-ci attirent aussi les groupes capitalistiques qui y voient un outil marketing, une carte ma\u00eetresse dans l\u2019affirmation de leur position dans le march\u00e9 des musiques actuelles. Les rachats se multiplient et cela n\u2019est pas sans effet quant au maintien de la diversit\u00e9.<\/em><\/p>\n<p><span class=\"mce_SELRES_start\">\ufeff<\/span><\/p>\n<div class=\"ead-preview\">\n<div class=\"ead-document\">\n<div class=\"ead-iframe-wrapper\"><\/div>\n<div class=\"ead-document-loading\">\n<div class=\"ead-loading-wrap\">\n<div class=\"ead-loading-main\">\n<div class=\"ead-loading\">\n\t\t\t\t\t\t\t<span>En cours de chargement\u2026<\/span>\n\t\t\t\t\t\t<\/div>\n<\/p><\/div>\n<div class=\"ead-loading-foot\">\n<div class=\"ead-loading-foot-title\">\n\t\t\t\t\t\t\t<span>Cela prend trop de temps\u00a0?<\/span>\n\t\t\t\t\t\t<\/div>\n<\/p>\n<div class=\"ead-document-btn ead-reload-btn\">\n\t\t\t\t\t\t\t\t Recharger le document\t\t\t\t\t\t\t<\/div>\n<p>\t\t\t\t\t\t\t<span>|<\/span><br \/>\n\t\t\t\t\t\t\t<a href=\"https:\/\/lamultinationaledelunderground.com\/musiquesactuelles\/wp-content\/uploads\/2022\/06\/LES-EFFETS-DES-RACHATS-DANS-LE-SECTEUR-DES-MUSIQUES-ACTUELLES-2.pdf\" class=\"ead-document-btn\" target=\"_blank\" rel=\"noopener\"><br \/>\n\t\t\t\t\t\t\t\t Ouvrir dans un nouvel onglet\t\t\t\t\t\t\t<\/a>\n\t\t\t\t\t<\/div>\n<\/p><\/div>\n<\/p><\/div>\n<\/p><\/div>\n<p class=\"embed_download\"><a href=\"https:\/\/lamultinationaledelunderground.com\/musiquesactuelles\/wp-content\/uploads\/2022\/06\/LES-EFFETS-DES-RACHATS-DANS-LE-SECTEUR-DES-MUSIQUES-ACTUELLES-2.pdf\">\ufeffT\u00e9l\u00e9charger [298.45 KB] <\/a><\/p>\n<\/div>\n<p>L\u2019article <a href=\"https:\/\/popburo.fr\/table-ronde-les-effets-des-rachats-dans-le-secteur-des-musiques-actuelles\/\">Table Ronde : Les effets des rachats dans le secteur des musiques actuelles<\/a> est apparu en premier sur <a href=\"https:\/\/popburo.fr\/\">POP B\u00dcRO<\/a>.<\/p>\n","protected":false},"excerpt":{"rendered":"<p>communiqu\u00e9 Si le mod\u00e8le culturellement et socialement structurant des festivals est enfin reconnu, ceux-ci attirent aussi les groupes capitalistiques qui y voient un outil marketing, une carte ma\u00eetresse dans l\u2019affirmation de leur position dans le march\u00e9 des musiques actuelles. Les rachats se multiplient et cela n\u2019est pas sans effet quant au maintien de la diversit\u00e9. \ufeff En cours de chargement\u2026 Cela prend trop de temps\u00a0? Recharger le document | Ouvrir dans un nouvel onglet \ufeffT\u00e9l\u00e9charger [298.45 KB] L\u2019article Table Ronde [&hellip;]<\/p>\n","protected":false},"author":0,"featured_media":0,"comment_status":"closed","ping_status":"open","sticky":false,"template":"","format":"standard","meta":{"footnotes":""},"categories":[1],"tags":[],"class_list":["post-2846","post","type-post","status-publish","format-standard","hentry","category-non-classe"],"yoast_head":"<!-- This site is optimized with the Yoast SEO plugin v27.5 - https:\/\/yoast.com\/product\/yoast-seo-wordpress\/ -->\n<title>Table Ronde : Les effets des rachats dans le secteur des musiques actuelles - HIERO STRASBOURG<\/title>\n<meta name=\"robots\" content=\"index, follow, max-snippet:-1, max-image-preview:large, max-video-preview:-1\" \/>\n<link rel=\"canonical\" href=\"https:\/\/hierostrasbourg.com\/index.php\/2022\/06\/12\/table-ronde-les-effets-des-rachats-dans-le-secteur-des-musiques-actuelles\/\" \/>\n<meta property=\"og:locale\" content=\"fr_FR\" \/>\n<meta property=\"og:type\" content=\"article\" \/>\n<meta property=\"og:title\" content=\"Table Ronde : Les effets des rachats dans le secteur des musiques actuelles - HIERO STRASBOURG\" \/>\n<meta property=\"og:description\" content=\"communiqu\u00e9 Si le mod\u00e8le culturellement et socialement structurant des festivals est enfin reconnu, ceux-ci attirent aussi les groupes capitalistiques qui y voient un outil marketing, une carte ma\u00eetresse dans l\u2019affirmation de leur position dans le march\u00e9 des musiques actuelles. Les rachats se multiplient et cela n\u2019est pas sans effet quant au maintien de la diversit\u00e9. \ufeff En cours de chargement\u2026 Cela prend trop de temps\u00a0? Recharger le document | Ouvrir dans un nouvel onglet \ufeffT\u00e9l\u00e9charger [298.45 KB] L\u2019article Table Ronde [&hellip;]\" \/>\n<meta property=\"og:url\" content=\"https:\/\/hierostrasbourg.com\/index.php\/2022\/06\/12\/table-ronde-les-effets-des-rachats-dans-le-secteur-des-musiques-actuelles\/\" \/>\n<meta property=\"og:site_name\" content=\"HIERO STRASBOURG\" \/>\n<meta property=\"article:publisher\" content=\"https:\/\/www.facebook.com\/fedehierostrasbourg\" \/>\n<meta property=\"article:published_time\" content=\"2022-06-12T18:31:18+00:00\" \/>\n<meta name=\"twitter:card\" content=\"summary_large_image\" \/>\n<meta name=\"twitter:creator\" content=\"@hierostrasbourg\" \/>\n<meta name=\"twitter:site\" content=\"@hierostrasbourg\" \/>\n<meta name=\"twitter:label1\" content=\"Dur\u00e9e de lecture estim\u00e9e\" \/>\n\t<meta name=\"twitter:data1\" content=\"1 minute\" \/>\n<script type=\"application\/ld+json\" class=\"yoast-schema-graph\">{\"@context\":\"https:\\\/\\\/schema.org\",\"@graph\":[{\"@type\":\"Article\",\"@id\":\"https:\\\/\\\/hierostrasbourg.com\\\/index.php\\\/2022\\\/06\\\/12\\\/table-ronde-les-effets-des-rachats-dans-le-secteur-des-musiques-actuelles\\\/#article\",\"isPartOf\":{\"@id\":\"https:\\\/\\\/hierostrasbourg.com\\\/index.php\\\/2022\\\/06\\\/12\\\/table-ronde-les-effets-des-rachats-dans-le-secteur-des-musiques-actuelles\\\/\"},\"author\":{\"name\":\"\",\"@id\":\"\"},\"headline\":\"Table Ronde : Les effets des rachats dans le secteur des musiques actuelles\",\"datePublished\":\"2022-06-12T18:31:18+00:00\",\"mainEntityOfPage\":{\"@id\":\"https:\\\/\\\/hierostrasbourg.com\\\/index.php\\\/2022\\\/06\\\/12\\\/table-ronde-les-effets-des-rachats-dans-le-secteur-des-musiques-actuelles\\\/\"},\"wordCount\":114,\"publisher\":{\"@id\":\"https:\\\/\\\/hierostrasbourg.com\\\/#organization\"},\"inLanguage\":\"fr-FR\"},{\"@type\":\"WebPage\",\"@id\":\"https:\\\/\\\/hierostrasbourg.com\\\/index.php\\\/2022\\\/06\\\/12\\\/table-ronde-les-effets-des-rachats-dans-le-secteur-des-musiques-actuelles\\\/\",\"url\":\"https:\\\/\\\/hierostrasbourg.com\\\/index.php\\\/2022\\\/06\\\/12\\\/table-ronde-les-effets-des-rachats-dans-le-secteur-des-musiques-actuelles\\\/\",\"name\":\"Table Ronde : Les effets des rachats dans le secteur des musiques actuelles - HIERO STRASBOURG\",\"isPartOf\":{\"@id\":\"https:\\\/\\\/hierostrasbourg.com\\\/#website\"},\"datePublished\":\"2022-06-12T18:31:18+00:00\",\"breadcrumb\":{\"@id\":\"https:\\\/\\\/hierostrasbourg.com\\\/index.php\\\/2022\\\/06\\\/12\\\/table-ronde-les-effets-des-rachats-dans-le-secteur-des-musiques-actuelles\\\/#breadcrumb\"},\"inLanguage\":\"fr-FR\",\"potentialAction\":[{\"@type\":\"ReadAction\",\"target\":[\"https:\\\/\\\/hierostrasbourg.com\\\/index.php\\\/2022\\\/06\\\/12\\\/table-ronde-les-effets-des-rachats-dans-le-secteur-des-musiques-actuelles\\\/\"]}]},{\"@type\":\"BreadcrumbList\",\"@id\":\"https:\\\/\\\/hierostrasbourg.com\\\/index.php\\\/2022\\\/06\\\/12\\\/table-ronde-les-effets-des-rachats-dans-le-secteur-des-musiques-actuelles\\\/#breadcrumb\",\"itemListElement\":[{\"@type\":\"ListItem\",\"position\":1,\"name\":\"Accueil\",\"item\":\"https:\\\/\\\/hierostrasbourg.com\\\/\"},{\"@type\":\"ListItem\",\"position\":2,\"name\":\"Table Ronde : Les effets des rachats dans le secteur des musiques actuelles\"}]},{\"@type\":\"WebSite\",\"@id\":\"https:\\\/\\\/hierostrasbourg.com\\\/#website\",\"url\":\"https:\\\/\\\/hierostrasbourg.com\\\/\",\"name\":\"HIERO STRASBOURG\",\"description\":\"Centre de Ressources Musiques Actuelles\",\"publisher\":{\"@id\":\"https:\\\/\\\/hierostrasbourg.com\\\/#organization\"},\"potentialAction\":[{\"@type\":\"SearchAction\",\"target\":{\"@type\":\"EntryPoint\",\"urlTemplate\":\"https:\\\/\\\/hierostrasbourg.com\\\/?s={search_term_string}\"},\"query-input\":{\"@type\":\"PropertyValueSpecification\",\"valueRequired\":true,\"valueName\":\"search_term_string\"}}],\"inLanguage\":\"fr-FR\"},{\"@type\":\"Organization\",\"@id\":\"https:\\\/\\\/hierostrasbourg.com\\\/#organization\",\"name\":\"F\u00e9d\u00e9ration Hi\u00e9ro Strasbourg\",\"url\":\"https:\\\/\\\/hierostrasbourg.com\\\/\",\"logo\":{\"@type\":\"ImageObject\",\"inLanguage\":\"fr-FR\",\"@id\":\"https:\\\/\\\/hierostrasbourg.com\\\/#\\\/schema\\\/logo\\\/image\\\/\",\"url\":\"https:\\\/\\\/hierostrasbourg.com\\\/wp-content\\\/uploads\\\/2026\\\/04\\\/logo-hiero-strasbourg.jpg\",\"contentUrl\":\"https:\\\/\\\/hierostrasbourg.com\\\/wp-content\\\/uploads\\\/2026\\\/04\\\/logo-hiero-strasbourg.jpg\",\"width\":204,\"height\":192,\"caption\":\"F\u00e9d\u00e9ration Hi\u00e9ro Strasbourg\"},\"image\":{\"@id\":\"https:\\\/\\\/hierostrasbourg.com\\\/#\\\/schema\\\/logo\\\/image\\\/\"},\"sameAs\":[\"https:\\\/\\\/www.facebook.com\\\/fedehierostrasbourg\",\"https:\\\/\\\/x.com\\\/hierostrasbourg\"]}]}<\/script>\n<!-- \/ Yoast SEO plugin. -->","yoast_head_json":{"title":"Table Ronde : Les effets des rachats dans le secteur des musiques actuelles - HIERO STRASBOURG","robots":{"index":"index","follow":"follow","max-snippet":"max-snippet:-1","max-image-preview":"max-image-preview:large","max-video-preview":"max-video-preview:-1"},"canonical":"https:\/\/hierostrasbourg.com\/index.php\/2022\/06\/12\/table-ronde-les-effets-des-rachats-dans-le-secteur-des-musiques-actuelles\/","og_locale":"fr_FR","og_type":"article","og_title":"Table Ronde : Les effets des rachats dans le secteur des musiques actuelles - HIERO STRASBOURG","og_description":"communiqu\u00e9 Si le mod\u00e8le culturellement et socialement structurant des festivals est enfin reconnu, ceux-ci attirent aussi les groupes capitalistiques qui y voient un outil marketing, une carte ma\u00eetresse dans l\u2019affirmation de leur position dans le march\u00e9 des musiques actuelles. Les rachats se multiplient et cela n\u2019est pas sans effet quant au maintien de la diversit\u00e9. \ufeff En cours de chargement\u2026 Cela prend trop de temps\u00a0? Recharger le document | Ouvrir dans un nouvel onglet \ufeffT\u00e9l\u00e9charger [298.45 KB] L\u2019article Table Ronde [&hellip;]","og_url":"https:\/\/hierostrasbourg.com\/index.php\/2022\/06\/12\/table-ronde-les-effets-des-rachats-dans-le-secteur-des-musiques-actuelles\/","og_site_name":"HIERO STRASBOURG","article_publisher":"https:\/\/www.facebook.com\/fedehierostrasbourg","article_published_time":"2022-06-12T18:31:18+00:00","twitter_card":"summary_large_image","twitter_creator":"@hierostrasbourg","twitter_site":"@hierostrasbourg","twitter_misc":{"Dur\u00e9e de lecture estim\u00e9e":"1 minute"},"schema":{"@context":"https:\/\/schema.org","@graph":[{"@type":"Article","@id":"https:\/\/hierostrasbourg.com\/index.php\/2022\/06\/12\/table-ronde-les-effets-des-rachats-dans-le-secteur-des-musiques-actuelles\/#article","isPartOf":{"@id":"https:\/\/hierostrasbourg.com\/index.php\/2022\/06\/12\/table-ronde-les-effets-des-rachats-dans-le-secteur-des-musiques-actuelles\/"},"author":{"name":"","@id":""},"headline":"Table Ronde : Les effets des rachats dans le secteur des musiques actuelles","datePublished":"2022-06-12T18:31:18+00:00","mainEntityOfPage":{"@id":"https:\/\/hierostrasbourg.com\/index.php\/2022\/06\/12\/table-ronde-les-effets-des-rachats-dans-le-secteur-des-musiques-actuelles\/"},"wordCount":114,"publisher":{"@id":"https:\/\/hierostrasbourg.com\/#organization"},"inLanguage":"fr-FR"},{"@type":"WebPage","@id":"https:\/\/hierostrasbourg.com\/index.php\/2022\/06\/12\/table-ronde-les-effets-des-rachats-dans-le-secteur-des-musiques-actuelles\/","url":"https:\/\/hierostrasbourg.com\/index.php\/2022\/06\/12\/table-ronde-les-effets-des-rachats-dans-le-secteur-des-musiques-actuelles\/","name":"Table Ronde : Les effets des rachats dans le secteur des musiques actuelles - HIERO STRASBOURG","isPartOf":{"@id":"https:\/\/hierostrasbourg.com\/#website"},"datePublished":"2022-06-12T18:31:18+00:00","breadcrumb":{"@id":"https:\/\/hierostrasbourg.com\/index.php\/2022\/06\/12\/table-ronde-les-effets-des-rachats-dans-le-secteur-des-musiques-actuelles\/#breadcrumb"},"inLanguage":"fr-FR","potentialAction":[{"@type":"ReadAction","target":["https:\/\/hierostrasbourg.com\/index.php\/2022\/06\/12\/table-ronde-les-effets-des-rachats-dans-le-secteur-des-musiques-actuelles\/"]}]},{"@type":"BreadcrumbList","@id":"https:\/\/hierostrasbourg.com\/index.php\/2022\/06\/12\/table-ronde-les-effets-des-rachats-dans-le-secteur-des-musiques-actuelles\/#breadcrumb","itemListElement":[{"@type":"ListItem","position":1,"name":"Accueil","item":"https:\/\/hierostrasbourg.com\/"},{"@type":"ListItem","position":2,"name":"Table Ronde : Les effets des rachats dans le secteur des musiques actuelles"}]},{"@type":"WebSite","@id":"https:\/\/hierostrasbourg.com\/#website","url":"https:\/\/hierostrasbourg.com\/","name":"HIERO STRASBOURG","description":"Centre de Ressources Musiques Actuelles","publisher":{"@id":"https:\/\/hierostrasbourg.com\/#organization"},"potentialAction":[{"@type":"SearchAction","target":{"@type":"EntryPoint","urlTemplate":"https:\/\/hierostrasbourg.com\/?s={search_term_string}"},"query-input":{"@type":"PropertyValueSpecification","valueRequired":true,"valueName":"search_term_string"}}],"inLanguage":"fr-FR"},{"@type":"Organization","@id":"https:\/\/hierostrasbourg.com\/#organization","name":"F\u00e9d\u00e9ration Hi\u00e9ro Strasbourg","url":"https:\/\/hierostrasbourg.com\/","logo":{"@type":"ImageObject","inLanguage":"fr-FR","@id":"https:\/\/hierostrasbourg.com\/#\/schema\/logo\/image\/","url":"https:\/\/hierostrasbourg.com\/wp-content\/uploads\/2026\/04\/logo-hiero-strasbourg.jpg","contentUrl":"https:\/\/hierostrasbourg.com\/wp-content\/uploads\/2026\/04\/logo-hiero-strasbourg.jpg","width":204,"height":192,"caption":"F\u00e9d\u00e9ration Hi\u00e9ro Strasbourg"},"image":{"@id":"https:\/\/hierostrasbourg.com\/#\/schema\/logo\/image\/"},"sameAs":["https:\/\/www.facebook.com\/fedehierostrasbourg","https:\/\/x.com\/hierostrasbourg"]}]}},"_links":{"self":[{"href":"https:\/\/hierostrasbourg.com\/index.php\/wp-json\/wp\/v2\/posts\/2846","targetHints":{"allow":["GET"]}}],"collection":[{"href":"https:\/\/hierostrasbourg.com\/index.php\/wp-json\/wp\/v2\/posts"}],"about":[{"href":"https:\/\/hierostrasbourg.com\/index.php\/wp-json\/wp\/v2\/types\/post"}],"replies":[{"embeddable":true,"href":"https:\/\/hierostrasbourg.com\/index.php\/wp-json\/wp\/v2\/comments?post=2846"}],"version-history":[{"count":0,"href":"https:\/\/hierostrasbourg.com\/index.php\/wp-json\/wp\/v2\/posts\/2846\/revisions"}],"wp:attachment":[{"href":"https:\/\/hierostrasbourg.com\/index.php\/wp-json\/wp\/v2\/media?parent=2846"}],"wp:term":[{"taxonomy":"category","embeddable":true,"href":"https:\/\/hierostrasbourg.com\/index.php\/wp-json\/wp\/v2\/categories?post=2846"},{"taxonomy":"post_tag","embeddable":true,"href":"https:\/\/hierostrasbourg.com\/index.php\/wp-json\/wp\/v2\/tags?post=2846"}],"curies":[{"name":"wp","href":"https:\/\/api.w.org\/{rel}","templated":true}]}}