{"id":2843,"date":"2022-06-12T17:34:21","date_gmt":"2022-06-12T15:34:21","guid":{"rendered":"https:\/\/hierostrasbourg.com\/index.php\/2022\/06\/12\/synthese-du-rapport-organismes-de-gestion-collective-des-droits-voisins-des-artistes-interpretes-2\/"},"modified":"2022-06-12T17:34:21","modified_gmt":"2022-06-12T15:34:21","slug":"synthese-du-rapport-organismes-de-gestion-collective-des-droits-voisins-des-artistes-interpretes-2","status":"publish","type":"post","link":"https:\/\/hierostrasbourg.com\/index.php\/2022\/06\/12\/synthese-du-rapport-organismes-de-gestion-collective-des-droits-voisins-des-artistes-interpretes-2\/","title":{"rendered":"Synth\u00e8se du rapport \u201cOrganismes de gestion collective des droits voisins des artistes-interpr\u00e8tes\u201d"},"content":{"rendered":"<p><a href=\"https:\/\/musiquesactuelles.alsace\/synthese-du-rapport-organismes-de-gestion-collective-des-droits-voisins-des-artistes-interpretes\/\" title=\"Synth\u00e8se du rapport \u201cOrganismes de gestion collective des droits voisins des artistes-interpr\u00e8tes\u201d\"><\/a><\/p>\n<p>communiqu\u00e9 La Commission de contr\u00f4le a d\u00e9cid\u00e9 de proc\u00e9der, au titre de la campagne de contr\u00f4les conduite en 2021 et pour la premi\u00e8re fois depuis sa cr\u00e9ation, \u00e0 un contr\u00f4le sp\u00e9cifique des comptes et de la gestion des trois organismes de gestion collective des droits voisins des artistes-interpr\u00e8tes (ADAMI, SPEDIDAM et SAI). En r\u00e9alisant des contr\u00f4les organiques, la Commission de contr\u00f4le se fixe un double objectif : proc\u00e9der \u00e0 un contr\u00f4le approfondi des OGC retenus qui permettra d\u2019apporter aux associ\u00e9s [\u2026]<\/p>\n<p>L\u2019article <a href=\"https:\/\/musiquesactuelles.alsace\/synthese-du-rapport-organismes-de-gestion-collective-des-droits-voisins-des-artistes-interpretes\/\">Synth\u00e8se du rapport \u201cOrganismes de gestion collective des droits voisins des artistes-interpr\u00e8tes\u201d<\/a> est apparu en premier sur <a href=\"https:\/\/musiquesactuelles.alsace\/\">Musiques Actuelles en Alsace<\/a>.<\/p>\n<p>L\u2019article <a href=\"https:\/\/popburo.fr\/synthese-du-rapport-organismes-de-gestion-collective-des-droits-voisins-des-artistes-interpretes-2\/\">Synth\u00e8se du rapport \u201cOrganismes de gestion collective des droits voisins des artistes-interpr\u00e8tes\u201d<\/a> est apparu en premier sur <a href=\"https:\/\/popburo.fr\/\">POP B\u00dcRO<\/a>.<\/p>\n","protected":false},"excerpt":{"rendered":"<p>communiqu\u00e9 La Commission de contr\u00f4le a d\u00e9cid\u00e9 de proc\u00e9der, au titre de la campagne de contr\u00f4les conduite en 2021 et pour la premi\u00e8re fois depuis sa cr\u00e9ation, \u00e0 un contr\u00f4le sp\u00e9cifique des comptes et de la gestion des trois organismes de gestion collective des droits voisins des artistes-interpr\u00e8tes (ADAMI, SPEDIDAM et SAI). En r\u00e9alisant des contr\u00f4les organiques, la Commission de contr\u00f4le se fixe un double objectif : proc\u00e9der \u00e0 un contr\u00f4le approfondi des OGC retenus qui permettra d\u2019apporter aux associ\u00e9s [&hellip;]<\/p>\n","protected":false},"author":0,"featured_media":0,"comment_status":"closed","ping_status":"open","sticky":false,"template":"","format":"standard","meta":{"footnotes":""},"categories":[1],"tags":[],"class_list":["post-2843","post","type-post","status-publish","format-standard","hentry","category-non-classe"],"yoast_head":"<!-- This site is optimized with the Yoast SEO plugin v27.5 - https:\/\/yoast.com\/product\/yoast-seo-wordpress\/ -->\n<title>Synth\u00e8se du rapport \u201cOrganismes de gestion collective des droits voisins des artistes-interpr\u00e8tes\u201d - HIERO STRASBOURG<\/title>\n<meta name=\"robots\" content=\"index, follow, max-snippet:-1, max-image-preview:large, max-video-preview:-1\" \/>\n<link rel=\"canonical\" href=\"https:\/\/hierostrasbourg.com\/index.php\/2022\/06\/12\/synthese-du-rapport-organismes-de-gestion-collective-des-droits-voisins-des-artistes-interpretes-2\/\" \/>\n<meta property=\"og:locale\" content=\"fr_FR\" \/>\n<meta property=\"og:type\" content=\"article\" \/>\n<meta property=\"og:title\" content=\"Synth\u00e8se du rapport \u201cOrganismes de gestion collective des droits voisins des artistes-interpr\u00e8tes\u201d - HIERO STRASBOURG\" \/>\n<meta property=\"og:description\" content=\"communiqu\u00e9 La Commission de contr\u00f4le a d\u00e9cid\u00e9 de proc\u00e9der, au titre de la campagne de contr\u00f4les conduite en 2021 et pour la premi\u00e8re fois depuis sa cr\u00e9ation, \u00e0 un contr\u00f4le sp\u00e9cifique des comptes et de la gestion des trois organismes de gestion collective des droits voisins des artistes-interpr\u00e8tes (ADAMI, SPEDIDAM et SAI). En r\u00e9alisant des contr\u00f4les organiques, la Commission de contr\u00f4le se fixe un double objectif : proc\u00e9der \u00e0 un contr\u00f4le approfondi des OGC retenus qui permettra d\u2019apporter aux associ\u00e9s [&hellip;]\" \/>\n<meta property=\"og:url\" content=\"https:\/\/hierostrasbourg.com\/index.php\/2022\/06\/12\/synthese-du-rapport-organismes-de-gestion-collective-des-droits-voisins-des-artistes-interpretes-2\/\" \/>\n<meta property=\"og:site_name\" content=\"HIERO STRASBOURG\" \/>\n<meta property=\"article:publisher\" content=\"https:\/\/www.facebook.com\/fedehierostrasbourg\" \/>\n<meta property=\"article:published_time\" content=\"2022-06-12T15:34:21+00:00\" \/>\n<meta name=\"twitter:card\" content=\"summary_large_image\" \/>\n<meta name=\"twitter:creator\" content=\"@hierostrasbourg\" \/>\n<meta name=\"twitter:site\" content=\"@hierostrasbourg\" \/>\n<meta name=\"twitter:label1\" content=\"Dur\u00e9e de lecture estim\u00e9e\" \/>\n\t<meta name=\"twitter:data1\" content=\"1 minute\" \/>\n<script type=\"application\/ld+json\" class=\"yoast-schema-graph\">{\"@context\":\"https:\\\/\\\/schema.org\",\"@graph\":[{\"@type\":\"Article\",\"@id\":\"https:\\\/\\\/hierostrasbourg.com\\\/index.php\\\/2022\\\/06\\\/12\\\/synthese-du-rapport-organismes-de-gestion-collective-des-droits-voisins-des-artistes-interpretes-2\\\/#article\",\"isPartOf\":{\"@id\":\"https:\\\/\\\/hierostrasbourg.com\\\/index.php\\\/2022\\\/06\\\/12\\\/synthese-du-rapport-organismes-de-gestion-collective-des-droits-voisins-des-artistes-interpretes-2\\\/\"},\"author\":{\"name\":\"\",\"@id\":\"\"},\"headline\":\"Synth\u00e8se du rapport \u201cOrganismes de gestion collective des droits voisins des artistes-interpr\u00e8tes\u201d\",\"datePublished\":\"2022-06-12T15:34:21+00:00\",\"mainEntityOfPage\":{\"@id\":\"https:\\\/\\\/hierostrasbourg.com\\\/index.php\\\/2022\\\/06\\\/12\\\/synthese-du-rapport-organismes-de-gestion-collective-des-droits-voisins-des-artistes-interpretes-2\\\/\"},\"wordCount\":155,\"publisher\":{\"@id\":\"https:\\\/\\\/hierostrasbourg.com\\\/#organization\"},\"inLanguage\":\"fr-FR\"},{\"@type\":\"WebPage\",\"@id\":\"https:\\\/\\\/hierostrasbourg.com\\\/index.php\\\/2022\\\/06\\\/12\\\/synthese-du-rapport-organismes-de-gestion-collective-des-droits-voisins-des-artistes-interpretes-2\\\/\",\"url\":\"https:\\\/\\\/hierostrasbourg.com\\\/index.php\\\/2022\\\/06\\\/12\\\/synthese-du-rapport-organismes-de-gestion-collective-des-droits-voisins-des-artistes-interpretes-2\\\/\",\"name\":\"Synth\u00e8se du rapport \u201cOrganismes de gestion collective des droits voisins des artistes-interpr\u00e8tes\u201d - HIERO STRASBOURG\",\"isPartOf\":{\"@id\":\"https:\\\/\\\/hierostrasbourg.com\\\/#website\"},\"datePublished\":\"2022-06-12T15:34:21+00:00\",\"breadcrumb\":{\"@id\":\"https:\\\/\\\/hierostrasbourg.com\\\/index.php\\\/2022\\\/06\\\/12\\\/synthese-du-rapport-organismes-de-gestion-collective-des-droits-voisins-des-artistes-interpretes-2\\\/#breadcrumb\"},\"inLanguage\":\"fr-FR\",\"potentialAction\":[{\"@type\":\"ReadAction\",\"target\":[\"https:\\\/\\\/hierostrasbourg.com\\\/index.php\\\/2022\\\/06\\\/12\\\/synthese-du-rapport-organismes-de-gestion-collective-des-droits-voisins-des-artistes-interpretes-2\\\/\"]}]},{\"@type\":\"BreadcrumbList\",\"@id\":\"https:\\\/\\\/hierostrasbourg.com\\\/index.php\\\/2022\\\/06\\\/12\\\/synthese-du-rapport-organismes-de-gestion-collective-des-droits-voisins-des-artistes-interpretes-2\\\/#breadcrumb\",\"itemListElement\":[{\"@type\":\"ListItem\",\"position\":1,\"name\":\"Accueil\",\"item\":\"https:\\\/\\\/hierostrasbourg.com\\\/\"},{\"@type\":\"ListItem\",\"position\":2,\"name\":\"Synth\u00e8se du rapport \u201cOrganismes de gestion collective des droits voisins des artistes-interpr\u00e8tes\u201d\"}]},{\"@type\":\"WebSite\",\"@id\":\"https:\\\/\\\/hierostrasbourg.com\\\/#website\",\"url\":\"https:\\\/\\\/hierostrasbourg.com\\\/\",\"name\":\"HIERO STRASBOURG\",\"description\":\"Centre de Ressources Musiques Actuelles\",\"publisher\":{\"@id\":\"https:\\\/\\\/hierostrasbourg.com\\\/#organization\"},\"potentialAction\":[{\"@type\":\"SearchAction\",\"target\":{\"@type\":\"EntryPoint\",\"urlTemplate\":\"https:\\\/\\\/hierostrasbourg.com\\\/?s={search_term_string}\"},\"query-input\":{\"@type\":\"PropertyValueSpecification\",\"valueRequired\":true,\"valueName\":\"search_term_string\"}}],\"inLanguage\":\"fr-FR\"},{\"@type\":\"Organization\",\"@id\":\"https:\\\/\\\/hierostrasbourg.com\\\/#organization\",\"name\":\"F\u00e9d\u00e9ration Hi\u00e9ro Strasbourg\",\"url\":\"https:\\\/\\\/hierostrasbourg.com\\\/\",\"logo\":{\"@type\":\"ImageObject\",\"inLanguage\":\"fr-FR\",\"@id\":\"https:\\\/\\\/hierostrasbourg.com\\\/#\\\/schema\\\/logo\\\/image\\\/\",\"url\":\"https:\\\/\\\/hierostrasbourg.com\\\/wp-content\\\/uploads\\\/2026\\\/04\\\/logo-hiero-strasbourg.jpg\",\"contentUrl\":\"https:\\\/\\\/hierostrasbourg.com\\\/wp-content\\\/uploads\\\/2026\\\/04\\\/logo-hiero-strasbourg.jpg\",\"width\":204,\"height\":192,\"caption\":\"F\u00e9d\u00e9ration Hi\u00e9ro Strasbourg\"},\"image\":{\"@id\":\"https:\\\/\\\/hierostrasbourg.com\\\/#\\\/schema\\\/logo\\\/image\\\/\"},\"sameAs\":[\"https:\\\/\\\/www.facebook.com\\\/fedehierostrasbourg\",\"https:\\\/\\\/x.com\\\/hierostrasbourg\"]}]}<\/script>\n<!-- \/ Yoast SEO plugin. -->","yoast_head_json":{"title":"Synth\u00e8se du rapport \u201cOrganismes de gestion collective des droits voisins des artistes-interpr\u00e8tes\u201d - HIERO STRASBOURG","robots":{"index":"index","follow":"follow","max-snippet":"max-snippet:-1","max-image-preview":"max-image-preview:large","max-video-preview":"max-video-preview:-1"},"canonical":"https:\/\/hierostrasbourg.com\/index.php\/2022\/06\/12\/synthese-du-rapport-organismes-de-gestion-collective-des-droits-voisins-des-artistes-interpretes-2\/","og_locale":"fr_FR","og_type":"article","og_title":"Synth\u00e8se du rapport \u201cOrganismes de gestion collective des droits voisins des artistes-interpr\u00e8tes\u201d - HIERO STRASBOURG","og_description":"communiqu\u00e9 La Commission de contr\u00f4le a d\u00e9cid\u00e9 de proc\u00e9der, au titre de la campagne de contr\u00f4les conduite en 2021 et pour la premi\u00e8re fois depuis sa cr\u00e9ation, \u00e0 un contr\u00f4le sp\u00e9cifique des comptes et de la gestion des trois organismes de gestion collective des droits voisins des artistes-interpr\u00e8tes (ADAMI, SPEDIDAM et SAI). En r\u00e9alisant des contr\u00f4les organiques, la Commission de contr\u00f4le se fixe un double objectif : proc\u00e9der \u00e0 un contr\u00f4le approfondi des OGC retenus qui permettra d\u2019apporter aux associ\u00e9s [&hellip;]","og_url":"https:\/\/hierostrasbourg.com\/index.php\/2022\/06\/12\/synthese-du-rapport-organismes-de-gestion-collective-des-droits-voisins-des-artistes-interpretes-2\/","og_site_name":"HIERO STRASBOURG","article_publisher":"https:\/\/www.facebook.com\/fedehierostrasbourg","article_published_time":"2022-06-12T15:34:21+00:00","twitter_card":"summary_large_image","twitter_creator":"@hierostrasbourg","twitter_site":"@hierostrasbourg","twitter_misc":{"Dur\u00e9e de lecture estim\u00e9e":"1 minute"},"schema":{"@context":"https:\/\/schema.org","@graph":[{"@type":"Article","@id":"https:\/\/hierostrasbourg.com\/index.php\/2022\/06\/12\/synthese-du-rapport-organismes-de-gestion-collective-des-droits-voisins-des-artistes-interpretes-2\/#article","isPartOf":{"@id":"https:\/\/hierostrasbourg.com\/index.php\/2022\/06\/12\/synthese-du-rapport-organismes-de-gestion-collective-des-droits-voisins-des-artistes-interpretes-2\/"},"author":{"name":"","@id":""},"headline":"Synth\u00e8se du rapport \u201cOrganismes de gestion collective des droits voisins des artistes-interpr\u00e8tes\u201d","datePublished":"2022-06-12T15:34:21+00:00","mainEntityOfPage":{"@id":"https:\/\/hierostrasbourg.com\/index.php\/2022\/06\/12\/synthese-du-rapport-organismes-de-gestion-collective-des-droits-voisins-des-artistes-interpretes-2\/"},"wordCount":155,"publisher":{"@id":"https:\/\/hierostrasbourg.com\/#organization"},"inLanguage":"fr-FR"},{"@type":"WebPage","@id":"https:\/\/hierostrasbourg.com\/index.php\/2022\/06\/12\/synthese-du-rapport-organismes-de-gestion-collective-des-droits-voisins-des-artistes-interpretes-2\/","url":"https:\/\/hierostrasbourg.com\/index.php\/2022\/06\/12\/synthese-du-rapport-organismes-de-gestion-collective-des-droits-voisins-des-artistes-interpretes-2\/","name":"Synth\u00e8se du rapport \u201cOrganismes de gestion collective des droits voisins des artistes-interpr\u00e8tes\u201d - HIERO STRASBOURG","isPartOf":{"@id":"https:\/\/hierostrasbourg.com\/#website"},"datePublished":"2022-06-12T15:34:21+00:00","breadcrumb":{"@id":"https:\/\/hierostrasbourg.com\/index.php\/2022\/06\/12\/synthese-du-rapport-organismes-de-gestion-collective-des-droits-voisins-des-artistes-interpretes-2\/#breadcrumb"},"inLanguage":"fr-FR","potentialAction":[{"@type":"ReadAction","target":["https:\/\/hierostrasbourg.com\/index.php\/2022\/06\/12\/synthese-du-rapport-organismes-de-gestion-collective-des-droits-voisins-des-artistes-interpretes-2\/"]}]},{"@type":"BreadcrumbList","@id":"https:\/\/hierostrasbourg.com\/index.php\/2022\/06\/12\/synthese-du-rapport-organismes-de-gestion-collective-des-droits-voisins-des-artistes-interpretes-2\/#breadcrumb","itemListElement":[{"@type":"ListItem","position":1,"name":"Accueil","item":"https:\/\/hierostrasbourg.com\/"},{"@type":"ListItem","position":2,"name":"Synth\u00e8se du rapport \u201cOrganismes de gestion collective des droits voisins des artistes-interpr\u00e8tes\u201d"}]},{"@type":"WebSite","@id":"https:\/\/hierostrasbourg.com\/#website","url":"https:\/\/hierostrasbourg.com\/","name":"HIERO STRASBOURG","description":"Centre de Ressources Musiques Actuelles","publisher":{"@id":"https:\/\/hierostrasbourg.com\/#organization"},"potentialAction":[{"@type":"SearchAction","target":{"@type":"EntryPoint","urlTemplate":"https:\/\/hierostrasbourg.com\/?s={search_term_string}"},"query-input":{"@type":"PropertyValueSpecification","valueRequired":true,"valueName":"search_term_string"}}],"inLanguage":"fr-FR"},{"@type":"Organization","@id":"https:\/\/hierostrasbourg.com\/#organization","name":"F\u00e9d\u00e9ration Hi\u00e9ro Strasbourg","url":"https:\/\/hierostrasbourg.com\/","logo":{"@type":"ImageObject","inLanguage":"fr-FR","@id":"https:\/\/hierostrasbourg.com\/#\/schema\/logo\/image\/","url":"https:\/\/hierostrasbourg.com\/wp-content\/uploads\/2026\/04\/logo-hiero-strasbourg.jpg","contentUrl":"https:\/\/hierostrasbourg.com\/wp-content\/uploads\/2026\/04\/logo-hiero-strasbourg.jpg","width":204,"height":192,"caption":"F\u00e9d\u00e9ration Hi\u00e9ro Strasbourg"},"image":{"@id":"https:\/\/hierostrasbourg.com\/#\/schema\/logo\/image\/"},"sameAs":["https:\/\/www.facebook.com\/fedehierostrasbourg","https:\/\/x.com\/hierostrasbourg"]}]}},"_links":{"self":[{"href":"https:\/\/hierostrasbourg.com\/index.php\/wp-json\/wp\/v2\/posts\/2843","targetHints":{"allow":["GET"]}}],"collection":[{"href":"https:\/\/hierostrasbourg.com\/index.php\/wp-json\/wp\/v2\/posts"}],"about":[{"href":"https:\/\/hierostrasbourg.com\/index.php\/wp-json\/wp\/v2\/types\/post"}],"replies":[{"embeddable":true,"href":"https:\/\/hierostrasbourg.com\/index.php\/wp-json\/wp\/v2\/comments?post=2843"}],"version-history":[{"count":0,"href":"https:\/\/hierostrasbourg.com\/index.php\/wp-json\/wp\/v2\/posts\/2843\/revisions"}],"wp:attachment":[{"href":"https:\/\/hierostrasbourg.com\/index.php\/wp-json\/wp\/v2\/media?parent=2843"}],"wp:term":[{"taxonomy":"category","embeddable":true,"href":"https:\/\/hierostrasbourg.com\/index.php\/wp-json\/wp\/v2\/categories?post=2843"},{"taxonomy":"post_tag","embeddable":true,"href":"https:\/\/hierostrasbourg.com\/index.php\/wp-json\/wp\/v2\/tags?post=2843"}],"curies":[{"name":"wp","href":"https:\/\/api.w.org\/{rel}","templated":true}]}}