{"id":2841,"date":"2022-06-12T16:30:51","date_gmt":"2022-06-12T14:30:51","guid":{"rendered":"https:\/\/hierostrasbourg.com\/index.php\/2022\/06\/12\/des-defis-ecologiques-pour-les-grands-festivals-2\/"},"modified":"2022-06-12T16:30:51","modified_gmt":"2022-06-12T14:30:51","slug":"des-defis-ecologiques-pour-les-grands-festivals-2","status":"publish","type":"post","link":"https:\/\/hierostrasbourg.com\/index.php\/2022\/06\/12\/des-defis-ecologiques-pour-les-grands-festivals-2\/","title":{"rendered":"Des d\u00e9fis \u00e9cologiques pour les grands festivals"},"content":{"rendered":"<p><em>Le tr\u00e8s branch\u00e9 festival Coachella, au beau milieu du d\u00e9sert californien, est couramment d\u00e9crit comme un d\u00e9sastre \u00e9cologique, qui g\u00e9n\u00e8re beaucoup de d\u00e9chets en plus d\u2019\u00eatre une nuisance sonore pour les \u00e9cosyst\u00e8mes environnants. Sans parler des d\u00e9placements de voitures que l\u2019\u00e9v\u00e9nement engendre. Au Qu\u00e9bec, aucun festival ne laisse une telle empreinte \u00e9cologique. Mais, alors que l\u2019\u00e9t\u00e9 2022 sera celui du retour \u00e0 la normale apr\u00e8s deux ans de pand\u00e9mie, d\u2019importants chantiers restent \u00e0 \u00eatre entrepris si ces \u00e9v\u00e9nements veulent se targuer d\u2019\u00eatre \u00ab verts \u00bb.<\/em><\/p>\n<p>Source \/ Lire la suite : <a href=\"https:\/\/www.ledevoir.com\/culture\/718518\/environnement-des-defis-ecologiques-pour-les-grands-festivals\" target=\"_blank\" rel=\"noopener\">Des d\u00e9fis \u00e9cologiques pour les grands festivals<\/a><\/p>\n<p>L\u2019article <a href=\"https:\/\/popburo.fr\/des-defis-ecologiques-pour-les-grands-festivals\/\">Des d\u00e9fis \u00e9cologiques pour les grands festivals<\/a> est apparu en premier sur <a href=\"https:\/\/popburo.fr\/\">POP B\u00dcRO<\/a>.<\/p>\n","protected":false},"excerpt":{"rendered":"<p>Le tr\u00e8s branch\u00e9 festival Coachella, au beau milieu du d\u00e9sert californien, est couramment d\u00e9crit comme un d\u00e9sastre \u00e9cologique, qui g\u00e9n\u00e8re beaucoup de d\u00e9chets en plus d\u2019\u00eatre une nuisance sonore pour les \u00e9cosyst\u00e8mes environnants. Sans parler des d\u00e9placements de voitures que l\u2019\u00e9v\u00e9nement engendre. Au Qu\u00e9bec, aucun festival ne laisse une telle empreinte \u00e9cologique. Mais, alors que l\u2019\u00e9t\u00e9 2022 sera celui du retour \u00e0 la normale apr\u00e8s deux ans de pand\u00e9mie, d\u2019importants chantiers restent \u00e0 \u00eatre entrepris si ces \u00e9v\u00e9nements veulent se [&hellip;]<\/p>\n","protected":false},"author":0,"featured_media":0,"comment_status":"closed","ping_status":"open","sticky":false,"template":"","format":"standard","meta":{"footnotes":""},"categories":[1],"tags":[],"class_list":["post-2841","post","type-post","status-publish","format-standard","hentry","category-non-classe"],"yoast_head":"<!-- This site is optimized with the Yoast SEO plugin v27.5 - https:\/\/yoast.com\/product\/yoast-seo-wordpress\/ -->\n<title>Des d\u00e9fis \u00e9cologiques pour les grands festivals - HIERO STRASBOURG<\/title>\n<meta name=\"robots\" content=\"index, follow, max-snippet:-1, max-image-preview:large, max-video-preview:-1\" \/>\n<link rel=\"canonical\" href=\"https:\/\/hierostrasbourg.com\/index.php\/2022\/06\/12\/des-defis-ecologiques-pour-les-grands-festivals-2\/\" \/>\n<meta property=\"og:locale\" content=\"fr_FR\" \/>\n<meta property=\"og:type\" content=\"article\" \/>\n<meta property=\"og:title\" content=\"Des d\u00e9fis \u00e9cologiques pour les grands festivals - HIERO STRASBOURG\" \/>\n<meta property=\"og:description\" content=\"Le tr\u00e8s branch\u00e9 festival Coachella, au beau milieu du d\u00e9sert californien, est couramment d\u00e9crit comme un d\u00e9sastre \u00e9cologique, qui g\u00e9n\u00e8re beaucoup de d\u00e9chets en plus d\u2019\u00eatre une nuisance sonore pour les \u00e9cosyst\u00e8mes environnants. Sans parler des d\u00e9placements de voitures que l\u2019\u00e9v\u00e9nement engendre. Au Qu\u00e9bec, aucun festival ne laisse une telle empreinte \u00e9cologique. Mais, alors que l\u2019\u00e9t\u00e9 2022 sera celui du retour \u00e0 la normale apr\u00e8s deux ans de pand\u00e9mie, d\u2019importants chantiers restent \u00e0 \u00eatre entrepris si ces \u00e9v\u00e9nements veulent se [&hellip;]\" \/>\n<meta property=\"og:url\" content=\"https:\/\/hierostrasbourg.com\/index.php\/2022\/06\/12\/des-defis-ecologiques-pour-les-grands-festivals-2\/\" \/>\n<meta property=\"og:site_name\" content=\"HIERO STRASBOURG\" \/>\n<meta property=\"article:publisher\" content=\"https:\/\/www.facebook.com\/fedehierostrasbourg\" \/>\n<meta property=\"article:published_time\" content=\"2022-06-12T14:30:51+00:00\" \/>\n<meta name=\"twitter:card\" content=\"summary_large_image\" \/>\n<meta name=\"twitter:creator\" content=\"@hierostrasbourg\" \/>\n<meta name=\"twitter:site\" content=\"@hierostrasbourg\" \/>\n<meta name=\"twitter:label1\" content=\"Dur\u00e9e de lecture estim\u00e9e\" \/>\n\t<meta name=\"twitter:data1\" content=\"1 minute\" \/>\n<script type=\"application\/ld+json\" class=\"yoast-schema-graph\">{\"@context\":\"https:\\\/\\\/schema.org\",\"@graph\":[{\"@type\":\"Article\",\"@id\":\"https:\\\/\\\/hierostrasbourg.com\\\/index.php\\\/2022\\\/06\\\/12\\\/des-defis-ecologiques-pour-les-grands-festivals-2\\\/#article\",\"isPartOf\":{\"@id\":\"https:\\\/\\\/hierostrasbourg.com\\\/index.php\\\/2022\\\/06\\\/12\\\/des-defis-ecologiques-pour-les-grands-festivals-2\\\/\"},\"author\":{\"name\":\"\",\"@id\":\"\"},\"headline\":\"Des d\u00e9fis \u00e9cologiques pour les grands festivals\",\"datePublished\":\"2022-06-12T14:30:51+00:00\",\"mainEntityOfPage\":{\"@id\":\"https:\\\/\\\/hierostrasbourg.com\\\/index.php\\\/2022\\\/06\\\/12\\\/des-defis-ecologiques-pour-les-grands-festivals-2\\\/\"},\"wordCount\":137,\"publisher\":{\"@id\":\"https:\\\/\\\/hierostrasbourg.com\\\/#organization\"},\"inLanguage\":\"fr-FR\"},{\"@type\":\"WebPage\",\"@id\":\"https:\\\/\\\/hierostrasbourg.com\\\/index.php\\\/2022\\\/06\\\/12\\\/des-defis-ecologiques-pour-les-grands-festivals-2\\\/\",\"url\":\"https:\\\/\\\/hierostrasbourg.com\\\/index.php\\\/2022\\\/06\\\/12\\\/des-defis-ecologiques-pour-les-grands-festivals-2\\\/\",\"name\":\"Des d\u00e9fis \u00e9cologiques pour les grands festivals - HIERO STRASBOURG\",\"isPartOf\":{\"@id\":\"https:\\\/\\\/hierostrasbourg.com\\\/#website\"},\"datePublished\":\"2022-06-12T14:30:51+00:00\",\"breadcrumb\":{\"@id\":\"https:\\\/\\\/hierostrasbourg.com\\\/index.php\\\/2022\\\/06\\\/12\\\/des-defis-ecologiques-pour-les-grands-festivals-2\\\/#breadcrumb\"},\"inLanguage\":\"fr-FR\",\"potentialAction\":[{\"@type\":\"ReadAction\",\"target\":[\"https:\\\/\\\/hierostrasbourg.com\\\/index.php\\\/2022\\\/06\\\/12\\\/des-defis-ecologiques-pour-les-grands-festivals-2\\\/\"]}]},{\"@type\":\"BreadcrumbList\",\"@id\":\"https:\\\/\\\/hierostrasbourg.com\\\/index.php\\\/2022\\\/06\\\/12\\\/des-defis-ecologiques-pour-les-grands-festivals-2\\\/#breadcrumb\",\"itemListElement\":[{\"@type\":\"ListItem\",\"position\":1,\"name\":\"Accueil\",\"item\":\"https:\\\/\\\/hierostrasbourg.com\\\/\"},{\"@type\":\"ListItem\",\"position\":2,\"name\":\"Des d\u00e9fis \u00e9cologiques pour les grands festivals\"}]},{\"@type\":\"WebSite\",\"@id\":\"https:\\\/\\\/hierostrasbourg.com\\\/#website\",\"url\":\"https:\\\/\\\/hierostrasbourg.com\\\/\",\"name\":\"HIERO STRASBOURG\",\"description\":\"Centre de Ressources Musiques Actuelles\",\"publisher\":{\"@id\":\"https:\\\/\\\/hierostrasbourg.com\\\/#organization\"},\"potentialAction\":[{\"@type\":\"SearchAction\",\"target\":{\"@type\":\"EntryPoint\",\"urlTemplate\":\"https:\\\/\\\/hierostrasbourg.com\\\/?s={search_term_string}\"},\"query-input\":{\"@type\":\"PropertyValueSpecification\",\"valueRequired\":true,\"valueName\":\"search_term_string\"}}],\"inLanguage\":\"fr-FR\"},{\"@type\":\"Organization\",\"@id\":\"https:\\\/\\\/hierostrasbourg.com\\\/#organization\",\"name\":\"F\u00e9d\u00e9ration Hi\u00e9ro Strasbourg\",\"url\":\"https:\\\/\\\/hierostrasbourg.com\\\/\",\"logo\":{\"@type\":\"ImageObject\",\"inLanguage\":\"fr-FR\",\"@id\":\"https:\\\/\\\/hierostrasbourg.com\\\/#\\\/schema\\\/logo\\\/image\\\/\",\"url\":\"https:\\\/\\\/hierostrasbourg.com\\\/wp-content\\\/uploads\\\/2026\\\/04\\\/logo-hiero-strasbourg.jpg\",\"contentUrl\":\"https:\\\/\\\/hierostrasbourg.com\\\/wp-content\\\/uploads\\\/2026\\\/04\\\/logo-hiero-strasbourg.jpg\",\"width\":204,\"height\":192,\"caption\":\"F\u00e9d\u00e9ration Hi\u00e9ro Strasbourg\"},\"image\":{\"@id\":\"https:\\\/\\\/hierostrasbourg.com\\\/#\\\/schema\\\/logo\\\/image\\\/\"},\"sameAs\":[\"https:\\\/\\\/www.facebook.com\\\/fedehierostrasbourg\",\"https:\\\/\\\/x.com\\\/hierostrasbourg\"]}]}<\/script>\n<!-- \/ Yoast SEO plugin. -->","yoast_head_json":{"title":"Des d\u00e9fis \u00e9cologiques pour les grands festivals - HIERO STRASBOURG","robots":{"index":"index","follow":"follow","max-snippet":"max-snippet:-1","max-image-preview":"max-image-preview:large","max-video-preview":"max-video-preview:-1"},"canonical":"https:\/\/hierostrasbourg.com\/index.php\/2022\/06\/12\/des-defis-ecologiques-pour-les-grands-festivals-2\/","og_locale":"fr_FR","og_type":"article","og_title":"Des d\u00e9fis \u00e9cologiques pour les grands festivals - HIERO STRASBOURG","og_description":"Le tr\u00e8s branch\u00e9 festival Coachella, au beau milieu du d\u00e9sert californien, est couramment d\u00e9crit comme un d\u00e9sastre \u00e9cologique, qui g\u00e9n\u00e8re beaucoup de d\u00e9chets en plus d\u2019\u00eatre une nuisance sonore pour les \u00e9cosyst\u00e8mes environnants. Sans parler des d\u00e9placements de voitures que l\u2019\u00e9v\u00e9nement engendre. Au Qu\u00e9bec, aucun festival ne laisse une telle empreinte \u00e9cologique. Mais, alors que l\u2019\u00e9t\u00e9 2022 sera celui du retour \u00e0 la normale apr\u00e8s deux ans de pand\u00e9mie, d\u2019importants chantiers restent \u00e0 \u00eatre entrepris si ces \u00e9v\u00e9nements veulent se [&hellip;]","og_url":"https:\/\/hierostrasbourg.com\/index.php\/2022\/06\/12\/des-defis-ecologiques-pour-les-grands-festivals-2\/","og_site_name":"HIERO STRASBOURG","article_publisher":"https:\/\/www.facebook.com\/fedehierostrasbourg","article_published_time":"2022-06-12T14:30:51+00:00","twitter_card":"summary_large_image","twitter_creator":"@hierostrasbourg","twitter_site":"@hierostrasbourg","twitter_misc":{"Dur\u00e9e de lecture estim\u00e9e":"1 minute"},"schema":{"@context":"https:\/\/schema.org","@graph":[{"@type":"Article","@id":"https:\/\/hierostrasbourg.com\/index.php\/2022\/06\/12\/des-defis-ecologiques-pour-les-grands-festivals-2\/#article","isPartOf":{"@id":"https:\/\/hierostrasbourg.com\/index.php\/2022\/06\/12\/des-defis-ecologiques-pour-les-grands-festivals-2\/"},"author":{"name":"","@id":""},"headline":"Des d\u00e9fis \u00e9cologiques pour les grands festivals","datePublished":"2022-06-12T14:30:51+00:00","mainEntityOfPage":{"@id":"https:\/\/hierostrasbourg.com\/index.php\/2022\/06\/12\/des-defis-ecologiques-pour-les-grands-festivals-2\/"},"wordCount":137,"publisher":{"@id":"https:\/\/hierostrasbourg.com\/#organization"},"inLanguage":"fr-FR"},{"@type":"WebPage","@id":"https:\/\/hierostrasbourg.com\/index.php\/2022\/06\/12\/des-defis-ecologiques-pour-les-grands-festivals-2\/","url":"https:\/\/hierostrasbourg.com\/index.php\/2022\/06\/12\/des-defis-ecologiques-pour-les-grands-festivals-2\/","name":"Des d\u00e9fis \u00e9cologiques pour les grands festivals - HIERO STRASBOURG","isPartOf":{"@id":"https:\/\/hierostrasbourg.com\/#website"},"datePublished":"2022-06-12T14:30:51+00:00","breadcrumb":{"@id":"https:\/\/hierostrasbourg.com\/index.php\/2022\/06\/12\/des-defis-ecologiques-pour-les-grands-festivals-2\/#breadcrumb"},"inLanguage":"fr-FR","potentialAction":[{"@type":"ReadAction","target":["https:\/\/hierostrasbourg.com\/index.php\/2022\/06\/12\/des-defis-ecologiques-pour-les-grands-festivals-2\/"]}]},{"@type":"BreadcrumbList","@id":"https:\/\/hierostrasbourg.com\/index.php\/2022\/06\/12\/des-defis-ecologiques-pour-les-grands-festivals-2\/#breadcrumb","itemListElement":[{"@type":"ListItem","position":1,"name":"Accueil","item":"https:\/\/hierostrasbourg.com\/"},{"@type":"ListItem","position":2,"name":"Des d\u00e9fis \u00e9cologiques pour les grands festivals"}]},{"@type":"WebSite","@id":"https:\/\/hierostrasbourg.com\/#website","url":"https:\/\/hierostrasbourg.com\/","name":"HIERO STRASBOURG","description":"Centre de Ressources Musiques Actuelles","publisher":{"@id":"https:\/\/hierostrasbourg.com\/#organization"},"potentialAction":[{"@type":"SearchAction","target":{"@type":"EntryPoint","urlTemplate":"https:\/\/hierostrasbourg.com\/?s={search_term_string}"},"query-input":{"@type":"PropertyValueSpecification","valueRequired":true,"valueName":"search_term_string"}}],"inLanguage":"fr-FR"},{"@type":"Organization","@id":"https:\/\/hierostrasbourg.com\/#organization","name":"F\u00e9d\u00e9ration Hi\u00e9ro Strasbourg","url":"https:\/\/hierostrasbourg.com\/","logo":{"@type":"ImageObject","inLanguage":"fr-FR","@id":"https:\/\/hierostrasbourg.com\/#\/schema\/logo\/image\/","url":"https:\/\/hierostrasbourg.com\/wp-content\/uploads\/2026\/04\/logo-hiero-strasbourg.jpg","contentUrl":"https:\/\/hierostrasbourg.com\/wp-content\/uploads\/2026\/04\/logo-hiero-strasbourg.jpg","width":204,"height":192,"caption":"F\u00e9d\u00e9ration Hi\u00e9ro Strasbourg"},"image":{"@id":"https:\/\/hierostrasbourg.com\/#\/schema\/logo\/image\/"},"sameAs":["https:\/\/www.facebook.com\/fedehierostrasbourg","https:\/\/x.com\/hierostrasbourg"]}]}},"_links":{"self":[{"href":"https:\/\/hierostrasbourg.com\/index.php\/wp-json\/wp\/v2\/posts\/2841","targetHints":{"allow":["GET"]}}],"collection":[{"href":"https:\/\/hierostrasbourg.com\/index.php\/wp-json\/wp\/v2\/posts"}],"about":[{"href":"https:\/\/hierostrasbourg.com\/index.php\/wp-json\/wp\/v2\/types\/post"}],"replies":[{"embeddable":true,"href":"https:\/\/hierostrasbourg.com\/index.php\/wp-json\/wp\/v2\/comments?post=2841"}],"version-history":[{"count":0,"href":"https:\/\/hierostrasbourg.com\/index.php\/wp-json\/wp\/v2\/posts\/2841\/revisions"}],"wp:attachment":[{"href":"https:\/\/hierostrasbourg.com\/index.php\/wp-json\/wp\/v2\/media?parent=2841"}],"wp:term":[{"taxonomy":"category","embeddable":true,"href":"https:\/\/hierostrasbourg.com\/index.php\/wp-json\/wp\/v2\/categories?post=2841"},{"taxonomy":"post_tag","embeddable":true,"href":"https:\/\/hierostrasbourg.com\/index.php\/wp-json\/wp\/v2\/tags?post=2841"}],"curies":[{"name":"wp","href":"https:\/\/api.w.org\/{rel}","templated":true}]}}