{"id":2829,"date":"2022-06-11T01:34:09","date_gmt":"2022-06-10T23:34:09","guid":{"rendered":"https:\/\/hierostrasbourg.com\/index.php\/2022\/06\/11\/chanteurs-en-lutte-contre-le-syndrome-de-la-page-blanche\/"},"modified":"2022-06-11T01:34:09","modified_gmt":"2022-06-10T23:34:09","slug":"chanteurs-en-lutte-contre-le-syndrome-de-la-page-blanche","status":"publish","type":"post","link":"https:\/\/hierostrasbourg.com\/index.php\/2022\/06\/11\/chanteurs-en-lutte-contre-le-syndrome-de-la-page-blanche\/","title":{"rendered":"Chanteurs en lutte contre le syndrome de la page blanche"},"content":{"rendered":"<p><a href=\"https:\/\/musiquesactuelles.alsace\/chanteurs-en-lutte-contre-le-syndrome-de-la-page-blanche\/\" title=\"Chanteurs en lutte contre le syndrome de la page blanche\"><\/a><\/p>\n<p>Miossec, Ben Mazu\u00e9, Clarika, Vianney\u2026 \u00ab Lib\u00e9 \u00bb a demand\u00e9 \u00e0 plusieurs artistes leur m\u00e9thode pour garder l\u2019inspiration \u00e0 flots entre deux albums. \u00abApr\u00e8s mon deuxi\u00e8me album [Baiser, ndlr], \u00e7a a \u00e9t\u00e9 tr\u00e8s compliqu\u00e9 psychologiquement parce que j\u2019avais l\u2019impression que d\u2019autres s\u2019\u00e9taient \u00e9galement empar\u00e9s de ce que je racontais. Que je faisais partie d\u2019un flot et qu\u2019on \u00e9tait nombreux d\u2019un coup au balcon. Cela me fatiguait moi-m\u00eame, le cerveau fait des n\u0153uds, je ne savais plus o\u00f9 aller.\u00bb M\u00eame un [\u2026]<\/p>\n<p>L\u2019article <a href=\"https:\/\/musiquesactuelles.alsace\/chanteurs-en-lutte-contre-le-syndrome-de-la-page-blanche\/\">Chanteurs en lutte contre le syndrome de la page blanche<\/a> est apparu en premier sur <a href=\"https:\/\/musiquesactuelles.alsace\/\">Musiques Actuelles en Alsace<\/a>.<\/p>\n<p>L\u2019article <a href=\"https:\/\/popburo.fr\/chanteurs-en-lutte-contre-le-syndrome-de-la-page-blanche-2\/\">Chanteurs en lutte contre le syndrome de la page blanche<\/a> est apparu en premier sur <a href=\"https:\/\/popburo.fr\/\">POP B\u00dcRO<\/a>.<\/p>\n","protected":false},"excerpt":{"rendered":"<p>Miossec, Ben Mazu\u00e9, Clarika, Vianney\u2026 \u00ab Lib\u00e9 \u00bb a demand\u00e9 \u00e0 plusieurs artistes leur m\u00e9thode pour garder l\u2019inspiration \u00e0 flots entre deux albums. \u00abApr\u00e8s mon deuxi\u00e8me album [Baiser, ndlr], \u00e7a a \u00e9t\u00e9 tr\u00e8s compliqu\u00e9 psychologiquement parce que j\u2019avais l\u2019impression que d\u2019autres s\u2019\u00e9taient \u00e9galement empar\u00e9s de ce que je racontais. Que je faisais partie d\u2019un flot et qu\u2019on \u00e9tait nombreux d\u2019un coup au balcon. Cela me fatiguait moi-m\u00eame, le cerveau fait des n\u0153uds, je ne savais plus o\u00f9 aller.\u00bb M\u00eame un [&hellip;]<\/p>\n","protected":false},"author":0,"featured_media":0,"comment_status":"closed","ping_status":"open","sticky":false,"template":"","format":"standard","meta":{"footnotes":""},"categories":[1],"tags":[],"class_list":["post-2829","post","type-post","status-publish","format-standard","hentry","category-non-classe"],"yoast_head":"<!-- This site is optimized with the Yoast SEO plugin v27.5 - https:\/\/yoast.com\/product\/yoast-seo-wordpress\/ -->\n<title>Chanteurs en lutte contre le syndrome de la page blanche - HIERO STRASBOURG<\/title>\n<meta name=\"robots\" content=\"index, follow, max-snippet:-1, max-image-preview:large, max-video-preview:-1\" \/>\n<link rel=\"canonical\" href=\"https:\/\/hierostrasbourg.com\/index.php\/2022\/06\/11\/chanteurs-en-lutte-contre-le-syndrome-de-la-page-blanche\/\" \/>\n<meta property=\"og:locale\" content=\"fr_FR\" \/>\n<meta property=\"og:type\" content=\"article\" \/>\n<meta property=\"og:title\" content=\"Chanteurs en lutte contre le syndrome de la page blanche - HIERO STRASBOURG\" \/>\n<meta property=\"og:description\" content=\"Miossec, Ben Mazu\u00e9, Clarika, Vianney\u2026 \u00ab Lib\u00e9 \u00bb a demand\u00e9 \u00e0 plusieurs artistes leur m\u00e9thode pour garder l\u2019inspiration \u00e0 flots entre deux albums. \u00abApr\u00e8s mon deuxi\u00e8me album [Baiser, ndlr], \u00e7a a \u00e9t\u00e9 tr\u00e8s compliqu\u00e9 psychologiquement parce que j\u2019avais l\u2019impression que d\u2019autres s\u2019\u00e9taient \u00e9galement empar\u00e9s de ce que je racontais. Que je faisais partie d\u2019un flot et qu\u2019on \u00e9tait nombreux d\u2019un coup au balcon. Cela me fatiguait moi-m\u00eame, le cerveau fait des n\u0153uds, je ne savais plus o\u00f9 aller.\u00bb M\u00eame un [&hellip;]\" \/>\n<meta property=\"og:url\" content=\"https:\/\/hierostrasbourg.com\/index.php\/2022\/06\/11\/chanteurs-en-lutte-contre-le-syndrome-de-la-page-blanche\/\" \/>\n<meta property=\"og:site_name\" content=\"HIERO STRASBOURG\" \/>\n<meta property=\"article:publisher\" content=\"https:\/\/www.facebook.com\/fedehierostrasbourg\" \/>\n<meta property=\"article:published_time\" content=\"2022-06-10T23:34:09+00:00\" \/>\n<meta name=\"twitter:card\" content=\"summary_large_image\" \/>\n<meta name=\"twitter:creator\" content=\"@hierostrasbourg\" \/>\n<meta name=\"twitter:site\" content=\"@hierostrasbourg\" \/>\n<meta name=\"twitter:label1\" content=\"Dur\u00e9e de lecture estim\u00e9e\" \/>\n\t<meta name=\"twitter:data1\" content=\"1 minute\" \/>\n<script type=\"application\/ld+json\" class=\"yoast-schema-graph\">{\"@context\":\"https:\\\/\\\/schema.org\",\"@graph\":[{\"@type\":\"Article\",\"@id\":\"https:\\\/\\\/hierostrasbourg.com\\\/index.php\\\/2022\\\/06\\\/11\\\/chanteurs-en-lutte-contre-le-syndrome-de-la-page-blanche\\\/#article\",\"isPartOf\":{\"@id\":\"https:\\\/\\\/hierostrasbourg.com\\\/index.php\\\/2022\\\/06\\\/11\\\/chanteurs-en-lutte-contre-le-syndrome-de-la-page-blanche\\\/\"},\"author\":{\"name\":\"\",\"@id\":\"\"},\"headline\":\"Chanteurs en lutte contre le syndrome de la page blanche\",\"datePublished\":\"2022-06-10T23:34:09+00:00\",\"mainEntityOfPage\":{\"@id\":\"https:\\\/\\\/hierostrasbourg.com\\\/index.php\\\/2022\\\/06\\\/11\\\/chanteurs-en-lutte-contre-le-syndrome-de-la-page-blanche\\\/\"},\"wordCount\":143,\"publisher\":{\"@id\":\"https:\\\/\\\/hierostrasbourg.com\\\/#organization\"},\"inLanguage\":\"fr-FR\"},{\"@type\":\"WebPage\",\"@id\":\"https:\\\/\\\/hierostrasbourg.com\\\/index.php\\\/2022\\\/06\\\/11\\\/chanteurs-en-lutte-contre-le-syndrome-de-la-page-blanche\\\/\",\"url\":\"https:\\\/\\\/hierostrasbourg.com\\\/index.php\\\/2022\\\/06\\\/11\\\/chanteurs-en-lutte-contre-le-syndrome-de-la-page-blanche\\\/\",\"name\":\"Chanteurs en lutte contre le syndrome de la page blanche - HIERO STRASBOURG\",\"isPartOf\":{\"@id\":\"https:\\\/\\\/hierostrasbourg.com\\\/#website\"},\"datePublished\":\"2022-06-10T23:34:09+00:00\",\"breadcrumb\":{\"@id\":\"https:\\\/\\\/hierostrasbourg.com\\\/index.php\\\/2022\\\/06\\\/11\\\/chanteurs-en-lutte-contre-le-syndrome-de-la-page-blanche\\\/#breadcrumb\"},\"inLanguage\":\"fr-FR\",\"potentialAction\":[{\"@type\":\"ReadAction\",\"target\":[\"https:\\\/\\\/hierostrasbourg.com\\\/index.php\\\/2022\\\/06\\\/11\\\/chanteurs-en-lutte-contre-le-syndrome-de-la-page-blanche\\\/\"]}]},{\"@type\":\"BreadcrumbList\",\"@id\":\"https:\\\/\\\/hierostrasbourg.com\\\/index.php\\\/2022\\\/06\\\/11\\\/chanteurs-en-lutte-contre-le-syndrome-de-la-page-blanche\\\/#breadcrumb\",\"itemListElement\":[{\"@type\":\"ListItem\",\"position\":1,\"name\":\"Accueil\",\"item\":\"https:\\\/\\\/hierostrasbourg.com\\\/\"},{\"@type\":\"ListItem\",\"position\":2,\"name\":\"Chanteurs en lutte contre le syndrome de la page blanche\"}]},{\"@type\":\"WebSite\",\"@id\":\"https:\\\/\\\/hierostrasbourg.com\\\/#website\",\"url\":\"https:\\\/\\\/hierostrasbourg.com\\\/\",\"name\":\"HIERO STRASBOURG\",\"description\":\"Centre de Ressources Musiques Actuelles\",\"publisher\":{\"@id\":\"https:\\\/\\\/hierostrasbourg.com\\\/#organization\"},\"potentialAction\":[{\"@type\":\"SearchAction\",\"target\":{\"@type\":\"EntryPoint\",\"urlTemplate\":\"https:\\\/\\\/hierostrasbourg.com\\\/?s={search_term_string}\"},\"query-input\":{\"@type\":\"PropertyValueSpecification\",\"valueRequired\":true,\"valueName\":\"search_term_string\"}}],\"inLanguage\":\"fr-FR\"},{\"@type\":\"Organization\",\"@id\":\"https:\\\/\\\/hierostrasbourg.com\\\/#organization\",\"name\":\"F\u00e9d\u00e9ration Hi\u00e9ro Strasbourg\",\"url\":\"https:\\\/\\\/hierostrasbourg.com\\\/\",\"logo\":{\"@type\":\"ImageObject\",\"inLanguage\":\"fr-FR\",\"@id\":\"https:\\\/\\\/hierostrasbourg.com\\\/#\\\/schema\\\/logo\\\/image\\\/\",\"url\":\"https:\\\/\\\/hierostrasbourg.com\\\/wp-content\\\/uploads\\\/2026\\\/04\\\/logo-hiero-strasbourg.jpg\",\"contentUrl\":\"https:\\\/\\\/hierostrasbourg.com\\\/wp-content\\\/uploads\\\/2026\\\/04\\\/logo-hiero-strasbourg.jpg\",\"width\":204,\"height\":192,\"caption\":\"F\u00e9d\u00e9ration Hi\u00e9ro Strasbourg\"},\"image\":{\"@id\":\"https:\\\/\\\/hierostrasbourg.com\\\/#\\\/schema\\\/logo\\\/image\\\/\"},\"sameAs\":[\"https:\\\/\\\/www.facebook.com\\\/fedehierostrasbourg\",\"https:\\\/\\\/x.com\\\/hierostrasbourg\"]}]}<\/script>\n<!-- \/ Yoast SEO plugin. -->","yoast_head_json":{"title":"Chanteurs en lutte contre le syndrome de la page blanche - HIERO STRASBOURG","robots":{"index":"index","follow":"follow","max-snippet":"max-snippet:-1","max-image-preview":"max-image-preview:large","max-video-preview":"max-video-preview:-1"},"canonical":"https:\/\/hierostrasbourg.com\/index.php\/2022\/06\/11\/chanteurs-en-lutte-contre-le-syndrome-de-la-page-blanche\/","og_locale":"fr_FR","og_type":"article","og_title":"Chanteurs en lutte contre le syndrome de la page blanche - HIERO STRASBOURG","og_description":"Miossec, Ben Mazu\u00e9, Clarika, Vianney\u2026 \u00ab Lib\u00e9 \u00bb a demand\u00e9 \u00e0 plusieurs artistes leur m\u00e9thode pour garder l\u2019inspiration \u00e0 flots entre deux albums. \u00abApr\u00e8s mon deuxi\u00e8me album [Baiser, ndlr], \u00e7a a \u00e9t\u00e9 tr\u00e8s compliqu\u00e9 psychologiquement parce que j\u2019avais l\u2019impression que d\u2019autres s\u2019\u00e9taient \u00e9galement empar\u00e9s de ce que je racontais. Que je faisais partie d\u2019un flot et qu\u2019on \u00e9tait nombreux d\u2019un coup au balcon. Cela me fatiguait moi-m\u00eame, le cerveau fait des n\u0153uds, je ne savais plus o\u00f9 aller.\u00bb M\u00eame un [&hellip;]","og_url":"https:\/\/hierostrasbourg.com\/index.php\/2022\/06\/11\/chanteurs-en-lutte-contre-le-syndrome-de-la-page-blanche\/","og_site_name":"HIERO STRASBOURG","article_publisher":"https:\/\/www.facebook.com\/fedehierostrasbourg","article_published_time":"2022-06-10T23:34:09+00:00","twitter_card":"summary_large_image","twitter_creator":"@hierostrasbourg","twitter_site":"@hierostrasbourg","twitter_misc":{"Dur\u00e9e de lecture estim\u00e9e":"1 minute"},"schema":{"@context":"https:\/\/schema.org","@graph":[{"@type":"Article","@id":"https:\/\/hierostrasbourg.com\/index.php\/2022\/06\/11\/chanteurs-en-lutte-contre-le-syndrome-de-la-page-blanche\/#article","isPartOf":{"@id":"https:\/\/hierostrasbourg.com\/index.php\/2022\/06\/11\/chanteurs-en-lutte-contre-le-syndrome-de-la-page-blanche\/"},"author":{"name":"","@id":""},"headline":"Chanteurs en lutte contre le syndrome de la page blanche","datePublished":"2022-06-10T23:34:09+00:00","mainEntityOfPage":{"@id":"https:\/\/hierostrasbourg.com\/index.php\/2022\/06\/11\/chanteurs-en-lutte-contre-le-syndrome-de-la-page-blanche\/"},"wordCount":143,"publisher":{"@id":"https:\/\/hierostrasbourg.com\/#organization"},"inLanguage":"fr-FR"},{"@type":"WebPage","@id":"https:\/\/hierostrasbourg.com\/index.php\/2022\/06\/11\/chanteurs-en-lutte-contre-le-syndrome-de-la-page-blanche\/","url":"https:\/\/hierostrasbourg.com\/index.php\/2022\/06\/11\/chanteurs-en-lutte-contre-le-syndrome-de-la-page-blanche\/","name":"Chanteurs en lutte contre le syndrome de la page blanche - HIERO STRASBOURG","isPartOf":{"@id":"https:\/\/hierostrasbourg.com\/#website"},"datePublished":"2022-06-10T23:34:09+00:00","breadcrumb":{"@id":"https:\/\/hierostrasbourg.com\/index.php\/2022\/06\/11\/chanteurs-en-lutte-contre-le-syndrome-de-la-page-blanche\/#breadcrumb"},"inLanguage":"fr-FR","potentialAction":[{"@type":"ReadAction","target":["https:\/\/hierostrasbourg.com\/index.php\/2022\/06\/11\/chanteurs-en-lutte-contre-le-syndrome-de-la-page-blanche\/"]}]},{"@type":"BreadcrumbList","@id":"https:\/\/hierostrasbourg.com\/index.php\/2022\/06\/11\/chanteurs-en-lutte-contre-le-syndrome-de-la-page-blanche\/#breadcrumb","itemListElement":[{"@type":"ListItem","position":1,"name":"Accueil","item":"https:\/\/hierostrasbourg.com\/"},{"@type":"ListItem","position":2,"name":"Chanteurs en lutte contre le syndrome de la page blanche"}]},{"@type":"WebSite","@id":"https:\/\/hierostrasbourg.com\/#website","url":"https:\/\/hierostrasbourg.com\/","name":"HIERO STRASBOURG","description":"Centre de Ressources Musiques Actuelles","publisher":{"@id":"https:\/\/hierostrasbourg.com\/#organization"},"potentialAction":[{"@type":"SearchAction","target":{"@type":"EntryPoint","urlTemplate":"https:\/\/hierostrasbourg.com\/?s={search_term_string}"},"query-input":{"@type":"PropertyValueSpecification","valueRequired":true,"valueName":"search_term_string"}}],"inLanguage":"fr-FR"},{"@type":"Organization","@id":"https:\/\/hierostrasbourg.com\/#organization","name":"F\u00e9d\u00e9ration Hi\u00e9ro Strasbourg","url":"https:\/\/hierostrasbourg.com\/","logo":{"@type":"ImageObject","inLanguage":"fr-FR","@id":"https:\/\/hierostrasbourg.com\/#\/schema\/logo\/image\/","url":"https:\/\/hierostrasbourg.com\/wp-content\/uploads\/2026\/04\/logo-hiero-strasbourg.jpg","contentUrl":"https:\/\/hierostrasbourg.com\/wp-content\/uploads\/2026\/04\/logo-hiero-strasbourg.jpg","width":204,"height":192,"caption":"F\u00e9d\u00e9ration Hi\u00e9ro Strasbourg"},"image":{"@id":"https:\/\/hierostrasbourg.com\/#\/schema\/logo\/image\/"},"sameAs":["https:\/\/www.facebook.com\/fedehierostrasbourg","https:\/\/x.com\/hierostrasbourg"]}]}},"_links":{"self":[{"href":"https:\/\/hierostrasbourg.com\/index.php\/wp-json\/wp\/v2\/posts\/2829","targetHints":{"allow":["GET"]}}],"collection":[{"href":"https:\/\/hierostrasbourg.com\/index.php\/wp-json\/wp\/v2\/posts"}],"about":[{"href":"https:\/\/hierostrasbourg.com\/index.php\/wp-json\/wp\/v2\/types\/post"}],"replies":[{"embeddable":true,"href":"https:\/\/hierostrasbourg.com\/index.php\/wp-json\/wp\/v2\/comments?post=2829"}],"version-history":[{"count":0,"href":"https:\/\/hierostrasbourg.com\/index.php\/wp-json\/wp\/v2\/posts\/2829\/revisions"}],"wp:attachment":[{"href":"https:\/\/hierostrasbourg.com\/index.php\/wp-json\/wp\/v2\/media?parent=2829"}],"wp:term":[{"taxonomy":"category","embeddable":true,"href":"https:\/\/hierostrasbourg.com\/index.php\/wp-json\/wp\/v2\/categories?post=2829"},{"taxonomy":"post_tag","embeddable":true,"href":"https:\/\/hierostrasbourg.com\/index.php\/wp-json\/wp\/v2\/tags?post=2829"}],"curies":[{"name":"wp","href":"https:\/\/api.w.org\/{rel}","templated":true}]}}