{"id":2818,"date":"2022-06-09T08:31:11","date_gmt":"2022-06-09T06:31:11","guid":{"rendered":"https:\/\/hierostrasbourg.com\/index.php\/2022\/06\/09\/la-creation-musicale-au-defi-des-nouveaux-espaces-et-des-nouveaux-publics\/"},"modified":"2022-06-09T08:31:11","modified_gmt":"2022-06-09T06:31:11","slug":"la-creation-musicale-au-defi-des-nouveaux-espaces-et-des-nouveaux-publics","status":"publish","type":"post","link":"https:\/\/hierostrasbourg.com\/index.php\/2022\/06\/09\/la-creation-musicale-au-defi-des-nouveaux-espaces-et-des-nouveaux-publics\/","title":{"rendered":"La cr\u00e9ation musicale au d\u00e9fi des nouveaux espaces et des nouveaux publics"},"content":{"rendered":"<p><a href=\"https:\/\/musiquesactuelles.alsace\/la-creation-musicale-au-defi-des-nouveaux-espaces-et-des-nouveaux-publics\/\" title=\"La cr\u00e9ation musicale au d\u00e9fi des nouveaux espaces et des nouveaux publics\"><\/a><\/p>\n<p>Sculpture sonore et dispositif interactif au Centre Pompidou, \u00ab Musiques-Fictions \u00bb au Th\u00e9\u00e2tre de Gennevilliers\u2026 Lors du festival de l\u2019Ircam, les cr\u00e9ateurs sortent du cadre du concert pour prolonger la dur\u00e9e d\u2019exposition de leurs \u0153uvres. Source \/ Lire la suite : La cr\u00e9ation musicale au d\u00e9fi des nouveaux espaces et des nouveaux publics<\/p>\n<p>L\u2019article <a href=\"https:\/\/musiquesactuelles.alsace\/la-creation-musicale-au-defi-des-nouveaux-espaces-et-des-nouveaux-publics\/\">La cr\u00e9ation musicale au d\u00e9fi des nouveaux espaces et des nouveaux publics<\/a> est apparu en premier sur <a href=\"https:\/\/musiquesactuelles.alsace\/\">Musiques Actuelles en Alsace<\/a>.<\/p>\n<p>L\u2019article <a href=\"https:\/\/popburo.fr\/la-creation-musicale-au-defi-des-nouveaux-espaces-et-des-nouveaux-publics\/\">La cr\u00e9ation musicale au d\u00e9fi des nouveaux espaces et des nouveaux publics<\/a> est apparu en premier sur <a href=\"https:\/\/popburo.fr\/\">POP B\u00dcRO<\/a>.<\/p>\n","protected":false},"excerpt":{"rendered":"<p>Sculpture sonore et dispositif interactif au Centre Pompidou, \u00ab Musiques-Fictions \u00bb au Th\u00e9\u00e2tre de Gennevilliers\u2026 Lors du festival de l\u2019Ircam, les cr\u00e9ateurs sortent du cadre du concert pour prolonger la dur\u00e9e d\u2019exposition de leurs \u0153uvres. Source \/ Lire la suite : La cr\u00e9ation musicale au d\u00e9fi des nouveaux espaces et des nouveaux publics L\u2019article La cr\u00e9ation musicale au d\u00e9fi des nouveaux espaces et des nouveaux publics est apparu en premier sur Musiques Actuelles en Alsace. L\u2019article La cr\u00e9ation musicale au [&hellip;]<\/p>\n","protected":false},"author":0,"featured_media":0,"comment_status":"closed","ping_status":"open","sticky":false,"template":"","format":"standard","meta":{"footnotes":""},"categories":[1],"tags":[],"class_list":["post-2818","post","type-post","status-publish","format-standard","hentry","category-non-classe"],"yoast_head":"<!-- This site is optimized with the Yoast SEO plugin v27.5 - https:\/\/yoast.com\/product\/yoast-seo-wordpress\/ -->\n<title>La cr\u00e9ation musicale au d\u00e9fi des nouveaux espaces et des nouveaux publics - HIERO STRASBOURG<\/title>\n<meta name=\"robots\" content=\"index, follow, max-snippet:-1, max-image-preview:large, max-video-preview:-1\" \/>\n<link rel=\"canonical\" href=\"https:\/\/hierostrasbourg.com\/index.php\/2022\/06\/09\/la-creation-musicale-au-defi-des-nouveaux-espaces-et-des-nouveaux-publics\/\" \/>\n<meta property=\"og:locale\" content=\"fr_FR\" \/>\n<meta property=\"og:type\" content=\"article\" \/>\n<meta property=\"og:title\" content=\"La cr\u00e9ation musicale au d\u00e9fi des nouveaux espaces et des nouveaux publics - HIERO STRASBOURG\" \/>\n<meta property=\"og:description\" content=\"Sculpture sonore et dispositif interactif au Centre Pompidou, \u00ab Musiques-Fictions \u00bb au Th\u00e9\u00e2tre de Gennevilliers\u2026 Lors du festival de l\u2019Ircam, les cr\u00e9ateurs sortent du cadre du concert pour prolonger la dur\u00e9e d\u2019exposition de leurs \u0153uvres. Source \/ Lire la suite : La cr\u00e9ation musicale au d\u00e9fi des nouveaux espaces et des nouveaux publics L\u2019article La cr\u00e9ation musicale au d\u00e9fi des nouveaux espaces et des nouveaux publics est apparu en premier sur Musiques Actuelles en Alsace. L\u2019article La cr\u00e9ation musicale au [&hellip;]\" \/>\n<meta property=\"og:url\" content=\"https:\/\/hierostrasbourg.com\/index.php\/2022\/06\/09\/la-creation-musicale-au-defi-des-nouveaux-espaces-et-des-nouveaux-publics\/\" \/>\n<meta property=\"og:site_name\" content=\"HIERO STRASBOURG\" \/>\n<meta property=\"article:publisher\" content=\"https:\/\/www.facebook.com\/fedehierostrasbourg\" \/>\n<meta property=\"article:published_time\" content=\"2022-06-09T06:31:11+00:00\" \/>\n<meta name=\"twitter:card\" content=\"summary_large_image\" \/>\n<meta name=\"twitter:creator\" content=\"@hierostrasbourg\" \/>\n<meta name=\"twitter:site\" content=\"@hierostrasbourg\" \/>\n<meta name=\"twitter:label1\" content=\"Dur\u00e9e de lecture estim\u00e9e\" \/>\n\t<meta name=\"twitter:data1\" content=\"1 minute\" \/>\n<script type=\"application\/ld+json\" class=\"yoast-schema-graph\">{\"@context\":\"https:\\\/\\\/schema.org\",\"@graph\":[{\"@type\":\"Article\",\"@id\":\"https:\\\/\\\/hierostrasbourg.com\\\/index.php\\\/2022\\\/06\\\/09\\\/la-creation-musicale-au-defi-des-nouveaux-espaces-et-des-nouveaux-publics\\\/#article\",\"isPartOf\":{\"@id\":\"https:\\\/\\\/hierostrasbourg.com\\\/index.php\\\/2022\\\/06\\\/09\\\/la-creation-musicale-au-defi-des-nouveaux-espaces-et-des-nouveaux-publics\\\/\"},\"author\":{\"name\":\"\",\"@id\":\"\"},\"headline\":\"La cr\u00e9ation musicale au d\u00e9fi des nouveaux espaces et des nouveaux publics\",\"datePublished\":\"2022-06-09T06:31:11+00:00\",\"mainEntityOfPage\":{\"@id\":\"https:\\\/\\\/hierostrasbourg.com\\\/index.php\\\/2022\\\/06\\\/09\\\/la-creation-musicale-au-defi-des-nouveaux-espaces-et-des-nouveaux-publics\\\/\"},\"wordCount\":119,\"publisher\":{\"@id\":\"https:\\\/\\\/hierostrasbourg.com\\\/#organization\"},\"inLanguage\":\"fr-FR\"},{\"@type\":\"WebPage\",\"@id\":\"https:\\\/\\\/hierostrasbourg.com\\\/index.php\\\/2022\\\/06\\\/09\\\/la-creation-musicale-au-defi-des-nouveaux-espaces-et-des-nouveaux-publics\\\/\",\"url\":\"https:\\\/\\\/hierostrasbourg.com\\\/index.php\\\/2022\\\/06\\\/09\\\/la-creation-musicale-au-defi-des-nouveaux-espaces-et-des-nouveaux-publics\\\/\",\"name\":\"La cr\u00e9ation musicale au d\u00e9fi des nouveaux espaces et des nouveaux publics - HIERO STRASBOURG\",\"isPartOf\":{\"@id\":\"https:\\\/\\\/hierostrasbourg.com\\\/#website\"},\"datePublished\":\"2022-06-09T06:31:11+00:00\",\"breadcrumb\":{\"@id\":\"https:\\\/\\\/hierostrasbourg.com\\\/index.php\\\/2022\\\/06\\\/09\\\/la-creation-musicale-au-defi-des-nouveaux-espaces-et-des-nouveaux-publics\\\/#breadcrumb\"},\"inLanguage\":\"fr-FR\",\"potentialAction\":[{\"@type\":\"ReadAction\",\"target\":[\"https:\\\/\\\/hierostrasbourg.com\\\/index.php\\\/2022\\\/06\\\/09\\\/la-creation-musicale-au-defi-des-nouveaux-espaces-et-des-nouveaux-publics\\\/\"]}]},{\"@type\":\"BreadcrumbList\",\"@id\":\"https:\\\/\\\/hierostrasbourg.com\\\/index.php\\\/2022\\\/06\\\/09\\\/la-creation-musicale-au-defi-des-nouveaux-espaces-et-des-nouveaux-publics\\\/#breadcrumb\",\"itemListElement\":[{\"@type\":\"ListItem\",\"position\":1,\"name\":\"Accueil\",\"item\":\"https:\\\/\\\/hierostrasbourg.com\\\/\"},{\"@type\":\"ListItem\",\"position\":2,\"name\":\"La cr\u00e9ation musicale au d\u00e9fi des nouveaux espaces et des nouveaux publics\"}]},{\"@type\":\"WebSite\",\"@id\":\"https:\\\/\\\/hierostrasbourg.com\\\/#website\",\"url\":\"https:\\\/\\\/hierostrasbourg.com\\\/\",\"name\":\"HIERO STRASBOURG\",\"description\":\"Centre de Ressources Musiques Actuelles\",\"publisher\":{\"@id\":\"https:\\\/\\\/hierostrasbourg.com\\\/#organization\"},\"potentialAction\":[{\"@type\":\"SearchAction\",\"target\":{\"@type\":\"EntryPoint\",\"urlTemplate\":\"https:\\\/\\\/hierostrasbourg.com\\\/?s={search_term_string}\"},\"query-input\":{\"@type\":\"PropertyValueSpecification\",\"valueRequired\":true,\"valueName\":\"search_term_string\"}}],\"inLanguage\":\"fr-FR\"},{\"@type\":\"Organization\",\"@id\":\"https:\\\/\\\/hierostrasbourg.com\\\/#organization\",\"name\":\"F\u00e9d\u00e9ration Hi\u00e9ro Strasbourg\",\"url\":\"https:\\\/\\\/hierostrasbourg.com\\\/\",\"logo\":{\"@type\":\"ImageObject\",\"inLanguage\":\"fr-FR\",\"@id\":\"https:\\\/\\\/hierostrasbourg.com\\\/#\\\/schema\\\/logo\\\/image\\\/\",\"url\":\"https:\\\/\\\/hierostrasbourg.com\\\/wp-content\\\/uploads\\\/2026\\\/04\\\/logo-hiero-strasbourg.jpg\",\"contentUrl\":\"https:\\\/\\\/hierostrasbourg.com\\\/wp-content\\\/uploads\\\/2026\\\/04\\\/logo-hiero-strasbourg.jpg\",\"width\":204,\"height\":192,\"caption\":\"F\u00e9d\u00e9ration Hi\u00e9ro Strasbourg\"},\"image\":{\"@id\":\"https:\\\/\\\/hierostrasbourg.com\\\/#\\\/schema\\\/logo\\\/image\\\/\"},\"sameAs\":[\"https:\\\/\\\/www.facebook.com\\\/fedehierostrasbourg\",\"https:\\\/\\\/x.com\\\/hierostrasbourg\"]}]}<\/script>\n<!-- \/ Yoast SEO plugin. -->","yoast_head_json":{"title":"La cr\u00e9ation musicale au d\u00e9fi des nouveaux espaces et des nouveaux publics - HIERO STRASBOURG","robots":{"index":"index","follow":"follow","max-snippet":"max-snippet:-1","max-image-preview":"max-image-preview:large","max-video-preview":"max-video-preview:-1"},"canonical":"https:\/\/hierostrasbourg.com\/index.php\/2022\/06\/09\/la-creation-musicale-au-defi-des-nouveaux-espaces-et-des-nouveaux-publics\/","og_locale":"fr_FR","og_type":"article","og_title":"La cr\u00e9ation musicale au d\u00e9fi des nouveaux espaces et des nouveaux publics - HIERO STRASBOURG","og_description":"Sculpture sonore et dispositif interactif au Centre Pompidou, \u00ab Musiques-Fictions \u00bb au Th\u00e9\u00e2tre de Gennevilliers\u2026 Lors du festival de l\u2019Ircam, les cr\u00e9ateurs sortent du cadre du concert pour prolonger la dur\u00e9e d\u2019exposition de leurs \u0153uvres. Source \/ Lire la suite : La cr\u00e9ation musicale au d\u00e9fi des nouveaux espaces et des nouveaux publics L\u2019article La cr\u00e9ation musicale au d\u00e9fi des nouveaux espaces et des nouveaux publics est apparu en premier sur Musiques Actuelles en Alsace. L\u2019article La cr\u00e9ation musicale au [&hellip;]","og_url":"https:\/\/hierostrasbourg.com\/index.php\/2022\/06\/09\/la-creation-musicale-au-defi-des-nouveaux-espaces-et-des-nouveaux-publics\/","og_site_name":"HIERO STRASBOURG","article_publisher":"https:\/\/www.facebook.com\/fedehierostrasbourg","article_published_time":"2022-06-09T06:31:11+00:00","twitter_card":"summary_large_image","twitter_creator":"@hierostrasbourg","twitter_site":"@hierostrasbourg","twitter_misc":{"Dur\u00e9e de lecture estim\u00e9e":"1 minute"},"schema":{"@context":"https:\/\/schema.org","@graph":[{"@type":"Article","@id":"https:\/\/hierostrasbourg.com\/index.php\/2022\/06\/09\/la-creation-musicale-au-defi-des-nouveaux-espaces-et-des-nouveaux-publics\/#article","isPartOf":{"@id":"https:\/\/hierostrasbourg.com\/index.php\/2022\/06\/09\/la-creation-musicale-au-defi-des-nouveaux-espaces-et-des-nouveaux-publics\/"},"author":{"name":"","@id":""},"headline":"La cr\u00e9ation musicale au d\u00e9fi des nouveaux espaces et des nouveaux publics","datePublished":"2022-06-09T06:31:11+00:00","mainEntityOfPage":{"@id":"https:\/\/hierostrasbourg.com\/index.php\/2022\/06\/09\/la-creation-musicale-au-defi-des-nouveaux-espaces-et-des-nouveaux-publics\/"},"wordCount":119,"publisher":{"@id":"https:\/\/hierostrasbourg.com\/#organization"},"inLanguage":"fr-FR"},{"@type":"WebPage","@id":"https:\/\/hierostrasbourg.com\/index.php\/2022\/06\/09\/la-creation-musicale-au-defi-des-nouveaux-espaces-et-des-nouveaux-publics\/","url":"https:\/\/hierostrasbourg.com\/index.php\/2022\/06\/09\/la-creation-musicale-au-defi-des-nouveaux-espaces-et-des-nouveaux-publics\/","name":"La cr\u00e9ation musicale au d\u00e9fi des nouveaux espaces et des nouveaux publics - HIERO STRASBOURG","isPartOf":{"@id":"https:\/\/hierostrasbourg.com\/#website"},"datePublished":"2022-06-09T06:31:11+00:00","breadcrumb":{"@id":"https:\/\/hierostrasbourg.com\/index.php\/2022\/06\/09\/la-creation-musicale-au-defi-des-nouveaux-espaces-et-des-nouveaux-publics\/#breadcrumb"},"inLanguage":"fr-FR","potentialAction":[{"@type":"ReadAction","target":["https:\/\/hierostrasbourg.com\/index.php\/2022\/06\/09\/la-creation-musicale-au-defi-des-nouveaux-espaces-et-des-nouveaux-publics\/"]}]},{"@type":"BreadcrumbList","@id":"https:\/\/hierostrasbourg.com\/index.php\/2022\/06\/09\/la-creation-musicale-au-defi-des-nouveaux-espaces-et-des-nouveaux-publics\/#breadcrumb","itemListElement":[{"@type":"ListItem","position":1,"name":"Accueil","item":"https:\/\/hierostrasbourg.com\/"},{"@type":"ListItem","position":2,"name":"La cr\u00e9ation musicale au d\u00e9fi des nouveaux espaces et des nouveaux publics"}]},{"@type":"WebSite","@id":"https:\/\/hierostrasbourg.com\/#website","url":"https:\/\/hierostrasbourg.com\/","name":"HIERO STRASBOURG","description":"Centre de Ressources Musiques Actuelles","publisher":{"@id":"https:\/\/hierostrasbourg.com\/#organization"},"potentialAction":[{"@type":"SearchAction","target":{"@type":"EntryPoint","urlTemplate":"https:\/\/hierostrasbourg.com\/?s={search_term_string}"},"query-input":{"@type":"PropertyValueSpecification","valueRequired":true,"valueName":"search_term_string"}}],"inLanguage":"fr-FR"},{"@type":"Organization","@id":"https:\/\/hierostrasbourg.com\/#organization","name":"F\u00e9d\u00e9ration Hi\u00e9ro Strasbourg","url":"https:\/\/hierostrasbourg.com\/","logo":{"@type":"ImageObject","inLanguage":"fr-FR","@id":"https:\/\/hierostrasbourg.com\/#\/schema\/logo\/image\/","url":"https:\/\/hierostrasbourg.com\/wp-content\/uploads\/2026\/04\/logo-hiero-strasbourg.jpg","contentUrl":"https:\/\/hierostrasbourg.com\/wp-content\/uploads\/2026\/04\/logo-hiero-strasbourg.jpg","width":204,"height":192,"caption":"F\u00e9d\u00e9ration Hi\u00e9ro Strasbourg"},"image":{"@id":"https:\/\/hierostrasbourg.com\/#\/schema\/logo\/image\/"},"sameAs":["https:\/\/www.facebook.com\/fedehierostrasbourg","https:\/\/x.com\/hierostrasbourg"]}]}},"_links":{"self":[{"href":"https:\/\/hierostrasbourg.com\/index.php\/wp-json\/wp\/v2\/posts\/2818","targetHints":{"allow":["GET"]}}],"collection":[{"href":"https:\/\/hierostrasbourg.com\/index.php\/wp-json\/wp\/v2\/posts"}],"about":[{"href":"https:\/\/hierostrasbourg.com\/index.php\/wp-json\/wp\/v2\/types\/post"}],"replies":[{"embeddable":true,"href":"https:\/\/hierostrasbourg.com\/index.php\/wp-json\/wp\/v2\/comments?post=2818"}],"version-history":[{"count":0,"href":"https:\/\/hierostrasbourg.com\/index.php\/wp-json\/wp\/v2\/posts\/2818\/revisions"}],"wp:attachment":[{"href":"https:\/\/hierostrasbourg.com\/index.php\/wp-json\/wp\/v2\/media?parent=2818"}],"wp:term":[{"taxonomy":"category","embeddable":true,"href":"https:\/\/hierostrasbourg.com\/index.php\/wp-json\/wp\/v2\/categories?post=2818"},{"taxonomy":"post_tag","embeddable":true,"href":"https:\/\/hierostrasbourg.com\/index.php\/wp-json\/wp\/v2\/tags?post=2818"}],"curies":[{"name":"wp","href":"https:\/\/api.w.org\/{rel}","templated":true}]}}