{"id":2817,"date":"2022-06-08T22:32:38","date_gmt":"2022-06-08T20:32:38","guid":{"rendered":"https:\/\/hierostrasbourg.com\/index.php\/2022\/06\/08\/sans-carbone-la-fete-est-plus-folle-dans-les-festivals-2\/"},"modified":"2022-06-08T22:32:38","modified_gmt":"2022-06-08T20:32:38","slug":"sans-carbone-la-fete-est-plus-folle-dans-les-festivals-2","status":"publish","type":"post","link":"https:\/\/hierostrasbourg.com\/index.php\/2022\/06\/08\/sans-carbone-la-fete-est-plus-folle-dans-les-festivals-2\/","title":{"rendered":"Sans carbone, la f\u00eate est plus folle dans les festivals"},"content":{"rendered":"<p><em>Les organisateurs de festivals attachent de plus en plus d\u2019importance aux questions environnementales, qui sont aussi une attente du public des festivals. Souvent partenaires des \u00e9v\u00e9nements, les collectivit\u00e9s ont une expertise \u00e0 apporter aux acteurs culturels. Le grand enjeu des festivals est la mobilit\u00e9\u2009: des participants, des artistes\u2026<\/em><\/p>\n<p>Source \/ Lire la suite : <a href=\"https:\/\/www.lagazettedescommunes.com\/810025\/dans-les-festivals-sans-carbone-la-fete-est-plus-folle\/\" target=\"_blank\" rel=\"noopener\">Sans carbone, la f\u00eate est plus folle dans les festivals<\/a><\/p>\n<p>L\u2019article <a href=\"https:\/\/popburo.fr\/sans-carbone-la-fete-est-plus-folle-dans-les-festivals\/\">Sans carbone, la f\u00eate est plus folle dans les festivals<\/a> est apparu en premier sur <a href=\"https:\/\/popburo.fr\/\">POP B\u00dcRO<\/a>.<\/p>\n","protected":false},"excerpt":{"rendered":"<p>Les organisateurs de festivals attachent de plus en plus d\u2019importance aux questions environnementales, qui sont aussi une attente du public des festivals. Souvent partenaires des \u00e9v\u00e9nements, les collectivit\u00e9s ont une expertise \u00e0 apporter aux acteurs culturels. Le grand enjeu des festivals est la mobilit\u00e9\u2009: des participants, des artistes\u2026 Source \/ Lire la suite : Sans carbone, la f\u00eate est plus folle dans les festivals L\u2019article Sans carbone, la f\u00eate est plus folle dans les festivals est apparu en premier sur [&hellip;]<\/p>\n","protected":false},"author":0,"featured_media":0,"comment_status":"closed","ping_status":"open","sticky":false,"template":"","format":"standard","meta":{"footnotes":""},"categories":[1],"tags":[],"class_list":["post-2817","post","type-post","status-publish","format-standard","hentry","category-non-classe"],"yoast_head":"<!-- This site is optimized with the Yoast SEO plugin v27.5 - https:\/\/yoast.com\/product\/yoast-seo-wordpress\/ -->\n<title>Sans carbone, la f\u00eate est plus folle dans les festivals - HIERO STRASBOURG<\/title>\n<meta name=\"robots\" content=\"index, follow, max-snippet:-1, max-image-preview:large, max-video-preview:-1\" \/>\n<link rel=\"canonical\" href=\"https:\/\/hierostrasbourg.com\/index.php\/2022\/06\/08\/sans-carbone-la-fete-est-plus-folle-dans-les-festivals-2\/\" \/>\n<meta property=\"og:locale\" content=\"fr_FR\" \/>\n<meta property=\"og:type\" content=\"article\" \/>\n<meta property=\"og:title\" content=\"Sans carbone, la f\u00eate est plus folle dans les festivals - HIERO STRASBOURG\" \/>\n<meta property=\"og:description\" content=\"Les organisateurs de festivals attachent de plus en plus d\u2019importance aux questions environnementales, qui sont aussi une attente du public des festivals. Souvent partenaires des \u00e9v\u00e9nements, les collectivit\u00e9s ont une expertise \u00e0 apporter aux acteurs culturels. Le grand enjeu des festivals est la mobilit\u00e9\u2009: des participants, des artistes\u2026 Source \/ Lire la suite : Sans carbone, la f\u00eate est plus folle dans les festivals L\u2019article Sans carbone, la f\u00eate est plus folle dans les festivals est apparu en premier sur [&hellip;]\" \/>\n<meta property=\"og:url\" content=\"https:\/\/hierostrasbourg.com\/index.php\/2022\/06\/08\/sans-carbone-la-fete-est-plus-folle-dans-les-festivals-2\/\" \/>\n<meta property=\"og:site_name\" content=\"HIERO STRASBOURG\" \/>\n<meta property=\"article:publisher\" content=\"https:\/\/www.facebook.com\/fedehierostrasbourg\" \/>\n<meta property=\"article:published_time\" content=\"2022-06-08T20:32:38+00:00\" \/>\n<meta name=\"twitter:card\" content=\"summary_large_image\" \/>\n<meta name=\"twitter:creator\" content=\"@hierostrasbourg\" \/>\n<meta name=\"twitter:site\" content=\"@hierostrasbourg\" \/>\n<script type=\"application\/ld+json\" class=\"yoast-schema-graph\">{\"@context\":\"https:\\\/\\\/schema.org\",\"@graph\":[{\"@type\":\"Article\",\"@id\":\"https:\\\/\\\/hierostrasbourg.com\\\/index.php\\\/2022\\\/06\\\/08\\\/sans-carbone-la-fete-est-plus-folle-dans-les-festivals-2\\\/#article\",\"isPartOf\":{\"@id\":\"https:\\\/\\\/hierostrasbourg.com\\\/index.php\\\/2022\\\/06\\\/08\\\/sans-carbone-la-fete-est-plus-folle-dans-les-festivals-2\\\/\"},\"author\":{\"name\":\"\",\"@id\":\"\"},\"headline\":\"Sans carbone, la f\u00eate est plus folle dans les festivals\",\"datePublished\":\"2022-06-08T20:32:38+00:00\",\"mainEntityOfPage\":{\"@id\":\"https:\\\/\\\/hierostrasbourg.com\\\/index.php\\\/2022\\\/06\\\/08\\\/sans-carbone-la-fete-est-plus-folle-dans-les-festivals-2\\\/\"},\"wordCount\":97,\"publisher\":{\"@id\":\"https:\\\/\\\/hierostrasbourg.com\\\/#organization\"},\"inLanguage\":\"fr-FR\"},{\"@type\":\"WebPage\",\"@id\":\"https:\\\/\\\/hierostrasbourg.com\\\/index.php\\\/2022\\\/06\\\/08\\\/sans-carbone-la-fete-est-plus-folle-dans-les-festivals-2\\\/\",\"url\":\"https:\\\/\\\/hierostrasbourg.com\\\/index.php\\\/2022\\\/06\\\/08\\\/sans-carbone-la-fete-est-plus-folle-dans-les-festivals-2\\\/\",\"name\":\"Sans carbone, la f\u00eate est plus folle dans les festivals - HIERO STRASBOURG\",\"isPartOf\":{\"@id\":\"https:\\\/\\\/hierostrasbourg.com\\\/#website\"},\"datePublished\":\"2022-06-08T20:32:38+00:00\",\"breadcrumb\":{\"@id\":\"https:\\\/\\\/hierostrasbourg.com\\\/index.php\\\/2022\\\/06\\\/08\\\/sans-carbone-la-fete-est-plus-folle-dans-les-festivals-2\\\/#breadcrumb\"},\"inLanguage\":\"fr-FR\",\"potentialAction\":[{\"@type\":\"ReadAction\",\"target\":[\"https:\\\/\\\/hierostrasbourg.com\\\/index.php\\\/2022\\\/06\\\/08\\\/sans-carbone-la-fete-est-plus-folle-dans-les-festivals-2\\\/\"]}]},{\"@type\":\"BreadcrumbList\",\"@id\":\"https:\\\/\\\/hierostrasbourg.com\\\/index.php\\\/2022\\\/06\\\/08\\\/sans-carbone-la-fete-est-plus-folle-dans-les-festivals-2\\\/#breadcrumb\",\"itemListElement\":[{\"@type\":\"ListItem\",\"position\":1,\"name\":\"Accueil\",\"item\":\"https:\\\/\\\/hierostrasbourg.com\\\/\"},{\"@type\":\"ListItem\",\"position\":2,\"name\":\"Sans carbone, la f\u00eate est plus folle dans les festivals\"}]},{\"@type\":\"WebSite\",\"@id\":\"https:\\\/\\\/hierostrasbourg.com\\\/#website\",\"url\":\"https:\\\/\\\/hierostrasbourg.com\\\/\",\"name\":\"HIERO STRASBOURG\",\"description\":\"Centre de Ressources Musiques Actuelles\",\"publisher\":{\"@id\":\"https:\\\/\\\/hierostrasbourg.com\\\/#organization\"},\"potentialAction\":[{\"@type\":\"SearchAction\",\"target\":{\"@type\":\"EntryPoint\",\"urlTemplate\":\"https:\\\/\\\/hierostrasbourg.com\\\/?s={search_term_string}\"},\"query-input\":{\"@type\":\"PropertyValueSpecification\",\"valueRequired\":true,\"valueName\":\"search_term_string\"}}],\"inLanguage\":\"fr-FR\"},{\"@type\":\"Organization\",\"@id\":\"https:\\\/\\\/hierostrasbourg.com\\\/#organization\",\"name\":\"F\u00e9d\u00e9ration Hi\u00e9ro Strasbourg\",\"url\":\"https:\\\/\\\/hierostrasbourg.com\\\/\",\"logo\":{\"@type\":\"ImageObject\",\"inLanguage\":\"fr-FR\",\"@id\":\"https:\\\/\\\/hierostrasbourg.com\\\/#\\\/schema\\\/logo\\\/image\\\/\",\"url\":\"https:\\\/\\\/hierostrasbourg.com\\\/wp-content\\\/uploads\\\/2026\\\/04\\\/logo-hiero-strasbourg.jpg\",\"contentUrl\":\"https:\\\/\\\/hierostrasbourg.com\\\/wp-content\\\/uploads\\\/2026\\\/04\\\/logo-hiero-strasbourg.jpg\",\"width\":204,\"height\":192,\"caption\":\"F\u00e9d\u00e9ration Hi\u00e9ro Strasbourg\"},\"image\":{\"@id\":\"https:\\\/\\\/hierostrasbourg.com\\\/#\\\/schema\\\/logo\\\/image\\\/\"},\"sameAs\":[\"https:\\\/\\\/www.facebook.com\\\/fedehierostrasbourg\",\"https:\\\/\\\/x.com\\\/hierostrasbourg\"]}]}<\/script>\n<!-- \/ Yoast SEO plugin. -->","yoast_head_json":{"title":"Sans carbone, la f\u00eate est plus folle dans les festivals - HIERO STRASBOURG","robots":{"index":"index","follow":"follow","max-snippet":"max-snippet:-1","max-image-preview":"max-image-preview:large","max-video-preview":"max-video-preview:-1"},"canonical":"https:\/\/hierostrasbourg.com\/index.php\/2022\/06\/08\/sans-carbone-la-fete-est-plus-folle-dans-les-festivals-2\/","og_locale":"fr_FR","og_type":"article","og_title":"Sans carbone, la f\u00eate est plus folle dans les festivals - HIERO STRASBOURG","og_description":"Les organisateurs de festivals attachent de plus en plus d\u2019importance aux questions environnementales, qui sont aussi une attente du public des festivals. Souvent partenaires des \u00e9v\u00e9nements, les collectivit\u00e9s ont une expertise \u00e0 apporter aux acteurs culturels. Le grand enjeu des festivals est la mobilit\u00e9\u2009: des participants, des artistes\u2026 Source \/ Lire la suite : Sans carbone, la f\u00eate est plus folle dans les festivals L\u2019article Sans carbone, la f\u00eate est plus folle dans les festivals est apparu en premier sur [&hellip;]","og_url":"https:\/\/hierostrasbourg.com\/index.php\/2022\/06\/08\/sans-carbone-la-fete-est-plus-folle-dans-les-festivals-2\/","og_site_name":"HIERO STRASBOURG","article_publisher":"https:\/\/www.facebook.com\/fedehierostrasbourg","article_published_time":"2022-06-08T20:32:38+00:00","twitter_card":"summary_large_image","twitter_creator":"@hierostrasbourg","twitter_site":"@hierostrasbourg","schema":{"@context":"https:\/\/schema.org","@graph":[{"@type":"Article","@id":"https:\/\/hierostrasbourg.com\/index.php\/2022\/06\/08\/sans-carbone-la-fete-est-plus-folle-dans-les-festivals-2\/#article","isPartOf":{"@id":"https:\/\/hierostrasbourg.com\/index.php\/2022\/06\/08\/sans-carbone-la-fete-est-plus-folle-dans-les-festivals-2\/"},"author":{"name":"","@id":""},"headline":"Sans carbone, la f\u00eate est plus folle dans les festivals","datePublished":"2022-06-08T20:32:38+00:00","mainEntityOfPage":{"@id":"https:\/\/hierostrasbourg.com\/index.php\/2022\/06\/08\/sans-carbone-la-fete-est-plus-folle-dans-les-festivals-2\/"},"wordCount":97,"publisher":{"@id":"https:\/\/hierostrasbourg.com\/#organization"},"inLanguage":"fr-FR"},{"@type":"WebPage","@id":"https:\/\/hierostrasbourg.com\/index.php\/2022\/06\/08\/sans-carbone-la-fete-est-plus-folle-dans-les-festivals-2\/","url":"https:\/\/hierostrasbourg.com\/index.php\/2022\/06\/08\/sans-carbone-la-fete-est-plus-folle-dans-les-festivals-2\/","name":"Sans carbone, la f\u00eate est plus folle dans les festivals - HIERO STRASBOURG","isPartOf":{"@id":"https:\/\/hierostrasbourg.com\/#website"},"datePublished":"2022-06-08T20:32:38+00:00","breadcrumb":{"@id":"https:\/\/hierostrasbourg.com\/index.php\/2022\/06\/08\/sans-carbone-la-fete-est-plus-folle-dans-les-festivals-2\/#breadcrumb"},"inLanguage":"fr-FR","potentialAction":[{"@type":"ReadAction","target":["https:\/\/hierostrasbourg.com\/index.php\/2022\/06\/08\/sans-carbone-la-fete-est-plus-folle-dans-les-festivals-2\/"]}]},{"@type":"BreadcrumbList","@id":"https:\/\/hierostrasbourg.com\/index.php\/2022\/06\/08\/sans-carbone-la-fete-est-plus-folle-dans-les-festivals-2\/#breadcrumb","itemListElement":[{"@type":"ListItem","position":1,"name":"Accueil","item":"https:\/\/hierostrasbourg.com\/"},{"@type":"ListItem","position":2,"name":"Sans carbone, la f\u00eate est plus folle dans les festivals"}]},{"@type":"WebSite","@id":"https:\/\/hierostrasbourg.com\/#website","url":"https:\/\/hierostrasbourg.com\/","name":"HIERO STRASBOURG","description":"Centre de Ressources Musiques Actuelles","publisher":{"@id":"https:\/\/hierostrasbourg.com\/#organization"},"potentialAction":[{"@type":"SearchAction","target":{"@type":"EntryPoint","urlTemplate":"https:\/\/hierostrasbourg.com\/?s={search_term_string}"},"query-input":{"@type":"PropertyValueSpecification","valueRequired":true,"valueName":"search_term_string"}}],"inLanguage":"fr-FR"},{"@type":"Organization","@id":"https:\/\/hierostrasbourg.com\/#organization","name":"F\u00e9d\u00e9ration Hi\u00e9ro Strasbourg","url":"https:\/\/hierostrasbourg.com\/","logo":{"@type":"ImageObject","inLanguage":"fr-FR","@id":"https:\/\/hierostrasbourg.com\/#\/schema\/logo\/image\/","url":"https:\/\/hierostrasbourg.com\/wp-content\/uploads\/2026\/04\/logo-hiero-strasbourg.jpg","contentUrl":"https:\/\/hierostrasbourg.com\/wp-content\/uploads\/2026\/04\/logo-hiero-strasbourg.jpg","width":204,"height":192,"caption":"F\u00e9d\u00e9ration Hi\u00e9ro Strasbourg"},"image":{"@id":"https:\/\/hierostrasbourg.com\/#\/schema\/logo\/image\/"},"sameAs":["https:\/\/www.facebook.com\/fedehierostrasbourg","https:\/\/x.com\/hierostrasbourg"]}]}},"_links":{"self":[{"href":"https:\/\/hierostrasbourg.com\/index.php\/wp-json\/wp\/v2\/posts\/2817","targetHints":{"allow":["GET"]}}],"collection":[{"href":"https:\/\/hierostrasbourg.com\/index.php\/wp-json\/wp\/v2\/posts"}],"about":[{"href":"https:\/\/hierostrasbourg.com\/index.php\/wp-json\/wp\/v2\/types\/post"}],"replies":[{"embeddable":true,"href":"https:\/\/hierostrasbourg.com\/index.php\/wp-json\/wp\/v2\/comments?post=2817"}],"version-history":[{"count":0,"href":"https:\/\/hierostrasbourg.com\/index.php\/wp-json\/wp\/v2\/posts\/2817\/revisions"}],"wp:attachment":[{"href":"https:\/\/hierostrasbourg.com\/index.php\/wp-json\/wp\/v2\/media?parent=2817"}],"wp:term":[{"taxonomy":"category","embeddable":true,"href":"https:\/\/hierostrasbourg.com\/index.php\/wp-json\/wp\/v2\/categories?post=2817"},{"taxonomy":"post_tag","embeddable":true,"href":"https:\/\/hierostrasbourg.com\/index.php\/wp-json\/wp\/v2\/tags?post=2817"}],"curies":[{"name":"wp","href":"https:\/\/api.w.org\/{rel}","templated":true}]}}