{"id":2809,"date":"2022-06-08T19:32:48","date_gmt":"2022-06-08T17:32:48","guid":{"rendered":"https:\/\/hierostrasbourg.com\/index.php\/2022\/06\/08\/les-artistes-en-ont-assez-des-medias-sociaux-et-que-faire-a-ce-sujet-2\/"},"modified":"2022-06-08T19:32:48","modified_gmt":"2022-06-08T17:32:48","slug":"les-artistes-en-ont-assez-des-medias-sociaux-et-que-faire-a-ce-sujet-2","status":"publish","type":"post","link":"https:\/\/hierostrasbourg.com\/index.php\/2022\/06\/08\/les-artistes-en-ont-assez-des-medias-sociaux-et-que-faire-a-ce-sujet-2\/","title":{"rendered":"Les artistes en ont assez des m\u00e9dias sociaux et que faire \u00e0 ce sujet"},"content":{"rendered":"<p><a href=\"https:\/\/musiquesactuelles.alsace\/les-artistes-en-ont-assez-des-medias-sociaux-et-que-faire-a-ce-sujet\/\" title=\"Les artistes en ont assez des m\u00e9dias sociaux et que faire \u00e0 ce sujet\"><\/a><\/p>\n<p>Pourquoi les artistes se rebellent-ils contre les d\u00e9sirs de leurs maisons de disques de devenir des machines \u00e0 contenu ? Il y a essentiellement deux raisons. La premi\u00e8re remonte \u00e0 l\u2019\u00e9poque de\u00a0MTV\u00a0, lorsque les labels ont commenc\u00e9 \u00e0 signer des artistes pour leurs looks, puis ont exig\u00e9 qu\u2019ils produisent des vid\u00e9os pour la nouvelle plate-forme m\u00e9diatique de l\u2019\u00e9poque.\u00a0Pour un artiste qui ne se souciait que de cr\u00e9er de la musique, faire une vid\u00e9o pourrait \u00eatre consid\u00e9r\u00e9 comme un mal n\u00e9cessaire, [\u2026]<\/p>\n<p>L\u2019article <a href=\"https:\/\/musiquesactuelles.alsace\/les-artistes-en-ont-assez-des-medias-sociaux-et-que-faire-a-ce-sujet\/\">Les artistes en ont assez des m\u00e9dias sociaux et que faire \u00e0 ce sujet<\/a> est apparu en premier sur <a href=\"https:\/\/musiquesactuelles.alsace\/\">Musiques Actuelles en Alsace<\/a>.<\/p>\n<p>L\u2019article <a href=\"https:\/\/popburo.fr\/les-artistes-en-ont-assez-des-medias-sociaux-et-que-faire-a-ce-sujet-2\/\">Les artistes en ont assez des m\u00e9dias sociaux et que faire \u00e0 ce sujet<\/a> est apparu en premier sur <a href=\"https:\/\/popburo.fr\/\">POP B\u00dcRO<\/a>.<\/p>\n","protected":false},"excerpt":{"rendered":"<p>Pourquoi les artistes se rebellent-ils contre les d\u00e9sirs de leurs maisons de disques de devenir des machines \u00e0 contenu ? Il y a essentiellement deux raisons. La premi\u00e8re remonte \u00e0 l\u2019\u00e9poque de\u00a0MTV\u00a0, lorsque les labels ont commenc\u00e9 \u00e0 signer des artistes pour leurs looks, puis ont exig\u00e9 qu\u2019ils produisent des vid\u00e9os pour la nouvelle plate-forme m\u00e9diatique de l\u2019\u00e9poque.\u00a0Pour un artiste qui ne se souciait que de cr\u00e9er de la musique, faire une vid\u00e9o pourrait \u00eatre consid\u00e9r\u00e9 comme un mal n\u00e9cessaire, [&hellip;]<\/p>\n","protected":false},"author":0,"featured_media":0,"comment_status":"closed","ping_status":"open","sticky":false,"template":"","format":"standard","meta":{"footnotes":""},"categories":[1],"tags":[],"class_list":["post-2809","post","type-post","status-publish","format-standard","hentry","category-non-classe"],"yoast_head":"<!-- This site is optimized with the Yoast SEO plugin v27.5 - https:\/\/yoast.com\/product\/yoast-seo-wordpress\/ -->\n<title>Les artistes en ont assez des m\u00e9dias sociaux et que faire \u00e0 ce sujet - HIERO STRASBOURG<\/title>\n<meta name=\"robots\" content=\"index, follow, max-snippet:-1, max-image-preview:large, max-video-preview:-1\" \/>\n<link rel=\"canonical\" href=\"https:\/\/hierostrasbourg.com\/index.php\/2022\/06\/08\/les-artistes-en-ont-assez-des-medias-sociaux-et-que-faire-a-ce-sujet-2\/\" \/>\n<meta property=\"og:locale\" content=\"fr_FR\" \/>\n<meta property=\"og:type\" content=\"article\" \/>\n<meta property=\"og:title\" content=\"Les artistes en ont assez des m\u00e9dias sociaux et que faire \u00e0 ce sujet - HIERO STRASBOURG\" \/>\n<meta property=\"og:description\" content=\"Pourquoi les artistes se rebellent-ils contre les d\u00e9sirs de leurs maisons de disques de devenir des machines \u00e0 contenu ? Il y a essentiellement deux raisons. La premi\u00e8re remonte \u00e0 l\u2019\u00e9poque de\u00a0MTV\u00a0, lorsque les labels ont commenc\u00e9 \u00e0 signer des artistes pour leurs looks, puis ont exig\u00e9 qu\u2019ils produisent des vid\u00e9os pour la nouvelle plate-forme m\u00e9diatique de l\u2019\u00e9poque.\u00a0Pour un artiste qui ne se souciait que de cr\u00e9er de la musique, faire une vid\u00e9o pourrait \u00eatre consid\u00e9r\u00e9 comme un mal n\u00e9cessaire, [&hellip;]\" \/>\n<meta property=\"og:url\" content=\"https:\/\/hierostrasbourg.com\/index.php\/2022\/06\/08\/les-artistes-en-ont-assez-des-medias-sociaux-et-que-faire-a-ce-sujet-2\/\" \/>\n<meta property=\"og:site_name\" content=\"HIERO STRASBOURG\" \/>\n<meta property=\"article:publisher\" content=\"https:\/\/www.facebook.com\/fedehierostrasbourg\" \/>\n<meta property=\"article:published_time\" content=\"2022-06-08T17:32:48+00:00\" \/>\n<meta name=\"twitter:card\" content=\"summary_large_image\" \/>\n<meta name=\"twitter:creator\" content=\"@hierostrasbourg\" \/>\n<meta name=\"twitter:site\" content=\"@hierostrasbourg\" \/>\n<meta name=\"twitter:label1\" content=\"Dur\u00e9e de lecture estim\u00e9e\" \/>\n\t<meta name=\"twitter:data1\" content=\"1 minute\" \/>\n<script type=\"application\/ld+json\" class=\"yoast-schema-graph\">{\"@context\":\"https:\\\/\\\/schema.org\",\"@graph\":[{\"@type\":\"Article\",\"@id\":\"https:\\\/\\\/hierostrasbourg.com\\\/index.php\\\/2022\\\/06\\\/08\\\/les-artistes-en-ont-assez-des-medias-sociaux-et-que-faire-a-ce-sujet-2\\\/#article\",\"isPartOf\":{\"@id\":\"https:\\\/\\\/hierostrasbourg.com\\\/index.php\\\/2022\\\/06\\\/08\\\/les-artistes-en-ont-assez-des-medias-sociaux-et-que-faire-a-ce-sujet-2\\\/\"},\"author\":{\"name\":\"\",\"@id\":\"\"},\"headline\":\"Les artistes en ont assez des m\u00e9dias sociaux et que faire \u00e0 ce sujet\",\"datePublished\":\"2022-06-08T17:32:48+00:00\",\"mainEntityOfPage\":{\"@id\":\"https:\\\/\\\/hierostrasbourg.com\\\/index.php\\\/2022\\\/06\\\/08\\\/les-artistes-en-ont-assez-des-medias-sociaux-et-que-faire-a-ce-sujet-2\\\/\"},\"wordCount\":152,\"publisher\":{\"@id\":\"https:\\\/\\\/hierostrasbourg.com\\\/#organization\"},\"inLanguage\":\"fr-FR\"},{\"@type\":\"WebPage\",\"@id\":\"https:\\\/\\\/hierostrasbourg.com\\\/index.php\\\/2022\\\/06\\\/08\\\/les-artistes-en-ont-assez-des-medias-sociaux-et-que-faire-a-ce-sujet-2\\\/\",\"url\":\"https:\\\/\\\/hierostrasbourg.com\\\/index.php\\\/2022\\\/06\\\/08\\\/les-artistes-en-ont-assez-des-medias-sociaux-et-que-faire-a-ce-sujet-2\\\/\",\"name\":\"Les artistes en ont assez des m\u00e9dias sociaux et que faire \u00e0 ce sujet - HIERO STRASBOURG\",\"isPartOf\":{\"@id\":\"https:\\\/\\\/hierostrasbourg.com\\\/#website\"},\"datePublished\":\"2022-06-08T17:32:48+00:00\",\"breadcrumb\":{\"@id\":\"https:\\\/\\\/hierostrasbourg.com\\\/index.php\\\/2022\\\/06\\\/08\\\/les-artistes-en-ont-assez-des-medias-sociaux-et-que-faire-a-ce-sujet-2\\\/#breadcrumb\"},\"inLanguage\":\"fr-FR\",\"potentialAction\":[{\"@type\":\"ReadAction\",\"target\":[\"https:\\\/\\\/hierostrasbourg.com\\\/index.php\\\/2022\\\/06\\\/08\\\/les-artistes-en-ont-assez-des-medias-sociaux-et-que-faire-a-ce-sujet-2\\\/\"]}]},{\"@type\":\"BreadcrumbList\",\"@id\":\"https:\\\/\\\/hierostrasbourg.com\\\/index.php\\\/2022\\\/06\\\/08\\\/les-artistes-en-ont-assez-des-medias-sociaux-et-que-faire-a-ce-sujet-2\\\/#breadcrumb\",\"itemListElement\":[{\"@type\":\"ListItem\",\"position\":1,\"name\":\"Accueil\",\"item\":\"https:\\\/\\\/hierostrasbourg.com\\\/\"},{\"@type\":\"ListItem\",\"position\":2,\"name\":\"Les artistes en ont assez des m\u00e9dias sociaux et que faire \u00e0 ce sujet\"}]},{\"@type\":\"WebSite\",\"@id\":\"https:\\\/\\\/hierostrasbourg.com\\\/#website\",\"url\":\"https:\\\/\\\/hierostrasbourg.com\\\/\",\"name\":\"HIERO STRASBOURG\",\"description\":\"Centre de Ressources Musiques Actuelles\",\"publisher\":{\"@id\":\"https:\\\/\\\/hierostrasbourg.com\\\/#organization\"},\"potentialAction\":[{\"@type\":\"SearchAction\",\"target\":{\"@type\":\"EntryPoint\",\"urlTemplate\":\"https:\\\/\\\/hierostrasbourg.com\\\/?s={search_term_string}\"},\"query-input\":{\"@type\":\"PropertyValueSpecification\",\"valueRequired\":true,\"valueName\":\"search_term_string\"}}],\"inLanguage\":\"fr-FR\"},{\"@type\":\"Organization\",\"@id\":\"https:\\\/\\\/hierostrasbourg.com\\\/#organization\",\"name\":\"F\u00e9d\u00e9ration Hi\u00e9ro Strasbourg\",\"url\":\"https:\\\/\\\/hierostrasbourg.com\\\/\",\"logo\":{\"@type\":\"ImageObject\",\"inLanguage\":\"fr-FR\",\"@id\":\"https:\\\/\\\/hierostrasbourg.com\\\/#\\\/schema\\\/logo\\\/image\\\/\",\"url\":\"https:\\\/\\\/hierostrasbourg.com\\\/wp-content\\\/uploads\\\/2026\\\/04\\\/logo-hiero-strasbourg.jpg\",\"contentUrl\":\"https:\\\/\\\/hierostrasbourg.com\\\/wp-content\\\/uploads\\\/2026\\\/04\\\/logo-hiero-strasbourg.jpg\",\"width\":204,\"height\":192,\"caption\":\"F\u00e9d\u00e9ration Hi\u00e9ro Strasbourg\"},\"image\":{\"@id\":\"https:\\\/\\\/hierostrasbourg.com\\\/#\\\/schema\\\/logo\\\/image\\\/\"},\"sameAs\":[\"https:\\\/\\\/www.facebook.com\\\/fedehierostrasbourg\",\"https:\\\/\\\/x.com\\\/hierostrasbourg\"]}]}<\/script>\n<!-- \/ Yoast SEO plugin. -->","yoast_head_json":{"title":"Les artistes en ont assez des m\u00e9dias sociaux et que faire \u00e0 ce sujet - HIERO STRASBOURG","robots":{"index":"index","follow":"follow","max-snippet":"max-snippet:-1","max-image-preview":"max-image-preview:large","max-video-preview":"max-video-preview:-1"},"canonical":"https:\/\/hierostrasbourg.com\/index.php\/2022\/06\/08\/les-artistes-en-ont-assez-des-medias-sociaux-et-que-faire-a-ce-sujet-2\/","og_locale":"fr_FR","og_type":"article","og_title":"Les artistes en ont assez des m\u00e9dias sociaux et que faire \u00e0 ce sujet - HIERO STRASBOURG","og_description":"Pourquoi les artistes se rebellent-ils contre les d\u00e9sirs de leurs maisons de disques de devenir des machines \u00e0 contenu ? Il y a essentiellement deux raisons. La premi\u00e8re remonte \u00e0 l\u2019\u00e9poque de\u00a0MTV\u00a0, lorsque les labels ont commenc\u00e9 \u00e0 signer des artistes pour leurs looks, puis ont exig\u00e9 qu\u2019ils produisent des vid\u00e9os pour la nouvelle plate-forme m\u00e9diatique de l\u2019\u00e9poque.\u00a0Pour un artiste qui ne se souciait que de cr\u00e9er de la musique, faire une vid\u00e9o pourrait \u00eatre consid\u00e9r\u00e9 comme un mal n\u00e9cessaire, [&hellip;]","og_url":"https:\/\/hierostrasbourg.com\/index.php\/2022\/06\/08\/les-artistes-en-ont-assez-des-medias-sociaux-et-que-faire-a-ce-sujet-2\/","og_site_name":"HIERO STRASBOURG","article_publisher":"https:\/\/www.facebook.com\/fedehierostrasbourg","article_published_time":"2022-06-08T17:32:48+00:00","twitter_card":"summary_large_image","twitter_creator":"@hierostrasbourg","twitter_site":"@hierostrasbourg","twitter_misc":{"Dur\u00e9e de lecture estim\u00e9e":"1 minute"},"schema":{"@context":"https:\/\/schema.org","@graph":[{"@type":"Article","@id":"https:\/\/hierostrasbourg.com\/index.php\/2022\/06\/08\/les-artistes-en-ont-assez-des-medias-sociaux-et-que-faire-a-ce-sujet-2\/#article","isPartOf":{"@id":"https:\/\/hierostrasbourg.com\/index.php\/2022\/06\/08\/les-artistes-en-ont-assez-des-medias-sociaux-et-que-faire-a-ce-sujet-2\/"},"author":{"name":"","@id":""},"headline":"Les artistes en ont assez des m\u00e9dias sociaux et que faire \u00e0 ce sujet","datePublished":"2022-06-08T17:32:48+00:00","mainEntityOfPage":{"@id":"https:\/\/hierostrasbourg.com\/index.php\/2022\/06\/08\/les-artistes-en-ont-assez-des-medias-sociaux-et-que-faire-a-ce-sujet-2\/"},"wordCount":152,"publisher":{"@id":"https:\/\/hierostrasbourg.com\/#organization"},"inLanguage":"fr-FR"},{"@type":"WebPage","@id":"https:\/\/hierostrasbourg.com\/index.php\/2022\/06\/08\/les-artistes-en-ont-assez-des-medias-sociaux-et-que-faire-a-ce-sujet-2\/","url":"https:\/\/hierostrasbourg.com\/index.php\/2022\/06\/08\/les-artistes-en-ont-assez-des-medias-sociaux-et-que-faire-a-ce-sujet-2\/","name":"Les artistes en ont assez des m\u00e9dias sociaux et que faire \u00e0 ce sujet - HIERO STRASBOURG","isPartOf":{"@id":"https:\/\/hierostrasbourg.com\/#website"},"datePublished":"2022-06-08T17:32:48+00:00","breadcrumb":{"@id":"https:\/\/hierostrasbourg.com\/index.php\/2022\/06\/08\/les-artistes-en-ont-assez-des-medias-sociaux-et-que-faire-a-ce-sujet-2\/#breadcrumb"},"inLanguage":"fr-FR","potentialAction":[{"@type":"ReadAction","target":["https:\/\/hierostrasbourg.com\/index.php\/2022\/06\/08\/les-artistes-en-ont-assez-des-medias-sociaux-et-que-faire-a-ce-sujet-2\/"]}]},{"@type":"BreadcrumbList","@id":"https:\/\/hierostrasbourg.com\/index.php\/2022\/06\/08\/les-artistes-en-ont-assez-des-medias-sociaux-et-que-faire-a-ce-sujet-2\/#breadcrumb","itemListElement":[{"@type":"ListItem","position":1,"name":"Accueil","item":"https:\/\/hierostrasbourg.com\/"},{"@type":"ListItem","position":2,"name":"Les artistes en ont assez des m\u00e9dias sociaux et que faire \u00e0 ce sujet"}]},{"@type":"WebSite","@id":"https:\/\/hierostrasbourg.com\/#website","url":"https:\/\/hierostrasbourg.com\/","name":"HIERO STRASBOURG","description":"Centre de Ressources Musiques Actuelles","publisher":{"@id":"https:\/\/hierostrasbourg.com\/#organization"},"potentialAction":[{"@type":"SearchAction","target":{"@type":"EntryPoint","urlTemplate":"https:\/\/hierostrasbourg.com\/?s={search_term_string}"},"query-input":{"@type":"PropertyValueSpecification","valueRequired":true,"valueName":"search_term_string"}}],"inLanguage":"fr-FR"},{"@type":"Organization","@id":"https:\/\/hierostrasbourg.com\/#organization","name":"F\u00e9d\u00e9ration Hi\u00e9ro Strasbourg","url":"https:\/\/hierostrasbourg.com\/","logo":{"@type":"ImageObject","inLanguage":"fr-FR","@id":"https:\/\/hierostrasbourg.com\/#\/schema\/logo\/image\/","url":"https:\/\/hierostrasbourg.com\/wp-content\/uploads\/2026\/04\/logo-hiero-strasbourg.jpg","contentUrl":"https:\/\/hierostrasbourg.com\/wp-content\/uploads\/2026\/04\/logo-hiero-strasbourg.jpg","width":204,"height":192,"caption":"F\u00e9d\u00e9ration Hi\u00e9ro Strasbourg"},"image":{"@id":"https:\/\/hierostrasbourg.com\/#\/schema\/logo\/image\/"},"sameAs":["https:\/\/www.facebook.com\/fedehierostrasbourg","https:\/\/x.com\/hierostrasbourg"]}]}},"_links":{"self":[{"href":"https:\/\/hierostrasbourg.com\/index.php\/wp-json\/wp\/v2\/posts\/2809","targetHints":{"allow":["GET"]}}],"collection":[{"href":"https:\/\/hierostrasbourg.com\/index.php\/wp-json\/wp\/v2\/posts"}],"about":[{"href":"https:\/\/hierostrasbourg.com\/index.php\/wp-json\/wp\/v2\/types\/post"}],"replies":[{"embeddable":true,"href":"https:\/\/hierostrasbourg.com\/index.php\/wp-json\/wp\/v2\/comments?post=2809"}],"version-history":[{"count":0,"href":"https:\/\/hierostrasbourg.com\/index.php\/wp-json\/wp\/v2\/posts\/2809\/revisions"}],"wp:attachment":[{"href":"https:\/\/hierostrasbourg.com\/index.php\/wp-json\/wp\/v2\/media?parent=2809"}],"wp:term":[{"taxonomy":"category","embeddable":true,"href":"https:\/\/hierostrasbourg.com\/index.php\/wp-json\/wp\/v2\/categories?post=2809"},{"taxonomy":"post_tag","embeddable":true,"href":"https:\/\/hierostrasbourg.com\/index.php\/wp-json\/wp\/v2\/tags?post=2809"}],"curies":[{"name":"wp","href":"https:\/\/api.w.org\/{rel}","templated":true}]}}