{"id":2803,"date":"2022-06-08T18:30:54","date_gmt":"2022-06-08T16:30:54","guid":{"rendered":"https:\/\/hierostrasbourg.com\/index.php\/2022\/06\/08\/les-festivals-reviennent-transformes-et-pas-seulement-a-cause-du-covid\/"},"modified":"2022-06-08T18:30:54","modified_gmt":"2022-06-08T16:30:54","slug":"les-festivals-reviennent-transformes-et-pas-seulement-a-cause-du-covid","status":"publish","type":"post","link":"https:\/\/hierostrasbourg.com\/index.php\/2022\/06\/08\/les-festivals-reviennent-transformes-et-pas-seulement-a-cause-du-covid\/","title":{"rendered":"Les festivals reviennent transform\u00e9s\u2026 et pas seulement \u00e0 cause du Covid"},"content":{"rendered":"<p><em>Ils attendaient de retrouver leur public, enfin, apr\u00e8s deux ans de crise Covid. Plus paritaires, plus s\u00fbrs, plus \u00e9colos, mais aussi plus chers, et parfois, plus uniformis\u00e9s\u2026 Comment les grands raouts de l\u2019\u00e9t\u00e9 se sont m\u00e9tamorphos\u00e9s.<\/em><\/p>\n<p>Source \/ Lire la suite : <a href=\"https:\/\/www.telerama.fr\/sortir\/les-festivals-reviennent-transformes-et-pas-seulement-a-cause-du-covid-7010802.php\">Les festivals reviennent transform\u00e9s\u2026 et pas seulement \u00e0 cause du Covid<\/a><\/p>\n<p>L\u2019article <a href=\"https:\/\/popburo.fr\/les-festivals-reviennent-transformes-et-pas-seulement-a-cause-du-covid\/\">Les festivals reviennent transform\u00e9s\u2026 et pas seulement \u00e0 cause du Covid<\/a> est apparu en premier sur <a href=\"https:\/\/popburo.fr\/\">POP B\u00dcRO<\/a>.<\/p>\n","protected":false},"excerpt":{"rendered":"<p>Ils attendaient de retrouver leur public, enfin, apr\u00e8s deux ans de crise Covid. Plus paritaires, plus s\u00fbrs, plus \u00e9colos, mais aussi plus chers, et parfois, plus uniformis\u00e9s\u2026 Comment les grands raouts de l\u2019\u00e9t\u00e9 se sont m\u00e9tamorphos\u00e9s. Source \/ Lire la suite : Les festivals reviennent transform\u00e9s\u2026 et pas seulement \u00e0 cause du Covid L\u2019article Les festivals reviennent transform\u00e9s\u2026 et pas seulement \u00e0 cause du Covid est apparu en premier sur POP B\u00dcRO.<\/p>\n","protected":false},"author":0,"featured_media":0,"comment_status":"closed","ping_status":"open","sticky":false,"template":"","format":"standard","meta":{"footnotes":""},"categories":[1],"tags":[],"class_list":["post-2803","post","type-post","status-publish","format-standard","hentry","category-non-classe"],"yoast_head":"<!-- This site is optimized with the Yoast SEO plugin v27.5 - https:\/\/yoast.com\/product\/yoast-seo-wordpress\/ -->\n<title>Les festivals reviennent transform\u00e9s\u2026 et pas seulement \u00e0 cause du Covid - HIERO STRASBOURG<\/title>\n<meta name=\"robots\" content=\"index, follow, max-snippet:-1, max-image-preview:large, max-video-preview:-1\" \/>\n<link rel=\"canonical\" href=\"https:\/\/hierostrasbourg.com\/index.php\/2022\/06\/08\/les-festivals-reviennent-transformes-et-pas-seulement-a-cause-du-covid\/\" \/>\n<meta property=\"og:locale\" content=\"fr_FR\" \/>\n<meta property=\"og:type\" content=\"article\" \/>\n<meta property=\"og:title\" content=\"Les festivals reviennent transform\u00e9s\u2026 et pas seulement \u00e0 cause du Covid - HIERO STRASBOURG\" \/>\n<meta property=\"og:description\" content=\"Ils attendaient de retrouver leur public, enfin, apr\u00e8s deux ans de crise Covid. Plus paritaires, plus s\u00fbrs, plus \u00e9colos, mais aussi plus chers, et parfois, plus uniformis\u00e9s\u2026 Comment les grands raouts de l\u2019\u00e9t\u00e9 se sont m\u00e9tamorphos\u00e9s. Source \/ Lire la suite : Les festivals reviennent transform\u00e9s\u2026 et pas seulement \u00e0 cause du Covid L\u2019article Les festivals reviennent transform\u00e9s\u2026 et pas seulement \u00e0 cause du Covid est apparu en premier sur POP B\u00dcRO.\" \/>\n<meta property=\"og:url\" content=\"https:\/\/hierostrasbourg.com\/index.php\/2022\/06\/08\/les-festivals-reviennent-transformes-et-pas-seulement-a-cause-du-covid\/\" \/>\n<meta property=\"og:site_name\" content=\"HIERO STRASBOURG\" \/>\n<meta property=\"article:publisher\" content=\"https:\/\/www.facebook.com\/fedehierostrasbourg\" \/>\n<meta property=\"article:published_time\" content=\"2022-06-08T16:30:54+00:00\" \/>\n<meta name=\"twitter:card\" content=\"summary_large_image\" \/>\n<meta name=\"twitter:creator\" content=\"@hierostrasbourg\" \/>\n<meta name=\"twitter:site\" content=\"@hierostrasbourg\" \/>\n<script type=\"application\/ld+json\" class=\"yoast-schema-graph\">{\"@context\":\"https:\\\/\\\/schema.org\",\"@graph\":[{\"@type\":\"Article\",\"@id\":\"https:\\\/\\\/hierostrasbourg.com\\\/index.php\\\/2022\\\/06\\\/08\\\/les-festivals-reviennent-transformes-et-pas-seulement-a-cause-du-covid\\\/#article\",\"isPartOf\":{\"@id\":\"https:\\\/\\\/hierostrasbourg.com\\\/index.php\\\/2022\\\/06\\\/08\\\/les-festivals-reviennent-transformes-et-pas-seulement-a-cause-du-covid\\\/\"},\"author\":{\"name\":\"\",\"@id\":\"\"},\"headline\":\"Les festivals reviennent transform\u00e9s\u2026 et pas seulement \u00e0 cause du Covid\",\"datePublished\":\"2022-06-08T16:30:54+00:00\",\"mainEntityOfPage\":{\"@id\":\"https:\\\/\\\/hierostrasbourg.com\\\/index.php\\\/2022\\\/06\\\/08\\\/les-festivals-reviennent-transformes-et-pas-seulement-a-cause-du-covid\\\/\"},\"wordCount\":89,\"publisher\":{\"@id\":\"https:\\\/\\\/hierostrasbourg.com\\\/#organization\"},\"inLanguage\":\"fr-FR\"},{\"@type\":\"WebPage\",\"@id\":\"https:\\\/\\\/hierostrasbourg.com\\\/index.php\\\/2022\\\/06\\\/08\\\/les-festivals-reviennent-transformes-et-pas-seulement-a-cause-du-covid\\\/\",\"url\":\"https:\\\/\\\/hierostrasbourg.com\\\/index.php\\\/2022\\\/06\\\/08\\\/les-festivals-reviennent-transformes-et-pas-seulement-a-cause-du-covid\\\/\",\"name\":\"Les festivals reviennent transform\u00e9s\u2026 et pas seulement \u00e0 cause du Covid - HIERO STRASBOURG\",\"isPartOf\":{\"@id\":\"https:\\\/\\\/hierostrasbourg.com\\\/#website\"},\"datePublished\":\"2022-06-08T16:30:54+00:00\",\"breadcrumb\":{\"@id\":\"https:\\\/\\\/hierostrasbourg.com\\\/index.php\\\/2022\\\/06\\\/08\\\/les-festivals-reviennent-transformes-et-pas-seulement-a-cause-du-covid\\\/#breadcrumb\"},\"inLanguage\":\"fr-FR\",\"potentialAction\":[{\"@type\":\"ReadAction\",\"target\":[\"https:\\\/\\\/hierostrasbourg.com\\\/index.php\\\/2022\\\/06\\\/08\\\/les-festivals-reviennent-transformes-et-pas-seulement-a-cause-du-covid\\\/\"]}]},{\"@type\":\"BreadcrumbList\",\"@id\":\"https:\\\/\\\/hierostrasbourg.com\\\/index.php\\\/2022\\\/06\\\/08\\\/les-festivals-reviennent-transformes-et-pas-seulement-a-cause-du-covid\\\/#breadcrumb\",\"itemListElement\":[{\"@type\":\"ListItem\",\"position\":1,\"name\":\"Accueil\",\"item\":\"https:\\\/\\\/hierostrasbourg.com\\\/\"},{\"@type\":\"ListItem\",\"position\":2,\"name\":\"Les festivals reviennent transform\u00e9s\u2026 et pas seulement \u00e0 cause du Covid\"}]},{\"@type\":\"WebSite\",\"@id\":\"https:\\\/\\\/hierostrasbourg.com\\\/#website\",\"url\":\"https:\\\/\\\/hierostrasbourg.com\\\/\",\"name\":\"HIERO STRASBOURG\",\"description\":\"Centre de Ressources Musiques Actuelles\",\"publisher\":{\"@id\":\"https:\\\/\\\/hierostrasbourg.com\\\/#organization\"},\"potentialAction\":[{\"@type\":\"SearchAction\",\"target\":{\"@type\":\"EntryPoint\",\"urlTemplate\":\"https:\\\/\\\/hierostrasbourg.com\\\/?s={search_term_string}\"},\"query-input\":{\"@type\":\"PropertyValueSpecification\",\"valueRequired\":true,\"valueName\":\"search_term_string\"}}],\"inLanguage\":\"fr-FR\"},{\"@type\":\"Organization\",\"@id\":\"https:\\\/\\\/hierostrasbourg.com\\\/#organization\",\"name\":\"F\u00e9d\u00e9ration Hi\u00e9ro Strasbourg\",\"url\":\"https:\\\/\\\/hierostrasbourg.com\\\/\",\"logo\":{\"@type\":\"ImageObject\",\"inLanguage\":\"fr-FR\",\"@id\":\"https:\\\/\\\/hierostrasbourg.com\\\/#\\\/schema\\\/logo\\\/image\\\/\",\"url\":\"https:\\\/\\\/hierostrasbourg.com\\\/wp-content\\\/uploads\\\/2026\\\/04\\\/logo-hiero-strasbourg.jpg\",\"contentUrl\":\"https:\\\/\\\/hierostrasbourg.com\\\/wp-content\\\/uploads\\\/2026\\\/04\\\/logo-hiero-strasbourg.jpg\",\"width\":204,\"height\":192,\"caption\":\"F\u00e9d\u00e9ration Hi\u00e9ro Strasbourg\"},\"image\":{\"@id\":\"https:\\\/\\\/hierostrasbourg.com\\\/#\\\/schema\\\/logo\\\/image\\\/\"},\"sameAs\":[\"https:\\\/\\\/www.facebook.com\\\/fedehierostrasbourg\",\"https:\\\/\\\/x.com\\\/hierostrasbourg\"]}]}<\/script>\n<!-- \/ Yoast SEO plugin. -->","yoast_head_json":{"title":"Les festivals reviennent transform\u00e9s\u2026 et pas seulement \u00e0 cause du Covid - HIERO STRASBOURG","robots":{"index":"index","follow":"follow","max-snippet":"max-snippet:-1","max-image-preview":"max-image-preview:large","max-video-preview":"max-video-preview:-1"},"canonical":"https:\/\/hierostrasbourg.com\/index.php\/2022\/06\/08\/les-festivals-reviennent-transformes-et-pas-seulement-a-cause-du-covid\/","og_locale":"fr_FR","og_type":"article","og_title":"Les festivals reviennent transform\u00e9s\u2026 et pas seulement \u00e0 cause du Covid - HIERO STRASBOURG","og_description":"Ils attendaient de retrouver leur public, enfin, apr\u00e8s deux ans de crise Covid. Plus paritaires, plus s\u00fbrs, plus \u00e9colos, mais aussi plus chers, et parfois, plus uniformis\u00e9s\u2026 Comment les grands raouts de l\u2019\u00e9t\u00e9 se sont m\u00e9tamorphos\u00e9s. Source \/ Lire la suite : Les festivals reviennent transform\u00e9s\u2026 et pas seulement \u00e0 cause du Covid L\u2019article Les festivals reviennent transform\u00e9s\u2026 et pas seulement \u00e0 cause du Covid est apparu en premier sur POP B\u00dcRO.","og_url":"https:\/\/hierostrasbourg.com\/index.php\/2022\/06\/08\/les-festivals-reviennent-transformes-et-pas-seulement-a-cause-du-covid\/","og_site_name":"HIERO STRASBOURG","article_publisher":"https:\/\/www.facebook.com\/fedehierostrasbourg","article_published_time":"2022-06-08T16:30:54+00:00","twitter_card":"summary_large_image","twitter_creator":"@hierostrasbourg","twitter_site":"@hierostrasbourg","schema":{"@context":"https:\/\/schema.org","@graph":[{"@type":"Article","@id":"https:\/\/hierostrasbourg.com\/index.php\/2022\/06\/08\/les-festivals-reviennent-transformes-et-pas-seulement-a-cause-du-covid\/#article","isPartOf":{"@id":"https:\/\/hierostrasbourg.com\/index.php\/2022\/06\/08\/les-festivals-reviennent-transformes-et-pas-seulement-a-cause-du-covid\/"},"author":{"name":"","@id":""},"headline":"Les festivals reviennent transform\u00e9s\u2026 et pas seulement \u00e0 cause du Covid","datePublished":"2022-06-08T16:30:54+00:00","mainEntityOfPage":{"@id":"https:\/\/hierostrasbourg.com\/index.php\/2022\/06\/08\/les-festivals-reviennent-transformes-et-pas-seulement-a-cause-du-covid\/"},"wordCount":89,"publisher":{"@id":"https:\/\/hierostrasbourg.com\/#organization"},"inLanguage":"fr-FR"},{"@type":"WebPage","@id":"https:\/\/hierostrasbourg.com\/index.php\/2022\/06\/08\/les-festivals-reviennent-transformes-et-pas-seulement-a-cause-du-covid\/","url":"https:\/\/hierostrasbourg.com\/index.php\/2022\/06\/08\/les-festivals-reviennent-transformes-et-pas-seulement-a-cause-du-covid\/","name":"Les festivals reviennent transform\u00e9s\u2026 et pas seulement \u00e0 cause du Covid - HIERO STRASBOURG","isPartOf":{"@id":"https:\/\/hierostrasbourg.com\/#website"},"datePublished":"2022-06-08T16:30:54+00:00","breadcrumb":{"@id":"https:\/\/hierostrasbourg.com\/index.php\/2022\/06\/08\/les-festivals-reviennent-transformes-et-pas-seulement-a-cause-du-covid\/#breadcrumb"},"inLanguage":"fr-FR","potentialAction":[{"@type":"ReadAction","target":["https:\/\/hierostrasbourg.com\/index.php\/2022\/06\/08\/les-festivals-reviennent-transformes-et-pas-seulement-a-cause-du-covid\/"]}]},{"@type":"BreadcrumbList","@id":"https:\/\/hierostrasbourg.com\/index.php\/2022\/06\/08\/les-festivals-reviennent-transformes-et-pas-seulement-a-cause-du-covid\/#breadcrumb","itemListElement":[{"@type":"ListItem","position":1,"name":"Accueil","item":"https:\/\/hierostrasbourg.com\/"},{"@type":"ListItem","position":2,"name":"Les festivals reviennent transform\u00e9s\u2026 et pas seulement \u00e0 cause du Covid"}]},{"@type":"WebSite","@id":"https:\/\/hierostrasbourg.com\/#website","url":"https:\/\/hierostrasbourg.com\/","name":"HIERO STRASBOURG","description":"Centre de Ressources Musiques Actuelles","publisher":{"@id":"https:\/\/hierostrasbourg.com\/#organization"},"potentialAction":[{"@type":"SearchAction","target":{"@type":"EntryPoint","urlTemplate":"https:\/\/hierostrasbourg.com\/?s={search_term_string}"},"query-input":{"@type":"PropertyValueSpecification","valueRequired":true,"valueName":"search_term_string"}}],"inLanguage":"fr-FR"},{"@type":"Organization","@id":"https:\/\/hierostrasbourg.com\/#organization","name":"F\u00e9d\u00e9ration Hi\u00e9ro Strasbourg","url":"https:\/\/hierostrasbourg.com\/","logo":{"@type":"ImageObject","inLanguage":"fr-FR","@id":"https:\/\/hierostrasbourg.com\/#\/schema\/logo\/image\/","url":"https:\/\/hierostrasbourg.com\/wp-content\/uploads\/2026\/04\/logo-hiero-strasbourg.jpg","contentUrl":"https:\/\/hierostrasbourg.com\/wp-content\/uploads\/2026\/04\/logo-hiero-strasbourg.jpg","width":204,"height":192,"caption":"F\u00e9d\u00e9ration Hi\u00e9ro Strasbourg"},"image":{"@id":"https:\/\/hierostrasbourg.com\/#\/schema\/logo\/image\/"},"sameAs":["https:\/\/www.facebook.com\/fedehierostrasbourg","https:\/\/x.com\/hierostrasbourg"]}]}},"_links":{"self":[{"href":"https:\/\/hierostrasbourg.com\/index.php\/wp-json\/wp\/v2\/posts\/2803","targetHints":{"allow":["GET"]}}],"collection":[{"href":"https:\/\/hierostrasbourg.com\/index.php\/wp-json\/wp\/v2\/posts"}],"about":[{"href":"https:\/\/hierostrasbourg.com\/index.php\/wp-json\/wp\/v2\/types\/post"}],"replies":[{"embeddable":true,"href":"https:\/\/hierostrasbourg.com\/index.php\/wp-json\/wp\/v2\/comments?post=2803"}],"version-history":[{"count":0,"href":"https:\/\/hierostrasbourg.com\/index.php\/wp-json\/wp\/v2\/posts\/2803\/revisions"}],"wp:attachment":[{"href":"https:\/\/hierostrasbourg.com\/index.php\/wp-json\/wp\/v2\/media?parent=2803"}],"wp:term":[{"taxonomy":"category","embeddable":true,"href":"https:\/\/hierostrasbourg.com\/index.php\/wp-json\/wp\/v2\/categories?post=2803"},{"taxonomy":"post_tag","embeddable":true,"href":"https:\/\/hierostrasbourg.com\/index.php\/wp-json\/wp\/v2\/tags?post=2803"}],"curies":[{"name":"wp","href":"https:\/\/api.w.org\/{rel}","templated":true}]}}