{"id":2797,"date":"2022-06-08T12:31:45","date_gmt":"2022-06-08T10:31:45","guid":{"rendered":"https:\/\/hierostrasbourg.com\/index.php\/2022\/06\/08\/evenementiel-a-lamorce-de-lete-s-group-alerte-sur-le-manque-de-personnel-qualifie\/"},"modified":"2022-06-08T12:31:45","modified_gmt":"2022-06-08T10:31:45","slug":"evenementiel-a-lamorce-de-lete-s-group-alerte-sur-le-manque-de-personnel-qualifie","status":"publish","type":"post","link":"https:\/\/hierostrasbourg.com\/index.php\/2022\/06\/08\/evenementiel-a-lamorce-de-lete-s-group-alerte-sur-le-manque-de-personnel-qualifie\/","title":{"rendered":"Ev\u00e9nementiel : \u00e0 l\u2019amorce de l\u2019\u00e9t\u00e9, S Group alerte sur le manque de personnel qualifi\u00e9"},"content":{"rendered":"<p><em>G\u00e9rant de la soci\u00e9t\u00e9 al\u00e9sienne S Group, sp\u00e9cialis\u00e9e dans les solutions audiovisuelles, techniques et sc\u00e9nographiques pour le spectacle vivant, Alexandre Coulet alerte sur les p\u00e9nuries de personnel qualifi\u00e9 et de mat\u00e9riel. Un souci r\u00e9el, alors que le secteur \u00e9v\u00e9nementiel conna\u00eet un fort regain d\u2019activit\u00e9.<\/em><\/p>\n<p>Source \/ Lire la suite : <a href=\"https:\/\/www.lesechos.fr\/pme-regions\/occitanie\/evenementiel-a-lamorce-de-lete-s-group-alerte-sur-le-manque-de-personnel-qualifie-1411866\">Ev\u00e9nementiel : \u00e0 l\u2019amorce de l\u2019\u00e9t\u00e9, S Group alerte sur le manque de personnel qualifi\u00e9<\/a><\/p>\n<p>L\u2019article <a href=\"https:\/\/popburo.fr\/evenementiel-a-lamorce-de-lete-s-group-alerte-sur-le-manque-de-personnel-qualifie\/\">Ev\u00e9nementiel : \u00e0 l\u2019amorce de l\u2019\u00e9t\u00e9, S Group alerte sur le manque de personnel qualifi\u00e9<\/a> est apparu en premier sur <a href=\"https:\/\/popburo.fr\/\">POP B\u00dcRO<\/a>.<\/p>\n","protected":false},"excerpt":{"rendered":"<p>G\u00e9rant de la soci\u00e9t\u00e9 al\u00e9sienne S Group, sp\u00e9cialis\u00e9e dans les solutions audiovisuelles, techniques et sc\u00e9nographiques pour le spectacle vivant, Alexandre Coulet alerte sur les p\u00e9nuries de personnel qualifi\u00e9 et de mat\u00e9riel. Un souci r\u00e9el, alors que le secteur \u00e9v\u00e9nementiel conna\u00eet un fort regain d\u2019activit\u00e9. Source \/ Lire la suite : Ev\u00e9nementiel : \u00e0 l\u2019amorce de l\u2019\u00e9t\u00e9, S Group alerte sur le manque de personnel qualifi\u00e9 L\u2019article Ev\u00e9nementiel : \u00e0 l\u2019amorce de l\u2019\u00e9t\u00e9, S Group alerte sur le manque de personnel [&hellip;]<\/p>\n","protected":false},"author":0,"featured_media":0,"comment_status":"closed","ping_status":"open","sticky":false,"template":"","format":"standard","meta":{"footnotes":""},"categories":[1],"tags":[],"class_list":["post-2797","post","type-post","status-publish","format-standard","hentry","category-non-classe"],"yoast_head":"<!-- This site is optimized with the Yoast SEO plugin v27.5 - https:\/\/yoast.com\/product\/yoast-seo-wordpress\/ -->\n<title>Ev\u00e9nementiel : \u00e0 l\u2019amorce de l\u2019\u00e9t\u00e9, S Group alerte sur le manque de personnel qualifi\u00e9 - HIERO STRASBOURG<\/title>\n<meta name=\"robots\" content=\"index, follow, max-snippet:-1, max-image-preview:large, max-video-preview:-1\" \/>\n<link rel=\"canonical\" href=\"https:\/\/hierostrasbourg.com\/index.php\/2022\/06\/08\/evenementiel-a-lamorce-de-lete-s-group-alerte-sur-le-manque-de-personnel-qualifie\/\" \/>\n<meta property=\"og:locale\" content=\"fr_FR\" \/>\n<meta property=\"og:type\" content=\"article\" \/>\n<meta property=\"og:title\" content=\"Ev\u00e9nementiel : \u00e0 l\u2019amorce de l\u2019\u00e9t\u00e9, S Group alerte sur le manque de personnel qualifi\u00e9 - HIERO STRASBOURG\" \/>\n<meta property=\"og:description\" content=\"G\u00e9rant de la soci\u00e9t\u00e9 al\u00e9sienne S Group, sp\u00e9cialis\u00e9e dans les solutions audiovisuelles, techniques et sc\u00e9nographiques pour le spectacle vivant, Alexandre Coulet alerte sur les p\u00e9nuries de personnel qualifi\u00e9 et de mat\u00e9riel. Un souci r\u00e9el, alors que le secteur \u00e9v\u00e9nementiel conna\u00eet un fort regain d\u2019activit\u00e9. Source \/ Lire la suite : Ev\u00e9nementiel : \u00e0 l\u2019amorce de l\u2019\u00e9t\u00e9, S Group alerte sur le manque de personnel qualifi\u00e9 L\u2019article Ev\u00e9nementiel : \u00e0 l\u2019amorce de l\u2019\u00e9t\u00e9, S Group alerte sur le manque de personnel [&hellip;]\" \/>\n<meta property=\"og:url\" content=\"https:\/\/hierostrasbourg.com\/index.php\/2022\/06\/08\/evenementiel-a-lamorce-de-lete-s-group-alerte-sur-le-manque-de-personnel-qualifie\/\" \/>\n<meta property=\"og:site_name\" content=\"HIERO STRASBOURG\" \/>\n<meta property=\"article:publisher\" content=\"https:\/\/www.facebook.com\/fedehierostrasbourg\" \/>\n<meta property=\"article:published_time\" content=\"2022-06-08T10:31:45+00:00\" \/>\n<meta name=\"twitter:card\" content=\"summary_large_image\" \/>\n<meta name=\"twitter:creator\" content=\"@hierostrasbourg\" \/>\n<meta name=\"twitter:site\" content=\"@hierostrasbourg\" \/>\n<meta name=\"twitter:label1\" content=\"Dur\u00e9e de lecture estim\u00e9e\" \/>\n\t<meta name=\"twitter:data1\" content=\"1 minute\" \/>\n<script type=\"application\/ld+json\" class=\"yoast-schema-graph\">{\"@context\":\"https:\\\/\\\/schema.org\",\"@graph\":[{\"@type\":\"Article\",\"@id\":\"https:\\\/\\\/hierostrasbourg.com\\\/index.php\\\/2022\\\/06\\\/08\\\/evenementiel-a-lamorce-de-lete-s-group-alerte-sur-le-manque-de-personnel-qualifie\\\/#article\",\"isPartOf\":{\"@id\":\"https:\\\/\\\/hierostrasbourg.com\\\/index.php\\\/2022\\\/06\\\/08\\\/evenementiel-a-lamorce-de-lete-s-group-alerte-sur-le-manque-de-personnel-qualifie\\\/\"},\"author\":{\"name\":\"\",\"@id\":\"\"},\"headline\":\"Ev\u00e9nementiel : \u00e0 l\u2019amorce de l\u2019\u00e9t\u00e9, S Group alerte sur le manque de personnel qualifi\u00e9\",\"datePublished\":\"2022-06-08T10:31:45+00:00\",\"mainEntityOfPage\":{\"@id\":\"https:\\\/\\\/hierostrasbourg.com\\\/index.php\\\/2022\\\/06\\\/08\\\/evenementiel-a-lamorce-de-lete-s-group-alerte-sur-le-manque-de-personnel-qualifie\\\/\"},\"wordCount\":118,\"publisher\":{\"@id\":\"https:\\\/\\\/hierostrasbourg.com\\\/#organization\"},\"inLanguage\":\"fr-FR\"},{\"@type\":\"WebPage\",\"@id\":\"https:\\\/\\\/hierostrasbourg.com\\\/index.php\\\/2022\\\/06\\\/08\\\/evenementiel-a-lamorce-de-lete-s-group-alerte-sur-le-manque-de-personnel-qualifie\\\/\",\"url\":\"https:\\\/\\\/hierostrasbourg.com\\\/index.php\\\/2022\\\/06\\\/08\\\/evenementiel-a-lamorce-de-lete-s-group-alerte-sur-le-manque-de-personnel-qualifie\\\/\",\"name\":\"Ev\u00e9nementiel : \u00e0 l\u2019amorce de l\u2019\u00e9t\u00e9, S Group alerte sur le manque de personnel qualifi\u00e9 - HIERO STRASBOURG\",\"isPartOf\":{\"@id\":\"https:\\\/\\\/hierostrasbourg.com\\\/#website\"},\"datePublished\":\"2022-06-08T10:31:45+00:00\",\"breadcrumb\":{\"@id\":\"https:\\\/\\\/hierostrasbourg.com\\\/index.php\\\/2022\\\/06\\\/08\\\/evenementiel-a-lamorce-de-lete-s-group-alerte-sur-le-manque-de-personnel-qualifie\\\/#breadcrumb\"},\"inLanguage\":\"fr-FR\",\"potentialAction\":[{\"@type\":\"ReadAction\",\"target\":[\"https:\\\/\\\/hierostrasbourg.com\\\/index.php\\\/2022\\\/06\\\/08\\\/evenementiel-a-lamorce-de-lete-s-group-alerte-sur-le-manque-de-personnel-qualifie\\\/\"]}]},{\"@type\":\"BreadcrumbList\",\"@id\":\"https:\\\/\\\/hierostrasbourg.com\\\/index.php\\\/2022\\\/06\\\/08\\\/evenementiel-a-lamorce-de-lete-s-group-alerte-sur-le-manque-de-personnel-qualifie\\\/#breadcrumb\",\"itemListElement\":[{\"@type\":\"ListItem\",\"position\":1,\"name\":\"Accueil\",\"item\":\"https:\\\/\\\/hierostrasbourg.com\\\/\"},{\"@type\":\"ListItem\",\"position\":2,\"name\":\"Ev\u00e9nementiel : \u00e0 l\u2019amorce de l\u2019\u00e9t\u00e9, S Group alerte sur le manque de personnel qualifi\u00e9\"}]},{\"@type\":\"WebSite\",\"@id\":\"https:\\\/\\\/hierostrasbourg.com\\\/#website\",\"url\":\"https:\\\/\\\/hierostrasbourg.com\\\/\",\"name\":\"HIERO STRASBOURG\",\"description\":\"Centre de Ressources Musiques Actuelles\",\"publisher\":{\"@id\":\"https:\\\/\\\/hierostrasbourg.com\\\/#organization\"},\"potentialAction\":[{\"@type\":\"SearchAction\",\"target\":{\"@type\":\"EntryPoint\",\"urlTemplate\":\"https:\\\/\\\/hierostrasbourg.com\\\/?s={search_term_string}\"},\"query-input\":{\"@type\":\"PropertyValueSpecification\",\"valueRequired\":true,\"valueName\":\"search_term_string\"}}],\"inLanguage\":\"fr-FR\"},{\"@type\":\"Organization\",\"@id\":\"https:\\\/\\\/hierostrasbourg.com\\\/#organization\",\"name\":\"F\u00e9d\u00e9ration Hi\u00e9ro Strasbourg\",\"url\":\"https:\\\/\\\/hierostrasbourg.com\\\/\",\"logo\":{\"@type\":\"ImageObject\",\"inLanguage\":\"fr-FR\",\"@id\":\"https:\\\/\\\/hierostrasbourg.com\\\/#\\\/schema\\\/logo\\\/image\\\/\",\"url\":\"https:\\\/\\\/hierostrasbourg.com\\\/wp-content\\\/uploads\\\/2026\\\/04\\\/logo-hiero-strasbourg.jpg\",\"contentUrl\":\"https:\\\/\\\/hierostrasbourg.com\\\/wp-content\\\/uploads\\\/2026\\\/04\\\/logo-hiero-strasbourg.jpg\",\"width\":204,\"height\":192,\"caption\":\"F\u00e9d\u00e9ration Hi\u00e9ro Strasbourg\"},\"image\":{\"@id\":\"https:\\\/\\\/hierostrasbourg.com\\\/#\\\/schema\\\/logo\\\/image\\\/\"},\"sameAs\":[\"https:\\\/\\\/www.facebook.com\\\/fedehierostrasbourg\",\"https:\\\/\\\/x.com\\\/hierostrasbourg\"]}]}<\/script>\n<!-- \/ Yoast SEO plugin. -->","yoast_head_json":{"title":"Ev\u00e9nementiel : \u00e0 l\u2019amorce de l\u2019\u00e9t\u00e9, S Group alerte sur le manque de personnel qualifi\u00e9 - HIERO STRASBOURG","robots":{"index":"index","follow":"follow","max-snippet":"max-snippet:-1","max-image-preview":"max-image-preview:large","max-video-preview":"max-video-preview:-1"},"canonical":"https:\/\/hierostrasbourg.com\/index.php\/2022\/06\/08\/evenementiel-a-lamorce-de-lete-s-group-alerte-sur-le-manque-de-personnel-qualifie\/","og_locale":"fr_FR","og_type":"article","og_title":"Ev\u00e9nementiel : \u00e0 l\u2019amorce de l\u2019\u00e9t\u00e9, S Group alerte sur le manque de personnel qualifi\u00e9 - HIERO STRASBOURG","og_description":"G\u00e9rant de la soci\u00e9t\u00e9 al\u00e9sienne S Group, sp\u00e9cialis\u00e9e dans les solutions audiovisuelles, techniques et sc\u00e9nographiques pour le spectacle vivant, Alexandre Coulet alerte sur les p\u00e9nuries de personnel qualifi\u00e9 et de mat\u00e9riel. Un souci r\u00e9el, alors que le secteur \u00e9v\u00e9nementiel conna\u00eet un fort regain d\u2019activit\u00e9. Source \/ Lire la suite : Ev\u00e9nementiel : \u00e0 l\u2019amorce de l\u2019\u00e9t\u00e9, S Group alerte sur le manque de personnel qualifi\u00e9 L\u2019article Ev\u00e9nementiel : \u00e0 l\u2019amorce de l\u2019\u00e9t\u00e9, S Group alerte sur le manque de personnel [&hellip;]","og_url":"https:\/\/hierostrasbourg.com\/index.php\/2022\/06\/08\/evenementiel-a-lamorce-de-lete-s-group-alerte-sur-le-manque-de-personnel-qualifie\/","og_site_name":"HIERO STRASBOURG","article_publisher":"https:\/\/www.facebook.com\/fedehierostrasbourg","article_published_time":"2022-06-08T10:31:45+00:00","twitter_card":"summary_large_image","twitter_creator":"@hierostrasbourg","twitter_site":"@hierostrasbourg","twitter_misc":{"Dur\u00e9e de lecture estim\u00e9e":"1 minute"},"schema":{"@context":"https:\/\/schema.org","@graph":[{"@type":"Article","@id":"https:\/\/hierostrasbourg.com\/index.php\/2022\/06\/08\/evenementiel-a-lamorce-de-lete-s-group-alerte-sur-le-manque-de-personnel-qualifie\/#article","isPartOf":{"@id":"https:\/\/hierostrasbourg.com\/index.php\/2022\/06\/08\/evenementiel-a-lamorce-de-lete-s-group-alerte-sur-le-manque-de-personnel-qualifie\/"},"author":{"name":"","@id":""},"headline":"Ev\u00e9nementiel : \u00e0 l\u2019amorce de l\u2019\u00e9t\u00e9, S Group alerte sur le manque de personnel qualifi\u00e9","datePublished":"2022-06-08T10:31:45+00:00","mainEntityOfPage":{"@id":"https:\/\/hierostrasbourg.com\/index.php\/2022\/06\/08\/evenementiel-a-lamorce-de-lete-s-group-alerte-sur-le-manque-de-personnel-qualifie\/"},"wordCount":118,"publisher":{"@id":"https:\/\/hierostrasbourg.com\/#organization"},"inLanguage":"fr-FR"},{"@type":"WebPage","@id":"https:\/\/hierostrasbourg.com\/index.php\/2022\/06\/08\/evenementiel-a-lamorce-de-lete-s-group-alerte-sur-le-manque-de-personnel-qualifie\/","url":"https:\/\/hierostrasbourg.com\/index.php\/2022\/06\/08\/evenementiel-a-lamorce-de-lete-s-group-alerte-sur-le-manque-de-personnel-qualifie\/","name":"Ev\u00e9nementiel : \u00e0 l\u2019amorce de l\u2019\u00e9t\u00e9, S Group alerte sur le manque de personnel qualifi\u00e9 - HIERO STRASBOURG","isPartOf":{"@id":"https:\/\/hierostrasbourg.com\/#website"},"datePublished":"2022-06-08T10:31:45+00:00","breadcrumb":{"@id":"https:\/\/hierostrasbourg.com\/index.php\/2022\/06\/08\/evenementiel-a-lamorce-de-lete-s-group-alerte-sur-le-manque-de-personnel-qualifie\/#breadcrumb"},"inLanguage":"fr-FR","potentialAction":[{"@type":"ReadAction","target":["https:\/\/hierostrasbourg.com\/index.php\/2022\/06\/08\/evenementiel-a-lamorce-de-lete-s-group-alerte-sur-le-manque-de-personnel-qualifie\/"]}]},{"@type":"BreadcrumbList","@id":"https:\/\/hierostrasbourg.com\/index.php\/2022\/06\/08\/evenementiel-a-lamorce-de-lete-s-group-alerte-sur-le-manque-de-personnel-qualifie\/#breadcrumb","itemListElement":[{"@type":"ListItem","position":1,"name":"Accueil","item":"https:\/\/hierostrasbourg.com\/"},{"@type":"ListItem","position":2,"name":"Ev\u00e9nementiel : \u00e0 l\u2019amorce de l\u2019\u00e9t\u00e9, S Group alerte sur le manque de personnel qualifi\u00e9"}]},{"@type":"WebSite","@id":"https:\/\/hierostrasbourg.com\/#website","url":"https:\/\/hierostrasbourg.com\/","name":"HIERO STRASBOURG","description":"Centre de Ressources Musiques Actuelles","publisher":{"@id":"https:\/\/hierostrasbourg.com\/#organization"},"potentialAction":[{"@type":"SearchAction","target":{"@type":"EntryPoint","urlTemplate":"https:\/\/hierostrasbourg.com\/?s={search_term_string}"},"query-input":{"@type":"PropertyValueSpecification","valueRequired":true,"valueName":"search_term_string"}}],"inLanguage":"fr-FR"},{"@type":"Organization","@id":"https:\/\/hierostrasbourg.com\/#organization","name":"F\u00e9d\u00e9ration Hi\u00e9ro Strasbourg","url":"https:\/\/hierostrasbourg.com\/","logo":{"@type":"ImageObject","inLanguage":"fr-FR","@id":"https:\/\/hierostrasbourg.com\/#\/schema\/logo\/image\/","url":"https:\/\/hierostrasbourg.com\/wp-content\/uploads\/2026\/04\/logo-hiero-strasbourg.jpg","contentUrl":"https:\/\/hierostrasbourg.com\/wp-content\/uploads\/2026\/04\/logo-hiero-strasbourg.jpg","width":204,"height":192,"caption":"F\u00e9d\u00e9ration Hi\u00e9ro Strasbourg"},"image":{"@id":"https:\/\/hierostrasbourg.com\/#\/schema\/logo\/image\/"},"sameAs":["https:\/\/www.facebook.com\/fedehierostrasbourg","https:\/\/x.com\/hierostrasbourg"]}]}},"_links":{"self":[{"href":"https:\/\/hierostrasbourg.com\/index.php\/wp-json\/wp\/v2\/posts\/2797","targetHints":{"allow":["GET"]}}],"collection":[{"href":"https:\/\/hierostrasbourg.com\/index.php\/wp-json\/wp\/v2\/posts"}],"about":[{"href":"https:\/\/hierostrasbourg.com\/index.php\/wp-json\/wp\/v2\/types\/post"}],"replies":[{"embeddable":true,"href":"https:\/\/hierostrasbourg.com\/index.php\/wp-json\/wp\/v2\/comments?post=2797"}],"version-history":[{"count":0,"href":"https:\/\/hierostrasbourg.com\/index.php\/wp-json\/wp\/v2\/posts\/2797\/revisions"}],"wp:attachment":[{"href":"https:\/\/hierostrasbourg.com\/index.php\/wp-json\/wp\/v2\/media?parent=2797"}],"wp:term":[{"taxonomy":"category","embeddable":true,"href":"https:\/\/hierostrasbourg.com\/index.php\/wp-json\/wp\/v2\/categories?post=2797"},{"taxonomy":"post_tag","embeddable":true,"href":"https:\/\/hierostrasbourg.com\/index.php\/wp-json\/wp\/v2\/tags?post=2797"}],"curies":[{"name":"wp","href":"https:\/\/api.w.org\/{rel}","templated":true}]}}