{"id":2786,"date":"2022-06-06T23:31:30","date_gmt":"2022-06-06T21:31:30","guid":{"rendered":"https:\/\/hierostrasbourg.com\/index.php\/2022\/06\/06\/la-plateforme-leslabelsindependants-fr-se-mue-en-association-et-propose-des-services-2\/"},"modified":"2022-06-06T23:31:30","modified_gmt":"2022-06-06T21:31:30","slug":"la-plateforme-leslabelsindependants-fr-se-mue-en-association-et-propose-des-services-2","status":"publish","type":"post","link":"https:\/\/hierostrasbourg.com\/index.php\/2022\/06\/06\/la-plateforme-leslabelsindependants-fr-se-mue-en-association-et-propose-des-services-2\/","title":{"rendered":"la plateforme LESLABELSINDEPENDANTS.FR se mue en association et propose des services"},"content":{"rendered":"<p><a href=\"https:\/\/musiquesactuelles.alsace\/la-plateforme-leslabelsindependants-fr-se-mue-en-association-et-propose-des-services\/\" title=\"la plateforme LESLABELSINDEPENDANTS.FR se mue en association et propose des services\"><\/a><\/p>\n<p>Cr\u00e9\u00e9e en janvier 2021, Les Labels Ind\u00e9pendants est un plateforme ressources \u00e0 destination des labels veille du secteur : actualit\u00e9s, publications, revue de presse aides et appels \u00e0 projet agenda des commissions r\u00e9pertoire et cartographie des labels de la R\u00e9gion Grand Est Apr\u00e8s une premi\u00e8re \u00e9tape d\u00e9mat\u00e9rialis\u00e9e, Les Labels Ind\u00e9pendants passe un cap en devenant une association qui propose un accompagnement des acteurs souhaitant d\u00e9velopper des projets dans le champ de la production et l\u2019\u00e9dition phonographique, qu\u2019il s\u2019agisse d\u2019auto-production, de [\u2026]<\/p>\n<p>L\u2019article <a href=\"https:\/\/musiquesactuelles.alsace\/la-plateforme-leslabelsindependants-fr-se-mue-en-association-et-propose-des-services\/\">la plateforme LESLABELSINDEPENDANTS.FR se mue en association et propose des services<\/a> est apparu en premier sur <a href=\"https:\/\/musiquesactuelles.alsace\/\">Musiques Actuelles en Alsace<\/a>.<\/p>\n<p>L\u2019article <a href=\"https:\/\/popburo.fr\/la-plateforme-leslabelsindependants-fr-se-mue-en-association-et-propose-des-services-2\/\">la plateforme LESLABELSINDEPENDANTS.FR se mue en association et propose des services<\/a> est apparu en premier sur <a href=\"https:\/\/popburo.fr\/\">POP B\u00dcRO<\/a>.<\/p>\n","protected":false},"excerpt":{"rendered":"<p>Cr\u00e9\u00e9e en janvier 2021, Les Labels Ind\u00e9pendants est un plateforme ressources \u00e0 destination des labels veille du secteur : actualit\u00e9s, publications, revue de presse aides et appels \u00e0 projet agenda des commissions r\u00e9pertoire et cartographie des labels de la R\u00e9gion Grand Est Apr\u00e8s une premi\u00e8re \u00e9tape d\u00e9mat\u00e9rialis\u00e9e, Les Labels Ind\u00e9pendants passe un cap en devenant une association qui propose un accompagnement des acteurs souhaitant d\u00e9velopper des projets dans le champ de la production et l\u2019\u00e9dition phonographique, qu\u2019il s\u2019agisse d\u2019auto-production, de [&hellip;]<\/p>\n","protected":false},"author":0,"featured_media":0,"comment_status":"closed","ping_status":"open","sticky":false,"template":"","format":"standard","meta":{"footnotes":""},"categories":[1],"tags":[],"class_list":["post-2786","post","type-post","status-publish","format-standard","hentry","category-non-classe"],"yoast_head":"<!-- This site is optimized with the Yoast SEO plugin v27.5 - https:\/\/yoast.com\/product\/yoast-seo-wordpress\/ -->\n<title>la plateforme LESLABELSINDEPENDANTS.FR se mue en association et propose des services - HIERO STRASBOURG<\/title>\n<meta name=\"robots\" content=\"index, follow, max-snippet:-1, max-image-preview:large, max-video-preview:-1\" \/>\n<link rel=\"canonical\" href=\"https:\/\/hierostrasbourg.com\/index.php\/2022\/06\/06\/la-plateforme-leslabelsindependants-fr-se-mue-en-association-et-propose-des-services-2\/\" \/>\n<meta property=\"og:locale\" content=\"fr_FR\" \/>\n<meta property=\"og:type\" content=\"article\" \/>\n<meta property=\"og:title\" content=\"la plateforme LESLABELSINDEPENDANTS.FR se mue en association et propose des services - HIERO STRASBOURG\" \/>\n<meta property=\"og:description\" content=\"Cr\u00e9\u00e9e en janvier 2021, Les Labels Ind\u00e9pendants est un plateforme ressources \u00e0 destination des labels veille du secteur : actualit\u00e9s, publications, revue de presse aides et appels \u00e0 projet agenda des commissions r\u00e9pertoire et cartographie des labels de la R\u00e9gion Grand Est Apr\u00e8s une premi\u00e8re \u00e9tape d\u00e9mat\u00e9rialis\u00e9e, Les Labels Ind\u00e9pendants passe un cap en devenant une association qui propose un accompagnement des acteurs souhaitant d\u00e9velopper des projets dans le champ de la production et l\u2019\u00e9dition phonographique, qu\u2019il s\u2019agisse d\u2019auto-production, de [&hellip;]\" \/>\n<meta property=\"og:url\" content=\"https:\/\/hierostrasbourg.com\/index.php\/2022\/06\/06\/la-plateforme-leslabelsindependants-fr-se-mue-en-association-et-propose-des-services-2\/\" \/>\n<meta property=\"og:site_name\" content=\"HIERO STRASBOURG\" \/>\n<meta property=\"article:publisher\" content=\"https:\/\/www.facebook.com\/fedehierostrasbourg\" \/>\n<meta property=\"article:published_time\" content=\"2022-06-06T21:31:30+00:00\" \/>\n<meta name=\"twitter:card\" content=\"summary_large_image\" \/>\n<meta name=\"twitter:creator\" content=\"@hierostrasbourg\" \/>\n<meta name=\"twitter:site\" content=\"@hierostrasbourg\" \/>\n<meta name=\"twitter:label1\" content=\"Dur\u00e9e de lecture estim\u00e9e\" \/>\n\t<meta name=\"twitter:data1\" content=\"1 minute\" \/>\n<script type=\"application\/ld+json\" class=\"yoast-schema-graph\">{\"@context\":\"https:\\\/\\\/schema.org\",\"@graph\":[{\"@type\":\"Article\",\"@id\":\"https:\\\/\\\/hierostrasbourg.com\\\/index.php\\\/2022\\\/06\\\/06\\\/la-plateforme-leslabelsindependants-fr-se-mue-en-association-et-propose-des-services-2\\\/#article\",\"isPartOf\":{\"@id\":\"https:\\\/\\\/hierostrasbourg.com\\\/index.php\\\/2022\\\/06\\\/06\\\/la-plateforme-leslabelsindependants-fr-se-mue-en-association-et-propose-des-services-2\\\/\"},\"author\":{\"name\":\"\",\"@id\":\"\"},\"headline\":\"la plateforme LESLABELSINDEPENDANTS.FR se mue en association et propose des services\",\"datePublished\":\"2022-06-06T21:31:30+00:00\",\"mainEntityOfPage\":{\"@id\":\"https:\\\/\\\/hierostrasbourg.com\\\/index.php\\\/2022\\\/06\\\/06\\\/la-plateforme-leslabelsindependants-fr-se-mue-en-association-et-propose-des-services-2\\\/\"},\"wordCount\":149,\"publisher\":{\"@id\":\"https:\\\/\\\/hierostrasbourg.com\\\/#organization\"},\"inLanguage\":\"fr-FR\"},{\"@type\":\"WebPage\",\"@id\":\"https:\\\/\\\/hierostrasbourg.com\\\/index.php\\\/2022\\\/06\\\/06\\\/la-plateforme-leslabelsindependants-fr-se-mue-en-association-et-propose-des-services-2\\\/\",\"url\":\"https:\\\/\\\/hierostrasbourg.com\\\/index.php\\\/2022\\\/06\\\/06\\\/la-plateforme-leslabelsindependants-fr-se-mue-en-association-et-propose-des-services-2\\\/\",\"name\":\"la plateforme LESLABELSINDEPENDANTS.FR se mue en association et propose des services - HIERO STRASBOURG\",\"isPartOf\":{\"@id\":\"https:\\\/\\\/hierostrasbourg.com\\\/#website\"},\"datePublished\":\"2022-06-06T21:31:30+00:00\",\"breadcrumb\":{\"@id\":\"https:\\\/\\\/hierostrasbourg.com\\\/index.php\\\/2022\\\/06\\\/06\\\/la-plateforme-leslabelsindependants-fr-se-mue-en-association-et-propose-des-services-2\\\/#breadcrumb\"},\"inLanguage\":\"fr-FR\",\"potentialAction\":[{\"@type\":\"ReadAction\",\"target\":[\"https:\\\/\\\/hierostrasbourg.com\\\/index.php\\\/2022\\\/06\\\/06\\\/la-plateforme-leslabelsindependants-fr-se-mue-en-association-et-propose-des-services-2\\\/\"]}]},{\"@type\":\"BreadcrumbList\",\"@id\":\"https:\\\/\\\/hierostrasbourg.com\\\/index.php\\\/2022\\\/06\\\/06\\\/la-plateforme-leslabelsindependants-fr-se-mue-en-association-et-propose-des-services-2\\\/#breadcrumb\",\"itemListElement\":[{\"@type\":\"ListItem\",\"position\":1,\"name\":\"Accueil\",\"item\":\"https:\\\/\\\/hierostrasbourg.com\\\/\"},{\"@type\":\"ListItem\",\"position\":2,\"name\":\"la plateforme LESLABELSINDEPENDANTS.FR se mue en association et propose des services\"}]},{\"@type\":\"WebSite\",\"@id\":\"https:\\\/\\\/hierostrasbourg.com\\\/#website\",\"url\":\"https:\\\/\\\/hierostrasbourg.com\\\/\",\"name\":\"HIERO STRASBOURG\",\"description\":\"Centre de Ressources Musiques Actuelles\",\"publisher\":{\"@id\":\"https:\\\/\\\/hierostrasbourg.com\\\/#organization\"},\"potentialAction\":[{\"@type\":\"SearchAction\",\"target\":{\"@type\":\"EntryPoint\",\"urlTemplate\":\"https:\\\/\\\/hierostrasbourg.com\\\/?s={search_term_string}\"},\"query-input\":{\"@type\":\"PropertyValueSpecification\",\"valueRequired\":true,\"valueName\":\"search_term_string\"}}],\"inLanguage\":\"fr-FR\"},{\"@type\":\"Organization\",\"@id\":\"https:\\\/\\\/hierostrasbourg.com\\\/#organization\",\"name\":\"F\u00e9d\u00e9ration Hi\u00e9ro Strasbourg\",\"url\":\"https:\\\/\\\/hierostrasbourg.com\\\/\",\"logo\":{\"@type\":\"ImageObject\",\"inLanguage\":\"fr-FR\",\"@id\":\"https:\\\/\\\/hierostrasbourg.com\\\/#\\\/schema\\\/logo\\\/image\\\/\",\"url\":\"https:\\\/\\\/hierostrasbourg.com\\\/wp-content\\\/uploads\\\/2026\\\/04\\\/logo-hiero-strasbourg.jpg\",\"contentUrl\":\"https:\\\/\\\/hierostrasbourg.com\\\/wp-content\\\/uploads\\\/2026\\\/04\\\/logo-hiero-strasbourg.jpg\",\"width\":204,\"height\":192,\"caption\":\"F\u00e9d\u00e9ration Hi\u00e9ro Strasbourg\"},\"image\":{\"@id\":\"https:\\\/\\\/hierostrasbourg.com\\\/#\\\/schema\\\/logo\\\/image\\\/\"},\"sameAs\":[\"https:\\\/\\\/www.facebook.com\\\/fedehierostrasbourg\",\"https:\\\/\\\/x.com\\\/hierostrasbourg\"]}]}<\/script>\n<!-- \/ Yoast SEO plugin. -->","yoast_head_json":{"title":"la plateforme LESLABELSINDEPENDANTS.FR se mue en association et propose des services - HIERO STRASBOURG","robots":{"index":"index","follow":"follow","max-snippet":"max-snippet:-1","max-image-preview":"max-image-preview:large","max-video-preview":"max-video-preview:-1"},"canonical":"https:\/\/hierostrasbourg.com\/index.php\/2022\/06\/06\/la-plateforme-leslabelsindependants-fr-se-mue-en-association-et-propose-des-services-2\/","og_locale":"fr_FR","og_type":"article","og_title":"la plateforme LESLABELSINDEPENDANTS.FR se mue en association et propose des services - HIERO STRASBOURG","og_description":"Cr\u00e9\u00e9e en janvier 2021, Les Labels Ind\u00e9pendants est un plateforme ressources \u00e0 destination des labels veille du secteur : actualit\u00e9s, publications, revue de presse aides et appels \u00e0 projet agenda des commissions r\u00e9pertoire et cartographie des labels de la R\u00e9gion Grand Est Apr\u00e8s une premi\u00e8re \u00e9tape d\u00e9mat\u00e9rialis\u00e9e, Les Labels Ind\u00e9pendants passe un cap en devenant une association qui propose un accompagnement des acteurs souhaitant d\u00e9velopper des projets dans le champ de la production et l\u2019\u00e9dition phonographique, qu\u2019il s\u2019agisse d\u2019auto-production, de [&hellip;]","og_url":"https:\/\/hierostrasbourg.com\/index.php\/2022\/06\/06\/la-plateforme-leslabelsindependants-fr-se-mue-en-association-et-propose-des-services-2\/","og_site_name":"HIERO STRASBOURG","article_publisher":"https:\/\/www.facebook.com\/fedehierostrasbourg","article_published_time":"2022-06-06T21:31:30+00:00","twitter_card":"summary_large_image","twitter_creator":"@hierostrasbourg","twitter_site":"@hierostrasbourg","twitter_misc":{"Dur\u00e9e de lecture estim\u00e9e":"1 minute"},"schema":{"@context":"https:\/\/schema.org","@graph":[{"@type":"Article","@id":"https:\/\/hierostrasbourg.com\/index.php\/2022\/06\/06\/la-plateforme-leslabelsindependants-fr-se-mue-en-association-et-propose-des-services-2\/#article","isPartOf":{"@id":"https:\/\/hierostrasbourg.com\/index.php\/2022\/06\/06\/la-plateforme-leslabelsindependants-fr-se-mue-en-association-et-propose-des-services-2\/"},"author":{"name":"","@id":""},"headline":"la plateforme LESLABELSINDEPENDANTS.FR se mue en association et propose des services","datePublished":"2022-06-06T21:31:30+00:00","mainEntityOfPage":{"@id":"https:\/\/hierostrasbourg.com\/index.php\/2022\/06\/06\/la-plateforme-leslabelsindependants-fr-se-mue-en-association-et-propose-des-services-2\/"},"wordCount":149,"publisher":{"@id":"https:\/\/hierostrasbourg.com\/#organization"},"inLanguage":"fr-FR"},{"@type":"WebPage","@id":"https:\/\/hierostrasbourg.com\/index.php\/2022\/06\/06\/la-plateforme-leslabelsindependants-fr-se-mue-en-association-et-propose-des-services-2\/","url":"https:\/\/hierostrasbourg.com\/index.php\/2022\/06\/06\/la-plateforme-leslabelsindependants-fr-se-mue-en-association-et-propose-des-services-2\/","name":"la plateforme LESLABELSINDEPENDANTS.FR se mue en association et propose des services - HIERO STRASBOURG","isPartOf":{"@id":"https:\/\/hierostrasbourg.com\/#website"},"datePublished":"2022-06-06T21:31:30+00:00","breadcrumb":{"@id":"https:\/\/hierostrasbourg.com\/index.php\/2022\/06\/06\/la-plateforme-leslabelsindependants-fr-se-mue-en-association-et-propose-des-services-2\/#breadcrumb"},"inLanguage":"fr-FR","potentialAction":[{"@type":"ReadAction","target":["https:\/\/hierostrasbourg.com\/index.php\/2022\/06\/06\/la-plateforme-leslabelsindependants-fr-se-mue-en-association-et-propose-des-services-2\/"]}]},{"@type":"BreadcrumbList","@id":"https:\/\/hierostrasbourg.com\/index.php\/2022\/06\/06\/la-plateforme-leslabelsindependants-fr-se-mue-en-association-et-propose-des-services-2\/#breadcrumb","itemListElement":[{"@type":"ListItem","position":1,"name":"Accueil","item":"https:\/\/hierostrasbourg.com\/"},{"@type":"ListItem","position":2,"name":"la plateforme LESLABELSINDEPENDANTS.FR se mue en association et propose des services"}]},{"@type":"WebSite","@id":"https:\/\/hierostrasbourg.com\/#website","url":"https:\/\/hierostrasbourg.com\/","name":"HIERO STRASBOURG","description":"Centre de Ressources Musiques Actuelles","publisher":{"@id":"https:\/\/hierostrasbourg.com\/#organization"},"potentialAction":[{"@type":"SearchAction","target":{"@type":"EntryPoint","urlTemplate":"https:\/\/hierostrasbourg.com\/?s={search_term_string}"},"query-input":{"@type":"PropertyValueSpecification","valueRequired":true,"valueName":"search_term_string"}}],"inLanguage":"fr-FR"},{"@type":"Organization","@id":"https:\/\/hierostrasbourg.com\/#organization","name":"F\u00e9d\u00e9ration Hi\u00e9ro Strasbourg","url":"https:\/\/hierostrasbourg.com\/","logo":{"@type":"ImageObject","inLanguage":"fr-FR","@id":"https:\/\/hierostrasbourg.com\/#\/schema\/logo\/image\/","url":"https:\/\/hierostrasbourg.com\/wp-content\/uploads\/2026\/04\/logo-hiero-strasbourg.jpg","contentUrl":"https:\/\/hierostrasbourg.com\/wp-content\/uploads\/2026\/04\/logo-hiero-strasbourg.jpg","width":204,"height":192,"caption":"F\u00e9d\u00e9ration Hi\u00e9ro Strasbourg"},"image":{"@id":"https:\/\/hierostrasbourg.com\/#\/schema\/logo\/image\/"},"sameAs":["https:\/\/www.facebook.com\/fedehierostrasbourg","https:\/\/x.com\/hierostrasbourg"]}]}},"_links":{"self":[{"href":"https:\/\/hierostrasbourg.com\/index.php\/wp-json\/wp\/v2\/posts\/2786","targetHints":{"allow":["GET"]}}],"collection":[{"href":"https:\/\/hierostrasbourg.com\/index.php\/wp-json\/wp\/v2\/posts"}],"about":[{"href":"https:\/\/hierostrasbourg.com\/index.php\/wp-json\/wp\/v2\/types\/post"}],"replies":[{"embeddable":true,"href":"https:\/\/hierostrasbourg.com\/index.php\/wp-json\/wp\/v2\/comments?post=2786"}],"version-history":[{"count":0,"href":"https:\/\/hierostrasbourg.com\/index.php\/wp-json\/wp\/v2\/posts\/2786\/revisions"}],"wp:attachment":[{"href":"https:\/\/hierostrasbourg.com\/index.php\/wp-json\/wp\/v2\/media?parent=2786"}],"wp:term":[{"taxonomy":"category","embeddable":true,"href":"https:\/\/hierostrasbourg.com\/index.php\/wp-json\/wp\/v2\/categories?post=2786"},{"taxonomy":"post_tag","embeddable":true,"href":"https:\/\/hierostrasbourg.com\/index.php\/wp-json\/wp\/v2\/tags?post=2786"}],"curies":[{"name":"wp","href":"https:\/\/api.w.org\/{rel}","templated":true}]}}