{"id":2781,"date":"2022-06-05T20:31:12","date_gmt":"2022-06-05T18:31:12","guid":{"rendered":"https:\/\/hierostrasbourg.com\/index.php\/2022\/06\/05\/comment-le-monde-de-la-culture-se-verdit-par-petites-touches\/"},"modified":"2022-06-05T20:31:12","modified_gmt":"2022-06-05T18:31:12","slug":"comment-le-monde-de-la-culture-se-verdit-par-petites-touches","status":"publish","type":"post","link":"https:\/\/hierostrasbourg.com\/index.php\/2022\/06\/05\/comment-le-monde-de-la-culture-se-verdit-par-petites-touches\/","title":{"rendered":"Comment le monde de la culture se verdit par petites touches"},"content":{"rendered":"<p><a href=\"https:\/\/musiquesactuelles.alsace\/comment-le-monde-de-la-culture-se-verdit-par-petites-touches\/\" title=\"Comment le monde de la culture se verdit par petites touches\"><\/a><\/p>\n<p>Mus\u00e9es, festivals, galeries\u2026 les gros et petits acteurs du secteur s\u2019y mettent, de mani\u00e8re encore assez empirique. D\u00e9carboner la culture\u2026 On en parlait peu il y a encore trois ans, le sujet devient majeur pour les mus\u00e9es, les galeries ou les festivals. Certains acteurs sont en pointe, \u00e0 commencer par le festival We Love Green dont c\u2019est l\u2019ADN, et qui a organis\u00e9 jeudi un colloque dans le cadre de la Pr\u00e9sidence Fran\u00e7aise de l\u2019Union Europ\u00e9enne sur le th\u00e8me \u00ab Vers [\u2026]<\/p>\n<p>L\u2019article <a href=\"https:\/\/musiquesactuelles.alsace\/comment-le-monde-de-la-culture-se-verdit-par-petites-touches\/\">Comment le monde de la culture se verdit par petites touches<\/a> est apparu en premier sur <a href=\"https:\/\/musiquesactuelles.alsace\/\">Musiques Actuelles en Alsace<\/a>.<\/p>\n<p>L\u2019article <a href=\"https:\/\/popburo.fr\/comment-le-monde-de-la-culture-se-verdit-par-petites-touches-2\/\">Comment le monde de la culture se verdit par petites touches<\/a> est apparu en premier sur <a href=\"https:\/\/popburo.fr\/\">POP B\u00dcRO<\/a>.<\/p>\n","protected":false},"excerpt":{"rendered":"<p>Mus\u00e9es, festivals, galeries\u2026 les gros et petits acteurs du secteur s\u2019y mettent, de mani\u00e8re encore assez empirique. D\u00e9carboner la culture\u2026 On en parlait peu il y a encore trois ans, le sujet devient majeur pour les mus\u00e9es, les galeries ou les festivals. Certains acteurs sont en pointe, \u00e0 commencer par le festival We Love Green dont c\u2019est l\u2019ADN, et qui a organis\u00e9 jeudi un colloque dans le cadre de la Pr\u00e9sidence Fran\u00e7aise de l\u2019Union Europ\u00e9enne sur le th\u00e8me \u00ab Vers [&hellip;]<\/p>\n","protected":false},"author":0,"featured_media":0,"comment_status":"closed","ping_status":"open","sticky":false,"template":"","format":"standard","meta":{"footnotes":""},"categories":[1],"tags":[],"class_list":["post-2781","post","type-post","status-publish","format-standard","hentry","category-non-classe"],"yoast_head":"<!-- This site is optimized with the Yoast SEO plugin v27.5 - https:\/\/yoast.com\/product\/yoast-seo-wordpress\/ -->\n<title>Comment le monde de la culture se verdit par petites touches - HIERO STRASBOURG<\/title>\n<meta name=\"robots\" content=\"index, follow, max-snippet:-1, max-image-preview:large, max-video-preview:-1\" \/>\n<link rel=\"canonical\" href=\"https:\/\/hierostrasbourg.com\/index.php\/2022\/06\/05\/comment-le-monde-de-la-culture-se-verdit-par-petites-touches\/\" \/>\n<meta property=\"og:locale\" content=\"fr_FR\" \/>\n<meta property=\"og:type\" content=\"article\" \/>\n<meta property=\"og:title\" content=\"Comment le monde de la culture se verdit par petites touches - HIERO STRASBOURG\" \/>\n<meta property=\"og:description\" content=\"Mus\u00e9es, festivals, galeries\u2026 les gros et petits acteurs du secteur s\u2019y mettent, de mani\u00e8re encore assez empirique. D\u00e9carboner la culture\u2026 On en parlait peu il y a encore trois ans, le sujet devient majeur pour les mus\u00e9es, les galeries ou les festivals. Certains acteurs sont en pointe, \u00e0 commencer par le festival We Love Green dont c\u2019est l\u2019ADN, et qui a organis\u00e9 jeudi un colloque dans le cadre de la Pr\u00e9sidence Fran\u00e7aise de l\u2019Union Europ\u00e9enne sur le th\u00e8me \u00ab Vers [&hellip;]\" \/>\n<meta property=\"og:url\" content=\"https:\/\/hierostrasbourg.com\/index.php\/2022\/06\/05\/comment-le-monde-de-la-culture-se-verdit-par-petites-touches\/\" \/>\n<meta property=\"og:site_name\" content=\"HIERO STRASBOURG\" \/>\n<meta property=\"article:publisher\" content=\"https:\/\/www.facebook.com\/fedehierostrasbourg\" \/>\n<meta property=\"article:published_time\" content=\"2022-06-05T18:31:12+00:00\" \/>\n<meta name=\"twitter:card\" content=\"summary_large_image\" \/>\n<meta name=\"twitter:creator\" content=\"@hierostrasbourg\" \/>\n<meta name=\"twitter:site\" content=\"@hierostrasbourg\" \/>\n<meta name=\"twitter:label1\" content=\"Dur\u00e9e de lecture estim\u00e9e\" \/>\n\t<meta name=\"twitter:data1\" content=\"1 minute\" \/>\n<script type=\"application\/ld+json\" class=\"yoast-schema-graph\">{\"@context\":\"https:\\\/\\\/schema.org\",\"@graph\":[{\"@type\":\"Article\",\"@id\":\"https:\\\/\\\/hierostrasbourg.com\\\/index.php\\\/2022\\\/06\\\/05\\\/comment-le-monde-de-la-culture-se-verdit-par-petites-touches\\\/#article\",\"isPartOf\":{\"@id\":\"https:\\\/\\\/hierostrasbourg.com\\\/index.php\\\/2022\\\/06\\\/05\\\/comment-le-monde-de-la-culture-se-verdit-par-petites-touches\\\/\"},\"author\":{\"name\":\"\",\"@id\":\"\"},\"headline\":\"Comment le monde de la culture se verdit par petites touches\",\"datePublished\":\"2022-06-05T18:31:12+00:00\",\"mainEntityOfPage\":{\"@id\":\"https:\\\/\\\/hierostrasbourg.com\\\/index.php\\\/2022\\\/06\\\/05\\\/comment-le-monde-de-la-culture-se-verdit-par-petites-touches\\\/\"},\"wordCount\":144,\"publisher\":{\"@id\":\"https:\\\/\\\/hierostrasbourg.com\\\/#organization\"},\"inLanguage\":\"fr-FR\"},{\"@type\":\"WebPage\",\"@id\":\"https:\\\/\\\/hierostrasbourg.com\\\/index.php\\\/2022\\\/06\\\/05\\\/comment-le-monde-de-la-culture-se-verdit-par-petites-touches\\\/\",\"url\":\"https:\\\/\\\/hierostrasbourg.com\\\/index.php\\\/2022\\\/06\\\/05\\\/comment-le-monde-de-la-culture-se-verdit-par-petites-touches\\\/\",\"name\":\"Comment le monde de la culture se verdit par petites touches - HIERO STRASBOURG\",\"isPartOf\":{\"@id\":\"https:\\\/\\\/hierostrasbourg.com\\\/#website\"},\"datePublished\":\"2022-06-05T18:31:12+00:00\",\"breadcrumb\":{\"@id\":\"https:\\\/\\\/hierostrasbourg.com\\\/index.php\\\/2022\\\/06\\\/05\\\/comment-le-monde-de-la-culture-se-verdit-par-petites-touches\\\/#breadcrumb\"},\"inLanguage\":\"fr-FR\",\"potentialAction\":[{\"@type\":\"ReadAction\",\"target\":[\"https:\\\/\\\/hierostrasbourg.com\\\/index.php\\\/2022\\\/06\\\/05\\\/comment-le-monde-de-la-culture-se-verdit-par-petites-touches\\\/\"]}]},{\"@type\":\"BreadcrumbList\",\"@id\":\"https:\\\/\\\/hierostrasbourg.com\\\/index.php\\\/2022\\\/06\\\/05\\\/comment-le-monde-de-la-culture-se-verdit-par-petites-touches\\\/#breadcrumb\",\"itemListElement\":[{\"@type\":\"ListItem\",\"position\":1,\"name\":\"Accueil\",\"item\":\"https:\\\/\\\/hierostrasbourg.com\\\/\"},{\"@type\":\"ListItem\",\"position\":2,\"name\":\"Comment le monde de la culture se verdit par petites touches\"}]},{\"@type\":\"WebSite\",\"@id\":\"https:\\\/\\\/hierostrasbourg.com\\\/#website\",\"url\":\"https:\\\/\\\/hierostrasbourg.com\\\/\",\"name\":\"HIERO STRASBOURG\",\"description\":\"Centre de Ressources Musiques Actuelles\",\"publisher\":{\"@id\":\"https:\\\/\\\/hierostrasbourg.com\\\/#organization\"},\"potentialAction\":[{\"@type\":\"SearchAction\",\"target\":{\"@type\":\"EntryPoint\",\"urlTemplate\":\"https:\\\/\\\/hierostrasbourg.com\\\/?s={search_term_string}\"},\"query-input\":{\"@type\":\"PropertyValueSpecification\",\"valueRequired\":true,\"valueName\":\"search_term_string\"}}],\"inLanguage\":\"fr-FR\"},{\"@type\":\"Organization\",\"@id\":\"https:\\\/\\\/hierostrasbourg.com\\\/#organization\",\"name\":\"F\u00e9d\u00e9ration Hi\u00e9ro Strasbourg\",\"url\":\"https:\\\/\\\/hierostrasbourg.com\\\/\",\"logo\":{\"@type\":\"ImageObject\",\"inLanguage\":\"fr-FR\",\"@id\":\"https:\\\/\\\/hierostrasbourg.com\\\/#\\\/schema\\\/logo\\\/image\\\/\",\"url\":\"https:\\\/\\\/hierostrasbourg.com\\\/wp-content\\\/uploads\\\/2026\\\/04\\\/logo-hiero-strasbourg.jpg\",\"contentUrl\":\"https:\\\/\\\/hierostrasbourg.com\\\/wp-content\\\/uploads\\\/2026\\\/04\\\/logo-hiero-strasbourg.jpg\",\"width\":204,\"height\":192,\"caption\":\"F\u00e9d\u00e9ration Hi\u00e9ro Strasbourg\"},\"image\":{\"@id\":\"https:\\\/\\\/hierostrasbourg.com\\\/#\\\/schema\\\/logo\\\/image\\\/\"},\"sameAs\":[\"https:\\\/\\\/www.facebook.com\\\/fedehierostrasbourg\",\"https:\\\/\\\/x.com\\\/hierostrasbourg\"]}]}<\/script>\n<!-- \/ Yoast SEO plugin. -->","yoast_head_json":{"title":"Comment le monde de la culture se verdit par petites touches - HIERO STRASBOURG","robots":{"index":"index","follow":"follow","max-snippet":"max-snippet:-1","max-image-preview":"max-image-preview:large","max-video-preview":"max-video-preview:-1"},"canonical":"https:\/\/hierostrasbourg.com\/index.php\/2022\/06\/05\/comment-le-monde-de-la-culture-se-verdit-par-petites-touches\/","og_locale":"fr_FR","og_type":"article","og_title":"Comment le monde de la culture se verdit par petites touches - HIERO STRASBOURG","og_description":"Mus\u00e9es, festivals, galeries\u2026 les gros et petits acteurs du secteur s\u2019y mettent, de mani\u00e8re encore assez empirique. D\u00e9carboner la culture\u2026 On en parlait peu il y a encore trois ans, le sujet devient majeur pour les mus\u00e9es, les galeries ou les festivals. Certains acteurs sont en pointe, \u00e0 commencer par le festival We Love Green dont c\u2019est l\u2019ADN, et qui a organis\u00e9 jeudi un colloque dans le cadre de la Pr\u00e9sidence Fran\u00e7aise de l\u2019Union Europ\u00e9enne sur le th\u00e8me \u00ab Vers [&hellip;]","og_url":"https:\/\/hierostrasbourg.com\/index.php\/2022\/06\/05\/comment-le-monde-de-la-culture-se-verdit-par-petites-touches\/","og_site_name":"HIERO STRASBOURG","article_publisher":"https:\/\/www.facebook.com\/fedehierostrasbourg","article_published_time":"2022-06-05T18:31:12+00:00","twitter_card":"summary_large_image","twitter_creator":"@hierostrasbourg","twitter_site":"@hierostrasbourg","twitter_misc":{"Dur\u00e9e de lecture estim\u00e9e":"1 minute"},"schema":{"@context":"https:\/\/schema.org","@graph":[{"@type":"Article","@id":"https:\/\/hierostrasbourg.com\/index.php\/2022\/06\/05\/comment-le-monde-de-la-culture-se-verdit-par-petites-touches\/#article","isPartOf":{"@id":"https:\/\/hierostrasbourg.com\/index.php\/2022\/06\/05\/comment-le-monde-de-la-culture-se-verdit-par-petites-touches\/"},"author":{"name":"","@id":""},"headline":"Comment le monde de la culture se verdit par petites touches","datePublished":"2022-06-05T18:31:12+00:00","mainEntityOfPage":{"@id":"https:\/\/hierostrasbourg.com\/index.php\/2022\/06\/05\/comment-le-monde-de-la-culture-se-verdit-par-petites-touches\/"},"wordCount":144,"publisher":{"@id":"https:\/\/hierostrasbourg.com\/#organization"},"inLanguage":"fr-FR"},{"@type":"WebPage","@id":"https:\/\/hierostrasbourg.com\/index.php\/2022\/06\/05\/comment-le-monde-de-la-culture-se-verdit-par-petites-touches\/","url":"https:\/\/hierostrasbourg.com\/index.php\/2022\/06\/05\/comment-le-monde-de-la-culture-se-verdit-par-petites-touches\/","name":"Comment le monde de la culture se verdit par petites touches - HIERO STRASBOURG","isPartOf":{"@id":"https:\/\/hierostrasbourg.com\/#website"},"datePublished":"2022-06-05T18:31:12+00:00","breadcrumb":{"@id":"https:\/\/hierostrasbourg.com\/index.php\/2022\/06\/05\/comment-le-monde-de-la-culture-se-verdit-par-petites-touches\/#breadcrumb"},"inLanguage":"fr-FR","potentialAction":[{"@type":"ReadAction","target":["https:\/\/hierostrasbourg.com\/index.php\/2022\/06\/05\/comment-le-monde-de-la-culture-se-verdit-par-petites-touches\/"]}]},{"@type":"BreadcrumbList","@id":"https:\/\/hierostrasbourg.com\/index.php\/2022\/06\/05\/comment-le-monde-de-la-culture-se-verdit-par-petites-touches\/#breadcrumb","itemListElement":[{"@type":"ListItem","position":1,"name":"Accueil","item":"https:\/\/hierostrasbourg.com\/"},{"@type":"ListItem","position":2,"name":"Comment le monde de la culture se verdit par petites touches"}]},{"@type":"WebSite","@id":"https:\/\/hierostrasbourg.com\/#website","url":"https:\/\/hierostrasbourg.com\/","name":"HIERO STRASBOURG","description":"Centre de Ressources Musiques Actuelles","publisher":{"@id":"https:\/\/hierostrasbourg.com\/#organization"},"potentialAction":[{"@type":"SearchAction","target":{"@type":"EntryPoint","urlTemplate":"https:\/\/hierostrasbourg.com\/?s={search_term_string}"},"query-input":{"@type":"PropertyValueSpecification","valueRequired":true,"valueName":"search_term_string"}}],"inLanguage":"fr-FR"},{"@type":"Organization","@id":"https:\/\/hierostrasbourg.com\/#organization","name":"F\u00e9d\u00e9ration Hi\u00e9ro Strasbourg","url":"https:\/\/hierostrasbourg.com\/","logo":{"@type":"ImageObject","inLanguage":"fr-FR","@id":"https:\/\/hierostrasbourg.com\/#\/schema\/logo\/image\/","url":"https:\/\/hierostrasbourg.com\/wp-content\/uploads\/2026\/04\/logo-hiero-strasbourg.jpg","contentUrl":"https:\/\/hierostrasbourg.com\/wp-content\/uploads\/2026\/04\/logo-hiero-strasbourg.jpg","width":204,"height":192,"caption":"F\u00e9d\u00e9ration Hi\u00e9ro Strasbourg"},"image":{"@id":"https:\/\/hierostrasbourg.com\/#\/schema\/logo\/image\/"},"sameAs":["https:\/\/www.facebook.com\/fedehierostrasbourg","https:\/\/x.com\/hierostrasbourg"]}]}},"_links":{"self":[{"href":"https:\/\/hierostrasbourg.com\/index.php\/wp-json\/wp\/v2\/posts\/2781","targetHints":{"allow":["GET"]}}],"collection":[{"href":"https:\/\/hierostrasbourg.com\/index.php\/wp-json\/wp\/v2\/posts"}],"about":[{"href":"https:\/\/hierostrasbourg.com\/index.php\/wp-json\/wp\/v2\/types\/post"}],"replies":[{"embeddable":true,"href":"https:\/\/hierostrasbourg.com\/index.php\/wp-json\/wp\/v2\/comments?post=2781"}],"version-history":[{"count":0,"href":"https:\/\/hierostrasbourg.com\/index.php\/wp-json\/wp\/v2\/posts\/2781\/revisions"}],"wp:attachment":[{"href":"https:\/\/hierostrasbourg.com\/index.php\/wp-json\/wp\/v2\/media?parent=2781"}],"wp:term":[{"taxonomy":"category","embeddable":true,"href":"https:\/\/hierostrasbourg.com\/index.php\/wp-json\/wp\/v2\/categories?post=2781"},{"taxonomy":"post_tag","embeddable":true,"href":"https:\/\/hierostrasbourg.com\/index.php\/wp-json\/wp\/v2\/tags?post=2781"}],"curies":[{"name":"wp","href":"https:\/\/api.w.org\/{rel}","templated":true}]}}