{"id":2771,"date":"2022-06-04T20:32:48","date_gmt":"2022-06-04T18:32:48","guid":{"rendered":"https:\/\/hierostrasbourg.com\/index.php\/2022\/06\/04\/la-collectivite-europeenne-dalsace-recrute-un-charge-de-developpement-artistique-f-h-2\/"},"modified":"2022-06-04T20:32:48","modified_gmt":"2022-06-04T18:32:48","slug":"la-collectivite-europeenne-dalsace-recrute-un-charge-de-developpement-artistique-f-h-2","status":"publish","type":"post","link":"https:\/\/hierostrasbourg.com\/index.php\/2022\/06\/04\/la-collectivite-europeenne-dalsace-recrute-un-charge-de-developpement-artistique-f-h-2\/","title":{"rendered":"LA COLLECTIVIT\u00c9 EUROP\u00c9ENNE D\u2019ALSACE recrute un charg\u00e9 de d\u00e9veloppement artistique [F\/H ]"},"content":{"rendered":"<h2>Missions<\/h2>\n<p>Dans le cadre d\u2019une Direction G\u00e9n\u00e9rale Adjointe \u00ab Attractivit\u00e9 \u00bb comprenant notamment les Directions de l\u2019Education-Jeunesse et des Sports-vie associative, Europe, Transfrontalier et Bilinguisme, la Direction de la Culture et du Patrimoine s\u2019organise en P\u00f4les autour des th\u00e9matiques du patrimoine, de la lecture publique, des archives et de la m\u00e9moire, de la fili\u00e8re castrale, de la culture scientifique, de la cr\u00e9ation-diffusion et des pratiques artistiques.<\/p>\n<p>La Direction de la Culture et du Patrimoine met en \u0153uvre les orientations strat\u00e9giques et les objectifs d\u2019une politique culturelle ambitieuse, de proximit\u00e9, cr\u00e9ative et cr\u00e9atrice de lien entre les territoires, entre les citoyens ; son action s\u2019inscrit \u00e0 l\u2019\u00e9chelle transfrontali\u00e8re et participe au rayonnement de l\u2019Alsace.<\/p>\n<p>Le P\u00f4le Cr\u00e9ation-diffusion et Pratiques artistiques (CDPA), a pour mission de r\u00e9pondre aux orientations strat\u00e9giques dans le cadre d\u2019une refondation des politiques dans les domaines de la cr\u00e9ation, de la diffusion et des pratiques artistiques.<\/p>\n<p>Pour ces diff\u00e9rents secteurs, qui croisent les enjeux de coh\u00e9sion sociale et territoriale, la collectivit\u00e9 europ\u00e9enne d\u2019Alsace a pour objectif de favoriser l\u2019acc\u00e8s \u00e0 la culture et aux pratiques artistiques tout au long de la vie de tous les publics, notamment ceux relevant des comp\u00e9tences d\u00e9partementales, et de contribuer au d\u00e9veloppement de la cr\u00e9ation artistique et d\u2019une offre culturelle diversifi\u00e9e irriguant les territoires.<\/p>\n<p>En votre qualit\u00e9 de charg\u00e9 de d\u00e9veloppement artistique, vous \u00eates, au sein de l\u2019Unit\u00e9 \u00ab Cr\u00e9ation-Diffusion \u00bb et sous l\u2019autorit\u00e9 de la responsable d\u2019Unit\u00e9, l\u2019interlocuteur privil\u00e9gi\u00e9 des porteurs de projets culturels alsaciens (compagnies, ensemble musicaux et vocaux, artistes\u2026) \u0153uvrant dans toutes les disciplines artistiques qui d\u00e9veloppent un projet de cr\u00e9ation et de diffusion ou une programmation culturelle saisonni\u00e8re, et sollicitent la Collectivit\u00e9 pour une aide au projet.<\/p>\n<h4>Fonction<\/h4>\n<p>Vos principales missions sont les suivantes :<\/p>\n<p><strong>1. Contribuer \u00e0 mobiliser les acteurs culturels sur des projets articul\u00e9s aux orientations culturelles de la Collectivit\u00e9 europ\u00e9enne d\u2019Alsace (CeA)<\/strong><\/p>\n<p>A ce titre, vous :<\/p>\n<p>Assurez l\u2019interface avec les porteurs de projets :<br \/>\napporter conseils et appui, \u00e0 la demande,<br \/>\nfavoriser des mises en lien avec des partenaires,<br \/>\nencourager et faciliter des projets de m\u00e9diation en privil\u00e9giant les publics d\u00e9partementaux (coll\u00e9giens, personnes \u00e2g\u00e9es, handicap\u00e9s, en fragilit\u00e9 sociale\u2026),<br \/>\naccompagner la structuration des op\u00e9rateurs culturels qui d\u00e9veloppent une programmation culturelle saisonni\u00e8re<br \/>\nassurer la coordination avec les d\u00e9veloppeurs de territoire vis-\u00e0-vis des projets de cr\u00e9ation ou de diffusion implant\u00e9s dans les territoires de la collectivit\u00e9<br \/>\napporter votre concours \u00e0 l\u2019\u00e9laboration de la saison culturelle de la collectivit\u00e9 europ\u00e9enne d\u2019Alsace<br \/>\nmobiliser les outils (appel \u00e0 projets, commande directe\u2026) ad\u00e9quats pour la mise en \u0153uvre des dispositifs dans les domaines de la cr\u00e9ation et de la diffusion<\/p>\n<p>Analysez les projets, instruisez les demandes de subventions dans le cadre de l\u2019enveloppe financi\u00e8re impartie et veillez \u00e0 leur suivi.<\/p>\n<p><strong>2. Dans le cadre du pilotage de la Direction adjointe, participer \u00e0 des revues de projet de territoire concernant les th\u00e9matiques de la cr\u00e9ation et de la diffusion en territoire<\/strong><\/p>\n<p>Vous participez \u00e0 des revues de projet, apportez expertise, conseils, d\u00e9veloppez de l\u2019ing\u00e9nierie sur le p\u00e9rim\u00e8tre de vos missions ;<br \/>\nR\u00e9digez des avis, faites du reporting, r\u00e9alisez du benchmarck\u2026<\/p>\n<p><strong>3. Etre le r\u00e9f\u00e9rent \u201ctransfrontalier\u201d sur les th\u00e9matiques du P\u00f4le<\/strong><\/p>\n<p>Au sein du P\u00f4le CDPA, vous \u00eates l\u2019interface de la Direction Europe, Transfrontalier et bilinguisme sur les projets \u00e0 dimension transfrontali\u00e8re et assurer la coordination avec l\u2019\u00e9quipe du P\u00f4le ;<br \/>\nVous participez aux r\u00e9unions concernant les projets \u00e0 dimension transfrontali\u00e8re et contribuez \u00e0 la construction de projets transfrontaliers ;<br \/>\nVous diffusez les informations \u00e0 caract\u00e8re transfrontalier aux partenaires, faciliter les recherches de financements europ\u00e9ens des porteurs de projet ;<br \/>\nVous participez aux r\u00e9unions du Forum Culture de la Conf\u00e9rence du Rhin sup\u00e9rieur et instruisez les demandes de soutien au titre du fonds culturel transfrontalier g\u00e9r\u00e9 au sein du Forum Culture.<br \/>\nPour ces 3 missions, il vous revient de :<br \/>\nR\u00e9diger les rapports pour la Commission permanente ou S\u00e9ances pl\u00e9ni\u00e8res et \u00e9ventuellement \u00e9laborer et suivre des conventions, ainsi que notes, courriers, comptes rendus de r\u00e9unions en lien avec les dossiers ou th\u00e9matiques du p\u00e9rim\u00e8tre d\u2019intervention ;<br \/>\nDans le cadre de la refondation des politiques sectorielles dans les domaines de la cr\u00e9ation et de la diffusion, \u00eatre force de proposition et participer aux r\u00e9flexions au niveau de l\u2019unit\u00e9 et du P\u00f4le concernant les nouvelles orientations \u00e0 proposer, dans l\u2019objectif d\u2019am\u00e9liorer l\u2019effet levier des politiques culturelles de la collectivit\u00e9 europ\u00e9enne d\u2019Alsace ;<br \/>\nContribuer \u00e0 la valorisation des politiques d\u00e9partementales relevant du p\u00e9rim\u00e8tre du poste ;<br \/>\nCollaborer aux r\u00e9flexions sur les sujets transversaux de l\u2019Unit\u00e9 cr\u00e9ation-diffusion et du P\u00f4le et participer \u00e0 l\u2019\u00e9laboration d\u2019un agenda culturel ;<\/p>\n<p>Ce poste est susceptible de conna\u00eetre des \u00e9volutions dans le cadre de la refondation des politiques culturelles de la Collectivit\u00e9 europ\u00e9enne d\u2019Alsace.<\/p>\n<h2>Profil recherch\u00e9<\/h2>\n<p>Titulaire d\u2019un dipl\u00f4me de l\u2019enseignement sup\u00e9rieur, niveau minimum Bac +3,Exp\u00e9rience professionnelle dans le domaine de la Culture,<br \/>\nConnaissance du fonctionnement des collectivit\u00e9s publiques,<br \/>\nSens du travail en \u00e9quipe, en partenariat et en r\u00e9seau, aisance relationnelle,<br \/>\nR\u00e9activit\u00e9, disponibilit\u00e9 (r\u00e9unions possible en soir\u00e9e),<br \/>\nForce de proposition et esprit d\u2019initiative,<br \/>\nAisance dans la communication orale et \u00e9crite,<br \/>\nCapacit\u00e9 d\u2019analyse et de synth\u00e8se,<br \/>\nMa\u00eetrise de l\u2019outil informatique,<br \/>\nMa\u00eetrise de la langue allemande.<\/p>\n<h2>Statut et particularit\u00e9s li\u00e9es au poste<\/h2>\n<p>Recrutement statutaire ou \u00e0 d\u00e9faut par voie contractuelle, sur le grade d\u2019attach\u00e9 territorial,<br \/>\nR\u00e9sidence administrative situ\u00e9e \u00e0 Colmar ou \u00e0 Strasbourg,<br \/>\nPoste \u00e0 temps complet,<br \/>\nPermis B.<\/p>\n<p>Date limite de d\u00e9p\u00f4t des candidatures : 11\/06\/2022<\/p>\n<p><a class=\"maxbutton-1 maxbutton\" href=\"https:\/\/www.alsace.eu\/postuler-a-une-offre-d-emploi\/id\/2097\/title\/Une%20ou%20un%20Charg%C3%A9%20de%20d%C3%A9veloppement%20artistique%20F-H%20(Poste%2068-1332)\/contrat\/Emploi\/\"><span class=\"mb-text\">POSTULEZ<\/span><\/a><\/p>\n<p>L\u2019article <a href=\"https:\/\/popburo.fr\/la-collectivite-europeenne-dalsace-recrute-un-charge-de-developpement-artistique-f-h\/\">LA COLLECTIVIT\u00c9 EUROP\u00c9ENNE D\u2019ALSACE recrute un charg\u00e9 de d\u00e9veloppement artistique [F\/H ]<\/a> est apparu en premier sur <a href=\"https:\/\/popburo.fr\/\">POP B\u00dcRO<\/a>.<\/p>\n","protected":false},"excerpt":{"rendered":"<p>Missions Dans le cadre d\u2019une Direction G\u00e9n\u00e9rale Adjointe \u00ab Attractivit\u00e9 \u00bb comprenant notamment les Directions de l\u2019Education-Jeunesse et des Sports-vie associative, Europe, Transfrontalier et Bilinguisme, la Direction de la Culture et du Patrimoine s\u2019organise en P\u00f4les autour des th\u00e9matiques du patrimoine, de la lecture publique, des archives et de la m\u00e9moire, de la fili\u00e8re castrale, de la culture scientifique, de la cr\u00e9ation-diffusion et des pratiques artistiques. La Direction de la Culture et du Patrimoine met en \u0153uvre les orientations strat\u00e9giques [&hellip;]<\/p>\n","protected":false},"author":0,"featured_media":0,"comment_status":"closed","ping_status":"open","sticky":false,"template":"","format":"standard","meta":{"footnotes":""},"categories":[1],"tags":[],"class_list":["post-2771","post","type-post","status-publish","format-standard","hentry","category-non-classe"],"yoast_head":"<!-- This site is optimized with the Yoast SEO plugin v27.5 - https:\/\/yoast.com\/product\/yoast-seo-wordpress\/ -->\n<title>LA COLLECTIVIT\u00c9 EUROP\u00c9ENNE D\u2019ALSACE recrute un charg\u00e9 de d\u00e9veloppement artistique [F\/H ] - HIERO STRASBOURG<\/title>\n<meta name=\"robots\" content=\"index, follow, max-snippet:-1, max-image-preview:large, max-video-preview:-1\" \/>\n<link rel=\"canonical\" href=\"https:\/\/hierostrasbourg.com\/index.php\/2022\/06\/04\/la-collectivite-europeenne-dalsace-recrute-un-charge-de-developpement-artistique-f-h-2\/\" \/>\n<meta property=\"og:locale\" content=\"fr_FR\" \/>\n<meta property=\"og:type\" content=\"article\" \/>\n<meta property=\"og:title\" content=\"LA COLLECTIVIT\u00c9 EUROP\u00c9ENNE D\u2019ALSACE recrute un charg\u00e9 de d\u00e9veloppement artistique [F\/H ] - HIERO STRASBOURG\" \/>\n<meta property=\"og:description\" content=\"Missions Dans le cadre d\u2019une Direction G\u00e9n\u00e9rale Adjointe \u00ab Attractivit\u00e9 \u00bb comprenant notamment les Directions de l\u2019Education-Jeunesse et des Sports-vie associative, Europe, Transfrontalier et Bilinguisme, la Direction de la Culture et du Patrimoine s\u2019organise en P\u00f4les autour des th\u00e9matiques du patrimoine, de la lecture publique, des archives et de la m\u00e9moire, de la fili\u00e8re castrale, de la culture scientifique, de la cr\u00e9ation-diffusion et des pratiques artistiques. La Direction de la Culture et du Patrimoine met en \u0153uvre les orientations strat\u00e9giques [&hellip;]\" \/>\n<meta property=\"og:url\" content=\"https:\/\/hierostrasbourg.com\/index.php\/2022\/06\/04\/la-collectivite-europeenne-dalsace-recrute-un-charge-de-developpement-artistique-f-h-2\/\" \/>\n<meta property=\"og:site_name\" content=\"HIERO STRASBOURG\" \/>\n<meta property=\"article:publisher\" content=\"https:\/\/www.facebook.com\/fedehierostrasbourg\" \/>\n<meta property=\"article:published_time\" content=\"2022-06-04T18:32:48+00:00\" \/>\n<meta name=\"twitter:card\" content=\"summary_large_image\" \/>\n<meta name=\"twitter:creator\" content=\"@hierostrasbourg\" \/>\n<meta name=\"twitter:site\" content=\"@hierostrasbourg\" \/>\n<meta name=\"twitter:label1\" content=\"Dur\u00e9e de lecture estim\u00e9e\" \/>\n\t<meta name=\"twitter:data1\" content=\"5 minutes\" \/>\n<script type=\"application\/ld+json\" class=\"yoast-schema-graph\">{\"@context\":\"https:\\\/\\\/schema.org\",\"@graph\":[{\"@type\":\"Article\",\"@id\":\"https:\\\/\\\/hierostrasbourg.com\\\/index.php\\\/2022\\\/06\\\/04\\\/la-collectivite-europeenne-dalsace-recrute-un-charge-de-developpement-artistique-f-h-2\\\/#article\",\"isPartOf\":{\"@id\":\"https:\\\/\\\/hierostrasbourg.com\\\/index.php\\\/2022\\\/06\\\/04\\\/la-collectivite-europeenne-dalsace-recrute-un-charge-de-developpement-artistique-f-h-2\\\/\"},\"author\":{\"name\":\"\",\"@id\":\"\"},\"headline\":\"LA COLLECTIVIT\u00c9 EUROP\u00c9ENNE D\u2019ALSACE recrute un charg\u00e9 de d\u00e9veloppement artistique [F\\\/H ]\",\"datePublished\":\"2022-06-04T18:32:48+00:00\",\"mainEntityOfPage\":{\"@id\":\"https:\\\/\\\/hierostrasbourg.com\\\/index.php\\\/2022\\\/06\\\/04\\\/la-collectivite-europeenne-dalsace-recrute-un-charge-de-developpement-artistique-f-h-2\\\/\"},\"wordCount\":1032,\"publisher\":{\"@id\":\"https:\\\/\\\/hierostrasbourg.com\\\/#organization\"},\"inLanguage\":\"fr-FR\"},{\"@type\":\"WebPage\",\"@id\":\"https:\\\/\\\/hierostrasbourg.com\\\/index.php\\\/2022\\\/06\\\/04\\\/la-collectivite-europeenne-dalsace-recrute-un-charge-de-developpement-artistique-f-h-2\\\/\",\"url\":\"https:\\\/\\\/hierostrasbourg.com\\\/index.php\\\/2022\\\/06\\\/04\\\/la-collectivite-europeenne-dalsace-recrute-un-charge-de-developpement-artistique-f-h-2\\\/\",\"name\":\"LA COLLECTIVIT\u00c9 EUROP\u00c9ENNE D\u2019ALSACE recrute un charg\u00e9 de d\u00e9veloppement artistique [F\\\/H ] - HIERO STRASBOURG\",\"isPartOf\":{\"@id\":\"https:\\\/\\\/hierostrasbourg.com\\\/#website\"},\"datePublished\":\"2022-06-04T18:32:48+00:00\",\"breadcrumb\":{\"@id\":\"https:\\\/\\\/hierostrasbourg.com\\\/index.php\\\/2022\\\/06\\\/04\\\/la-collectivite-europeenne-dalsace-recrute-un-charge-de-developpement-artistique-f-h-2\\\/#breadcrumb\"},\"inLanguage\":\"fr-FR\",\"potentialAction\":[{\"@type\":\"ReadAction\",\"target\":[\"https:\\\/\\\/hierostrasbourg.com\\\/index.php\\\/2022\\\/06\\\/04\\\/la-collectivite-europeenne-dalsace-recrute-un-charge-de-developpement-artistique-f-h-2\\\/\"]}]},{\"@type\":\"BreadcrumbList\",\"@id\":\"https:\\\/\\\/hierostrasbourg.com\\\/index.php\\\/2022\\\/06\\\/04\\\/la-collectivite-europeenne-dalsace-recrute-un-charge-de-developpement-artistique-f-h-2\\\/#breadcrumb\",\"itemListElement\":[{\"@type\":\"ListItem\",\"position\":1,\"name\":\"Accueil\",\"item\":\"https:\\\/\\\/hierostrasbourg.com\\\/\"},{\"@type\":\"ListItem\",\"position\":2,\"name\":\"LA COLLECTIVIT\u00c9 EUROP\u00c9ENNE D\u2019ALSACE recrute un charg\u00e9 de d\u00e9veloppement artistique [F\\\/H ]\"}]},{\"@type\":\"WebSite\",\"@id\":\"https:\\\/\\\/hierostrasbourg.com\\\/#website\",\"url\":\"https:\\\/\\\/hierostrasbourg.com\\\/\",\"name\":\"HIERO STRASBOURG\",\"description\":\"Centre de Ressources Musiques Actuelles\",\"publisher\":{\"@id\":\"https:\\\/\\\/hierostrasbourg.com\\\/#organization\"},\"potentialAction\":[{\"@type\":\"SearchAction\",\"target\":{\"@type\":\"EntryPoint\",\"urlTemplate\":\"https:\\\/\\\/hierostrasbourg.com\\\/?s={search_term_string}\"},\"query-input\":{\"@type\":\"PropertyValueSpecification\",\"valueRequired\":true,\"valueName\":\"search_term_string\"}}],\"inLanguage\":\"fr-FR\"},{\"@type\":\"Organization\",\"@id\":\"https:\\\/\\\/hierostrasbourg.com\\\/#organization\",\"name\":\"F\u00e9d\u00e9ration Hi\u00e9ro Strasbourg\",\"url\":\"https:\\\/\\\/hierostrasbourg.com\\\/\",\"logo\":{\"@type\":\"ImageObject\",\"inLanguage\":\"fr-FR\",\"@id\":\"https:\\\/\\\/hierostrasbourg.com\\\/#\\\/schema\\\/logo\\\/image\\\/\",\"url\":\"https:\\\/\\\/hierostrasbourg.com\\\/wp-content\\\/uploads\\\/2026\\\/04\\\/logo-hiero-strasbourg.jpg\",\"contentUrl\":\"https:\\\/\\\/hierostrasbourg.com\\\/wp-content\\\/uploads\\\/2026\\\/04\\\/logo-hiero-strasbourg.jpg\",\"width\":204,\"height\":192,\"caption\":\"F\u00e9d\u00e9ration Hi\u00e9ro Strasbourg\"},\"image\":{\"@id\":\"https:\\\/\\\/hierostrasbourg.com\\\/#\\\/schema\\\/logo\\\/image\\\/\"},\"sameAs\":[\"https:\\\/\\\/www.facebook.com\\\/fedehierostrasbourg\",\"https:\\\/\\\/x.com\\\/hierostrasbourg\"]}]}<\/script>\n<!-- \/ Yoast SEO plugin. -->","yoast_head_json":{"title":"LA COLLECTIVIT\u00c9 EUROP\u00c9ENNE D\u2019ALSACE recrute un charg\u00e9 de d\u00e9veloppement artistique [F\/H ] - HIERO STRASBOURG","robots":{"index":"index","follow":"follow","max-snippet":"max-snippet:-1","max-image-preview":"max-image-preview:large","max-video-preview":"max-video-preview:-1"},"canonical":"https:\/\/hierostrasbourg.com\/index.php\/2022\/06\/04\/la-collectivite-europeenne-dalsace-recrute-un-charge-de-developpement-artistique-f-h-2\/","og_locale":"fr_FR","og_type":"article","og_title":"LA COLLECTIVIT\u00c9 EUROP\u00c9ENNE D\u2019ALSACE recrute un charg\u00e9 de d\u00e9veloppement artistique [F\/H ] - HIERO STRASBOURG","og_description":"Missions Dans le cadre d\u2019une Direction G\u00e9n\u00e9rale Adjointe \u00ab Attractivit\u00e9 \u00bb comprenant notamment les Directions de l\u2019Education-Jeunesse et des Sports-vie associative, Europe, Transfrontalier et Bilinguisme, la Direction de la Culture et du Patrimoine s\u2019organise en P\u00f4les autour des th\u00e9matiques du patrimoine, de la lecture publique, des archives et de la m\u00e9moire, de la fili\u00e8re castrale, de la culture scientifique, de la cr\u00e9ation-diffusion et des pratiques artistiques. La Direction de la Culture et du Patrimoine met en \u0153uvre les orientations strat\u00e9giques [&hellip;]","og_url":"https:\/\/hierostrasbourg.com\/index.php\/2022\/06\/04\/la-collectivite-europeenne-dalsace-recrute-un-charge-de-developpement-artistique-f-h-2\/","og_site_name":"HIERO STRASBOURG","article_publisher":"https:\/\/www.facebook.com\/fedehierostrasbourg","article_published_time":"2022-06-04T18:32:48+00:00","twitter_card":"summary_large_image","twitter_creator":"@hierostrasbourg","twitter_site":"@hierostrasbourg","twitter_misc":{"Dur\u00e9e de lecture estim\u00e9e":"5 minutes"},"schema":{"@context":"https:\/\/schema.org","@graph":[{"@type":"Article","@id":"https:\/\/hierostrasbourg.com\/index.php\/2022\/06\/04\/la-collectivite-europeenne-dalsace-recrute-un-charge-de-developpement-artistique-f-h-2\/#article","isPartOf":{"@id":"https:\/\/hierostrasbourg.com\/index.php\/2022\/06\/04\/la-collectivite-europeenne-dalsace-recrute-un-charge-de-developpement-artistique-f-h-2\/"},"author":{"name":"","@id":""},"headline":"LA COLLECTIVIT\u00c9 EUROP\u00c9ENNE D\u2019ALSACE recrute un charg\u00e9 de d\u00e9veloppement artistique [F\/H ]","datePublished":"2022-06-04T18:32:48+00:00","mainEntityOfPage":{"@id":"https:\/\/hierostrasbourg.com\/index.php\/2022\/06\/04\/la-collectivite-europeenne-dalsace-recrute-un-charge-de-developpement-artistique-f-h-2\/"},"wordCount":1032,"publisher":{"@id":"https:\/\/hierostrasbourg.com\/#organization"},"inLanguage":"fr-FR"},{"@type":"WebPage","@id":"https:\/\/hierostrasbourg.com\/index.php\/2022\/06\/04\/la-collectivite-europeenne-dalsace-recrute-un-charge-de-developpement-artistique-f-h-2\/","url":"https:\/\/hierostrasbourg.com\/index.php\/2022\/06\/04\/la-collectivite-europeenne-dalsace-recrute-un-charge-de-developpement-artistique-f-h-2\/","name":"LA COLLECTIVIT\u00c9 EUROP\u00c9ENNE D\u2019ALSACE recrute un charg\u00e9 de d\u00e9veloppement artistique [F\/H ] - HIERO STRASBOURG","isPartOf":{"@id":"https:\/\/hierostrasbourg.com\/#website"},"datePublished":"2022-06-04T18:32:48+00:00","breadcrumb":{"@id":"https:\/\/hierostrasbourg.com\/index.php\/2022\/06\/04\/la-collectivite-europeenne-dalsace-recrute-un-charge-de-developpement-artistique-f-h-2\/#breadcrumb"},"inLanguage":"fr-FR","potentialAction":[{"@type":"ReadAction","target":["https:\/\/hierostrasbourg.com\/index.php\/2022\/06\/04\/la-collectivite-europeenne-dalsace-recrute-un-charge-de-developpement-artistique-f-h-2\/"]}]},{"@type":"BreadcrumbList","@id":"https:\/\/hierostrasbourg.com\/index.php\/2022\/06\/04\/la-collectivite-europeenne-dalsace-recrute-un-charge-de-developpement-artistique-f-h-2\/#breadcrumb","itemListElement":[{"@type":"ListItem","position":1,"name":"Accueil","item":"https:\/\/hierostrasbourg.com\/"},{"@type":"ListItem","position":2,"name":"LA COLLECTIVIT\u00c9 EUROP\u00c9ENNE D\u2019ALSACE recrute un charg\u00e9 de d\u00e9veloppement artistique [F\/H ]"}]},{"@type":"WebSite","@id":"https:\/\/hierostrasbourg.com\/#website","url":"https:\/\/hierostrasbourg.com\/","name":"HIERO STRASBOURG","description":"Centre de Ressources Musiques Actuelles","publisher":{"@id":"https:\/\/hierostrasbourg.com\/#organization"},"potentialAction":[{"@type":"SearchAction","target":{"@type":"EntryPoint","urlTemplate":"https:\/\/hierostrasbourg.com\/?s={search_term_string}"},"query-input":{"@type":"PropertyValueSpecification","valueRequired":true,"valueName":"search_term_string"}}],"inLanguage":"fr-FR"},{"@type":"Organization","@id":"https:\/\/hierostrasbourg.com\/#organization","name":"F\u00e9d\u00e9ration Hi\u00e9ro Strasbourg","url":"https:\/\/hierostrasbourg.com\/","logo":{"@type":"ImageObject","inLanguage":"fr-FR","@id":"https:\/\/hierostrasbourg.com\/#\/schema\/logo\/image\/","url":"https:\/\/hierostrasbourg.com\/wp-content\/uploads\/2026\/04\/logo-hiero-strasbourg.jpg","contentUrl":"https:\/\/hierostrasbourg.com\/wp-content\/uploads\/2026\/04\/logo-hiero-strasbourg.jpg","width":204,"height":192,"caption":"F\u00e9d\u00e9ration Hi\u00e9ro Strasbourg"},"image":{"@id":"https:\/\/hierostrasbourg.com\/#\/schema\/logo\/image\/"},"sameAs":["https:\/\/www.facebook.com\/fedehierostrasbourg","https:\/\/x.com\/hierostrasbourg"]}]}},"_links":{"self":[{"href":"https:\/\/hierostrasbourg.com\/index.php\/wp-json\/wp\/v2\/posts\/2771","targetHints":{"allow":["GET"]}}],"collection":[{"href":"https:\/\/hierostrasbourg.com\/index.php\/wp-json\/wp\/v2\/posts"}],"about":[{"href":"https:\/\/hierostrasbourg.com\/index.php\/wp-json\/wp\/v2\/types\/post"}],"replies":[{"embeddable":true,"href":"https:\/\/hierostrasbourg.com\/index.php\/wp-json\/wp\/v2\/comments?post=2771"}],"version-history":[{"count":0,"href":"https:\/\/hierostrasbourg.com\/index.php\/wp-json\/wp\/v2\/posts\/2771\/revisions"}],"wp:attachment":[{"href":"https:\/\/hierostrasbourg.com\/index.php\/wp-json\/wp\/v2\/media?parent=2771"}],"wp:term":[{"taxonomy":"category","embeddable":true,"href":"https:\/\/hierostrasbourg.com\/index.php\/wp-json\/wp\/v2\/categories?post=2771"},{"taxonomy":"post_tag","embeddable":true,"href":"https:\/\/hierostrasbourg.com\/index.php\/wp-json\/wp\/v2\/tags?post=2771"}],"curies":[{"name":"wp","href":"https:\/\/api.w.org\/{rel}","templated":true}]}}