{"id":2728,"date":"2022-05-31T18:30:52","date_gmt":"2022-05-31T16:30:52","guid":{"rendered":"https:\/\/hierostrasbourg.com\/index.php\/2022\/05\/31\/le-tns-recrute-un-responsable-de-production-f-h-2\/"},"modified":"2022-05-31T18:30:52","modified_gmt":"2022-05-31T16:30:52","slug":"le-tns-recrute-un-responsable-de-production-f-h-2","status":"publish","type":"post","link":"https:\/\/hierostrasbourg.com\/index.php\/2022\/05\/31\/le-tns-recrute-un-responsable-de-production-f-h-2\/","title":{"rendered":"LE TNS recrute un responsable de production [F\/H]"},"content":{"rendered":"<p>Au c\u0153ur du projet du TNS, le d\u00e9partement des projets artistiques con\u00e7oit et met en \u0153uvre la pr\u00e9sence artistique au sein du th\u00e9\u00e2tre et de l\u2019\u00e9cole et son rayonnement en tourn\u00e9e. A ce titre, il pilote le montage et les tourn\u00e9es des cr\u00e9ations du directeur et des artistes associ\u00e9s, les coproductions, les r\u00e9sidences et l\u2019accueil des spectacles programm\u00e9s. Il int\u00e8gre \u00e9galement le service m\u00e9c\u00e9nat.<br \/>\nR\u00e9unissant quatre salari\u00e9.e.s permanent.e.s, elle g\u00e8re un budget artistique annuel de l\u2019ordre de 3.8 M\u20ac.<\/p>\n<h2>Missions<\/h2>\n<p>Plac\u00e9.e sous l\u2019autorit\u00e9 du d\u00e9l\u00e9gu\u00e9 au projet artistique, il\/elle est responsable du pilotage de l\u2019ensemble des activit\u00e9s de production, et de la coordination budg\u00e9taire, administrative et organisationnelle des productions et tourn\u00e9es du TNS. Elle encadre le service production, constitu\u00e9 de plusieurs salari\u00e9s.<\/p>\n<p>Au titre du pilotage de l\u2019ensemble des activit\u00e9s de production<\/p>\n<p>coordination des activit\u00e9s artistiques (productions, coproductions, SEP, accueils, projets transversaux) ;<br \/>\nco-construction et pilotage du budget artistique en cours et des saisons \u00e0 venir en dialogue avec les services d\u00e9di\u00e9s ;<br \/>\ncoordination de l\u2019\u00e9laboration des documents contractuels par le service production (coproductions, cessions, contrats de travail, de prestation\u2026) ;<br \/>\nanimation et management de l\u2019\u00e9quipe de production (2-3 personnes), circulation de l\u2019information, planification ;<br \/>\nveille au respect des r\u00e9glementations sociales et fiscales applicables<\/p>\n<p>Au titre du montage et de la diffusion des productions d\u00e9l\u00e9gu\u00e9es de l\u2019artiste directeur et des artistes associ\u00e9.e.s<\/p>\n<p>montage budg\u00e9taire et financier ;<br \/>\nconstruction des budgets pr\u00e9visionnels ;<br \/>\nsuivi de la strat\u00e9gie des relations partenariales avec le r\u00e9seau professionnel<br \/>\ncoordination des productions : dialogue avec les artistes, coordination des \u00e9quipes, n\u00e9gociation des salaires\u2026 ;<br \/>\nd\u00e9veloppement et pr\u00e9paration des outils d\u2019information et de communication relatifs \u00e0 la diffusion des spectacles ;<\/p>\n<p>Au titre des projets transversaux :<\/p>\n<p>r\u00e9alisation des bilans financiers et op\u00e9rationnels du projet Esch2022 | Un territoire de th\u00e9\u00e2tre pour demain | Capitale europ\u00e9enne de la culture<br \/>\nmontage financier et budg\u00e9taire, d\u00e9veloppement et coordination pour d\u2019autres projets transversaux<\/p>\n<p>Poste en CDD pour remplacement de cong\u00e9 maternit\u00e9 jusqu\u2019au 04\/09\/2023<\/p>\n<h2>Profil recherch\u00e9<\/h2>\n<p>Formation sup\u00e9rieure minimum de niveau Master<br \/>\nConnaissance des enjeux juridiques du spectacle vivant<br \/>\nConnaissance de la gestion budg\u00e9taire dans un environnement de comptabilit\u00e9 publique<br \/>\nMa\u00eetrise d\u2019Excel<br \/>\nConnaissance du logiciel de billetterie\/fichier Ressource<br \/>\nMa\u00eetrise de l\u2019anglais et connaissances de l\u2019allemand<br \/>\nConnaissance des proc\u00e9dures d\u2019urgence et d\u2019\u00e9vacuation<br \/>\nPermis B<br \/>\nCapacit\u00e9s organisationnelles<br \/>\nCapacit\u00e9s relationnelles<br \/>\nCapacit\u00e9s r\u00e9dactionnelles<br \/>\nSensibilit\u00e9 artistique<br \/>\nGo\u00fbt du travail en \u00e9quipe et en mode projet<br \/>\nDisponibilit\u00e9, r\u00e9activit\u00e9, discr\u00e9tion<\/p>\n<p>Travail possible en soir\u00e9e et week-end. D\u00e9placements fr\u00e9quents<\/p>\n<h2>Exp\u00e9rience recherch\u00e9e<\/h2>\n<p>Exp\u00e9rience minimale de 4 ans sur un poste similaire<\/p>\n<p>Date de prise de fonction : 13 septembre 2022<br \/>\nDate limite de candidature : 21\/06\/2022<br \/>\nR\u00e9mun\u00e9ration selon grille et exp\u00e9rience<\/p>\n<p>Dans le cadre de sa strat\u00e9gie de Responsabilit\u00e9 Sociale des Organisations (RSO), le TNS s\u2019engage \u00e0 promouvoir l\u2019\u00e9galit\u00e9 professionnelle il\/elle et la pr\u00e9vention des discriminations dans ses activit\u00e9s de recrutement. Une cellule d\u2019\u00e9coute, d\u2019alerte et de traitement est mise \u00e0 la disposition des candidat\u00b7e\u00b7s qui estimeraient avoir fait l\u2019objet d\u2019une rupture d\u2019\u00e9galit\u00e9 de traitement.<br \/>\nLes candidatures seront examin\u00e9es coll\u00e9gialement. Les personnes pr\u00e9s\u00e9lectionn\u00e9es seront invit\u00e9es \u00e0 un ou plusieurs entretiens.<\/p>\n<p>Modalit\u00e9s de candidature : adresser les candidatures (lettre de motivation et curriculum vitae) \u00e0 \u201cTh\u00e9\u00e2tre National de Strasbourg \u2013 Candidature Responsable de production\u201d 1 avenue de la Marseillaise BP 40184 67005 Strasbourg Cedex ou par mail\u00a0:\u00a0rh2@tns.fr<\/p>\n<p>L\u2019article <a href=\"https:\/\/popburo.fr\/le-tns-recrute-un-responsable-de-production-f-h\/\">LE TNS recrute un responsable de production [F\/H]<\/a> est apparu en premier sur <a href=\"https:\/\/popburo.fr\/\">POP B\u00dcRO<\/a>.<\/p>\n","protected":false},"excerpt":{"rendered":"<p>Au c\u0153ur du projet du TNS, le d\u00e9partement des projets artistiques con\u00e7oit et met en \u0153uvre la pr\u00e9sence artistique au sein du th\u00e9\u00e2tre et de l\u2019\u00e9cole et son rayonnement en tourn\u00e9e. A ce titre, il pilote le montage et les tourn\u00e9es des cr\u00e9ations du directeur et des artistes associ\u00e9s, les coproductions, les r\u00e9sidences et l\u2019accueil des spectacles programm\u00e9s. Il int\u00e8gre \u00e9galement le service m\u00e9c\u00e9nat. R\u00e9unissant quatre salari\u00e9.e.s permanent.e.s, elle g\u00e8re un budget artistique annuel de l\u2019ordre de 3.8 M\u20ac. Missions [&hellip;]<\/p>\n","protected":false},"author":0,"featured_media":0,"comment_status":"closed","ping_status":"open","sticky":false,"template":"","format":"standard","meta":{"footnotes":""},"categories":[1],"tags":[],"class_list":["post-2728","post","type-post","status-publish","format-standard","hentry","category-non-classe"],"yoast_head":"<!-- This site is optimized with the Yoast SEO plugin v27.4 - https:\/\/yoast.com\/product\/yoast-seo-wordpress\/ -->\n<title>LE TNS recrute un responsable de production [F\/H] - HIERO STRASBOURG<\/title>\n<meta name=\"robots\" content=\"index, follow, max-snippet:-1, max-image-preview:large, max-video-preview:-1\" \/>\n<link rel=\"canonical\" href=\"https:\/\/hierostrasbourg.com\/index.php\/2022\/05\/31\/le-tns-recrute-un-responsable-de-production-f-h-2\/\" \/>\n<meta property=\"og:locale\" content=\"fr_FR\" \/>\n<meta property=\"og:type\" content=\"article\" \/>\n<meta property=\"og:title\" content=\"LE TNS recrute un responsable de production [F\/H] - HIERO STRASBOURG\" \/>\n<meta property=\"og:description\" content=\"Au c\u0153ur du projet du TNS, le d\u00e9partement des projets artistiques con\u00e7oit et met en \u0153uvre la pr\u00e9sence artistique au sein du th\u00e9\u00e2tre et de l\u2019\u00e9cole et son rayonnement en tourn\u00e9e. A ce titre, il pilote le montage et les tourn\u00e9es des cr\u00e9ations du directeur et des artistes associ\u00e9s, les coproductions, les r\u00e9sidences et l\u2019accueil des spectacles programm\u00e9s. Il int\u00e8gre \u00e9galement le service m\u00e9c\u00e9nat. R\u00e9unissant quatre salari\u00e9.e.s permanent.e.s, elle g\u00e8re un budget artistique annuel de l\u2019ordre de 3.8 M\u20ac. Missions [&hellip;]\" \/>\n<meta property=\"og:url\" content=\"https:\/\/hierostrasbourg.com\/index.php\/2022\/05\/31\/le-tns-recrute-un-responsable-de-production-f-h-2\/\" \/>\n<meta property=\"og:site_name\" content=\"HIERO STRASBOURG\" \/>\n<meta property=\"article:publisher\" content=\"https:\/\/www.facebook.com\/fedehierostrasbourg\" \/>\n<meta property=\"article:published_time\" content=\"2022-05-31T16:30:52+00:00\" \/>\n<meta name=\"twitter:card\" content=\"summary_large_image\" \/>\n<meta name=\"twitter:creator\" content=\"@hierostrasbourg\" \/>\n<meta name=\"twitter:site\" content=\"@hierostrasbourg\" \/>\n<meta name=\"twitter:label1\" content=\"Dur\u00e9e de lecture estim\u00e9e\" \/>\n\t<meta name=\"twitter:data1\" content=\"3 minutes\" \/>\n<script type=\"application\/ld+json\" class=\"yoast-schema-graph\">{\"@context\":\"https:\\\/\\\/schema.org\",\"@graph\":[{\"@type\":\"Article\",\"@id\":\"https:\\\/\\\/hierostrasbourg.com\\\/index.php\\\/2022\\\/05\\\/31\\\/le-tns-recrute-un-responsable-de-production-f-h-2\\\/#article\",\"isPartOf\":{\"@id\":\"https:\\\/\\\/hierostrasbourg.com\\\/index.php\\\/2022\\\/05\\\/31\\\/le-tns-recrute-un-responsable-de-production-f-h-2\\\/\"},\"author\":{\"name\":\"\",\"@id\":\"\"},\"headline\":\"LE TNS recrute un responsable de production [F\\\/H]\",\"datePublished\":\"2022-05-31T16:30:52+00:00\",\"mainEntityOfPage\":{\"@id\":\"https:\\\/\\\/hierostrasbourg.com\\\/index.php\\\/2022\\\/05\\\/31\\\/le-tns-recrute-un-responsable-de-production-f-h-2\\\/\"},\"wordCount\":648,\"publisher\":{\"@id\":\"https:\\\/\\\/hierostrasbourg.com\\\/#organization\"},\"inLanguage\":\"fr-FR\"},{\"@type\":\"WebPage\",\"@id\":\"https:\\\/\\\/hierostrasbourg.com\\\/index.php\\\/2022\\\/05\\\/31\\\/le-tns-recrute-un-responsable-de-production-f-h-2\\\/\",\"url\":\"https:\\\/\\\/hierostrasbourg.com\\\/index.php\\\/2022\\\/05\\\/31\\\/le-tns-recrute-un-responsable-de-production-f-h-2\\\/\",\"name\":\"LE TNS recrute un responsable de production [F\\\/H] - HIERO STRASBOURG\",\"isPartOf\":{\"@id\":\"https:\\\/\\\/hierostrasbourg.com\\\/#website\"},\"datePublished\":\"2022-05-31T16:30:52+00:00\",\"breadcrumb\":{\"@id\":\"https:\\\/\\\/hierostrasbourg.com\\\/index.php\\\/2022\\\/05\\\/31\\\/le-tns-recrute-un-responsable-de-production-f-h-2\\\/#breadcrumb\"},\"inLanguage\":\"fr-FR\",\"potentialAction\":[{\"@type\":\"ReadAction\",\"target\":[\"https:\\\/\\\/hierostrasbourg.com\\\/index.php\\\/2022\\\/05\\\/31\\\/le-tns-recrute-un-responsable-de-production-f-h-2\\\/\"]}]},{\"@type\":\"BreadcrumbList\",\"@id\":\"https:\\\/\\\/hierostrasbourg.com\\\/index.php\\\/2022\\\/05\\\/31\\\/le-tns-recrute-un-responsable-de-production-f-h-2\\\/#breadcrumb\",\"itemListElement\":[{\"@type\":\"ListItem\",\"position\":1,\"name\":\"Accueil\",\"item\":\"https:\\\/\\\/hierostrasbourg.com\\\/\"},{\"@type\":\"ListItem\",\"position\":2,\"name\":\"LE TNS recrute un responsable de production [F\\\/H]\"}]},{\"@type\":\"WebSite\",\"@id\":\"https:\\\/\\\/hierostrasbourg.com\\\/#website\",\"url\":\"https:\\\/\\\/hierostrasbourg.com\\\/\",\"name\":\"HIERO STRASBOURG\",\"description\":\"Centre de Ressources Musiques Actuelles\",\"publisher\":{\"@id\":\"https:\\\/\\\/hierostrasbourg.com\\\/#organization\"},\"potentialAction\":[{\"@type\":\"SearchAction\",\"target\":{\"@type\":\"EntryPoint\",\"urlTemplate\":\"https:\\\/\\\/hierostrasbourg.com\\\/?s={search_term_string}\"},\"query-input\":{\"@type\":\"PropertyValueSpecification\",\"valueRequired\":true,\"valueName\":\"search_term_string\"}}],\"inLanguage\":\"fr-FR\"},{\"@type\":\"Organization\",\"@id\":\"https:\\\/\\\/hierostrasbourg.com\\\/#organization\",\"name\":\"F\u00e9d\u00e9ration Hi\u00e9ro Strasbourg\",\"url\":\"https:\\\/\\\/hierostrasbourg.com\\\/\",\"logo\":{\"@type\":\"ImageObject\",\"inLanguage\":\"fr-FR\",\"@id\":\"https:\\\/\\\/hierostrasbourg.com\\\/#\\\/schema\\\/logo\\\/image\\\/\",\"url\":\"https:\\\/\\\/hierostrasbourg.com\\\/wp-content\\\/uploads\\\/2026\\\/04\\\/logo-hiero-strasbourg.jpg\",\"contentUrl\":\"https:\\\/\\\/hierostrasbourg.com\\\/wp-content\\\/uploads\\\/2026\\\/04\\\/logo-hiero-strasbourg.jpg\",\"width\":204,\"height\":192,\"caption\":\"F\u00e9d\u00e9ration Hi\u00e9ro Strasbourg\"},\"image\":{\"@id\":\"https:\\\/\\\/hierostrasbourg.com\\\/#\\\/schema\\\/logo\\\/image\\\/\"},\"sameAs\":[\"https:\\\/\\\/www.facebook.com\\\/fedehierostrasbourg\",\"https:\\\/\\\/x.com\\\/hierostrasbourg\"]}]}<\/script>\n<!-- \/ Yoast SEO plugin. -->","yoast_head_json":{"title":"LE TNS recrute un responsable de production [F\/H] - HIERO STRASBOURG","robots":{"index":"index","follow":"follow","max-snippet":"max-snippet:-1","max-image-preview":"max-image-preview:large","max-video-preview":"max-video-preview:-1"},"canonical":"https:\/\/hierostrasbourg.com\/index.php\/2022\/05\/31\/le-tns-recrute-un-responsable-de-production-f-h-2\/","og_locale":"fr_FR","og_type":"article","og_title":"LE TNS recrute un responsable de production [F\/H] - HIERO STRASBOURG","og_description":"Au c\u0153ur du projet du TNS, le d\u00e9partement des projets artistiques con\u00e7oit et met en \u0153uvre la pr\u00e9sence artistique au sein du th\u00e9\u00e2tre et de l\u2019\u00e9cole et son rayonnement en tourn\u00e9e. A ce titre, il pilote le montage et les tourn\u00e9es des cr\u00e9ations du directeur et des artistes associ\u00e9s, les coproductions, les r\u00e9sidences et l\u2019accueil des spectacles programm\u00e9s. Il int\u00e8gre \u00e9galement le service m\u00e9c\u00e9nat. R\u00e9unissant quatre salari\u00e9.e.s permanent.e.s, elle g\u00e8re un budget artistique annuel de l\u2019ordre de 3.8 M\u20ac. Missions [&hellip;]","og_url":"https:\/\/hierostrasbourg.com\/index.php\/2022\/05\/31\/le-tns-recrute-un-responsable-de-production-f-h-2\/","og_site_name":"HIERO STRASBOURG","article_publisher":"https:\/\/www.facebook.com\/fedehierostrasbourg","article_published_time":"2022-05-31T16:30:52+00:00","twitter_card":"summary_large_image","twitter_creator":"@hierostrasbourg","twitter_site":"@hierostrasbourg","twitter_misc":{"Dur\u00e9e de lecture estim\u00e9e":"3 minutes"},"schema":{"@context":"https:\/\/schema.org","@graph":[{"@type":"Article","@id":"https:\/\/hierostrasbourg.com\/index.php\/2022\/05\/31\/le-tns-recrute-un-responsable-de-production-f-h-2\/#article","isPartOf":{"@id":"https:\/\/hierostrasbourg.com\/index.php\/2022\/05\/31\/le-tns-recrute-un-responsable-de-production-f-h-2\/"},"author":{"name":"","@id":""},"headline":"LE TNS recrute un responsable de production [F\/H]","datePublished":"2022-05-31T16:30:52+00:00","mainEntityOfPage":{"@id":"https:\/\/hierostrasbourg.com\/index.php\/2022\/05\/31\/le-tns-recrute-un-responsable-de-production-f-h-2\/"},"wordCount":648,"publisher":{"@id":"https:\/\/hierostrasbourg.com\/#organization"},"inLanguage":"fr-FR"},{"@type":"WebPage","@id":"https:\/\/hierostrasbourg.com\/index.php\/2022\/05\/31\/le-tns-recrute-un-responsable-de-production-f-h-2\/","url":"https:\/\/hierostrasbourg.com\/index.php\/2022\/05\/31\/le-tns-recrute-un-responsable-de-production-f-h-2\/","name":"LE TNS recrute un responsable de production [F\/H] - HIERO STRASBOURG","isPartOf":{"@id":"https:\/\/hierostrasbourg.com\/#website"},"datePublished":"2022-05-31T16:30:52+00:00","breadcrumb":{"@id":"https:\/\/hierostrasbourg.com\/index.php\/2022\/05\/31\/le-tns-recrute-un-responsable-de-production-f-h-2\/#breadcrumb"},"inLanguage":"fr-FR","potentialAction":[{"@type":"ReadAction","target":["https:\/\/hierostrasbourg.com\/index.php\/2022\/05\/31\/le-tns-recrute-un-responsable-de-production-f-h-2\/"]}]},{"@type":"BreadcrumbList","@id":"https:\/\/hierostrasbourg.com\/index.php\/2022\/05\/31\/le-tns-recrute-un-responsable-de-production-f-h-2\/#breadcrumb","itemListElement":[{"@type":"ListItem","position":1,"name":"Accueil","item":"https:\/\/hierostrasbourg.com\/"},{"@type":"ListItem","position":2,"name":"LE TNS recrute un responsable de production [F\/H]"}]},{"@type":"WebSite","@id":"https:\/\/hierostrasbourg.com\/#website","url":"https:\/\/hierostrasbourg.com\/","name":"HIERO STRASBOURG","description":"Centre de Ressources Musiques Actuelles","publisher":{"@id":"https:\/\/hierostrasbourg.com\/#organization"},"potentialAction":[{"@type":"SearchAction","target":{"@type":"EntryPoint","urlTemplate":"https:\/\/hierostrasbourg.com\/?s={search_term_string}"},"query-input":{"@type":"PropertyValueSpecification","valueRequired":true,"valueName":"search_term_string"}}],"inLanguage":"fr-FR"},{"@type":"Organization","@id":"https:\/\/hierostrasbourg.com\/#organization","name":"F\u00e9d\u00e9ration Hi\u00e9ro Strasbourg","url":"https:\/\/hierostrasbourg.com\/","logo":{"@type":"ImageObject","inLanguage":"fr-FR","@id":"https:\/\/hierostrasbourg.com\/#\/schema\/logo\/image\/","url":"https:\/\/hierostrasbourg.com\/wp-content\/uploads\/2026\/04\/logo-hiero-strasbourg.jpg","contentUrl":"https:\/\/hierostrasbourg.com\/wp-content\/uploads\/2026\/04\/logo-hiero-strasbourg.jpg","width":204,"height":192,"caption":"F\u00e9d\u00e9ration Hi\u00e9ro Strasbourg"},"image":{"@id":"https:\/\/hierostrasbourg.com\/#\/schema\/logo\/image\/"},"sameAs":["https:\/\/www.facebook.com\/fedehierostrasbourg","https:\/\/x.com\/hierostrasbourg"]}]}},"_links":{"self":[{"href":"https:\/\/hierostrasbourg.com\/index.php\/wp-json\/wp\/v2\/posts\/2728","targetHints":{"allow":["GET"]}}],"collection":[{"href":"https:\/\/hierostrasbourg.com\/index.php\/wp-json\/wp\/v2\/posts"}],"about":[{"href":"https:\/\/hierostrasbourg.com\/index.php\/wp-json\/wp\/v2\/types\/post"}],"replies":[{"embeddable":true,"href":"https:\/\/hierostrasbourg.com\/index.php\/wp-json\/wp\/v2\/comments?post=2728"}],"version-history":[{"count":0,"href":"https:\/\/hierostrasbourg.com\/index.php\/wp-json\/wp\/v2\/posts\/2728\/revisions"}],"wp:attachment":[{"href":"https:\/\/hierostrasbourg.com\/index.php\/wp-json\/wp\/v2\/media?parent=2728"}],"wp:term":[{"taxonomy":"category","embeddable":true,"href":"https:\/\/hierostrasbourg.com\/index.php\/wp-json\/wp\/v2\/categories?post=2728"},{"taxonomy":"post_tag","embeddable":true,"href":"https:\/\/hierostrasbourg.com\/index.php\/wp-json\/wp\/v2\/tags?post=2728"}],"curies":[{"name":"wp","href":"https:\/\/api.w.org\/{rel}","templated":true}]}}