{"id":2727,"date":"2022-05-31T18:30:52","date_gmt":"2022-05-31T16:30:52","guid":{"rendered":"https:\/\/hierostrasbourg.com\/index.php\/2022\/05\/31\/le-tns-recrute-un-responsable-de-production-f-h\/"},"modified":"2022-05-31T18:30:52","modified_gmt":"2022-05-31T16:30:52","slug":"le-tns-recrute-un-responsable-de-production-f-h","status":"publish","type":"post","link":"https:\/\/hierostrasbourg.com\/index.php\/2022\/05\/31\/le-tns-recrute-un-responsable-de-production-f-h\/","title":{"rendered":"LE TNS recrute un responsable de production [F\/H]"},"content":{"rendered":"<p><a href=\"https:\/\/musiquesactuelles.alsace\/le-tns-recrute-un-responsable-de-production-f-h\/\" title=\"LE TNS recrute un responsable de production [F\/H]\"><\/a><\/p>\n<p>Au c\u0153ur du projet du TNS, le d\u00e9partement des projets artistiques con\u00e7oit et met en \u0153uvre la pr\u00e9sence artistique au sein du th\u00e9\u00e2tre et de l\u2019\u00e9cole et son rayonnement en tourn\u00e9e. A ce titre, il pilote le montage et les tourn\u00e9es des cr\u00e9ations du directeur et des artistes associ\u00e9s, les coproductions, les r\u00e9sidences et l\u2019accueil des spectacles programm\u00e9s. Il int\u00e8gre \u00e9galement le service m\u00e9c\u00e9nat. R\u00e9unissant quatre salari\u00e9.e.s permanent.e.s, elle g\u00e8re un budget artistique annuel de l\u2019ordre de 3.8 M\u20ac. Missions [\u2026]<\/p>\n<p>L\u2019article <a href=\"https:\/\/musiquesactuelles.alsace\/le-tns-recrute-un-responsable-de-production-f-h\/\">LE TNS recrute un responsable de production [F\/H]<\/a> est apparu en premier sur <a href=\"https:\/\/musiquesactuelles.alsace\/\">Musiques Actuelles en Alsace<\/a>.<\/p>\n<p>L\u2019article <a href=\"https:\/\/popburo.fr\/le-tns-recrute-un-responsable-de-production-f-h-2\/\">LE TNS recrute un responsable de production [F\/H]<\/a> est apparu en premier sur <a href=\"https:\/\/popburo.fr\/\">POP B\u00dcRO<\/a>.<\/p>\n","protected":false},"excerpt":{"rendered":"<p>Au c\u0153ur du projet du TNS, le d\u00e9partement des projets artistiques con\u00e7oit et met en \u0153uvre la pr\u00e9sence artistique au sein du th\u00e9\u00e2tre et de l\u2019\u00e9cole et son rayonnement en tourn\u00e9e. A ce titre, il pilote le montage et les tourn\u00e9es des cr\u00e9ations du directeur et des artistes associ\u00e9s, les coproductions, les r\u00e9sidences et l\u2019accueil des spectacles programm\u00e9s. Il int\u00e8gre \u00e9galement le service m\u00e9c\u00e9nat. R\u00e9unissant quatre salari\u00e9.e.s permanent.e.s, elle g\u00e8re un budget artistique annuel de l\u2019ordre de 3.8 M\u20ac. Missions [&hellip;]<\/p>\n","protected":false},"author":0,"featured_media":0,"comment_status":"closed","ping_status":"open","sticky":false,"template":"","format":"standard","meta":{"footnotes":""},"categories":[1],"tags":[],"class_list":["post-2727","post","type-post","status-publish","format-standard","hentry","category-non-classe"],"yoast_head":"<!-- This site is optimized with the Yoast SEO plugin v27.5 - https:\/\/yoast.com\/product\/yoast-seo-wordpress\/ -->\n<title>LE TNS recrute un responsable de production [F\/H] - HIERO STRASBOURG<\/title>\n<meta name=\"robots\" content=\"index, follow, max-snippet:-1, max-image-preview:large, max-video-preview:-1\" \/>\n<link rel=\"canonical\" href=\"https:\/\/hierostrasbourg.com\/index.php\/2022\/05\/31\/le-tns-recrute-un-responsable-de-production-f-h\/\" \/>\n<meta property=\"og:locale\" content=\"fr_FR\" \/>\n<meta property=\"og:type\" content=\"article\" \/>\n<meta property=\"og:title\" content=\"LE TNS recrute un responsable de production [F\/H] - HIERO STRASBOURG\" \/>\n<meta property=\"og:description\" content=\"Au c\u0153ur du projet du TNS, le d\u00e9partement des projets artistiques con\u00e7oit et met en \u0153uvre la pr\u00e9sence artistique au sein du th\u00e9\u00e2tre et de l\u2019\u00e9cole et son rayonnement en tourn\u00e9e. A ce titre, il pilote le montage et les tourn\u00e9es des cr\u00e9ations du directeur et des artistes associ\u00e9s, les coproductions, les r\u00e9sidences et l\u2019accueil des spectacles programm\u00e9s. Il int\u00e8gre \u00e9galement le service m\u00e9c\u00e9nat. R\u00e9unissant quatre salari\u00e9.e.s permanent.e.s, elle g\u00e8re un budget artistique annuel de l\u2019ordre de 3.8 M\u20ac. Missions [&hellip;]\" \/>\n<meta property=\"og:url\" content=\"https:\/\/hierostrasbourg.com\/index.php\/2022\/05\/31\/le-tns-recrute-un-responsable-de-production-f-h\/\" \/>\n<meta property=\"og:site_name\" content=\"HIERO STRASBOURG\" \/>\n<meta property=\"article:publisher\" content=\"https:\/\/www.facebook.com\/fedehierostrasbourg\" \/>\n<meta property=\"article:published_time\" content=\"2022-05-31T16:30:52+00:00\" \/>\n<meta name=\"twitter:card\" content=\"summary_large_image\" \/>\n<meta name=\"twitter:creator\" content=\"@hierostrasbourg\" \/>\n<meta name=\"twitter:site\" content=\"@hierostrasbourg\" \/>\n<meta name=\"twitter:label1\" content=\"Dur\u00e9e de lecture estim\u00e9e\" \/>\n\t<meta name=\"twitter:data1\" content=\"1 minute\" \/>\n<script type=\"application\/ld+json\" class=\"yoast-schema-graph\">{\"@context\":\"https:\\\/\\\/schema.org\",\"@graph\":[{\"@type\":\"Article\",\"@id\":\"https:\\\/\\\/hierostrasbourg.com\\\/index.php\\\/2022\\\/05\\\/31\\\/le-tns-recrute-un-responsable-de-production-f-h\\\/#article\",\"isPartOf\":{\"@id\":\"https:\\\/\\\/hierostrasbourg.com\\\/index.php\\\/2022\\\/05\\\/31\\\/le-tns-recrute-un-responsable-de-production-f-h\\\/\"},\"author\":{\"name\":\"\",\"@id\":\"\"},\"headline\":\"LE TNS recrute un responsable de production [F\\\/H]\",\"datePublished\":\"2022-05-31T16:30:52+00:00\",\"mainEntityOfPage\":{\"@id\":\"https:\\\/\\\/hierostrasbourg.com\\\/index.php\\\/2022\\\/05\\\/31\\\/le-tns-recrute-un-responsable-de-production-f-h\\\/\"},\"wordCount\":150,\"publisher\":{\"@id\":\"https:\\\/\\\/hierostrasbourg.com\\\/#organization\"},\"inLanguage\":\"fr-FR\"},{\"@type\":\"WebPage\",\"@id\":\"https:\\\/\\\/hierostrasbourg.com\\\/index.php\\\/2022\\\/05\\\/31\\\/le-tns-recrute-un-responsable-de-production-f-h\\\/\",\"url\":\"https:\\\/\\\/hierostrasbourg.com\\\/index.php\\\/2022\\\/05\\\/31\\\/le-tns-recrute-un-responsable-de-production-f-h\\\/\",\"name\":\"LE TNS recrute un responsable de production [F\\\/H] - HIERO STRASBOURG\",\"isPartOf\":{\"@id\":\"https:\\\/\\\/hierostrasbourg.com\\\/#website\"},\"datePublished\":\"2022-05-31T16:30:52+00:00\",\"breadcrumb\":{\"@id\":\"https:\\\/\\\/hierostrasbourg.com\\\/index.php\\\/2022\\\/05\\\/31\\\/le-tns-recrute-un-responsable-de-production-f-h\\\/#breadcrumb\"},\"inLanguage\":\"fr-FR\",\"potentialAction\":[{\"@type\":\"ReadAction\",\"target\":[\"https:\\\/\\\/hierostrasbourg.com\\\/index.php\\\/2022\\\/05\\\/31\\\/le-tns-recrute-un-responsable-de-production-f-h\\\/\"]}]},{\"@type\":\"BreadcrumbList\",\"@id\":\"https:\\\/\\\/hierostrasbourg.com\\\/index.php\\\/2022\\\/05\\\/31\\\/le-tns-recrute-un-responsable-de-production-f-h\\\/#breadcrumb\",\"itemListElement\":[{\"@type\":\"ListItem\",\"position\":1,\"name\":\"Accueil\",\"item\":\"https:\\\/\\\/hierostrasbourg.com\\\/\"},{\"@type\":\"ListItem\",\"position\":2,\"name\":\"LE TNS recrute un responsable de production [F\\\/H]\"}]},{\"@type\":\"WebSite\",\"@id\":\"https:\\\/\\\/hierostrasbourg.com\\\/#website\",\"url\":\"https:\\\/\\\/hierostrasbourg.com\\\/\",\"name\":\"HIERO STRASBOURG\",\"description\":\"Centre de Ressources Musiques Actuelles\",\"publisher\":{\"@id\":\"https:\\\/\\\/hierostrasbourg.com\\\/#organization\"},\"potentialAction\":[{\"@type\":\"SearchAction\",\"target\":{\"@type\":\"EntryPoint\",\"urlTemplate\":\"https:\\\/\\\/hierostrasbourg.com\\\/?s={search_term_string}\"},\"query-input\":{\"@type\":\"PropertyValueSpecification\",\"valueRequired\":true,\"valueName\":\"search_term_string\"}}],\"inLanguage\":\"fr-FR\"},{\"@type\":\"Organization\",\"@id\":\"https:\\\/\\\/hierostrasbourg.com\\\/#organization\",\"name\":\"F\u00e9d\u00e9ration Hi\u00e9ro Strasbourg\",\"url\":\"https:\\\/\\\/hierostrasbourg.com\\\/\",\"logo\":{\"@type\":\"ImageObject\",\"inLanguage\":\"fr-FR\",\"@id\":\"https:\\\/\\\/hierostrasbourg.com\\\/#\\\/schema\\\/logo\\\/image\\\/\",\"url\":\"https:\\\/\\\/hierostrasbourg.com\\\/wp-content\\\/uploads\\\/2026\\\/04\\\/logo-hiero-strasbourg.jpg\",\"contentUrl\":\"https:\\\/\\\/hierostrasbourg.com\\\/wp-content\\\/uploads\\\/2026\\\/04\\\/logo-hiero-strasbourg.jpg\",\"width\":204,\"height\":192,\"caption\":\"F\u00e9d\u00e9ration Hi\u00e9ro Strasbourg\"},\"image\":{\"@id\":\"https:\\\/\\\/hierostrasbourg.com\\\/#\\\/schema\\\/logo\\\/image\\\/\"},\"sameAs\":[\"https:\\\/\\\/www.facebook.com\\\/fedehierostrasbourg\",\"https:\\\/\\\/x.com\\\/hierostrasbourg\"]}]}<\/script>\n<!-- \/ Yoast SEO plugin. -->","yoast_head_json":{"title":"LE TNS recrute un responsable de production [F\/H] - HIERO STRASBOURG","robots":{"index":"index","follow":"follow","max-snippet":"max-snippet:-1","max-image-preview":"max-image-preview:large","max-video-preview":"max-video-preview:-1"},"canonical":"https:\/\/hierostrasbourg.com\/index.php\/2022\/05\/31\/le-tns-recrute-un-responsable-de-production-f-h\/","og_locale":"fr_FR","og_type":"article","og_title":"LE TNS recrute un responsable de production [F\/H] - HIERO STRASBOURG","og_description":"Au c\u0153ur du projet du TNS, le d\u00e9partement des projets artistiques con\u00e7oit et met en \u0153uvre la pr\u00e9sence artistique au sein du th\u00e9\u00e2tre et de l\u2019\u00e9cole et son rayonnement en tourn\u00e9e. A ce titre, il pilote le montage et les tourn\u00e9es des cr\u00e9ations du directeur et des artistes associ\u00e9s, les coproductions, les r\u00e9sidences et l\u2019accueil des spectacles programm\u00e9s. Il int\u00e8gre \u00e9galement le service m\u00e9c\u00e9nat. R\u00e9unissant quatre salari\u00e9.e.s permanent.e.s, elle g\u00e8re un budget artistique annuel de l\u2019ordre de 3.8 M\u20ac. Missions [&hellip;]","og_url":"https:\/\/hierostrasbourg.com\/index.php\/2022\/05\/31\/le-tns-recrute-un-responsable-de-production-f-h\/","og_site_name":"HIERO STRASBOURG","article_publisher":"https:\/\/www.facebook.com\/fedehierostrasbourg","article_published_time":"2022-05-31T16:30:52+00:00","twitter_card":"summary_large_image","twitter_creator":"@hierostrasbourg","twitter_site":"@hierostrasbourg","twitter_misc":{"Dur\u00e9e de lecture estim\u00e9e":"1 minute"},"schema":{"@context":"https:\/\/schema.org","@graph":[{"@type":"Article","@id":"https:\/\/hierostrasbourg.com\/index.php\/2022\/05\/31\/le-tns-recrute-un-responsable-de-production-f-h\/#article","isPartOf":{"@id":"https:\/\/hierostrasbourg.com\/index.php\/2022\/05\/31\/le-tns-recrute-un-responsable-de-production-f-h\/"},"author":{"name":"","@id":""},"headline":"LE TNS recrute un responsable de production [F\/H]","datePublished":"2022-05-31T16:30:52+00:00","mainEntityOfPage":{"@id":"https:\/\/hierostrasbourg.com\/index.php\/2022\/05\/31\/le-tns-recrute-un-responsable-de-production-f-h\/"},"wordCount":150,"publisher":{"@id":"https:\/\/hierostrasbourg.com\/#organization"},"inLanguage":"fr-FR"},{"@type":"WebPage","@id":"https:\/\/hierostrasbourg.com\/index.php\/2022\/05\/31\/le-tns-recrute-un-responsable-de-production-f-h\/","url":"https:\/\/hierostrasbourg.com\/index.php\/2022\/05\/31\/le-tns-recrute-un-responsable-de-production-f-h\/","name":"LE TNS recrute un responsable de production [F\/H] - HIERO STRASBOURG","isPartOf":{"@id":"https:\/\/hierostrasbourg.com\/#website"},"datePublished":"2022-05-31T16:30:52+00:00","breadcrumb":{"@id":"https:\/\/hierostrasbourg.com\/index.php\/2022\/05\/31\/le-tns-recrute-un-responsable-de-production-f-h\/#breadcrumb"},"inLanguage":"fr-FR","potentialAction":[{"@type":"ReadAction","target":["https:\/\/hierostrasbourg.com\/index.php\/2022\/05\/31\/le-tns-recrute-un-responsable-de-production-f-h\/"]}]},{"@type":"BreadcrumbList","@id":"https:\/\/hierostrasbourg.com\/index.php\/2022\/05\/31\/le-tns-recrute-un-responsable-de-production-f-h\/#breadcrumb","itemListElement":[{"@type":"ListItem","position":1,"name":"Accueil","item":"https:\/\/hierostrasbourg.com\/"},{"@type":"ListItem","position":2,"name":"LE TNS recrute un responsable de production [F\/H]"}]},{"@type":"WebSite","@id":"https:\/\/hierostrasbourg.com\/#website","url":"https:\/\/hierostrasbourg.com\/","name":"HIERO STRASBOURG","description":"Centre de Ressources Musiques Actuelles","publisher":{"@id":"https:\/\/hierostrasbourg.com\/#organization"},"potentialAction":[{"@type":"SearchAction","target":{"@type":"EntryPoint","urlTemplate":"https:\/\/hierostrasbourg.com\/?s={search_term_string}"},"query-input":{"@type":"PropertyValueSpecification","valueRequired":true,"valueName":"search_term_string"}}],"inLanguage":"fr-FR"},{"@type":"Organization","@id":"https:\/\/hierostrasbourg.com\/#organization","name":"F\u00e9d\u00e9ration Hi\u00e9ro Strasbourg","url":"https:\/\/hierostrasbourg.com\/","logo":{"@type":"ImageObject","inLanguage":"fr-FR","@id":"https:\/\/hierostrasbourg.com\/#\/schema\/logo\/image\/","url":"https:\/\/hierostrasbourg.com\/wp-content\/uploads\/2026\/04\/logo-hiero-strasbourg.jpg","contentUrl":"https:\/\/hierostrasbourg.com\/wp-content\/uploads\/2026\/04\/logo-hiero-strasbourg.jpg","width":204,"height":192,"caption":"F\u00e9d\u00e9ration Hi\u00e9ro Strasbourg"},"image":{"@id":"https:\/\/hierostrasbourg.com\/#\/schema\/logo\/image\/"},"sameAs":["https:\/\/www.facebook.com\/fedehierostrasbourg","https:\/\/x.com\/hierostrasbourg"]}]}},"_links":{"self":[{"href":"https:\/\/hierostrasbourg.com\/index.php\/wp-json\/wp\/v2\/posts\/2727","targetHints":{"allow":["GET"]}}],"collection":[{"href":"https:\/\/hierostrasbourg.com\/index.php\/wp-json\/wp\/v2\/posts"}],"about":[{"href":"https:\/\/hierostrasbourg.com\/index.php\/wp-json\/wp\/v2\/types\/post"}],"replies":[{"embeddable":true,"href":"https:\/\/hierostrasbourg.com\/index.php\/wp-json\/wp\/v2\/comments?post=2727"}],"version-history":[{"count":0,"href":"https:\/\/hierostrasbourg.com\/index.php\/wp-json\/wp\/v2\/posts\/2727\/revisions"}],"wp:attachment":[{"href":"https:\/\/hierostrasbourg.com\/index.php\/wp-json\/wp\/v2\/media?parent=2727"}],"wp:term":[{"taxonomy":"category","embeddable":true,"href":"https:\/\/hierostrasbourg.com\/index.php\/wp-json\/wp\/v2\/categories?post=2727"},{"taxonomy":"post_tag","embeddable":true,"href":"https:\/\/hierostrasbourg.com\/index.php\/wp-json\/wp\/v2\/tags?post=2727"}],"curies":[{"name":"wp","href":"https:\/\/api.w.org\/{rel}","templated":true}]}}