{"id":2690,"date":"2022-05-28T08:30:50","date_gmt":"2022-05-28T06:30:50","guid":{"rendered":"https:\/\/hierostrasbourg.com\/index.php\/2022\/05\/28\/politiques-culturelles-les-grands-dossiers-qui-attendent-rima-abdul-malak\/"},"modified":"2022-05-28T08:30:50","modified_gmt":"2022-05-28T06:30:50","slug":"politiques-culturelles-les-grands-dossiers-qui-attendent-rima-abdul-malak","status":"publish","type":"post","link":"https:\/\/hierostrasbourg.com\/index.php\/2022\/05\/28\/politiques-culturelles-les-grands-dossiers-qui-attendent-rima-abdul-malak\/","title":{"rendered":"Politiques culturelles : les grands dossiers qui attendent Rima Abdul-Malak"},"content":{"rendered":"<p><em>A peine arriv\u00e9e Rue de Valois, la nouvelle ministre de la Culture, Rima Abdul-Malak, re\u00e7oit les desiderata des professionnels sur les dossiers prioritaires \u00e0 traiter. De leur c\u00f4t\u00e9, les \u00e9lus charg\u00e9s de la culture sont d\u00e9j\u00e0 sur le pont pour d\u00e9fendre les politiques culturelles territoriales. Tour d\u2019horizon des principaux dossiers que la nouvelle ministre devra ouvrir rapidement<\/em><\/p>\n<p>Source \/ Lire la suite : <a href=\"https:\/\/www.lagazettedescommunes.com\/808465\/politiques-culturelles-les-grands-dossiers-qui-attendent-rima-abdul-malak\/\">Politiques culturelles : les grands dossiers qui attendent Rima Abdul-Malak<\/a><\/p>\n<p>L\u2019article <a href=\"https:\/\/popburo.fr\/politiques-culturelles-les-grands-dossiers-qui-attendent-rima-abdul-malak\/\">Politiques culturelles : les grands dossiers qui attendent Rima Abdul-Malak<\/a> est apparu en premier sur <a href=\"https:\/\/popburo.fr\/\">POP B\u00dcRO<\/a>.<\/p>\n","protected":false},"excerpt":{"rendered":"<p>A peine arriv\u00e9e Rue de Valois, la nouvelle ministre de la Culture, Rima Abdul-Malak, re\u00e7oit les desiderata des professionnels sur les dossiers prioritaires \u00e0 traiter. De leur c\u00f4t\u00e9, les \u00e9lus charg\u00e9s de la culture sont d\u00e9j\u00e0 sur le pont pour d\u00e9fendre les politiques culturelles territoriales. Tour d\u2019horizon des principaux dossiers que la nouvelle ministre devra ouvrir rapidement Source \/ Lire la suite : Politiques culturelles : les grands dossiers qui attendent Rima Abdul-Malak L\u2019article Politiques culturelles : les grands dossiers [&hellip;]<\/p>\n","protected":false},"author":0,"featured_media":0,"comment_status":"closed","ping_status":"open","sticky":false,"template":"","format":"standard","meta":{"footnotes":""},"categories":[1],"tags":[],"class_list":["post-2690","post","type-post","status-publish","format-standard","hentry","category-non-classe"],"yoast_head":"<!-- This site is optimized with the Yoast SEO plugin v27.4 - https:\/\/yoast.com\/product\/yoast-seo-wordpress\/ -->\n<title>Politiques culturelles : les grands dossiers qui attendent Rima Abdul-Malak - HIERO STRASBOURG<\/title>\n<meta name=\"robots\" content=\"index, follow, max-snippet:-1, max-image-preview:large, max-video-preview:-1\" \/>\n<link rel=\"canonical\" href=\"https:\/\/hierostrasbourg.com\/index.php\/2022\/05\/28\/politiques-culturelles-les-grands-dossiers-qui-attendent-rima-abdul-malak\/\" \/>\n<meta property=\"og:locale\" content=\"fr_FR\" \/>\n<meta property=\"og:type\" content=\"article\" \/>\n<meta property=\"og:title\" content=\"Politiques culturelles : les grands dossiers qui attendent Rima Abdul-Malak - HIERO STRASBOURG\" \/>\n<meta property=\"og:description\" content=\"A peine arriv\u00e9e Rue de Valois, la nouvelle ministre de la Culture, Rima Abdul-Malak, re\u00e7oit les desiderata des professionnels sur les dossiers prioritaires \u00e0 traiter. De leur c\u00f4t\u00e9, les \u00e9lus charg\u00e9s de la culture sont d\u00e9j\u00e0 sur le pont pour d\u00e9fendre les politiques culturelles territoriales. Tour d\u2019horizon des principaux dossiers que la nouvelle ministre devra ouvrir rapidement Source \/ Lire la suite : Politiques culturelles : les grands dossiers qui attendent Rima Abdul-Malak L\u2019article Politiques culturelles : les grands dossiers [&hellip;]\" \/>\n<meta property=\"og:url\" content=\"https:\/\/hierostrasbourg.com\/index.php\/2022\/05\/28\/politiques-culturelles-les-grands-dossiers-qui-attendent-rima-abdul-malak\/\" \/>\n<meta property=\"og:site_name\" content=\"HIERO STRASBOURG\" \/>\n<meta property=\"article:publisher\" content=\"https:\/\/www.facebook.com\/fedehierostrasbourg\" \/>\n<meta property=\"article:published_time\" content=\"2022-05-28T06:30:50+00:00\" \/>\n<meta name=\"twitter:card\" content=\"summary_large_image\" \/>\n<meta name=\"twitter:creator\" content=\"@hierostrasbourg\" \/>\n<meta name=\"twitter:site\" content=\"@hierostrasbourg\" \/>\n<script type=\"application\/ld+json\" class=\"yoast-schema-graph\">{\"@context\":\"https:\\\/\\\/schema.org\",\"@graph\":[{\"@type\":\"Article\",\"@id\":\"https:\\\/\\\/hierostrasbourg.com\\\/index.php\\\/2022\\\/05\\\/28\\\/politiques-culturelles-les-grands-dossiers-qui-attendent-rima-abdul-malak\\\/#article\",\"isPartOf\":{\"@id\":\"https:\\\/\\\/hierostrasbourg.com\\\/index.php\\\/2022\\\/05\\\/28\\\/politiques-culturelles-les-grands-dossiers-qui-attendent-rima-abdul-malak\\\/\"},\"author\":{\"name\":\"\",\"@id\":\"\"},\"headline\":\"Politiques culturelles : les grands dossiers qui attendent Rima Abdul-Malak\",\"datePublished\":\"2022-05-28T06:30:50+00:00\",\"mainEntityOfPage\":{\"@id\":\"https:\\\/\\\/hierostrasbourg.com\\\/index.php\\\/2022\\\/05\\\/28\\\/politiques-culturelles-les-grands-dossiers-qui-attendent-rima-abdul-malak\\\/\"},\"wordCount\":104,\"publisher\":{\"@id\":\"https:\\\/\\\/hierostrasbourg.com\\\/#organization\"},\"inLanguage\":\"fr-FR\"},{\"@type\":\"WebPage\",\"@id\":\"https:\\\/\\\/hierostrasbourg.com\\\/index.php\\\/2022\\\/05\\\/28\\\/politiques-culturelles-les-grands-dossiers-qui-attendent-rima-abdul-malak\\\/\",\"url\":\"https:\\\/\\\/hierostrasbourg.com\\\/index.php\\\/2022\\\/05\\\/28\\\/politiques-culturelles-les-grands-dossiers-qui-attendent-rima-abdul-malak\\\/\",\"name\":\"Politiques culturelles : les grands dossiers qui attendent Rima Abdul-Malak - HIERO STRASBOURG\",\"isPartOf\":{\"@id\":\"https:\\\/\\\/hierostrasbourg.com\\\/#website\"},\"datePublished\":\"2022-05-28T06:30:50+00:00\",\"breadcrumb\":{\"@id\":\"https:\\\/\\\/hierostrasbourg.com\\\/index.php\\\/2022\\\/05\\\/28\\\/politiques-culturelles-les-grands-dossiers-qui-attendent-rima-abdul-malak\\\/#breadcrumb\"},\"inLanguage\":\"fr-FR\",\"potentialAction\":[{\"@type\":\"ReadAction\",\"target\":[\"https:\\\/\\\/hierostrasbourg.com\\\/index.php\\\/2022\\\/05\\\/28\\\/politiques-culturelles-les-grands-dossiers-qui-attendent-rima-abdul-malak\\\/\"]}]},{\"@type\":\"BreadcrumbList\",\"@id\":\"https:\\\/\\\/hierostrasbourg.com\\\/index.php\\\/2022\\\/05\\\/28\\\/politiques-culturelles-les-grands-dossiers-qui-attendent-rima-abdul-malak\\\/#breadcrumb\",\"itemListElement\":[{\"@type\":\"ListItem\",\"position\":1,\"name\":\"Accueil\",\"item\":\"https:\\\/\\\/hierostrasbourg.com\\\/\"},{\"@type\":\"ListItem\",\"position\":2,\"name\":\"Politiques culturelles : les grands dossiers qui attendent Rima Abdul-Malak\"}]},{\"@type\":\"WebSite\",\"@id\":\"https:\\\/\\\/hierostrasbourg.com\\\/#website\",\"url\":\"https:\\\/\\\/hierostrasbourg.com\\\/\",\"name\":\"HIERO STRASBOURG\",\"description\":\"Centre de Ressources Musiques Actuelles\",\"publisher\":{\"@id\":\"https:\\\/\\\/hierostrasbourg.com\\\/#organization\"},\"potentialAction\":[{\"@type\":\"SearchAction\",\"target\":{\"@type\":\"EntryPoint\",\"urlTemplate\":\"https:\\\/\\\/hierostrasbourg.com\\\/?s={search_term_string}\"},\"query-input\":{\"@type\":\"PropertyValueSpecification\",\"valueRequired\":true,\"valueName\":\"search_term_string\"}}],\"inLanguage\":\"fr-FR\"},{\"@type\":\"Organization\",\"@id\":\"https:\\\/\\\/hierostrasbourg.com\\\/#organization\",\"name\":\"F\u00e9d\u00e9ration Hi\u00e9ro Strasbourg\",\"url\":\"https:\\\/\\\/hierostrasbourg.com\\\/\",\"logo\":{\"@type\":\"ImageObject\",\"inLanguage\":\"fr-FR\",\"@id\":\"https:\\\/\\\/hierostrasbourg.com\\\/#\\\/schema\\\/logo\\\/image\\\/\",\"url\":\"https:\\\/\\\/hierostrasbourg.com\\\/wp-content\\\/uploads\\\/2026\\\/04\\\/logo-hiero-strasbourg.jpg\",\"contentUrl\":\"https:\\\/\\\/hierostrasbourg.com\\\/wp-content\\\/uploads\\\/2026\\\/04\\\/logo-hiero-strasbourg.jpg\",\"width\":204,\"height\":192,\"caption\":\"F\u00e9d\u00e9ration Hi\u00e9ro Strasbourg\"},\"image\":{\"@id\":\"https:\\\/\\\/hierostrasbourg.com\\\/#\\\/schema\\\/logo\\\/image\\\/\"},\"sameAs\":[\"https:\\\/\\\/www.facebook.com\\\/fedehierostrasbourg\",\"https:\\\/\\\/x.com\\\/hierostrasbourg\"]}]}<\/script>\n<!-- \/ Yoast SEO plugin. -->","yoast_head_json":{"title":"Politiques culturelles : les grands dossiers qui attendent Rima Abdul-Malak - HIERO STRASBOURG","robots":{"index":"index","follow":"follow","max-snippet":"max-snippet:-1","max-image-preview":"max-image-preview:large","max-video-preview":"max-video-preview:-1"},"canonical":"https:\/\/hierostrasbourg.com\/index.php\/2022\/05\/28\/politiques-culturelles-les-grands-dossiers-qui-attendent-rima-abdul-malak\/","og_locale":"fr_FR","og_type":"article","og_title":"Politiques culturelles : les grands dossiers qui attendent Rima Abdul-Malak - HIERO STRASBOURG","og_description":"A peine arriv\u00e9e Rue de Valois, la nouvelle ministre de la Culture, Rima Abdul-Malak, re\u00e7oit les desiderata des professionnels sur les dossiers prioritaires \u00e0 traiter. De leur c\u00f4t\u00e9, les \u00e9lus charg\u00e9s de la culture sont d\u00e9j\u00e0 sur le pont pour d\u00e9fendre les politiques culturelles territoriales. Tour d\u2019horizon des principaux dossiers que la nouvelle ministre devra ouvrir rapidement Source \/ Lire la suite : Politiques culturelles : les grands dossiers qui attendent Rima Abdul-Malak L\u2019article Politiques culturelles : les grands dossiers [&hellip;]","og_url":"https:\/\/hierostrasbourg.com\/index.php\/2022\/05\/28\/politiques-culturelles-les-grands-dossiers-qui-attendent-rima-abdul-malak\/","og_site_name":"HIERO STRASBOURG","article_publisher":"https:\/\/www.facebook.com\/fedehierostrasbourg","article_published_time":"2022-05-28T06:30:50+00:00","twitter_card":"summary_large_image","twitter_creator":"@hierostrasbourg","twitter_site":"@hierostrasbourg","schema":{"@context":"https:\/\/schema.org","@graph":[{"@type":"Article","@id":"https:\/\/hierostrasbourg.com\/index.php\/2022\/05\/28\/politiques-culturelles-les-grands-dossiers-qui-attendent-rima-abdul-malak\/#article","isPartOf":{"@id":"https:\/\/hierostrasbourg.com\/index.php\/2022\/05\/28\/politiques-culturelles-les-grands-dossiers-qui-attendent-rima-abdul-malak\/"},"author":{"name":"","@id":""},"headline":"Politiques culturelles : les grands dossiers qui attendent Rima Abdul-Malak","datePublished":"2022-05-28T06:30:50+00:00","mainEntityOfPage":{"@id":"https:\/\/hierostrasbourg.com\/index.php\/2022\/05\/28\/politiques-culturelles-les-grands-dossiers-qui-attendent-rima-abdul-malak\/"},"wordCount":104,"publisher":{"@id":"https:\/\/hierostrasbourg.com\/#organization"},"inLanguage":"fr-FR"},{"@type":"WebPage","@id":"https:\/\/hierostrasbourg.com\/index.php\/2022\/05\/28\/politiques-culturelles-les-grands-dossiers-qui-attendent-rima-abdul-malak\/","url":"https:\/\/hierostrasbourg.com\/index.php\/2022\/05\/28\/politiques-culturelles-les-grands-dossiers-qui-attendent-rima-abdul-malak\/","name":"Politiques culturelles : les grands dossiers qui attendent Rima Abdul-Malak - HIERO STRASBOURG","isPartOf":{"@id":"https:\/\/hierostrasbourg.com\/#website"},"datePublished":"2022-05-28T06:30:50+00:00","breadcrumb":{"@id":"https:\/\/hierostrasbourg.com\/index.php\/2022\/05\/28\/politiques-culturelles-les-grands-dossiers-qui-attendent-rima-abdul-malak\/#breadcrumb"},"inLanguage":"fr-FR","potentialAction":[{"@type":"ReadAction","target":["https:\/\/hierostrasbourg.com\/index.php\/2022\/05\/28\/politiques-culturelles-les-grands-dossiers-qui-attendent-rima-abdul-malak\/"]}]},{"@type":"BreadcrumbList","@id":"https:\/\/hierostrasbourg.com\/index.php\/2022\/05\/28\/politiques-culturelles-les-grands-dossiers-qui-attendent-rima-abdul-malak\/#breadcrumb","itemListElement":[{"@type":"ListItem","position":1,"name":"Accueil","item":"https:\/\/hierostrasbourg.com\/"},{"@type":"ListItem","position":2,"name":"Politiques culturelles : les grands dossiers qui attendent Rima Abdul-Malak"}]},{"@type":"WebSite","@id":"https:\/\/hierostrasbourg.com\/#website","url":"https:\/\/hierostrasbourg.com\/","name":"HIERO STRASBOURG","description":"Centre de Ressources Musiques Actuelles","publisher":{"@id":"https:\/\/hierostrasbourg.com\/#organization"},"potentialAction":[{"@type":"SearchAction","target":{"@type":"EntryPoint","urlTemplate":"https:\/\/hierostrasbourg.com\/?s={search_term_string}"},"query-input":{"@type":"PropertyValueSpecification","valueRequired":true,"valueName":"search_term_string"}}],"inLanguage":"fr-FR"},{"@type":"Organization","@id":"https:\/\/hierostrasbourg.com\/#organization","name":"F\u00e9d\u00e9ration Hi\u00e9ro Strasbourg","url":"https:\/\/hierostrasbourg.com\/","logo":{"@type":"ImageObject","inLanguage":"fr-FR","@id":"https:\/\/hierostrasbourg.com\/#\/schema\/logo\/image\/","url":"https:\/\/hierostrasbourg.com\/wp-content\/uploads\/2026\/04\/logo-hiero-strasbourg.jpg","contentUrl":"https:\/\/hierostrasbourg.com\/wp-content\/uploads\/2026\/04\/logo-hiero-strasbourg.jpg","width":204,"height":192,"caption":"F\u00e9d\u00e9ration Hi\u00e9ro Strasbourg"},"image":{"@id":"https:\/\/hierostrasbourg.com\/#\/schema\/logo\/image\/"},"sameAs":["https:\/\/www.facebook.com\/fedehierostrasbourg","https:\/\/x.com\/hierostrasbourg"]}]}},"_links":{"self":[{"href":"https:\/\/hierostrasbourg.com\/index.php\/wp-json\/wp\/v2\/posts\/2690","targetHints":{"allow":["GET"]}}],"collection":[{"href":"https:\/\/hierostrasbourg.com\/index.php\/wp-json\/wp\/v2\/posts"}],"about":[{"href":"https:\/\/hierostrasbourg.com\/index.php\/wp-json\/wp\/v2\/types\/post"}],"replies":[{"embeddable":true,"href":"https:\/\/hierostrasbourg.com\/index.php\/wp-json\/wp\/v2\/comments?post=2690"}],"version-history":[{"count":0,"href":"https:\/\/hierostrasbourg.com\/index.php\/wp-json\/wp\/v2\/posts\/2690\/revisions"}],"wp:attachment":[{"href":"https:\/\/hierostrasbourg.com\/index.php\/wp-json\/wp\/v2\/media?parent=2690"}],"wp:term":[{"taxonomy":"category","embeddable":true,"href":"https:\/\/hierostrasbourg.com\/index.php\/wp-json\/wp\/v2\/categories?post=2690"},{"taxonomy":"post_tag","embeddable":true,"href":"https:\/\/hierostrasbourg.com\/index.php\/wp-json\/wp\/v2\/tags?post=2690"}],"curies":[{"name":"wp","href":"https:\/\/api.w.org\/{rel}","templated":true}]}}