{"id":2689,"date":"2022-05-27T20:32:30","date_gmt":"2022-05-27T18:32:30","guid":{"rendered":"https:\/\/hierostrasbourg.com\/index.php\/2022\/05\/27\/la-ville-de-schiltigheim-recrute-un-chef-de-service-culture-f-h-2\/"},"modified":"2022-05-27T20:32:30","modified_gmt":"2022-05-27T18:32:30","slug":"la-ville-de-schiltigheim-recrute-un-chef-de-service-culture-f-h-2","status":"publish","type":"post","link":"https:\/\/hierostrasbourg.com\/index.php\/2022\/05\/27\/la-ville-de-schiltigheim-recrute-un-chef-de-service-culture-f-h-2\/","title":{"rendered":"LA VILLE DE SCHILTIGHEIM recrute un chef. de service Culture [F\/H]"},"content":{"rendered":"<p>Ville de + de 33 000 habitants, 2\u00e8me ville de l\u2019Eurom\u00e9tropole de Strasbourg, Schiltigheim est une ville en mutation. Engag\u00e9e dans la transition \u00e9cologique et sociale, Schiltigheim veut \u00eatre une ville durable et apais\u00e9e o\u00f9 l\u2019expertise d\u2019usage est prise en compte dans l\u2019\u00e9volution et la qualit\u00e9 des services publics.<\/p>\n<h2>Pr\u00e9sentation de la direction, du service<\/h2>\n<p>Le service m\u00e8ne une politique culturelle inclusive et met en \u0153uvre les actions culturelles en lien avec la transformation du territoire : la diffusion de spectacles vivants, l\u2019accueil de compagnies en r\u00e9sidences de cr\u00e9ation et de territoire, les pratiques artistiques et les actions favorisant les rencontres entre artistes et public.<\/p>\n<p>Le service culturel g\u00e8re trois salles de spectacles \u2013 La Briqueterie (740 \u00e0 1500 places), Le Brassin (263 \u00e0 650 places), le Cheval Blanc (173 places) et une \u00c9cole des Arts (800 \u00e9l\u00e8ves)<\/p>\n<h4>Missions<\/h4>\n<p>Le service culturel con\u00e7oit, anime et met en \u0153uvre l\u2019ensemble des manifestations de la saison culturelle Schilickoise (programmation, m\u00e9diation culturelle, technique, lien avec les associations, etc.) avec pour objectif la d\u00e9mocratisation culturelle \u00e0 l\u2019\u00e9chelle de la collectivit\u00e9. Forte de nombreux partenariats et impliqu\u00e9 aux c\u00f4t\u00e9s de nombreux acteurs de la cit\u00e9, le service culturel joue un r\u00f4le pr\u00e9pond\u00e9rant dans la politique de coh\u00e9sion sociale, contribue \u00e0 l\u2019attractivit\u00e9 de la commune et \u00e0 son rayonnement.<br \/>\nL\u2019\u00c9cole des Arts assure les missions de sensibilisation et d\u2019enseignement des pratiques artistiques \u2013 musique, danse, th\u00e9\u00e2tre et arts plastiques \u2013 aupr\u00e8s d\u2019un large public (enfants d\u00e8s 4 ans, adultes et seniors). Elle participe activement aux politiques d\u2019\u00e9ducation artistique et culturelle aupr\u00e8s de divers publics, notamment des enfants scolaris\u00e9s et \u00e0 l\u2019animation de la vie culturelle locale Schilickoise.<\/p>\n<p>L\u2019\u00e9quipe est compos\u00e9e de 66 agents dont :<\/p>\n<p>Service culturel (fili\u00e8res administrative et technique) : 27 agents<br \/>\n\u00c9cole des Arts (fili\u00e8res administrative, enseignement artistique et technique): 39 agents<\/p>\n<h2>Pr\u00e9sentation du poste<\/h2>\n<p>Le. La chef.fe de service Culturel impulse et met en \u0153uvre la politique culturelle. Il. elle concourt \u00e0 offrir un service public adapt\u00e9 \u00e0 la r\u00e9alit\u00e9 du territoire qui favorise la coh\u00e9sion sociale et le rayonnement de la ville. Il.elle met en \u0153uvre les actions de d\u00e9veloppement et de dynamisation culturelle locale dans une logique de transversalit\u00e9 avec les autres services de la ville et les partenaires.<br \/>\nForce de proposition et dot\u00e9.e d\u2019une vision strat\u00e9gique, vous participez \u00e0 l\u2019\u00e9laboration et \u00e0 la mise en \u0153uvre de la politique culturelle de la ville en vous appuyant sur sa composition socio-\u00e9conomique et ses projets de transformation.<\/p>\n<h4>Missions<\/h4>\n<p><strong>Participer \u00e0 l\u2019\u00e9laboration de la politique culturelle aupr\u00e8s des \u00e9lu.es.<\/strong><\/p>\n<p>Sur la base de la connaissance du territoire, d\u00e9velopper et int\u00e9grer le projet culturel \u00e0 la politique d\u2019offres de services publics<br \/>\nD\u00e9velopper toutes les actions favorisant les conditions d\u2019acc\u00e8s de toutes et tous \u00e0 l\u2019offre culturelle<br \/>\nAccompagner l\u2019arriv\u00e9e de nouveaux \u00e9quipements culturels (M\u00e9diath\u00e8que EMS, nouvelle \u00c9cole des arts,\u2026)<br \/>\nPiloter la strat\u00e9gie de communication culturelle<br \/>\nEtudier la faisabilit\u00e9 technique, \u00e9conomique et juridique des projets<br \/>\nContr\u00f4ler et s\u00e9curiser les proc\u00e9dures administratives<\/p>\n<p><strong>Piloter les projets culturels<\/strong><\/p>\n<p>Concevoir la programmation artistique de la saison culturelle \u201d Echapp\u00e9e Belle \u201d sur les disciplines : Jazz, Chanson Fran\u00e7aise, Musique du monde, Cultures urbaines et veiller \u00e0 sa coh\u00e9rence \u00e0 l\u2019\u00e9chelle de territoire intercommunal<br \/>\nD\u00e9velopper, accompagner les r\u00e9sidences d\u2019artiste en lien avec l\u2019environnement local<br \/>\nConcevoir et accompagner des \u00e9v\u00e9nements \u00e0 l\u2019\u00e9chelle locale<br \/>\nFavoriser la prise en compte des nouveaux publics<br \/>\nFavoriser la lisibilit\u00e9 des pratiques amateures.<br \/>\nStructurer une action co-construite par les acteurs \u00e9ducatifs, associatifs, institutionnels et culturels sur le territoire, pour un acc\u00e8s \u00e9largi des jeunes \u00e0 un parcours d\u2019\u00e9ducation artistique et culturelle: ex : Contrat Territorial d\u2019\u00c9ducation Culturelle et Artistique<\/p>\n<h2>Profils recherch\u00e9s<\/h2>\n<p>Formation BAC+ 4:\/ politiques culturelles\/ sciences humaines<br \/>\nExp\u00e9rience : exp\u00e9rience \u00e0 un poste similaire exig\u00e9e<br \/>\nComp\u00e9tences : connaissances de politiques culturelles<br \/>\nConnaissance des collectivit\u00e9s territoriales<br \/>\nConnaissance de la comptabilit\u00e9 publique<br \/>\nTr\u00e8s bonnes comp\u00e9tences en management et capacit\u00e9 \u00e0 accompagner le changement<br \/>\nTr\u00e8s bonne connaissance des r\u00e9seaux des acteurs culturels locaux et nationaux<\/p>\n<h4>Savoir-\u00eatre<\/h4>\n<p>qualit\u00e9 d\u2019\u00e9coute et d\u2019analyse, qualit\u00e9 d\u2019adaptation, cr\u00e9ativit\u00e9, technique d\u2019animation de groupe et de concertation, curiosit\u00e9 et imagination,<\/p>\n<h2>Type de recrutement<\/h2>\n<p>titulaire de la fonction publique et\/ou contractuel de droit public<\/p>\n<p>Sp\u00e9cificit\u00e9s du poste : d\u00e9placements fr\u00e9quents, grande disponibilit\u00e9 en soir\u00e9e et le week-end, horaires irr\u00e9guliers avec amplitudes horaires variables, pr\u00e9sence lors des \u00e9v\u00e8nements et des manifestations.<\/p>\n<p>\nTemps de travail : 35h00 hebdomadaire<br \/>\nPoste \u00e0 pourvoir le 01\/08\/2022<br \/>\nDate limite de candidature : 23\/06\/2022<\/p>\n<p>R\u00e9mun\u00e9ration statutaire, r\u00e9gime indemnitaire, prime de fin d\u2019ann\u00e9e, tickets restaurant, prise en charge de 75% des frais d\u2019abonnement transport en commun ou forfait mobilit\u00e9s durables, participation employeur \u00e0 60% sur la mutuelle et la pr\u00e9voyance.<\/p>\n<p>Contact pour informations sur le poste :<br \/>\nPierre FANCELLO Directeur des Ressources Humaines, pierre.fancello@ville-schiltigheim.fr<\/p>\n<p>Les candidatures sont \u00e0 adresser \u00e0 Mme la Maire, 110 rte de Bischwiller, 67300 Schiltigheim<br \/>\nMAIRIE DE SCHILTIGHEIM<br \/>\n110, route de Bischwiller \u2013 B.P. 98<br \/>\n67302 SCHILTIGHEIM<\/p>\n<p>L\u2019article <a href=\"https:\/\/popburo.fr\/la-ville-de-schiltigheim-recrute-un-chef-de-service-culture-f-h\/\">LA VILLE DE SCHILTIGHEIM recrute un chef. de service Culture [F\/H]<\/a> est apparu en premier sur <a href=\"https:\/\/popburo.fr\/\">POP B\u00dcRO<\/a>.<\/p>\n","protected":false},"excerpt":{"rendered":"<p>Ville de + de 33 000 habitants, 2\u00e8me ville de l\u2019Eurom\u00e9tropole de Strasbourg, Schiltigheim est une ville en mutation. Engag\u00e9e dans la transition \u00e9cologique et sociale, Schiltigheim veut \u00eatre une ville durable et apais\u00e9e o\u00f9 l\u2019expertise d\u2019usage est prise en compte dans l\u2019\u00e9volution et la qualit\u00e9 des services publics. Pr\u00e9sentation de la direction, du service Le service m\u00e8ne une politique culturelle inclusive et met en \u0153uvre les actions culturelles en lien avec la transformation du territoire : la diffusion de [&hellip;]<\/p>\n","protected":false},"author":0,"featured_media":0,"comment_status":"closed","ping_status":"open","sticky":false,"template":"","format":"standard","meta":{"footnotes":""},"categories":[1],"tags":[],"class_list":["post-2689","post","type-post","status-publish","format-standard","hentry","category-non-classe"],"yoast_head":"<!-- This site is optimized with the Yoast SEO plugin v27.4 - https:\/\/yoast.com\/product\/yoast-seo-wordpress\/ -->\n<title>LA VILLE DE SCHILTIGHEIM recrute un chef. de service Culture [F\/H] - HIERO STRASBOURG<\/title>\n<meta name=\"robots\" content=\"index, follow, max-snippet:-1, max-image-preview:large, max-video-preview:-1\" \/>\n<link rel=\"canonical\" href=\"https:\/\/hierostrasbourg.com\/index.php\/2022\/05\/27\/la-ville-de-schiltigheim-recrute-un-chef-de-service-culture-f-h-2\/\" \/>\n<meta property=\"og:locale\" content=\"fr_FR\" \/>\n<meta property=\"og:type\" content=\"article\" \/>\n<meta property=\"og:title\" content=\"LA VILLE DE SCHILTIGHEIM recrute un chef. de service Culture [F\/H] - HIERO STRASBOURG\" \/>\n<meta property=\"og:description\" content=\"Ville de + de 33 000 habitants, 2\u00e8me ville de l\u2019Eurom\u00e9tropole de Strasbourg, Schiltigheim est une ville en mutation. Engag\u00e9e dans la transition \u00e9cologique et sociale, Schiltigheim veut \u00eatre une ville durable et apais\u00e9e o\u00f9 l\u2019expertise d\u2019usage est prise en compte dans l\u2019\u00e9volution et la qualit\u00e9 des services publics. Pr\u00e9sentation de la direction, du service Le service m\u00e8ne une politique culturelle inclusive et met en \u0153uvre les actions culturelles en lien avec la transformation du territoire : la diffusion de [&hellip;]\" \/>\n<meta property=\"og:url\" content=\"https:\/\/hierostrasbourg.com\/index.php\/2022\/05\/27\/la-ville-de-schiltigheim-recrute-un-chef-de-service-culture-f-h-2\/\" \/>\n<meta property=\"og:site_name\" content=\"HIERO STRASBOURG\" \/>\n<meta property=\"article:publisher\" content=\"https:\/\/www.facebook.com\/fedehierostrasbourg\" \/>\n<meta property=\"article:published_time\" content=\"2022-05-27T18:32:30+00:00\" \/>\n<meta name=\"twitter:card\" content=\"summary_large_image\" \/>\n<meta name=\"twitter:creator\" content=\"@hierostrasbourg\" \/>\n<meta name=\"twitter:site\" content=\"@hierostrasbourg\" \/>\n<meta name=\"twitter:label1\" content=\"Dur\u00e9e de lecture estim\u00e9e\" \/>\n\t<meta name=\"twitter:data1\" content=\"4 minutes\" \/>\n<script type=\"application\/ld+json\" class=\"yoast-schema-graph\">{\"@context\":\"https:\\\/\\\/schema.org\",\"@graph\":[{\"@type\":\"Article\",\"@id\":\"https:\\\/\\\/hierostrasbourg.com\\\/index.php\\\/2022\\\/05\\\/27\\\/la-ville-de-schiltigheim-recrute-un-chef-de-service-culture-f-h-2\\\/#article\",\"isPartOf\":{\"@id\":\"https:\\\/\\\/hierostrasbourg.com\\\/index.php\\\/2022\\\/05\\\/27\\\/la-ville-de-schiltigheim-recrute-un-chef-de-service-culture-f-h-2\\\/\"},\"author\":{\"name\":\"\",\"@id\":\"\"},\"headline\":\"LA VILLE DE SCHILTIGHEIM recrute un chef. de service Culture [F\\\/H]\",\"datePublished\":\"2022-05-27T18:32:30+00:00\",\"mainEntityOfPage\":{\"@id\":\"https:\\\/\\\/hierostrasbourg.com\\\/index.php\\\/2022\\\/05\\\/27\\\/la-ville-de-schiltigheim-recrute-un-chef-de-service-culture-f-h-2\\\/\"},\"wordCount\":886,\"publisher\":{\"@id\":\"https:\\\/\\\/hierostrasbourg.com\\\/#organization\"},\"inLanguage\":\"fr-FR\"},{\"@type\":\"WebPage\",\"@id\":\"https:\\\/\\\/hierostrasbourg.com\\\/index.php\\\/2022\\\/05\\\/27\\\/la-ville-de-schiltigheim-recrute-un-chef-de-service-culture-f-h-2\\\/\",\"url\":\"https:\\\/\\\/hierostrasbourg.com\\\/index.php\\\/2022\\\/05\\\/27\\\/la-ville-de-schiltigheim-recrute-un-chef-de-service-culture-f-h-2\\\/\",\"name\":\"LA VILLE DE SCHILTIGHEIM recrute un chef. de service Culture [F\\\/H] - HIERO STRASBOURG\",\"isPartOf\":{\"@id\":\"https:\\\/\\\/hierostrasbourg.com\\\/#website\"},\"datePublished\":\"2022-05-27T18:32:30+00:00\",\"breadcrumb\":{\"@id\":\"https:\\\/\\\/hierostrasbourg.com\\\/index.php\\\/2022\\\/05\\\/27\\\/la-ville-de-schiltigheim-recrute-un-chef-de-service-culture-f-h-2\\\/#breadcrumb\"},\"inLanguage\":\"fr-FR\",\"potentialAction\":[{\"@type\":\"ReadAction\",\"target\":[\"https:\\\/\\\/hierostrasbourg.com\\\/index.php\\\/2022\\\/05\\\/27\\\/la-ville-de-schiltigheim-recrute-un-chef-de-service-culture-f-h-2\\\/\"]}]},{\"@type\":\"BreadcrumbList\",\"@id\":\"https:\\\/\\\/hierostrasbourg.com\\\/index.php\\\/2022\\\/05\\\/27\\\/la-ville-de-schiltigheim-recrute-un-chef-de-service-culture-f-h-2\\\/#breadcrumb\",\"itemListElement\":[{\"@type\":\"ListItem\",\"position\":1,\"name\":\"Accueil\",\"item\":\"https:\\\/\\\/hierostrasbourg.com\\\/\"},{\"@type\":\"ListItem\",\"position\":2,\"name\":\"LA VILLE DE SCHILTIGHEIM recrute un chef. de service Culture [F\\\/H]\"}]},{\"@type\":\"WebSite\",\"@id\":\"https:\\\/\\\/hierostrasbourg.com\\\/#website\",\"url\":\"https:\\\/\\\/hierostrasbourg.com\\\/\",\"name\":\"HIERO STRASBOURG\",\"description\":\"Centre de Ressources Musiques Actuelles\",\"publisher\":{\"@id\":\"https:\\\/\\\/hierostrasbourg.com\\\/#organization\"},\"potentialAction\":[{\"@type\":\"SearchAction\",\"target\":{\"@type\":\"EntryPoint\",\"urlTemplate\":\"https:\\\/\\\/hierostrasbourg.com\\\/?s={search_term_string}\"},\"query-input\":{\"@type\":\"PropertyValueSpecification\",\"valueRequired\":true,\"valueName\":\"search_term_string\"}}],\"inLanguage\":\"fr-FR\"},{\"@type\":\"Organization\",\"@id\":\"https:\\\/\\\/hierostrasbourg.com\\\/#organization\",\"name\":\"F\u00e9d\u00e9ration Hi\u00e9ro Strasbourg\",\"url\":\"https:\\\/\\\/hierostrasbourg.com\\\/\",\"logo\":{\"@type\":\"ImageObject\",\"inLanguage\":\"fr-FR\",\"@id\":\"https:\\\/\\\/hierostrasbourg.com\\\/#\\\/schema\\\/logo\\\/image\\\/\",\"url\":\"https:\\\/\\\/hierostrasbourg.com\\\/wp-content\\\/uploads\\\/2026\\\/04\\\/logo-hiero-strasbourg.jpg\",\"contentUrl\":\"https:\\\/\\\/hierostrasbourg.com\\\/wp-content\\\/uploads\\\/2026\\\/04\\\/logo-hiero-strasbourg.jpg\",\"width\":204,\"height\":192,\"caption\":\"F\u00e9d\u00e9ration Hi\u00e9ro Strasbourg\"},\"image\":{\"@id\":\"https:\\\/\\\/hierostrasbourg.com\\\/#\\\/schema\\\/logo\\\/image\\\/\"},\"sameAs\":[\"https:\\\/\\\/www.facebook.com\\\/fedehierostrasbourg\",\"https:\\\/\\\/x.com\\\/hierostrasbourg\"]}]}<\/script>\n<!-- \/ Yoast SEO plugin. -->","yoast_head_json":{"title":"LA VILLE DE SCHILTIGHEIM recrute un chef. de service Culture [F\/H] - HIERO STRASBOURG","robots":{"index":"index","follow":"follow","max-snippet":"max-snippet:-1","max-image-preview":"max-image-preview:large","max-video-preview":"max-video-preview:-1"},"canonical":"https:\/\/hierostrasbourg.com\/index.php\/2022\/05\/27\/la-ville-de-schiltigheim-recrute-un-chef-de-service-culture-f-h-2\/","og_locale":"fr_FR","og_type":"article","og_title":"LA VILLE DE SCHILTIGHEIM recrute un chef. de service Culture [F\/H] - HIERO STRASBOURG","og_description":"Ville de + de 33 000 habitants, 2\u00e8me ville de l\u2019Eurom\u00e9tropole de Strasbourg, Schiltigheim est une ville en mutation. Engag\u00e9e dans la transition \u00e9cologique et sociale, Schiltigheim veut \u00eatre une ville durable et apais\u00e9e o\u00f9 l\u2019expertise d\u2019usage est prise en compte dans l\u2019\u00e9volution et la qualit\u00e9 des services publics. Pr\u00e9sentation de la direction, du service Le service m\u00e8ne une politique culturelle inclusive et met en \u0153uvre les actions culturelles en lien avec la transformation du territoire : la diffusion de [&hellip;]","og_url":"https:\/\/hierostrasbourg.com\/index.php\/2022\/05\/27\/la-ville-de-schiltigheim-recrute-un-chef-de-service-culture-f-h-2\/","og_site_name":"HIERO STRASBOURG","article_publisher":"https:\/\/www.facebook.com\/fedehierostrasbourg","article_published_time":"2022-05-27T18:32:30+00:00","twitter_card":"summary_large_image","twitter_creator":"@hierostrasbourg","twitter_site":"@hierostrasbourg","twitter_misc":{"Dur\u00e9e de lecture estim\u00e9e":"4 minutes"},"schema":{"@context":"https:\/\/schema.org","@graph":[{"@type":"Article","@id":"https:\/\/hierostrasbourg.com\/index.php\/2022\/05\/27\/la-ville-de-schiltigheim-recrute-un-chef-de-service-culture-f-h-2\/#article","isPartOf":{"@id":"https:\/\/hierostrasbourg.com\/index.php\/2022\/05\/27\/la-ville-de-schiltigheim-recrute-un-chef-de-service-culture-f-h-2\/"},"author":{"name":"","@id":""},"headline":"LA VILLE DE SCHILTIGHEIM recrute un chef. de service Culture [F\/H]","datePublished":"2022-05-27T18:32:30+00:00","mainEntityOfPage":{"@id":"https:\/\/hierostrasbourg.com\/index.php\/2022\/05\/27\/la-ville-de-schiltigheim-recrute-un-chef-de-service-culture-f-h-2\/"},"wordCount":886,"publisher":{"@id":"https:\/\/hierostrasbourg.com\/#organization"},"inLanguage":"fr-FR"},{"@type":"WebPage","@id":"https:\/\/hierostrasbourg.com\/index.php\/2022\/05\/27\/la-ville-de-schiltigheim-recrute-un-chef-de-service-culture-f-h-2\/","url":"https:\/\/hierostrasbourg.com\/index.php\/2022\/05\/27\/la-ville-de-schiltigheim-recrute-un-chef-de-service-culture-f-h-2\/","name":"LA VILLE DE SCHILTIGHEIM recrute un chef. de service Culture [F\/H] - HIERO STRASBOURG","isPartOf":{"@id":"https:\/\/hierostrasbourg.com\/#website"},"datePublished":"2022-05-27T18:32:30+00:00","breadcrumb":{"@id":"https:\/\/hierostrasbourg.com\/index.php\/2022\/05\/27\/la-ville-de-schiltigheim-recrute-un-chef-de-service-culture-f-h-2\/#breadcrumb"},"inLanguage":"fr-FR","potentialAction":[{"@type":"ReadAction","target":["https:\/\/hierostrasbourg.com\/index.php\/2022\/05\/27\/la-ville-de-schiltigheim-recrute-un-chef-de-service-culture-f-h-2\/"]}]},{"@type":"BreadcrumbList","@id":"https:\/\/hierostrasbourg.com\/index.php\/2022\/05\/27\/la-ville-de-schiltigheim-recrute-un-chef-de-service-culture-f-h-2\/#breadcrumb","itemListElement":[{"@type":"ListItem","position":1,"name":"Accueil","item":"https:\/\/hierostrasbourg.com\/"},{"@type":"ListItem","position":2,"name":"LA VILLE DE SCHILTIGHEIM recrute un chef. de service Culture [F\/H]"}]},{"@type":"WebSite","@id":"https:\/\/hierostrasbourg.com\/#website","url":"https:\/\/hierostrasbourg.com\/","name":"HIERO STRASBOURG","description":"Centre de Ressources Musiques Actuelles","publisher":{"@id":"https:\/\/hierostrasbourg.com\/#organization"},"potentialAction":[{"@type":"SearchAction","target":{"@type":"EntryPoint","urlTemplate":"https:\/\/hierostrasbourg.com\/?s={search_term_string}"},"query-input":{"@type":"PropertyValueSpecification","valueRequired":true,"valueName":"search_term_string"}}],"inLanguage":"fr-FR"},{"@type":"Organization","@id":"https:\/\/hierostrasbourg.com\/#organization","name":"F\u00e9d\u00e9ration Hi\u00e9ro Strasbourg","url":"https:\/\/hierostrasbourg.com\/","logo":{"@type":"ImageObject","inLanguage":"fr-FR","@id":"https:\/\/hierostrasbourg.com\/#\/schema\/logo\/image\/","url":"https:\/\/hierostrasbourg.com\/wp-content\/uploads\/2026\/04\/logo-hiero-strasbourg.jpg","contentUrl":"https:\/\/hierostrasbourg.com\/wp-content\/uploads\/2026\/04\/logo-hiero-strasbourg.jpg","width":204,"height":192,"caption":"F\u00e9d\u00e9ration Hi\u00e9ro Strasbourg"},"image":{"@id":"https:\/\/hierostrasbourg.com\/#\/schema\/logo\/image\/"},"sameAs":["https:\/\/www.facebook.com\/fedehierostrasbourg","https:\/\/x.com\/hierostrasbourg"]}]}},"_links":{"self":[{"href":"https:\/\/hierostrasbourg.com\/index.php\/wp-json\/wp\/v2\/posts\/2689","targetHints":{"allow":["GET"]}}],"collection":[{"href":"https:\/\/hierostrasbourg.com\/index.php\/wp-json\/wp\/v2\/posts"}],"about":[{"href":"https:\/\/hierostrasbourg.com\/index.php\/wp-json\/wp\/v2\/types\/post"}],"replies":[{"embeddable":true,"href":"https:\/\/hierostrasbourg.com\/index.php\/wp-json\/wp\/v2\/comments?post=2689"}],"version-history":[{"count":0,"href":"https:\/\/hierostrasbourg.com\/index.php\/wp-json\/wp\/v2\/posts\/2689\/revisions"}],"wp:attachment":[{"href":"https:\/\/hierostrasbourg.com\/index.php\/wp-json\/wp\/v2\/media?parent=2689"}],"wp:term":[{"taxonomy":"category","embeddable":true,"href":"https:\/\/hierostrasbourg.com\/index.php\/wp-json\/wp\/v2\/categories?post=2689"},{"taxonomy":"post_tag","embeddable":true,"href":"https:\/\/hierostrasbourg.com\/index.php\/wp-json\/wp\/v2\/tags?post=2689"}],"curies":[{"name":"wp","href":"https:\/\/api.w.org\/{rel}","templated":true}]}}