{"id":2679,"date":"2022-05-26T13:33:22","date_gmt":"2022-05-26T11:33:22","guid":{"rendered":"https:\/\/hierostrasbourg.com\/index.php\/2022\/05\/26\/jazz-a-la-petite-france-propose-un-stage-charge-de-communication-f-h-2\/"},"modified":"2022-05-26T13:33:22","modified_gmt":"2022-05-26T11:33:22","slug":"jazz-a-la-petite-france-propose-un-stage-charge-de-communication-f-h-2","status":"publish","type":"post","link":"https:\/\/hierostrasbourg.com\/index.php\/2022\/05\/26\/jazz-a-la-petite-france-propose-un-stage-charge-de-communication-f-h-2\/","title":{"rendered":"JAZZ \u00c0 LA PETITE FRANCE propose un stage \u201ccharg\u00e9 de communication\u201d [F\/H]"},"content":{"rendered":"<p><a href=\"https:\/\/musiquesactuelles.alsace\/jazz-a-la-petite-france-propose-un-stage-charge-de-communication-f-h\/\" title=\"JAZZ \u00c0 LA PETITE FRANCE propose un stage \u201ccharg\u00e9 de communication\u201d [F\/H]\"><\/a><\/p>\n<p>L\u2019association Sturm Production organise la 2\u00e8me \u00e9dition du festival Jazz \u00e0 la Petite France les 15, 16, 17 et 23 juillet \u00e0 Strasbourg et dans la vall\u00e9e de la Bruche (67), un festival de d\u00e9couvertes et d\u2019\u00e9mergences musicales m\u00ealant jazz et musiques actuelles avec en 2022 12 concerts gratuits, 2 masterclasses et 1 conf\u00e9rence. Le festival se d\u00e9roule principalement Place Saint Thomas \u00e0 Strasbourg, et a rassembl\u00e9 pr\u00e8s de 5 000 personnes pour sa 1\u00e8re \u00e9dition en 2021. Jazz \u00e0 [\u2026]<\/p>\n<p>L\u2019article <a href=\"https:\/\/musiquesactuelles.alsace\/jazz-a-la-petite-france-propose-un-stage-charge-de-communication-f-h\/\">JAZZ \u00c0 LA PETITE FRANCE propose un stage \u201ccharg\u00e9 de communication\u201d [F\/H]<\/a> est apparu en premier sur <a href=\"https:\/\/musiquesactuelles.alsace\/\">Musiques Actuelles en Alsace<\/a>.<\/p>\n<p>L\u2019article <a href=\"https:\/\/popburo.fr\/jazz-a-la-petite-france-propose-un-stage-charge-de-communication-f-h-2\/\">JAZZ \u00c0 LA PETITE FRANCE propose un stage \u201ccharg\u00e9 de communication\u201d [F\/H]<\/a> est apparu en premier sur <a href=\"https:\/\/popburo.fr\/\">POP B\u00dcRO<\/a>.<\/p>\n","protected":false},"excerpt":{"rendered":"<p>L\u2019association Sturm Production organise la 2\u00e8me \u00e9dition du festival Jazz \u00e0 la Petite France les 15, 16, 17 et 23 juillet \u00e0 Strasbourg et dans la vall\u00e9e de la Bruche (67), un festival de d\u00e9couvertes et d\u2019\u00e9mergences musicales m\u00ealant jazz et musiques actuelles avec en 2022 12 concerts gratuits, 2 masterclasses et 1 conf\u00e9rence. Le festival se d\u00e9roule principalement Place Saint Thomas \u00e0 Strasbourg, et a rassembl\u00e9 pr\u00e8s de 5 000 personnes pour sa 1\u00e8re \u00e9dition en 2021. Jazz \u00e0 [&hellip;]<\/p>\n","protected":false},"author":0,"featured_media":0,"comment_status":"closed","ping_status":"open","sticky":false,"template":"","format":"standard","meta":{"footnotes":""},"categories":[1],"tags":[],"class_list":["post-2679","post","type-post","status-publish","format-standard","hentry","category-non-classe"],"yoast_head":"<!-- This site is optimized with the Yoast SEO plugin v27.4 - https:\/\/yoast.com\/product\/yoast-seo-wordpress\/ -->\n<title>JAZZ \u00c0 LA PETITE FRANCE propose un stage \u201ccharg\u00e9 de communication\u201d [F\/H] - HIERO STRASBOURG<\/title>\n<meta name=\"robots\" content=\"index, follow, max-snippet:-1, max-image-preview:large, max-video-preview:-1\" \/>\n<link rel=\"canonical\" href=\"https:\/\/hierostrasbourg.com\/index.php\/2022\/05\/26\/jazz-a-la-petite-france-propose-un-stage-charge-de-communication-f-h-2\/\" \/>\n<meta property=\"og:locale\" content=\"fr_FR\" \/>\n<meta property=\"og:type\" content=\"article\" \/>\n<meta property=\"og:title\" content=\"JAZZ \u00c0 LA PETITE FRANCE propose un stage \u201ccharg\u00e9 de communication\u201d [F\/H] - HIERO STRASBOURG\" \/>\n<meta property=\"og:description\" content=\"L\u2019association Sturm Production organise la 2\u00e8me \u00e9dition du festival Jazz \u00e0 la Petite France les 15, 16, 17 et 23 juillet \u00e0 Strasbourg et dans la vall\u00e9e de la Bruche (67), un festival de d\u00e9couvertes et d\u2019\u00e9mergences musicales m\u00ealant jazz et musiques actuelles avec en 2022 12 concerts gratuits, 2 masterclasses et 1 conf\u00e9rence. Le festival se d\u00e9roule principalement Place Saint Thomas \u00e0 Strasbourg, et a rassembl\u00e9 pr\u00e8s de 5 000 personnes pour sa 1\u00e8re \u00e9dition en 2021. Jazz \u00e0 [&hellip;]\" \/>\n<meta property=\"og:url\" content=\"https:\/\/hierostrasbourg.com\/index.php\/2022\/05\/26\/jazz-a-la-petite-france-propose-un-stage-charge-de-communication-f-h-2\/\" \/>\n<meta property=\"og:site_name\" content=\"HIERO STRASBOURG\" \/>\n<meta property=\"article:publisher\" content=\"https:\/\/www.facebook.com\/fedehierostrasbourg\" \/>\n<meta property=\"article:published_time\" content=\"2022-05-26T11:33:22+00:00\" \/>\n<meta name=\"twitter:card\" content=\"summary_large_image\" \/>\n<meta name=\"twitter:creator\" content=\"@hierostrasbourg\" \/>\n<meta name=\"twitter:site\" content=\"@hierostrasbourg\" \/>\n<meta name=\"twitter:label1\" content=\"Dur\u00e9e de lecture estim\u00e9e\" \/>\n\t<meta name=\"twitter:data1\" content=\"1 minute\" \/>\n<script type=\"application\/ld+json\" class=\"yoast-schema-graph\">{\"@context\":\"https:\\\/\\\/schema.org\",\"@graph\":[{\"@type\":\"Article\",\"@id\":\"https:\\\/\\\/hierostrasbourg.com\\\/index.php\\\/2022\\\/05\\\/26\\\/jazz-a-la-petite-france-propose-un-stage-charge-de-communication-f-h-2\\\/#article\",\"isPartOf\":{\"@id\":\"https:\\\/\\\/hierostrasbourg.com\\\/index.php\\\/2022\\\/05\\\/26\\\/jazz-a-la-petite-france-propose-un-stage-charge-de-communication-f-h-2\\\/\"},\"author\":{\"name\":\"\",\"@id\":\"\"},\"headline\":\"JAZZ \u00c0 LA PETITE FRANCE propose un stage \u201ccharg\u00e9 de communication\u201d [F\\\/H]\",\"datePublished\":\"2022-05-26T11:33:22+00:00\",\"mainEntityOfPage\":{\"@id\":\"https:\\\/\\\/hierostrasbourg.com\\\/index.php\\\/2022\\\/05\\\/26\\\/jazz-a-la-petite-france-propose-un-stage-charge-de-communication-f-h-2\\\/\"},\"wordCount\":129,\"publisher\":{\"@id\":\"https:\\\/\\\/hierostrasbourg.com\\\/#organization\"},\"inLanguage\":\"fr-FR\"},{\"@type\":\"WebPage\",\"@id\":\"https:\\\/\\\/hierostrasbourg.com\\\/index.php\\\/2022\\\/05\\\/26\\\/jazz-a-la-petite-france-propose-un-stage-charge-de-communication-f-h-2\\\/\",\"url\":\"https:\\\/\\\/hierostrasbourg.com\\\/index.php\\\/2022\\\/05\\\/26\\\/jazz-a-la-petite-france-propose-un-stage-charge-de-communication-f-h-2\\\/\",\"name\":\"JAZZ \u00c0 LA PETITE FRANCE propose un stage \u201ccharg\u00e9 de communication\u201d [F\\\/H] - HIERO STRASBOURG\",\"isPartOf\":{\"@id\":\"https:\\\/\\\/hierostrasbourg.com\\\/#website\"},\"datePublished\":\"2022-05-26T11:33:22+00:00\",\"breadcrumb\":{\"@id\":\"https:\\\/\\\/hierostrasbourg.com\\\/index.php\\\/2022\\\/05\\\/26\\\/jazz-a-la-petite-france-propose-un-stage-charge-de-communication-f-h-2\\\/#breadcrumb\"},\"inLanguage\":\"fr-FR\",\"potentialAction\":[{\"@type\":\"ReadAction\",\"target\":[\"https:\\\/\\\/hierostrasbourg.com\\\/index.php\\\/2022\\\/05\\\/26\\\/jazz-a-la-petite-france-propose-un-stage-charge-de-communication-f-h-2\\\/\"]}]},{\"@type\":\"BreadcrumbList\",\"@id\":\"https:\\\/\\\/hierostrasbourg.com\\\/index.php\\\/2022\\\/05\\\/26\\\/jazz-a-la-petite-france-propose-un-stage-charge-de-communication-f-h-2\\\/#breadcrumb\",\"itemListElement\":[{\"@type\":\"ListItem\",\"position\":1,\"name\":\"Accueil\",\"item\":\"https:\\\/\\\/hierostrasbourg.com\\\/\"},{\"@type\":\"ListItem\",\"position\":2,\"name\":\"JAZZ \u00c0 LA PETITE FRANCE propose un stage \u201ccharg\u00e9 de communication\u201d [F\\\/H]\"}]},{\"@type\":\"WebSite\",\"@id\":\"https:\\\/\\\/hierostrasbourg.com\\\/#website\",\"url\":\"https:\\\/\\\/hierostrasbourg.com\\\/\",\"name\":\"HIERO STRASBOURG\",\"description\":\"Centre de Ressources Musiques Actuelles\",\"publisher\":{\"@id\":\"https:\\\/\\\/hierostrasbourg.com\\\/#organization\"},\"potentialAction\":[{\"@type\":\"SearchAction\",\"target\":{\"@type\":\"EntryPoint\",\"urlTemplate\":\"https:\\\/\\\/hierostrasbourg.com\\\/?s={search_term_string}\"},\"query-input\":{\"@type\":\"PropertyValueSpecification\",\"valueRequired\":true,\"valueName\":\"search_term_string\"}}],\"inLanguage\":\"fr-FR\"},{\"@type\":\"Organization\",\"@id\":\"https:\\\/\\\/hierostrasbourg.com\\\/#organization\",\"name\":\"F\u00e9d\u00e9ration Hi\u00e9ro Strasbourg\",\"url\":\"https:\\\/\\\/hierostrasbourg.com\\\/\",\"logo\":{\"@type\":\"ImageObject\",\"inLanguage\":\"fr-FR\",\"@id\":\"https:\\\/\\\/hierostrasbourg.com\\\/#\\\/schema\\\/logo\\\/image\\\/\",\"url\":\"https:\\\/\\\/hierostrasbourg.com\\\/wp-content\\\/uploads\\\/2026\\\/04\\\/logo-hiero-strasbourg.jpg\",\"contentUrl\":\"https:\\\/\\\/hierostrasbourg.com\\\/wp-content\\\/uploads\\\/2026\\\/04\\\/logo-hiero-strasbourg.jpg\",\"width\":204,\"height\":192,\"caption\":\"F\u00e9d\u00e9ration Hi\u00e9ro Strasbourg\"},\"image\":{\"@id\":\"https:\\\/\\\/hierostrasbourg.com\\\/#\\\/schema\\\/logo\\\/image\\\/\"},\"sameAs\":[\"https:\\\/\\\/www.facebook.com\\\/fedehierostrasbourg\",\"https:\\\/\\\/x.com\\\/hierostrasbourg\"]}]}<\/script>\n<!-- \/ Yoast SEO plugin. -->","yoast_head_json":{"title":"JAZZ \u00c0 LA PETITE FRANCE propose un stage \u201ccharg\u00e9 de communication\u201d [F\/H] - HIERO STRASBOURG","robots":{"index":"index","follow":"follow","max-snippet":"max-snippet:-1","max-image-preview":"max-image-preview:large","max-video-preview":"max-video-preview:-1"},"canonical":"https:\/\/hierostrasbourg.com\/index.php\/2022\/05\/26\/jazz-a-la-petite-france-propose-un-stage-charge-de-communication-f-h-2\/","og_locale":"fr_FR","og_type":"article","og_title":"JAZZ \u00c0 LA PETITE FRANCE propose un stage \u201ccharg\u00e9 de communication\u201d [F\/H] - HIERO STRASBOURG","og_description":"L\u2019association Sturm Production organise la 2\u00e8me \u00e9dition du festival Jazz \u00e0 la Petite France les 15, 16, 17 et 23 juillet \u00e0 Strasbourg et dans la vall\u00e9e de la Bruche (67), un festival de d\u00e9couvertes et d\u2019\u00e9mergences musicales m\u00ealant jazz et musiques actuelles avec en 2022 12 concerts gratuits, 2 masterclasses et 1 conf\u00e9rence. Le festival se d\u00e9roule principalement Place Saint Thomas \u00e0 Strasbourg, et a rassembl\u00e9 pr\u00e8s de 5 000 personnes pour sa 1\u00e8re \u00e9dition en 2021. Jazz \u00e0 [&hellip;]","og_url":"https:\/\/hierostrasbourg.com\/index.php\/2022\/05\/26\/jazz-a-la-petite-france-propose-un-stage-charge-de-communication-f-h-2\/","og_site_name":"HIERO STRASBOURG","article_publisher":"https:\/\/www.facebook.com\/fedehierostrasbourg","article_published_time":"2022-05-26T11:33:22+00:00","twitter_card":"summary_large_image","twitter_creator":"@hierostrasbourg","twitter_site":"@hierostrasbourg","twitter_misc":{"Dur\u00e9e de lecture estim\u00e9e":"1 minute"},"schema":{"@context":"https:\/\/schema.org","@graph":[{"@type":"Article","@id":"https:\/\/hierostrasbourg.com\/index.php\/2022\/05\/26\/jazz-a-la-petite-france-propose-un-stage-charge-de-communication-f-h-2\/#article","isPartOf":{"@id":"https:\/\/hierostrasbourg.com\/index.php\/2022\/05\/26\/jazz-a-la-petite-france-propose-un-stage-charge-de-communication-f-h-2\/"},"author":{"name":"","@id":""},"headline":"JAZZ \u00c0 LA PETITE FRANCE propose un stage \u201ccharg\u00e9 de communication\u201d [F\/H]","datePublished":"2022-05-26T11:33:22+00:00","mainEntityOfPage":{"@id":"https:\/\/hierostrasbourg.com\/index.php\/2022\/05\/26\/jazz-a-la-petite-france-propose-un-stage-charge-de-communication-f-h-2\/"},"wordCount":129,"publisher":{"@id":"https:\/\/hierostrasbourg.com\/#organization"},"inLanguage":"fr-FR"},{"@type":"WebPage","@id":"https:\/\/hierostrasbourg.com\/index.php\/2022\/05\/26\/jazz-a-la-petite-france-propose-un-stage-charge-de-communication-f-h-2\/","url":"https:\/\/hierostrasbourg.com\/index.php\/2022\/05\/26\/jazz-a-la-petite-france-propose-un-stage-charge-de-communication-f-h-2\/","name":"JAZZ \u00c0 LA PETITE FRANCE propose un stage \u201ccharg\u00e9 de communication\u201d [F\/H] - HIERO STRASBOURG","isPartOf":{"@id":"https:\/\/hierostrasbourg.com\/#website"},"datePublished":"2022-05-26T11:33:22+00:00","breadcrumb":{"@id":"https:\/\/hierostrasbourg.com\/index.php\/2022\/05\/26\/jazz-a-la-petite-france-propose-un-stage-charge-de-communication-f-h-2\/#breadcrumb"},"inLanguage":"fr-FR","potentialAction":[{"@type":"ReadAction","target":["https:\/\/hierostrasbourg.com\/index.php\/2022\/05\/26\/jazz-a-la-petite-france-propose-un-stage-charge-de-communication-f-h-2\/"]}]},{"@type":"BreadcrumbList","@id":"https:\/\/hierostrasbourg.com\/index.php\/2022\/05\/26\/jazz-a-la-petite-france-propose-un-stage-charge-de-communication-f-h-2\/#breadcrumb","itemListElement":[{"@type":"ListItem","position":1,"name":"Accueil","item":"https:\/\/hierostrasbourg.com\/"},{"@type":"ListItem","position":2,"name":"JAZZ \u00c0 LA PETITE FRANCE propose un stage \u201ccharg\u00e9 de communication\u201d [F\/H]"}]},{"@type":"WebSite","@id":"https:\/\/hierostrasbourg.com\/#website","url":"https:\/\/hierostrasbourg.com\/","name":"HIERO STRASBOURG","description":"Centre de Ressources Musiques Actuelles","publisher":{"@id":"https:\/\/hierostrasbourg.com\/#organization"},"potentialAction":[{"@type":"SearchAction","target":{"@type":"EntryPoint","urlTemplate":"https:\/\/hierostrasbourg.com\/?s={search_term_string}"},"query-input":{"@type":"PropertyValueSpecification","valueRequired":true,"valueName":"search_term_string"}}],"inLanguage":"fr-FR"},{"@type":"Organization","@id":"https:\/\/hierostrasbourg.com\/#organization","name":"F\u00e9d\u00e9ration Hi\u00e9ro Strasbourg","url":"https:\/\/hierostrasbourg.com\/","logo":{"@type":"ImageObject","inLanguage":"fr-FR","@id":"https:\/\/hierostrasbourg.com\/#\/schema\/logo\/image\/","url":"https:\/\/hierostrasbourg.com\/wp-content\/uploads\/2026\/04\/logo-hiero-strasbourg.jpg","contentUrl":"https:\/\/hierostrasbourg.com\/wp-content\/uploads\/2026\/04\/logo-hiero-strasbourg.jpg","width":204,"height":192,"caption":"F\u00e9d\u00e9ration Hi\u00e9ro Strasbourg"},"image":{"@id":"https:\/\/hierostrasbourg.com\/#\/schema\/logo\/image\/"},"sameAs":["https:\/\/www.facebook.com\/fedehierostrasbourg","https:\/\/x.com\/hierostrasbourg"]}]}},"_links":{"self":[{"href":"https:\/\/hierostrasbourg.com\/index.php\/wp-json\/wp\/v2\/posts\/2679","targetHints":{"allow":["GET"]}}],"collection":[{"href":"https:\/\/hierostrasbourg.com\/index.php\/wp-json\/wp\/v2\/posts"}],"about":[{"href":"https:\/\/hierostrasbourg.com\/index.php\/wp-json\/wp\/v2\/types\/post"}],"replies":[{"embeddable":true,"href":"https:\/\/hierostrasbourg.com\/index.php\/wp-json\/wp\/v2\/comments?post=2679"}],"version-history":[{"count":0,"href":"https:\/\/hierostrasbourg.com\/index.php\/wp-json\/wp\/v2\/posts\/2679\/revisions"}],"wp:attachment":[{"href":"https:\/\/hierostrasbourg.com\/index.php\/wp-json\/wp\/v2\/media?parent=2679"}],"wp:term":[{"taxonomy":"category","embeddable":true,"href":"https:\/\/hierostrasbourg.com\/index.php\/wp-json\/wp\/v2\/categories?post=2679"},{"taxonomy":"post_tag","embeddable":true,"href":"https:\/\/hierostrasbourg.com\/index.php\/wp-json\/wp\/v2\/tags?post=2679"}],"curies":[{"name":"wp","href":"https:\/\/api.w.org\/{rel}","templated":true}]}}