{"id":2664,"date":"2022-05-24T23:31:03","date_gmt":"2022-05-24T21:31:03","guid":{"rendered":"https:\/\/hierostrasbourg.com\/index.php\/2022\/05\/24\/blue-note-cafe-strasbourg-recrute-un-assistant-a-la-direction-artistique-f-h-2\/"},"modified":"2022-05-24T23:31:03","modified_gmt":"2022-05-24T21:31:03","slug":"blue-note-cafe-strasbourg-recrute-un-assistant-a-la-direction-artistique-f-h-2","status":"publish","type":"post","link":"https:\/\/hierostrasbourg.com\/index.php\/2022\/05\/24\/blue-note-cafe-strasbourg-recrute-un-assistant-a-la-direction-artistique-f-h-2\/","title":{"rendered":"BLUE NOTE CAF\u00c9 [Strasbourg] recrute un  assistant \u00e0 la direction artistique [F\/H]"},"content":{"rendered":"<p>Le Blue Note Caf\u00e9, lieu hybride \u00e0 la fronti\u00e8re du caf\u00e9 culture, du bar \u00e0 concert et du lieu de rencontre recherche son alternant.e pour consolider sa proposition artistique et sa communication.<\/p>\n<p>Viens faire partie de cette nouvelle aventure<\/p>\n<p>Ouvert depuis f\u00e9vrier 2022, le lieu est implant\u00e9 dans la Cit\u00e9 de la musique et de la danse de l\u2019eurom\u00e9tropole de Strasbourg. Son pari est de favoriser l\u2019\u00e9mergence d\u2019artistes locaux, d\u2019accentuer la synergie entre les genres artistiques et pousser \u00e0 la rencontre. Ouvert du lundi au samedi, de 8H30 \u00e0 01H00, nous proposons entre 10 et 15 \u00e9v\u00e8nements par mois.<\/p>\n<p>La programmation artistique se compose de concerts, dj sets, sc\u00e8nes ouvertes, d\u00e9gustation, exposition, atelier de danses, f\u00eates ponctuelles, stand-up, rendez-vous d\u2019auteurs, jeux.<\/p>\n<p>L\u2019\u00e9quipe est compos\u00e9e de<\/p>\n<p>7 personnes aux service<br \/>\n3 personnes en cuisine<br \/>\n2 responsables d\u2019\u00e9quipe.<\/p>\n<p>Le volet artistique est pilot\u00e9 par le directeur artistique en relation avec le graphiste et le prestataire en impression<\/p>\n<h2>Missions<\/h2>\n<h4>Assistante, aide \u00e0 la programmation artistique<\/h4>\n<p>En relation quotidienne avec le directeur artistique, les missions consisteront :<\/p>\n<p>Assister le directeur artistique dans la recherche d\u2019\u00e9v\u00e8nements et d\u2019activit\u00e9s atypiques<br \/>\nVeille des \u00e9v\u00e8nements environnants<br \/>\n\u00c9tablir un plan de communication coh\u00e9rent et le mettre en application<br \/>\nSoutenir la publication des contenus sur les r\u00e9seaux sociaux<br \/>\nParticiper aux rendez-vous professionnels avec les artistes<br \/>\nContribuer \u00e0 la cr\u00e9ation de supports papiers imprim\u00e9s et \u00e0 leur diffusion<br \/>\nD\u00e9tecter les lacunes dans la strat\u00e9gie de communication et \u00eatre capable de proposer des solutions<\/p>\n<p>Nous mettons \u00e0 disposition un bureau au sein du lieu. Le repas du midi est pris en charge.<\/p>\n<h2>Profil recherch\u00e9<\/h2>\n<p>Cursus : IEP, Ecole de commerce, Cr\u00e9ation \u00e9v\u00e8nementielle<br \/>\n1er ou 2\u00e8me d\u2019apprentissage<\/p>\n<p>Fin de cursus, dans le domaine de la politique et gestion de la culture, de la direction artistique et de la cr\u00e9ation \u00e9v\u00e8nementielle. Un cursus dans le graphisme et la communication peut convenir si vous faites preuve d\u2019une culture musicale et de curiosit\u00e9<\/p>\n<p>Bonne connaissance du monde du concert, du spectacle vivant<\/p>\n<p>Ma\u00eetrise indispensable du pack office, de Photoshop et Illustrator<br \/>\nDes aptitudes en montage vid\u00e9o seront appr\u00e9ci\u00e9es<br \/>\nAisance dans l\u2019environnement de travail META (Facebook, Instagram)<br \/>\nCANVA<\/p>\n<p>N\u00e9cessit\u00e9 de disposer d\u2019un ordinateur suffisamment puissant pour travailler sur la suite ADOBE.<\/p>\n<h2>Exp\u00e9rience recherch\u00e9e<\/h2>\n<p>CV + BOOK adress\u00e9 \u00e0<br \/>\nLeo Kleinschmidt<br \/>\nprogrammation@bluenotecafe.fr<\/p>\n<p>Une premi\u00e8re exp\u00e9rience associative dans l\u2019organisation d\u2019\u00e9v\u00e8nements est recherch\u00e9e. Une exp\u00e9rience d\u2019assistant \u00e0 la direction artistique est r\u00e9el plus.<\/p>\n<p>Date de prise de fonction : 25 ao\u00fbt 2022<br \/>\nDate limite de candidature : 15\/06\/2022<br \/>\nR\u00e9mun\u00e9ration selon bar\u00e8me en vigueur<br \/>\nPrise de fonction la derni\u00e8re semaine d\u2019ao\u00fbt<\/p>\n<p>1 place dauphine<br \/>\n67100 Strasbourg<br \/>\nwww.bluenotecafe.fr<\/p>\n<p>L\u2019article <a href=\"https:\/\/popburo.fr\/blue-note-cafe-strasbourg-recrute-un-assistant-a-la-direction-artistique-f-h\/\">BLUE NOTE CAF\u00c9 [Strasbourg] recrute un  assistant \u00e0 la direction artistique [F\/H]<\/a> est apparu en premier sur <a href=\"https:\/\/popburo.fr\/\">POP B\u00dcRO<\/a>.<\/p>\n","protected":false},"excerpt":{"rendered":"<p>Le Blue Note Caf\u00e9, lieu hybride \u00e0 la fronti\u00e8re du caf\u00e9 culture, du bar \u00e0 concert et du lieu de rencontre recherche son alternant.e pour consolider sa proposition artistique et sa communication. Viens faire partie de cette nouvelle aventure Ouvert depuis f\u00e9vrier 2022, le lieu est implant\u00e9 dans la Cit\u00e9 de la musique et de la danse de l\u2019eurom\u00e9tropole de Strasbourg. Son pari est de favoriser l\u2019\u00e9mergence d\u2019artistes locaux, d\u2019accentuer la synergie entre les genres artistiques et pousser \u00e0 la [&hellip;]<\/p>\n","protected":false},"author":0,"featured_media":0,"comment_status":"closed","ping_status":"open","sticky":false,"template":"","format":"standard","meta":{"footnotes":""},"categories":[1],"tags":[],"class_list":["post-2664","post","type-post","status-publish","format-standard","hentry","category-non-classe"],"yoast_head":"<!-- This site is optimized with the Yoast SEO plugin v27.4 - https:\/\/yoast.com\/product\/yoast-seo-wordpress\/ -->\n<title>BLUE NOTE CAF\u00c9 [Strasbourg] recrute un assistant \u00e0 la direction artistique [F\/H] - HIERO STRASBOURG<\/title>\n<meta name=\"robots\" content=\"index, follow, max-snippet:-1, max-image-preview:large, max-video-preview:-1\" \/>\n<link rel=\"canonical\" href=\"https:\/\/hierostrasbourg.com\/index.php\/2022\/05\/24\/blue-note-cafe-strasbourg-recrute-un-assistant-a-la-direction-artistique-f-h-2\/\" \/>\n<meta property=\"og:locale\" content=\"fr_FR\" \/>\n<meta property=\"og:type\" content=\"article\" \/>\n<meta property=\"og:title\" content=\"BLUE NOTE CAF\u00c9 [Strasbourg] recrute un assistant \u00e0 la direction artistique [F\/H] - HIERO STRASBOURG\" \/>\n<meta property=\"og:description\" content=\"Le Blue Note Caf\u00e9, lieu hybride \u00e0 la fronti\u00e8re du caf\u00e9 culture, du bar \u00e0 concert et du lieu de rencontre recherche son alternant.e pour consolider sa proposition artistique et sa communication. Viens faire partie de cette nouvelle aventure Ouvert depuis f\u00e9vrier 2022, le lieu est implant\u00e9 dans la Cit\u00e9 de la musique et de la danse de l\u2019eurom\u00e9tropole de Strasbourg. Son pari est de favoriser l\u2019\u00e9mergence d\u2019artistes locaux, d\u2019accentuer la synergie entre les genres artistiques et pousser \u00e0 la [&hellip;]\" \/>\n<meta property=\"og:url\" content=\"https:\/\/hierostrasbourg.com\/index.php\/2022\/05\/24\/blue-note-cafe-strasbourg-recrute-un-assistant-a-la-direction-artistique-f-h-2\/\" \/>\n<meta property=\"og:site_name\" content=\"HIERO STRASBOURG\" \/>\n<meta property=\"article:publisher\" content=\"https:\/\/www.facebook.com\/fedehierostrasbourg\" \/>\n<meta property=\"article:published_time\" content=\"2022-05-24T21:31:03+00:00\" \/>\n<meta name=\"twitter:card\" content=\"summary_large_image\" \/>\n<meta name=\"twitter:creator\" content=\"@hierostrasbourg\" \/>\n<meta name=\"twitter:site\" content=\"@hierostrasbourg\" \/>\n<meta name=\"twitter:label1\" content=\"Dur\u00e9e de lecture estim\u00e9e\" \/>\n\t<meta name=\"twitter:data1\" content=\"2 minutes\" \/>\n<script type=\"application\/ld+json\" class=\"yoast-schema-graph\">{\"@context\":\"https:\\\/\\\/schema.org\",\"@graph\":[{\"@type\":\"Article\",\"@id\":\"https:\\\/\\\/hierostrasbourg.com\\\/index.php\\\/2022\\\/05\\\/24\\\/blue-note-cafe-strasbourg-recrute-un-assistant-a-la-direction-artistique-f-h-2\\\/#article\",\"isPartOf\":{\"@id\":\"https:\\\/\\\/hierostrasbourg.com\\\/index.php\\\/2022\\\/05\\\/24\\\/blue-note-cafe-strasbourg-recrute-un-assistant-a-la-direction-artistique-f-h-2\\\/\"},\"author\":{\"name\":\"\",\"@id\":\"\"},\"headline\":\"BLUE NOTE CAF\u00c9 [Strasbourg] recrute un assistant \u00e0 la direction artistique [F\\\/H]\",\"datePublished\":\"2022-05-24T21:31:03+00:00\",\"mainEntityOfPage\":{\"@id\":\"https:\\\/\\\/hierostrasbourg.com\\\/index.php\\\/2022\\\/05\\\/24\\\/blue-note-cafe-strasbourg-recrute-un-assistant-a-la-direction-artistique-f-h-2\\\/\"},\"wordCount\":496,\"publisher\":{\"@id\":\"https:\\\/\\\/hierostrasbourg.com\\\/#organization\"},\"inLanguage\":\"fr-FR\"},{\"@type\":\"WebPage\",\"@id\":\"https:\\\/\\\/hierostrasbourg.com\\\/index.php\\\/2022\\\/05\\\/24\\\/blue-note-cafe-strasbourg-recrute-un-assistant-a-la-direction-artistique-f-h-2\\\/\",\"url\":\"https:\\\/\\\/hierostrasbourg.com\\\/index.php\\\/2022\\\/05\\\/24\\\/blue-note-cafe-strasbourg-recrute-un-assistant-a-la-direction-artistique-f-h-2\\\/\",\"name\":\"BLUE NOTE CAF\u00c9 [Strasbourg] recrute un assistant \u00e0 la direction artistique [F\\\/H] - HIERO STRASBOURG\",\"isPartOf\":{\"@id\":\"https:\\\/\\\/hierostrasbourg.com\\\/#website\"},\"datePublished\":\"2022-05-24T21:31:03+00:00\",\"breadcrumb\":{\"@id\":\"https:\\\/\\\/hierostrasbourg.com\\\/index.php\\\/2022\\\/05\\\/24\\\/blue-note-cafe-strasbourg-recrute-un-assistant-a-la-direction-artistique-f-h-2\\\/#breadcrumb\"},\"inLanguage\":\"fr-FR\",\"potentialAction\":[{\"@type\":\"ReadAction\",\"target\":[\"https:\\\/\\\/hierostrasbourg.com\\\/index.php\\\/2022\\\/05\\\/24\\\/blue-note-cafe-strasbourg-recrute-un-assistant-a-la-direction-artistique-f-h-2\\\/\"]}]},{\"@type\":\"BreadcrumbList\",\"@id\":\"https:\\\/\\\/hierostrasbourg.com\\\/index.php\\\/2022\\\/05\\\/24\\\/blue-note-cafe-strasbourg-recrute-un-assistant-a-la-direction-artistique-f-h-2\\\/#breadcrumb\",\"itemListElement\":[{\"@type\":\"ListItem\",\"position\":1,\"name\":\"Accueil\",\"item\":\"https:\\\/\\\/hierostrasbourg.com\\\/\"},{\"@type\":\"ListItem\",\"position\":2,\"name\":\"BLUE NOTE CAF\u00c9 [Strasbourg] recrute un assistant \u00e0 la direction artistique [F\\\/H]\"}]},{\"@type\":\"WebSite\",\"@id\":\"https:\\\/\\\/hierostrasbourg.com\\\/#website\",\"url\":\"https:\\\/\\\/hierostrasbourg.com\\\/\",\"name\":\"HIERO STRASBOURG\",\"description\":\"Centre de Ressources Musiques Actuelles\",\"publisher\":{\"@id\":\"https:\\\/\\\/hierostrasbourg.com\\\/#organization\"},\"potentialAction\":[{\"@type\":\"SearchAction\",\"target\":{\"@type\":\"EntryPoint\",\"urlTemplate\":\"https:\\\/\\\/hierostrasbourg.com\\\/?s={search_term_string}\"},\"query-input\":{\"@type\":\"PropertyValueSpecification\",\"valueRequired\":true,\"valueName\":\"search_term_string\"}}],\"inLanguage\":\"fr-FR\"},{\"@type\":\"Organization\",\"@id\":\"https:\\\/\\\/hierostrasbourg.com\\\/#organization\",\"name\":\"F\u00e9d\u00e9ration Hi\u00e9ro Strasbourg\",\"url\":\"https:\\\/\\\/hierostrasbourg.com\\\/\",\"logo\":{\"@type\":\"ImageObject\",\"inLanguage\":\"fr-FR\",\"@id\":\"https:\\\/\\\/hierostrasbourg.com\\\/#\\\/schema\\\/logo\\\/image\\\/\",\"url\":\"https:\\\/\\\/hierostrasbourg.com\\\/wp-content\\\/uploads\\\/2026\\\/04\\\/logo-hiero-strasbourg.jpg\",\"contentUrl\":\"https:\\\/\\\/hierostrasbourg.com\\\/wp-content\\\/uploads\\\/2026\\\/04\\\/logo-hiero-strasbourg.jpg\",\"width\":204,\"height\":192,\"caption\":\"F\u00e9d\u00e9ration Hi\u00e9ro Strasbourg\"},\"image\":{\"@id\":\"https:\\\/\\\/hierostrasbourg.com\\\/#\\\/schema\\\/logo\\\/image\\\/\"},\"sameAs\":[\"https:\\\/\\\/www.facebook.com\\\/fedehierostrasbourg\",\"https:\\\/\\\/x.com\\\/hierostrasbourg\"]}]}<\/script>\n<!-- \/ Yoast SEO plugin. -->","yoast_head_json":{"title":"BLUE NOTE CAF\u00c9 [Strasbourg] recrute un assistant \u00e0 la direction artistique [F\/H] - HIERO STRASBOURG","robots":{"index":"index","follow":"follow","max-snippet":"max-snippet:-1","max-image-preview":"max-image-preview:large","max-video-preview":"max-video-preview:-1"},"canonical":"https:\/\/hierostrasbourg.com\/index.php\/2022\/05\/24\/blue-note-cafe-strasbourg-recrute-un-assistant-a-la-direction-artistique-f-h-2\/","og_locale":"fr_FR","og_type":"article","og_title":"BLUE NOTE CAF\u00c9 [Strasbourg] recrute un assistant \u00e0 la direction artistique [F\/H] - HIERO STRASBOURG","og_description":"Le Blue Note Caf\u00e9, lieu hybride \u00e0 la fronti\u00e8re du caf\u00e9 culture, du bar \u00e0 concert et du lieu de rencontre recherche son alternant.e pour consolider sa proposition artistique et sa communication. Viens faire partie de cette nouvelle aventure Ouvert depuis f\u00e9vrier 2022, le lieu est implant\u00e9 dans la Cit\u00e9 de la musique et de la danse de l\u2019eurom\u00e9tropole de Strasbourg. Son pari est de favoriser l\u2019\u00e9mergence d\u2019artistes locaux, d\u2019accentuer la synergie entre les genres artistiques et pousser \u00e0 la [&hellip;]","og_url":"https:\/\/hierostrasbourg.com\/index.php\/2022\/05\/24\/blue-note-cafe-strasbourg-recrute-un-assistant-a-la-direction-artistique-f-h-2\/","og_site_name":"HIERO STRASBOURG","article_publisher":"https:\/\/www.facebook.com\/fedehierostrasbourg","article_published_time":"2022-05-24T21:31:03+00:00","twitter_card":"summary_large_image","twitter_creator":"@hierostrasbourg","twitter_site":"@hierostrasbourg","twitter_misc":{"Dur\u00e9e de lecture estim\u00e9e":"2 minutes"},"schema":{"@context":"https:\/\/schema.org","@graph":[{"@type":"Article","@id":"https:\/\/hierostrasbourg.com\/index.php\/2022\/05\/24\/blue-note-cafe-strasbourg-recrute-un-assistant-a-la-direction-artistique-f-h-2\/#article","isPartOf":{"@id":"https:\/\/hierostrasbourg.com\/index.php\/2022\/05\/24\/blue-note-cafe-strasbourg-recrute-un-assistant-a-la-direction-artistique-f-h-2\/"},"author":{"name":"","@id":""},"headline":"BLUE NOTE CAF\u00c9 [Strasbourg] recrute un assistant \u00e0 la direction artistique [F\/H]","datePublished":"2022-05-24T21:31:03+00:00","mainEntityOfPage":{"@id":"https:\/\/hierostrasbourg.com\/index.php\/2022\/05\/24\/blue-note-cafe-strasbourg-recrute-un-assistant-a-la-direction-artistique-f-h-2\/"},"wordCount":496,"publisher":{"@id":"https:\/\/hierostrasbourg.com\/#organization"},"inLanguage":"fr-FR"},{"@type":"WebPage","@id":"https:\/\/hierostrasbourg.com\/index.php\/2022\/05\/24\/blue-note-cafe-strasbourg-recrute-un-assistant-a-la-direction-artistique-f-h-2\/","url":"https:\/\/hierostrasbourg.com\/index.php\/2022\/05\/24\/blue-note-cafe-strasbourg-recrute-un-assistant-a-la-direction-artistique-f-h-2\/","name":"BLUE NOTE CAF\u00c9 [Strasbourg] recrute un assistant \u00e0 la direction artistique [F\/H] - HIERO STRASBOURG","isPartOf":{"@id":"https:\/\/hierostrasbourg.com\/#website"},"datePublished":"2022-05-24T21:31:03+00:00","breadcrumb":{"@id":"https:\/\/hierostrasbourg.com\/index.php\/2022\/05\/24\/blue-note-cafe-strasbourg-recrute-un-assistant-a-la-direction-artistique-f-h-2\/#breadcrumb"},"inLanguage":"fr-FR","potentialAction":[{"@type":"ReadAction","target":["https:\/\/hierostrasbourg.com\/index.php\/2022\/05\/24\/blue-note-cafe-strasbourg-recrute-un-assistant-a-la-direction-artistique-f-h-2\/"]}]},{"@type":"BreadcrumbList","@id":"https:\/\/hierostrasbourg.com\/index.php\/2022\/05\/24\/blue-note-cafe-strasbourg-recrute-un-assistant-a-la-direction-artistique-f-h-2\/#breadcrumb","itemListElement":[{"@type":"ListItem","position":1,"name":"Accueil","item":"https:\/\/hierostrasbourg.com\/"},{"@type":"ListItem","position":2,"name":"BLUE NOTE CAF\u00c9 [Strasbourg] recrute un assistant \u00e0 la direction artistique [F\/H]"}]},{"@type":"WebSite","@id":"https:\/\/hierostrasbourg.com\/#website","url":"https:\/\/hierostrasbourg.com\/","name":"HIERO STRASBOURG","description":"Centre de Ressources Musiques Actuelles","publisher":{"@id":"https:\/\/hierostrasbourg.com\/#organization"},"potentialAction":[{"@type":"SearchAction","target":{"@type":"EntryPoint","urlTemplate":"https:\/\/hierostrasbourg.com\/?s={search_term_string}"},"query-input":{"@type":"PropertyValueSpecification","valueRequired":true,"valueName":"search_term_string"}}],"inLanguage":"fr-FR"},{"@type":"Organization","@id":"https:\/\/hierostrasbourg.com\/#organization","name":"F\u00e9d\u00e9ration Hi\u00e9ro Strasbourg","url":"https:\/\/hierostrasbourg.com\/","logo":{"@type":"ImageObject","inLanguage":"fr-FR","@id":"https:\/\/hierostrasbourg.com\/#\/schema\/logo\/image\/","url":"https:\/\/hierostrasbourg.com\/wp-content\/uploads\/2026\/04\/logo-hiero-strasbourg.jpg","contentUrl":"https:\/\/hierostrasbourg.com\/wp-content\/uploads\/2026\/04\/logo-hiero-strasbourg.jpg","width":204,"height":192,"caption":"F\u00e9d\u00e9ration Hi\u00e9ro Strasbourg"},"image":{"@id":"https:\/\/hierostrasbourg.com\/#\/schema\/logo\/image\/"},"sameAs":["https:\/\/www.facebook.com\/fedehierostrasbourg","https:\/\/x.com\/hierostrasbourg"]}]}},"_links":{"self":[{"href":"https:\/\/hierostrasbourg.com\/index.php\/wp-json\/wp\/v2\/posts\/2664","targetHints":{"allow":["GET"]}}],"collection":[{"href":"https:\/\/hierostrasbourg.com\/index.php\/wp-json\/wp\/v2\/posts"}],"about":[{"href":"https:\/\/hierostrasbourg.com\/index.php\/wp-json\/wp\/v2\/types\/post"}],"replies":[{"embeddable":true,"href":"https:\/\/hierostrasbourg.com\/index.php\/wp-json\/wp\/v2\/comments?post=2664"}],"version-history":[{"count":0,"href":"https:\/\/hierostrasbourg.com\/index.php\/wp-json\/wp\/v2\/posts\/2664\/revisions"}],"wp:attachment":[{"href":"https:\/\/hierostrasbourg.com\/index.php\/wp-json\/wp\/v2\/media?parent=2664"}],"wp:term":[{"taxonomy":"category","embeddable":true,"href":"https:\/\/hierostrasbourg.com\/index.php\/wp-json\/wp\/v2\/categories?post=2664"},{"taxonomy":"post_tag","embeddable":true,"href":"https:\/\/hierostrasbourg.com\/index.php\/wp-json\/wp\/v2\/tags?post=2664"}],"curies":[{"name":"wp","href":"https:\/\/api.w.org\/{rel}","templated":true}]}}