{"id":2663,"date":"2022-05-24T23:31:03","date_gmt":"2022-05-24T21:31:03","guid":{"rendered":"https:\/\/hierostrasbourg.com\/index.php\/2022\/05\/24\/la-chapelle-rhenane-strasbourg-recrute-un-charge-e-de-production-et-de-communication-f-h-2\/"},"modified":"2022-05-24T23:31:03","modified_gmt":"2022-05-24T21:31:03","slug":"la-chapelle-rhenane-strasbourg-recrute-un-charge-e-de-production-et-de-communication-f-h-2","status":"publish","type":"post","link":"https:\/\/hierostrasbourg.com\/index.php\/2022\/05\/24\/la-chapelle-rhenane-strasbourg-recrute-un-charge-e-de-production-et-de-communication-f-h-2\/","title":{"rendered":"LA CHAPELLE RH\u00c9NANE [Strasbourg] recrute un charg\u00e9.e de production et de communication [F\/H]"},"content":{"rendered":"<p>La Chapelle Rh\u00e9nane, ensemble fond\u00e9 en 2001 par le t\u00e9nor Beno\u00eet Haller, compte parmi les plus importants ensembles professionnels de musique baroque en France et rayonne depuis 2001 \u00e0 Strasbourg, en France et \u00e0 l\u2019\u00e9tranger. L\u2019ensemble est conventionn\u00e9 par la DRAC Grand Est, la R\u00e9gion Grand Est et la Ville de Strasbourg ; il place la m\u00e9diation au c\u0153ur de son projet artistique en proposant des actions dans des lieux \u00e9loign\u00e9s de l\u2019offre culturelle, s\u2019effor\u00e7ant de mener des r\u00e9sidences de territoire et des actions de sensibilisation ouvertes au plus grand nombre. La Chapelle Rh\u00e9nane produit sa propre saison de concerts \u00e0 Strasbourg et s\u2019ancre ainsi dans le paysage culturel local.<\/p>\n<h2>Missions<\/h2>\n<p>En \u00e9troite collaboration avec le directeur et les deux autres membres de l\u2019\u00e9quipe permanente, le\/la charg\u00e9.e de production et de communication organise, avec les autres permanents de l\u2019\u00e9quipe le suivi logistique des productions, ainsi que de la promotion et communication des activit\u00e9s de l\u2019ensemble.<\/p>\n<h4>PRODUCTION<\/h4>\n<p>Organisation des plannings de productions et relations avec l\u2019\u00e9quipe artistique (disponibilit\u00e9, h\u00e9bergement, repas etc)<br \/>\nMise \u00e0 jour pr\u00e9cise des tableaux de suivi logistiques des productions et des tableaux de suivi budg\u00e9taire en lien avec les deux autres salari\u00e9es permanentes.<br \/>\nEnvoi et tri des fiches de frais des artistes \u00e0 la fin des productions et r\u00e9cup\u00e9ration des justificatifs<br \/>\nEn lien avec la charg\u00e9e de m\u00e9diation, recherche de nouveaux partenaires pour des projets de m\u00e9diation culturelle (centres p\u00e9nitenciers, centres m\u00e9dico-sociaux etc)<\/p>\n<h2>COMMUNICATION<\/h2>\n<p>Suivi et organisation de l\u2019impression des \u00e9l\u00e9ments de communication et de la r\u00e9servation des encarts pour la promotion des concerts, et travail en lien avec le graphiste de la Chapelle Rh\u00e9nane<br \/>\nR\u00e9daction des newsletters, des dossiers de presse et livrets de salle<br \/>\nMise \u00e0 jour du site internet, et r\u00e9daction de contenu sur Facebook, Instagram et Twitter<br \/>\nTravail de partage d\u2019informations avec l\u2019attach\u00e9e de presse de l\u2019ensemble<br \/>\nR\u00e9daction de dossiers de pr\u00e9sentation dans le cadre de recherches de fonds<\/p>\n<h2>Profil recherch\u00e9<\/h2>\n<p>Exp\u00e9rience(s) en production et bonne gestion de l\u2019organisation d\u2019\u00e9v\u00e9nements<br \/>\nExp\u00e9rience(s) dans le spectacle vivant souhait\u00e9e, et int\u00e9r\u00eat pour l\u2019\u00e9ducation culturelle et artistique<br \/>\nRigueur, polyvalence, r\u00e9activit\u00e9, sens de l\u2019organisation et du travail en \u00e9quipe<br \/>\nAisance relationnelle et r\u00e9dactionnelle<br \/>\nMa\u00eetrise des outils bureautiques, plateformes de communication et de design et r\u00e9seaux sociaux et de logiciels tels que InDesign ou Canva pour la r\u00e9daction des dossiers de presse et livrets de salle<br \/>\nPermis B appr\u00e9ci\u00e9 dans le cadre de d\u00e9placements ponctuels en production<\/p>\n<p>Date de prise de fonction : 1er septembre 2022<br \/>\nDate limite de candidature : 19 juin 2022<br \/>\nR\u00e9mun\u00e9ration\u00a0 : CCNEAC \u2013 selon profil et exp\u00e9rience<br \/>\nCDD 4 mois<\/p>\n<p>La Chapelle Rh\u00e9nane<br \/>\n10 rue du Hohwald<br \/>\n67000 Strasbourg<\/p>\n<p><a href=\"\/\/www.chapelle-rhenane.com\">www.chapelle-rhenane.com<\/a><\/p>\n<p>L\u2019article <a href=\"https:\/\/popburo.fr\/la-chapelle-rhenane-strasbourg-recrute-un-charge-e-de-production-et-de-communication-f-h\/\">LA CHAPELLE RH\u00c9NANE [Strasbourg] recrute un charg\u00e9.e de production et de communication [F\/H]<\/a> est apparu en premier sur <a href=\"https:\/\/popburo.fr\/\">POP B\u00dcRO<\/a>.<\/p>\n","protected":false},"excerpt":{"rendered":"<p>La Chapelle Rh\u00e9nane, ensemble fond\u00e9 en 2001 par le t\u00e9nor Beno\u00eet Haller, compte parmi les plus importants ensembles professionnels de musique baroque en France et rayonne depuis 2001 \u00e0 Strasbourg, en France et \u00e0 l\u2019\u00e9tranger. L\u2019ensemble est conventionn\u00e9 par la DRAC Grand Est, la R\u00e9gion Grand Est et la Ville de Strasbourg ; il place la m\u00e9diation au c\u0153ur de son projet artistique en proposant des actions dans des lieux \u00e9loign\u00e9s de l\u2019offre culturelle, s\u2019effor\u00e7ant de mener des r\u00e9sidences de [&hellip;]<\/p>\n","protected":false},"author":0,"featured_media":0,"comment_status":"closed","ping_status":"open","sticky":false,"template":"","format":"standard","meta":{"footnotes":""},"categories":[1],"tags":[],"class_list":["post-2663","post","type-post","status-publish","format-standard","hentry","category-non-classe"],"yoast_head":"<!-- This site is optimized with the Yoast SEO plugin v27.4 - https:\/\/yoast.com\/product\/yoast-seo-wordpress\/ -->\n<title>LA CHAPELLE RH\u00c9NANE [Strasbourg] recrute un charg\u00e9.e de production et de communication [F\/H] - HIERO STRASBOURG<\/title>\n<meta name=\"robots\" content=\"index, follow, max-snippet:-1, max-image-preview:large, max-video-preview:-1\" \/>\n<link rel=\"canonical\" href=\"https:\/\/hierostrasbourg.com\/index.php\/2022\/05\/24\/la-chapelle-rhenane-strasbourg-recrute-un-charge-e-de-production-et-de-communication-f-h-2\/\" \/>\n<meta property=\"og:locale\" content=\"fr_FR\" \/>\n<meta property=\"og:type\" content=\"article\" \/>\n<meta property=\"og:title\" content=\"LA CHAPELLE RH\u00c9NANE [Strasbourg] recrute un charg\u00e9.e de production et de communication [F\/H] - HIERO STRASBOURG\" \/>\n<meta property=\"og:description\" content=\"La Chapelle Rh\u00e9nane, ensemble fond\u00e9 en 2001 par le t\u00e9nor Beno\u00eet Haller, compte parmi les plus importants ensembles professionnels de musique baroque en France et rayonne depuis 2001 \u00e0 Strasbourg, en France et \u00e0 l\u2019\u00e9tranger. L\u2019ensemble est conventionn\u00e9 par la DRAC Grand Est, la R\u00e9gion Grand Est et la Ville de Strasbourg ; il place la m\u00e9diation au c\u0153ur de son projet artistique en proposant des actions dans des lieux \u00e9loign\u00e9s de l\u2019offre culturelle, s\u2019effor\u00e7ant de mener des r\u00e9sidences de [&hellip;]\" \/>\n<meta property=\"og:url\" content=\"https:\/\/hierostrasbourg.com\/index.php\/2022\/05\/24\/la-chapelle-rhenane-strasbourg-recrute-un-charge-e-de-production-et-de-communication-f-h-2\/\" \/>\n<meta property=\"og:site_name\" content=\"HIERO STRASBOURG\" \/>\n<meta property=\"article:publisher\" content=\"https:\/\/www.facebook.com\/fedehierostrasbourg\" \/>\n<meta property=\"article:published_time\" content=\"2022-05-24T21:31:03+00:00\" \/>\n<meta name=\"twitter:card\" content=\"summary_large_image\" \/>\n<meta name=\"twitter:creator\" content=\"@hierostrasbourg\" \/>\n<meta name=\"twitter:site\" content=\"@hierostrasbourg\" \/>\n<meta name=\"twitter:label1\" content=\"Dur\u00e9e de lecture estim\u00e9e\" \/>\n\t<meta name=\"twitter:data1\" content=\"3 minutes\" \/>\n<script type=\"application\/ld+json\" class=\"yoast-schema-graph\">{\"@context\":\"https:\\\/\\\/schema.org\",\"@graph\":[{\"@type\":\"Article\",\"@id\":\"https:\\\/\\\/hierostrasbourg.com\\\/index.php\\\/2022\\\/05\\\/24\\\/la-chapelle-rhenane-strasbourg-recrute-un-charge-e-de-production-et-de-communication-f-h-2\\\/#article\",\"isPartOf\":{\"@id\":\"https:\\\/\\\/hierostrasbourg.com\\\/index.php\\\/2022\\\/05\\\/24\\\/la-chapelle-rhenane-strasbourg-recrute-un-charge-e-de-production-et-de-communication-f-h-2\\\/\"},\"author\":{\"name\":\"\",\"@id\":\"\"},\"headline\":\"LA CHAPELLE RH\u00c9NANE [Strasbourg] recrute un charg\u00e9.e de production et de communication [F\\\/H]\",\"datePublished\":\"2022-05-24T21:31:03+00:00\",\"mainEntityOfPage\":{\"@id\":\"https:\\\/\\\/hierostrasbourg.com\\\/index.php\\\/2022\\\/05\\\/24\\\/la-chapelle-rhenane-strasbourg-recrute-un-charge-e-de-production-et-de-communication-f-h-2\\\/\"},\"wordCount\":528,\"publisher\":{\"@id\":\"https:\\\/\\\/hierostrasbourg.com\\\/#organization\"},\"inLanguage\":\"fr-FR\"},{\"@type\":\"WebPage\",\"@id\":\"https:\\\/\\\/hierostrasbourg.com\\\/index.php\\\/2022\\\/05\\\/24\\\/la-chapelle-rhenane-strasbourg-recrute-un-charge-e-de-production-et-de-communication-f-h-2\\\/\",\"url\":\"https:\\\/\\\/hierostrasbourg.com\\\/index.php\\\/2022\\\/05\\\/24\\\/la-chapelle-rhenane-strasbourg-recrute-un-charge-e-de-production-et-de-communication-f-h-2\\\/\",\"name\":\"LA CHAPELLE RH\u00c9NANE [Strasbourg] recrute un charg\u00e9.e de production et de communication [F\\\/H] - HIERO STRASBOURG\",\"isPartOf\":{\"@id\":\"https:\\\/\\\/hierostrasbourg.com\\\/#website\"},\"datePublished\":\"2022-05-24T21:31:03+00:00\",\"breadcrumb\":{\"@id\":\"https:\\\/\\\/hierostrasbourg.com\\\/index.php\\\/2022\\\/05\\\/24\\\/la-chapelle-rhenane-strasbourg-recrute-un-charge-e-de-production-et-de-communication-f-h-2\\\/#breadcrumb\"},\"inLanguage\":\"fr-FR\",\"potentialAction\":[{\"@type\":\"ReadAction\",\"target\":[\"https:\\\/\\\/hierostrasbourg.com\\\/index.php\\\/2022\\\/05\\\/24\\\/la-chapelle-rhenane-strasbourg-recrute-un-charge-e-de-production-et-de-communication-f-h-2\\\/\"]}]},{\"@type\":\"BreadcrumbList\",\"@id\":\"https:\\\/\\\/hierostrasbourg.com\\\/index.php\\\/2022\\\/05\\\/24\\\/la-chapelle-rhenane-strasbourg-recrute-un-charge-e-de-production-et-de-communication-f-h-2\\\/#breadcrumb\",\"itemListElement\":[{\"@type\":\"ListItem\",\"position\":1,\"name\":\"Accueil\",\"item\":\"https:\\\/\\\/hierostrasbourg.com\\\/\"},{\"@type\":\"ListItem\",\"position\":2,\"name\":\"LA CHAPELLE RH\u00c9NANE [Strasbourg] recrute un charg\u00e9.e de production et de communication [F\\\/H]\"}]},{\"@type\":\"WebSite\",\"@id\":\"https:\\\/\\\/hierostrasbourg.com\\\/#website\",\"url\":\"https:\\\/\\\/hierostrasbourg.com\\\/\",\"name\":\"HIERO STRASBOURG\",\"description\":\"Centre de Ressources Musiques Actuelles\",\"publisher\":{\"@id\":\"https:\\\/\\\/hierostrasbourg.com\\\/#organization\"},\"potentialAction\":[{\"@type\":\"SearchAction\",\"target\":{\"@type\":\"EntryPoint\",\"urlTemplate\":\"https:\\\/\\\/hierostrasbourg.com\\\/?s={search_term_string}\"},\"query-input\":{\"@type\":\"PropertyValueSpecification\",\"valueRequired\":true,\"valueName\":\"search_term_string\"}}],\"inLanguage\":\"fr-FR\"},{\"@type\":\"Organization\",\"@id\":\"https:\\\/\\\/hierostrasbourg.com\\\/#organization\",\"name\":\"F\u00e9d\u00e9ration Hi\u00e9ro Strasbourg\",\"url\":\"https:\\\/\\\/hierostrasbourg.com\\\/\",\"logo\":{\"@type\":\"ImageObject\",\"inLanguage\":\"fr-FR\",\"@id\":\"https:\\\/\\\/hierostrasbourg.com\\\/#\\\/schema\\\/logo\\\/image\\\/\",\"url\":\"https:\\\/\\\/hierostrasbourg.com\\\/wp-content\\\/uploads\\\/2026\\\/04\\\/logo-hiero-strasbourg.jpg\",\"contentUrl\":\"https:\\\/\\\/hierostrasbourg.com\\\/wp-content\\\/uploads\\\/2026\\\/04\\\/logo-hiero-strasbourg.jpg\",\"width\":204,\"height\":192,\"caption\":\"F\u00e9d\u00e9ration Hi\u00e9ro Strasbourg\"},\"image\":{\"@id\":\"https:\\\/\\\/hierostrasbourg.com\\\/#\\\/schema\\\/logo\\\/image\\\/\"},\"sameAs\":[\"https:\\\/\\\/www.facebook.com\\\/fedehierostrasbourg\",\"https:\\\/\\\/x.com\\\/hierostrasbourg\"]}]}<\/script>\n<!-- \/ Yoast SEO plugin. -->","yoast_head_json":{"title":"LA CHAPELLE RH\u00c9NANE [Strasbourg] recrute un charg\u00e9.e de production et de communication [F\/H] - HIERO STRASBOURG","robots":{"index":"index","follow":"follow","max-snippet":"max-snippet:-1","max-image-preview":"max-image-preview:large","max-video-preview":"max-video-preview:-1"},"canonical":"https:\/\/hierostrasbourg.com\/index.php\/2022\/05\/24\/la-chapelle-rhenane-strasbourg-recrute-un-charge-e-de-production-et-de-communication-f-h-2\/","og_locale":"fr_FR","og_type":"article","og_title":"LA CHAPELLE RH\u00c9NANE [Strasbourg] recrute un charg\u00e9.e de production et de communication [F\/H] - HIERO STRASBOURG","og_description":"La Chapelle Rh\u00e9nane, ensemble fond\u00e9 en 2001 par le t\u00e9nor Beno\u00eet Haller, compte parmi les plus importants ensembles professionnels de musique baroque en France et rayonne depuis 2001 \u00e0 Strasbourg, en France et \u00e0 l\u2019\u00e9tranger. L\u2019ensemble est conventionn\u00e9 par la DRAC Grand Est, la R\u00e9gion Grand Est et la Ville de Strasbourg ; il place la m\u00e9diation au c\u0153ur de son projet artistique en proposant des actions dans des lieux \u00e9loign\u00e9s de l\u2019offre culturelle, s\u2019effor\u00e7ant de mener des r\u00e9sidences de [&hellip;]","og_url":"https:\/\/hierostrasbourg.com\/index.php\/2022\/05\/24\/la-chapelle-rhenane-strasbourg-recrute-un-charge-e-de-production-et-de-communication-f-h-2\/","og_site_name":"HIERO STRASBOURG","article_publisher":"https:\/\/www.facebook.com\/fedehierostrasbourg","article_published_time":"2022-05-24T21:31:03+00:00","twitter_card":"summary_large_image","twitter_creator":"@hierostrasbourg","twitter_site":"@hierostrasbourg","twitter_misc":{"Dur\u00e9e de lecture estim\u00e9e":"3 minutes"},"schema":{"@context":"https:\/\/schema.org","@graph":[{"@type":"Article","@id":"https:\/\/hierostrasbourg.com\/index.php\/2022\/05\/24\/la-chapelle-rhenane-strasbourg-recrute-un-charge-e-de-production-et-de-communication-f-h-2\/#article","isPartOf":{"@id":"https:\/\/hierostrasbourg.com\/index.php\/2022\/05\/24\/la-chapelle-rhenane-strasbourg-recrute-un-charge-e-de-production-et-de-communication-f-h-2\/"},"author":{"name":"","@id":""},"headline":"LA CHAPELLE RH\u00c9NANE [Strasbourg] recrute un charg\u00e9.e de production et de communication [F\/H]","datePublished":"2022-05-24T21:31:03+00:00","mainEntityOfPage":{"@id":"https:\/\/hierostrasbourg.com\/index.php\/2022\/05\/24\/la-chapelle-rhenane-strasbourg-recrute-un-charge-e-de-production-et-de-communication-f-h-2\/"},"wordCount":528,"publisher":{"@id":"https:\/\/hierostrasbourg.com\/#organization"},"inLanguage":"fr-FR"},{"@type":"WebPage","@id":"https:\/\/hierostrasbourg.com\/index.php\/2022\/05\/24\/la-chapelle-rhenane-strasbourg-recrute-un-charge-e-de-production-et-de-communication-f-h-2\/","url":"https:\/\/hierostrasbourg.com\/index.php\/2022\/05\/24\/la-chapelle-rhenane-strasbourg-recrute-un-charge-e-de-production-et-de-communication-f-h-2\/","name":"LA CHAPELLE RH\u00c9NANE [Strasbourg] recrute un charg\u00e9.e de production et de communication [F\/H] - HIERO STRASBOURG","isPartOf":{"@id":"https:\/\/hierostrasbourg.com\/#website"},"datePublished":"2022-05-24T21:31:03+00:00","breadcrumb":{"@id":"https:\/\/hierostrasbourg.com\/index.php\/2022\/05\/24\/la-chapelle-rhenane-strasbourg-recrute-un-charge-e-de-production-et-de-communication-f-h-2\/#breadcrumb"},"inLanguage":"fr-FR","potentialAction":[{"@type":"ReadAction","target":["https:\/\/hierostrasbourg.com\/index.php\/2022\/05\/24\/la-chapelle-rhenane-strasbourg-recrute-un-charge-e-de-production-et-de-communication-f-h-2\/"]}]},{"@type":"BreadcrumbList","@id":"https:\/\/hierostrasbourg.com\/index.php\/2022\/05\/24\/la-chapelle-rhenane-strasbourg-recrute-un-charge-e-de-production-et-de-communication-f-h-2\/#breadcrumb","itemListElement":[{"@type":"ListItem","position":1,"name":"Accueil","item":"https:\/\/hierostrasbourg.com\/"},{"@type":"ListItem","position":2,"name":"LA CHAPELLE RH\u00c9NANE [Strasbourg] recrute un charg\u00e9.e de production et de communication [F\/H]"}]},{"@type":"WebSite","@id":"https:\/\/hierostrasbourg.com\/#website","url":"https:\/\/hierostrasbourg.com\/","name":"HIERO STRASBOURG","description":"Centre de Ressources Musiques Actuelles","publisher":{"@id":"https:\/\/hierostrasbourg.com\/#organization"},"potentialAction":[{"@type":"SearchAction","target":{"@type":"EntryPoint","urlTemplate":"https:\/\/hierostrasbourg.com\/?s={search_term_string}"},"query-input":{"@type":"PropertyValueSpecification","valueRequired":true,"valueName":"search_term_string"}}],"inLanguage":"fr-FR"},{"@type":"Organization","@id":"https:\/\/hierostrasbourg.com\/#organization","name":"F\u00e9d\u00e9ration Hi\u00e9ro Strasbourg","url":"https:\/\/hierostrasbourg.com\/","logo":{"@type":"ImageObject","inLanguage":"fr-FR","@id":"https:\/\/hierostrasbourg.com\/#\/schema\/logo\/image\/","url":"https:\/\/hierostrasbourg.com\/wp-content\/uploads\/2026\/04\/logo-hiero-strasbourg.jpg","contentUrl":"https:\/\/hierostrasbourg.com\/wp-content\/uploads\/2026\/04\/logo-hiero-strasbourg.jpg","width":204,"height":192,"caption":"F\u00e9d\u00e9ration Hi\u00e9ro Strasbourg"},"image":{"@id":"https:\/\/hierostrasbourg.com\/#\/schema\/logo\/image\/"},"sameAs":["https:\/\/www.facebook.com\/fedehierostrasbourg","https:\/\/x.com\/hierostrasbourg"]}]}},"_links":{"self":[{"href":"https:\/\/hierostrasbourg.com\/index.php\/wp-json\/wp\/v2\/posts\/2663","targetHints":{"allow":["GET"]}}],"collection":[{"href":"https:\/\/hierostrasbourg.com\/index.php\/wp-json\/wp\/v2\/posts"}],"about":[{"href":"https:\/\/hierostrasbourg.com\/index.php\/wp-json\/wp\/v2\/types\/post"}],"replies":[{"embeddable":true,"href":"https:\/\/hierostrasbourg.com\/index.php\/wp-json\/wp\/v2\/comments?post=2663"}],"version-history":[{"count":0,"href":"https:\/\/hierostrasbourg.com\/index.php\/wp-json\/wp\/v2\/posts\/2663\/revisions"}],"wp:attachment":[{"href":"https:\/\/hierostrasbourg.com\/index.php\/wp-json\/wp\/v2\/media?parent=2663"}],"wp:term":[{"taxonomy":"category","embeddable":true,"href":"https:\/\/hierostrasbourg.com\/index.php\/wp-json\/wp\/v2\/categories?post=2663"},{"taxonomy":"post_tag","embeddable":true,"href":"https:\/\/hierostrasbourg.com\/index.php\/wp-json\/wp\/v2\/tags?post=2663"}],"curies":[{"name":"wp","href":"https:\/\/api.w.org\/{rel}","templated":true}]}}